{"id":5024,"date":"2014-03-23T08:43:34","date_gmt":"2014-03-23T11:43:34","guid":{"rendered":"http:\/\/www.notibras.com\/site\/?p=5024"},"modified":"2014-03-23T18:29:29","modified_gmt":"2014-03-23T21:29:29","slug":"barbosa-fa-de-balzac-descarta-ser-presidente-em-um-pais-de-conchavos","status":"publish","type":"post","link":"https:\/\/www.notibras.com\/site\/barbosa-fa-de-balzac-descarta-ser-presidente-em-um-pais-de-conchavos\/","title":{"rendered":"Barbosa, f\u00e3 de Balzac, descarta ser presidente em &#8216;pa\u00eds de conchavos&#8217;"},"content":{"rendered":"<p>Em entrevista a\u00a0Roberto D\u2019Avila, da <em>Globo News<\/em>,\u00a0o presidente do Supremo Tribunal Federal (STF), Joaquim Barbosa, disse que n\u00e3o pretende se candidatar a cargo pol\u00edtico em 2014. &#8220;Recebo in\u00fameras manifesta\u00e7\u00f5es de carinho, pedido de cidad\u00e3os comuns para que me lance nessa briga, mas n\u00e3o me emocionei com a ideia ainda&#8221;, afirmou.<\/p>\n<p>O ministro, que j\u00e1 havia dito que n\u00e3o disputaria \u00e0 Presid\u00eancia\u00a0teve seu\u00a0nome citado como poss\u00edvel postulante a uma vaga ao Senado pelo Rio de Janeiro, seu domic\u00edlio eleitoral. A entrevista\u00a0foi ao ar na madrugada deste domingo.<\/p>\n<p>Em uma cr\u00edtica direta aos acordos pol\u00edticos e articula\u00e7\u00f5es, Barbosa disse que o Brasil \u00e9 o Pa\u00eds \u201cdos conchavos, do tapinha nas costas&#8221;. O presidente do STF coloca a Na\u00e7\u00e3o entre as 10 maiores democracias do mundo, mas destaca: &#8220;se faz muita brincadeira no Brasil no \u00e2mbito do Estado, dos tr\u00eas poderes. Muitas decis\u00f5es s\u00e3o tomadas superficialmente. N\u00e3o se pensa nas consequ\u00eancias&#8221;.<\/p>\n<p>Barbosa tamb\u00e9m afirmou que o Brasil est\u00e1 adotando medidas erradas para combater a corrup\u00e7\u00e3o. &#8220;N\u00e3o quero justificar corrup\u00e7\u00e3o tupiniquim, mas ela est\u00e1 presente em todos os pa\u00edses, em maior ou menor grau. Ainda n\u00e3o encontramos os mecanismos, a forma correta e eficaz de combat\u00ea-la. Talvez estejamos adotando o m\u00e9todo errado.&#8221;<\/p>\n<p>Sobre se as penas aos condenados no julgamento do mensal\u00e3o foram pesadas, Barbosa foi enf\u00e1tico: \u201cao contr\u00e1rio\u201d. O ministro citou que se olhadas as penas que cidad\u00e3os comuns recebem no STF, as aplicadas no mensal\u00e3o s\u00e3o \u201cbrandas\u201d.<\/p>\n<p>O presidente do STF tamb\u00e9m se mostrou contra os convites que disse ter recebido do ex-presidente Lula para integrar comiss\u00f5es que iam \u00e0 \u00c1frica. Quando o tema foi racismo, Joaquim disse que quando crian\u00e7a chegou a chorar de raiva por ter sido v\u00edtima de preconceito: \u201cs\u00f3 quem passa por isso sabe\u201d. Joaquim destaca esperar que os presidentes nomeiem homens e mulheres negras &#8220;de maneira natural&#8221; e que &#8220;n\u00e3o fa\u00e7am estardalha\u00e7o disso&#8221;.<\/p>\n<p>Ao jornalista, o ministro tamb\u00e9m falou sobre gostos pessoais. O presidente do Supremo afirmou ser f\u00e3 dos escritores brasileiros Lima Barreto e Machado de Assis e do franc\u00eas Honor\u00e9 de Balzac. Na m\u00fasica, prefere Beethoven.<\/p>\n","protected":false},"excerpt":{"rendered":"<p>Em entrevista a\u00a0Roberto D\u2019Avila, da Globo News,\u00a0o presidente do Supremo Tribunal Federal (STF), Joaquim Barbosa, disse que n\u00e3o pretende se candidatar a cargo pol\u00edtico em 2014. &#8220;Recebo in\u00fameras manifesta\u00e7\u00f5es de carinho, pedido de cidad\u00e3os comuns para que me lance nessa briga, mas n\u00e3o me emocionei com a ideia ainda&#8221;, afirmou. O ministro, que j\u00e1 havia [&hellip;]<\/p>\n","protected":false},"author":2,"featured_media":5025,"comment_status":"open","ping_status":"closed","sticky":false,"template":"","format":"standard","meta":{"_acf_changed":false,"footnotes":""},"categories":[16],"tags":[],"class_list":["post-5024","post","type-post","status-publish","format-standard","has-post-thumbnail","hentry","category-brasil"],"acf":[],"yoast_head":"<!-- This site is optimized with the Yoast SEO plugin v27.2 - https:\/\/yoast.com\/product\/yoast-seo-wordpress\/ -->\n<title>Barbosa, f\u00e3 de Balzac, descarta ser presidente em &#039;pa\u00eds de conchavos&#039; - Notibras<\/title>\n<meta name=\"robots\" content=\"index, follow, max-snippet:-1, max-image-preview:large, max-video-preview:-1\" \/>\n<link rel=\"canonical\" href=\"https:\/\/www.notibras.com\/site\/barbosa-fa-de-balzac-descarta-ser-presidente-em-um-pais-de-conchavos\/\" \/>\n<meta property=\"og:locale\" content=\"pt_BR\" \/>\n<meta property=\"og:type\" content=\"article\" \/>\n<meta property=\"og:title\" content=\"Barbosa, f\u00e3 de Balzac, descarta ser presidente em &#039;pa\u00eds de conchavos&#039; - Notibras\" \/>\n<meta property=\"og:description\" content=\"Em entrevista a\u00a0Roberto D\u2019Avila, da Globo News,\u00a0o presidente do Supremo Tribunal Federal (STF), Joaquim Barbosa, disse que n\u00e3o pretende se candidatar a cargo pol\u00edtico em 2014. &#8220;Recebo in\u00fameras manifesta\u00e7\u00f5es de carinho, pedido de cidad\u00e3os comuns para que me lance nessa briga, mas n\u00e3o me emocionei com a ideia ainda&#8221;, afirmou. O ministro, que j\u00e1 havia [&hellip;]\" \/>\n<meta property=\"og:url\" content=\"https:\/\/www.notibras.com\/site\/barbosa-fa-de-balzac-descarta-ser-presidente-em-um-pais-de-conchavos\/\" \/>\n<meta property=\"og:site_name\" content=\"Notibras\" \/>\n<meta property=\"article:publisher\" content=\"https:\/\/www.facebook.com\/notibras\/\" \/>\n<meta property=\"article:published_time\" content=\"2014-03-23T11:43:34+00:00\" \/>\n<meta property=\"article:modified_time\" content=\"2014-03-23T21:29:29+00:00\" \/>\n<meta property=\"og:image\" content=\"https:\/\/www.notibras.com\/site\/wp-content\/uploads\/2014\/03\/joaquim-barbosa.jpg\" \/>\n\t<meta property=\"og:image:width\" content=\"627\" \/>\n\t<meta property=\"og:image:height\" content=\"470\" \/>\n\t<meta property=\"og:image:type\" content=\"image\/jpeg\" \/>\n<meta name=\"author\" content=\"Reda\u00e7\u00e3o\" \/>\n<meta name=\"twitter:card\" content=\"summary_large_image\" \/>\n<meta name=\"twitter:creator\" content=\"@Notibras\" \/>\n<meta name=\"twitter:site\" content=\"@Notibras\" \/>\n<meta name=\"twitter:label1\" content=\"Escrito por\" \/>\n\t<meta name=\"twitter:data1\" content=\"Reda\u00e7\u00e3o\" \/>\n\t<meta name=\"twitter:label2\" content=\"Est. tempo de leitura\" \/>\n\t<meta name=\"twitter:data2\" content=\"2 minutos\" \/>\n<script type=\"application\/ld+json\" class=\"yoast-schema-graph\">{\"@context\":\"https:\/\/schema.org\",\"@graph\":[{\"@type\":\"Article\",\"@id\":\"https:\/\/www.notibras.com\/site\/barbosa-fa-de-balzac-descarta-ser-presidente-em-um-pais-de-conchavos\/#article\",\"isPartOf\":{\"@id\":\"https:\/\/www.notibras.com\/site\/barbosa-fa-de-balzac-descarta-ser-presidente-em-um-pais-de-conchavos\/\"},\"author\":{\"name\":\"Reda\u00e7\u00e3o\",\"@id\":\"https:\/\/www.notibras.com\/site\/#\/schema\/person\/36ab0979449956132d3e5b517ea76ac8\"},\"headline\":\"Barbosa, f\u00e3 de Balzac, descarta ser presidente em &#8216;pa\u00eds de conchavos&#8217;\",\"datePublished\":\"2014-03-23T11:43:34+00:00\",\"dateModified\":\"2014-03-23T21:29:29+00:00\",\"mainEntityOfPage\":{\"@id\":\"https:\/\/www.notibras.com\/site\/barbosa-fa-de-balzac-descarta-ser-presidente-em-um-pais-de-conchavos\/\"},\"wordCount\":398,\"commentCount\":0,\"publisher\":{\"@id\":\"https:\/\/www.notibras.com\/site\/#organization\"},\"image\":{\"@id\":\"https:\/\/www.notibras.com\/site\/barbosa-fa-de-balzac-descarta-ser-presidente-em-um-pais-de-conchavos\/#primaryimage\"},\"thumbnailUrl\":\"https:\/\/www.notibras.com\/site\/wp-content\/uploads\/2014\/03\/joaquim-barbosa.jpg\",\"articleSection\":[\"Brasil\"],\"inLanguage\":\"pt-BR\",\"potentialAction\":[{\"@type\":\"CommentAction\",\"name\":\"Comment\",\"target\":[\"https:\/\/www.notibras.com\/site\/barbosa-fa-de-balzac-descarta-ser-presidente-em-um-pais-de-conchavos\/#respond\"]}]},{\"@type\":\"WebPage\",\"@id\":\"https:\/\/www.notibras.com\/site\/barbosa-fa-de-balzac-descarta-ser-presidente-em-um-pais-de-conchavos\/\",\"url\":\"https:\/\/www.notibras.com\/site\/barbosa-fa-de-balzac-descarta-ser-presidente-em-um-pais-de-conchavos\/\",\"name\":\"Barbosa, f\u00e3 de Balzac, descarta ser presidente em 'pa\u00eds de conchavos' - Notibras\",\"isPartOf\":{\"@id\":\"https:\/\/www.notibras.com\/site\/#website\"},\"primaryImageOfPage\":{\"@id\":\"https:\/\/www.notibras.com\/site\/barbosa-fa-de-balzac-descarta-ser-presidente-em-um-pais-de-conchavos\/#primaryimage\"},\"image\":{\"@id\":\"https:\/\/www.notibras.com\/site\/barbosa-fa-de-balzac-descarta-ser-presidente-em-um-pais-de-conchavos\/#primaryimage\"},\"thumbnailUrl\":\"https:\/\/www.notibras.com\/site\/wp-content\/uploads\/2014\/03\/joaquim-barbosa.jpg\",\"datePublished\":\"2014-03-23T11:43:34+00:00\",\"dateModified\":\"2014-03-23T21:29:29+00:00\",\"breadcrumb\":{\"@id\":\"https:\/\/www.notibras.com\/site\/barbosa-fa-de-balzac-descarta-ser-presidente-em-um-pais-de-conchavos\/#breadcrumb\"},\"inLanguage\":\"pt-BR\",\"potentialAction\":[{\"@type\":\"ReadAction\",\"target\":[\"https:\/\/www.notibras.com\/site\/barbosa-fa-de-balzac-descarta-ser-presidente-em-um-pais-de-conchavos\/\"]}]},{\"@type\":\"ImageObject\",\"inLanguage\":\"pt-BR\",\"@id\":\"https:\/\/www.notibras.com\/site\/barbosa-fa-de-balzac-descarta-ser-presidente-em-um-pais-de-conchavos\/#primaryimage\",\"url\":\"https:\/\/www.notibras.com\/site\/wp-content\/uploads\/2014\/03\/joaquim-barbosa.jpg\",\"contentUrl\":\"https:\/\/www.notibras.com\/site\/wp-content\/uploads\/2014\/03\/joaquim-barbosa.jpg\",\"width\":627,\"height\":470},{\"@type\":\"BreadcrumbList\",\"@id\":\"https:\/\/www.notibras.com\/site\/barbosa-fa-de-balzac-descarta-ser-presidente-em-um-pais-de-conchavos\/#breadcrumb\",\"itemListElement\":[{\"@type\":\"ListItem\",\"position\":1,\"name\":\"In\u00edcio\",\"item\":\"https:\/\/www.notibras.com\/site\/\"},{\"@type\":\"ListItem\",\"position\":2,\"name\":\"Barbosa, f\u00e3 de Balzac, descarta ser presidente em &#8216;pa\u00eds de conchavos&#8217;\"}]},{\"@type\":\"WebSite\",\"@id\":\"https:\/\/www.notibras.com\/site\/#website\",\"url\":\"https:\/\/www.notibras.com\/site\/\",\"name\":\"Notibras\",\"description\":\"Not\u00edcias de Bras\u00edlia, do Brasil e do Mundo\",\"publisher\":{\"@id\":\"https:\/\/www.notibras.com\/site\/#organization\"},\"potentialAction\":[{\"@type\":\"SearchAction\",\"target\":{\"@type\":\"EntryPoint\",\"urlTemplate\":\"https:\/\/www.notibras.com\/site\/?s={search_term_string}\"},\"query-input\":{\"@type\":\"PropertyValueSpecification\",\"valueRequired\":true,\"valueName\":\"search_term_string\"}}],\"inLanguage\":\"pt-BR\"},{\"@type\":\"Organization\",\"@id\":\"https:\/\/www.notibras.com\/site\/#organization\",\"name\":\"Grupo Notibras de Comunica\u00e7\u00e3o\",\"url\":\"https:\/\/www.notibras.com\/site\/\",\"logo\":{\"@type\":\"ImageObject\",\"inLanguage\":\"pt-BR\",\"@id\":\"https:\/\/www.notibras.com\/site\/#\/schema\/logo\/image\/\",\"url\":\"https:\/\/www.notibras.com\/site\/wp-content\/uploads\/2023\/01\/notibras23.png\",\"contentUrl\":\"https:\/\/www.notibras.com\/site\/wp-content\/uploads\/2023\/01\/notibras23.png\",\"width\":350,\"height\":87,\"caption\":\"Grupo Notibras de Comunica\u00e7\u00e3o\"},\"image\":{\"@id\":\"https:\/\/www.notibras.com\/site\/#\/schema\/logo\/image\/\"},\"sameAs\":[\"https:\/\/www.facebook.com\/notibras\/\",\"https:\/\/x.com\/Notibras\",\"https:\/\/www.instagram.com\/notibras\/\"]},{\"@type\":\"Person\",\"@id\":\"https:\/\/www.notibras.com\/site\/#\/schema\/person\/36ab0979449956132d3e5b517ea76ac8\",\"name\":\"Reda\u00e7\u00e3o\",\"image\":{\"@type\":\"ImageObject\",\"inLanguage\":\"pt-BR\",\"@id\":\"https:\/\/secure.gravatar.com\/avatar\/e0a867bdedb85fd243eadf09663511f96fc81e0720a4a42581f334ad4303aa6b?s=96&d=mm&r=g\",\"url\":\"https:\/\/secure.gravatar.com\/avatar\/e0a867bdedb85fd243eadf09663511f96fc81e0720a4a42581f334ad4303aa6b?s=96&d=mm&r=g\",\"contentUrl\":\"https:\/\/secure.gravatar.com\/avatar\/e0a867bdedb85fd243eadf09663511f96fc81e0720a4a42581f334ad4303aa6b?s=96&d=mm&r=g\",\"caption\":\"Reda\u00e7\u00e3o\"}}]}<\/script>\n<!-- \/ Yoast SEO plugin. -->","yoast_head_json":{"title":"Barbosa, f\u00e3 de Balzac, descarta ser presidente em 'pa\u00eds de conchavos' - Notibras","robots":{"index":"index","follow":"follow","max-snippet":"max-snippet:-1","max-image-preview":"max-image-preview:large","max-video-preview":"max-video-preview:-1"},"canonical":"https:\/\/www.notibras.com\/site\/barbosa-fa-de-balzac-descarta-ser-presidente-em-um-pais-de-conchavos\/","og_locale":"pt_BR","og_type":"article","og_title":"Barbosa, f\u00e3 de Balzac, descarta ser presidente em 'pa\u00eds de conchavos' - Notibras","og_description":"Em entrevista a\u00a0Roberto D\u2019Avila, da Globo News,\u00a0o presidente do Supremo Tribunal Federal (STF), Joaquim Barbosa, disse que n\u00e3o pretende se candidatar a cargo pol\u00edtico em 2014. &#8220;Recebo in\u00fameras manifesta\u00e7\u00f5es de carinho, pedido de cidad\u00e3os comuns para que me lance nessa briga, mas n\u00e3o me emocionei com a ideia ainda&#8221;, afirmou. O ministro, que j\u00e1 havia [&hellip;]","og_url":"https:\/\/www.notibras.com\/site\/barbosa-fa-de-balzac-descarta-ser-presidente-em-um-pais-de-conchavos\/","og_site_name":"Notibras","article_publisher":"https:\/\/www.facebook.com\/notibras\/","article_published_time":"2014-03-23T11:43:34+00:00","article_modified_time":"2014-03-23T21:29:29+00:00","og_image":[{"width":627,"height":470,"url":"https:\/\/www.notibras.com\/site\/wp-content\/uploads\/2014\/03\/joaquim-barbosa.jpg","type":"image\/jpeg"}],"author":"Reda\u00e7\u00e3o","twitter_card":"summary_large_image","twitter_creator":"@Notibras","twitter_site":"@Notibras","twitter_misc":{"Escrito por":"Reda\u00e7\u00e3o","Est. tempo de leitura":"2 minutos"},"schema":{"@context":"https:\/\/schema.org","@graph":[{"@type":"Article","@id":"https:\/\/www.notibras.com\/site\/barbosa-fa-de-balzac-descarta-ser-presidente-em-um-pais-de-conchavos\/#article","isPartOf":{"@id":"https:\/\/www.notibras.com\/site\/barbosa-fa-de-balzac-descarta-ser-presidente-em-um-pais-de-conchavos\/"},"author":{"name":"Reda\u00e7\u00e3o","@id":"https:\/\/www.notibras.com\/site\/#\/schema\/person\/36ab0979449956132d3e5b517ea76ac8"},"headline":"Barbosa, f\u00e3 de Balzac, descarta ser presidente em &#8216;pa\u00eds de conchavos&#8217;","datePublished":"2014-03-23T11:43:34+00:00","dateModified":"2014-03-23T21:29:29+00:00","mainEntityOfPage":{"@id":"https:\/\/www.notibras.com\/site\/barbosa-fa-de-balzac-descarta-ser-presidente-em-um-pais-de-conchavos\/"},"wordCount":398,"commentCount":0,"publisher":{"@id":"https:\/\/www.notibras.com\/site\/#organization"},"image":{"@id":"https:\/\/www.notibras.com\/site\/barbosa-fa-de-balzac-descarta-ser-presidente-em-um-pais-de-conchavos\/#primaryimage"},"thumbnailUrl":"https:\/\/www.notibras.com\/site\/wp-content\/uploads\/2014\/03\/joaquim-barbosa.jpg","articleSection":["Brasil"],"inLanguage":"pt-BR","potentialAction":[{"@type":"CommentAction","name":"Comment","target":["https:\/\/www.notibras.com\/site\/barbosa-fa-de-balzac-descarta-ser-presidente-em-um-pais-de-conchavos\/#respond"]}]},{"@type":"WebPage","@id":"https:\/\/www.notibras.com\/site\/barbosa-fa-de-balzac-descarta-ser-presidente-em-um-pais-de-conchavos\/","url":"https:\/\/www.notibras.com\/site\/barbosa-fa-de-balzac-descarta-ser-presidente-em-um-pais-de-conchavos\/","name":"Barbosa, f\u00e3 de Balzac, descarta ser presidente em 'pa\u00eds de conchavos' - Notibras","isPartOf":{"@id":"https:\/\/www.notibras.com\/site\/#website"},"primaryImageOfPage":{"@id":"https:\/\/www.notibras.com\/site\/barbosa-fa-de-balzac-descarta-ser-presidente-em-um-pais-de-conchavos\/#primaryimage"},"image":{"@id":"https:\/\/www.notibras.com\/site\/barbosa-fa-de-balzac-descarta-ser-presidente-em-um-pais-de-conchavos\/#primaryimage"},"thumbnailUrl":"https:\/\/www.notibras.com\/site\/wp-content\/uploads\/2014\/03\/joaquim-barbosa.jpg","datePublished":"2014-03-23T11:43:34+00:00","dateModified":"2014-03-23T21:29:29+00:00","breadcrumb":{"@id":"https:\/\/www.notibras.com\/site\/barbosa-fa-de-balzac-descarta-ser-presidente-em-um-pais-de-conchavos\/#breadcrumb"},"inLanguage":"pt-BR","potentialAction":[{"@type":"ReadAction","target":["https:\/\/www.notibras.com\/site\/barbosa-fa-de-balzac-descarta-ser-presidente-em-um-pais-de-conchavos\/"]}]},{"@type":"ImageObject","inLanguage":"pt-BR","@id":"https:\/\/www.notibras.com\/site\/barbosa-fa-de-balzac-descarta-ser-presidente-em-um-pais-de-conchavos\/#primaryimage","url":"https:\/\/www.notibras.com\/site\/wp-content\/uploads\/2014\/03\/joaquim-barbosa.jpg","contentUrl":"https:\/\/www.notibras.com\/site\/wp-content\/uploads\/2014\/03\/joaquim-barbosa.jpg","width":627,"height":470},{"@type":"BreadcrumbList","@id":"https:\/\/www.notibras.com\/site\/barbosa-fa-de-balzac-descarta-ser-presidente-em-um-pais-de-conchavos\/#breadcrumb","itemListElement":[{"@type":"ListItem","position":1,"name":"In\u00edcio","item":"https:\/\/www.notibras.com\/site\/"},{"@type":"ListItem","position":2,"name":"Barbosa, f\u00e3 de Balzac, descarta ser presidente em &#8216;pa\u00eds de conchavos&#8217;"}]},{"@type":"WebSite","@id":"https:\/\/www.notibras.com\/site\/#website","url":"https:\/\/www.notibras.com\/site\/","name":"Notibras","description":"Not\u00edcias de Bras\u00edlia, do Brasil e do Mundo","publisher":{"@id":"https:\/\/www.notibras.com\/site\/#organization"},"potentialAction":[{"@type":"SearchAction","target":{"@type":"EntryPoint","urlTemplate":"https:\/\/www.notibras.com\/site\/?s={search_term_string}"},"query-input":{"@type":"PropertyValueSpecification","valueRequired":true,"valueName":"search_term_string"}}],"inLanguage":"pt-BR"},{"@type":"Organization","@id":"https:\/\/www.notibras.com\/site\/#organization","name":"Grupo Notibras de Comunica\u00e7\u00e3o","url":"https:\/\/www.notibras.com\/site\/","logo":{"@type":"ImageObject","inLanguage":"pt-BR","@id":"https:\/\/www.notibras.com\/site\/#\/schema\/logo\/image\/","url":"https:\/\/www.notibras.com\/site\/wp-content\/uploads\/2023\/01\/notibras23.png","contentUrl":"https:\/\/www.notibras.com\/site\/wp-content\/uploads\/2023\/01\/notibras23.png","width":350,"height":87,"caption":"Grupo Notibras de Comunica\u00e7\u00e3o"},"image":{"@id":"https:\/\/www.notibras.com\/site\/#\/schema\/logo\/image\/"},"sameAs":["https:\/\/www.facebook.com\/notibras\/","https:\/\/x.com\/Notibras","https:\/\/www.instagram.com\/notibras\/"]},{"@type":"Person","@id":"https:\/\/www.notibras.com\/site\/#\/schema\/person\/36ab0979449956132d3e5b517ea76ac8","name":"Reda\u00e7\u00e3o","image":{"@type":"ImageObject","inLanguage":"pt-BR","@id":"https:\/\/secure.gravatar.com\/avatar\/e0a867bdedb85fd243eadf09663511f96fc81e0720a4a42581f334ad4303aa6b?s=96&d=mm&r=g","url":"https:\/\/secure.gravatar.com\/avatar\/e0a867bdedb85fd243eadf09663511f96fc81e0720a4a42581f334ad4303aa6b?s=96&d=mm&r=g","contentUrl":"https:\/\/secure.gravatar.com\/avatar\/e0a867bdedb85fd243eadf09663511f96fc81e0720a4a42581f334ad4303aa6b?s=96&d=mm&r=g","caption":"Reda\u00e7\u00e3o"}}]}},"amp_enabled":true,"_links":{"self":[{"href":"https:\/\/www.notibras.com\/site\/wp-json\/wp\/v2\/posts\/5024","targetHints":{"allow":["GET"]}}],"collection":[{"href":"https:\/\/www.notibras.com\/site\/wp-json\/wp\/v2\/posts"}],"about":[{"href":"https:\/\/www.notibras.com\/site\/wp-json\/wp\/v2\/types\/post"}],"author":[{"embeddable":true,"href":"https:\/\/www.notibras.com\/site\/wp-json\/wp\/v2\/users\/2"}],"replies":[{"embeddable":true,"href":"https:\/\/www.notibras.com\/site\/wp-json\/wp\/v2\/comments?post=5024"}],"version-history":[{"count":0,"href":"https:\/\/www.notibras.com\/site\/wp-json\/wp\/v2\/posts\/5024\/revisions"}],"wp:featuredmedia":[{"embeddable":true,"href":"https:\/\/www.notibras.com\/site\/wp-json\/wp\/v2\/media\/5025"}],"wp:attachment":[{"href":"https:\/\/www.notibras.com\/site\/wp-json\/wp\/v2\/media?parent=5024"}],"wp:term":[{"taxonomy":"category","embeddable":true,"href":"https:\/\/www.notibras.com\/site\/wp-json\/wp\/v2\/categories?post=5024"},{"taxonomy":"post_tag","embeddable":true,"href":"https:\/\/www.notibras.com\/site\/wp-json\/wp\/v2\/tags?post=5024"}],"curies":[{"name":"wp","href":"https:\/\/api.w.org\/{rel}","templated":true}]}}