{"id":50264,"date":"2015-05-25T07:56:51","date_gmt":"2015-05-25T10:56:51","guid":{"rendered":"http:\/\/www.notibras.com\/site\/?p=50264"},"modified":"2015-05-25T13:43:44","modified_gmt":"2015-05-25T16:43:44","slug":"enem-abre-inscricoes-pela-internet-provas-serao-em-outubro","status":"publish","type":"post","link":"https:\/\/www.notibras.com\/site\/enem-abre-inscricoes-pela-internet-provas-serao-em-outubro\/","title":{"rendered":"Enem abre inscri\u00e7\u00f5es pela internet; provas ser\u00e3o em outubro"},"content":{"rendered":"<p>As inscri\u00e7\u00f5es para o Exame Nacional do Ensino M\u00e9dio (Enem) come\u00e7am nesta segunda 25, exclusivamente pela internet, no <a href=\"http:\/\/enem.inep.gov.br\/participante\" target=\"_blank\"><em>site <\/em>do Enem<\/a>. Os interessados podem se inscrever a partir das 10h, no hor\u00e1rio de Bras\u00edlia, at\u00e9 as 23h59, do dia 5 de junho. As provas ser\u00e3o aplicadas nos dias 24 e 25 de outubro em mais de 1,7 mil munic\u00edpios em todo o pa\u00eds. O Minist\u00e9rio da Educa\u00e7\u00e3o (MEC) espera que mais de 9 milh\u00f5es de pessoas se candidatem aos testes.<\/p>\n<p>O Enem foi criado para avaliar os alunos que est\u00e3o concluindo o ensino m\u00e9dio ou que j\u00e1 o conclu\u00edram em anos anteriores. N\u00e3o importa a idade nem o ano do t\u00e9rmino do curso, basta que o interessado fa\u00e7a sua inscri\u00e7\u00e3o na p\u00e1gina eletr\u00f4nica do Enem. Estudantes que n\u00e3o terminar\u00e3o o ensino m\u00e9dio este ano, podem participar como treineiros, ou seja, o resultado n\u00e3o poder\u00e1 ser usado para particiopar de programas de acesso ao ensino superior.<\/p>\n<p>Neste ano, para fazer a inscri\u00e7\u00e3o o participante dever\u00e1 ter um <em>e-mail<\/em> pr\u00f3prio. O sistema n\u00e3o aceitar\u00e1 a inscri\u00e7\u00e3o de mais de um participante com o mesmo endere\u00e7o eletr\u00f4nico. O exame custar\u00e1 R$ 63, que dever\u00e3o ser pagos at\u00e9 o dia 10 de junho.<\/p>\n<p>Estudantes que v\u00e3o concluir o ensino m\u00e9dio este ano em escolas p\u00fablicas e participantes que declararem car\u00eancia s\u00e3o isentos da taxa. Podem solicitar a isen\u00e7\u00e3o por car\u00eancia, aqueles que tem uma renda renda familiar por pessoa igual ou inferior a um sal\u00e1rio m\u00ednimo e meio e que cursaram o ensino m\u00e9dio completo em escola da rede p\u00fablica ou como bolsista integral em escola da rede privada. As informa\u00e7\u00f5es devem ser comprovadas pelos participantes e receber a aprova\u00e7\u00e3o do MEC. O participante deve acompanhar na p\u00e1gina de inscri\u00e7\u00e3o se o pedido de isen\u00e7\u00e3o foi aceito.<\/p>\n<p>\u00c9 tamb\u00e9m na inscri\u00e7\u00e3o que os participantes podem solicitar atendimento especializado ou espec\u00edfico. O atencimento especializado \u00e9 oferecido a pessoas com baixa vis\u00e3o, cegueira, vis\u00e3o monocular, defici\u00eancia f\u00edsica, defici\u00eancia auditiva, surdez, defici\u00eancia intelectual, surdocegueira, dislexia, d\u00e9ficit de aten\u00e7\u00e3o, autismo, discalculia (altera\u00e7\u00e3o neurol\u00f3gica que dificulta a aprendizagem de n\u00fameros) ou com outra condi\u00e7\u00e3o especial.<\/p>\n<p>J\u00e1 o atendimento espec\u00edfico \u00e9 oferecido a gestantes, lactantes, idosos, estudantes em classe hospitalar e sabatistas \u2013 pessoas que, por convic\u00e7\u00e3o religiosa, guardam o s\u00e1bado.<\/p>\n<p>Ap\u00f3s fazer a inscri\u00e7\u00e3o, participantes transexuais e travestis podem pedir o uso do nome social, tamb\u00e9m pela internet, entre os dias 15 e 26 de junho.<\/p>\n<p><strong>Mariana Tokarnia, ABr<\/strong><\/p>\n","protected":false},"excerpt":{"rendered":"<p>As inscri\u00e7\u00f5es para o Exame Nacional do Ensino M\u00e9dio (Enem) come\u00e7am nesta segunda 25, exclusivamente pela internet, no site do Enem. Os interessados podem se inscrever a partir das 10h, no hor\u00e1rio de Bras\u00edlia, at\u00e9 as 23h59, do dia 5 de junho. As provas ser\u00e3o aplicadas nos dias 24 e 25 de outubro em mais [&hellip;]<\/p>\n","protected":false},"author":2,"featured_media":50265,"comment_status":"open","ping_status":"closed","sticky":false,"template":"","format":"standard","meta":{"_acf_changed":false,"footnotes":""},"categories":[16],"tags":[],"class_list":["post-50264","post","type-post","status-publish","format-standard","has-post-thumbnail","hentry","category-brasil"],"acf":[],"yoast_head":"<!-- This site is optimized with the Yoast SEO plugin v27.2 - https:\/\/yoast.com\/product\/yoast-seo-wordpress\/ -->\n<title>Enem abre inscri\u00e7\u00f5es pela internet; provas ser\u00e3o em outubro - Notibras<\/title>\n<meta name=\"robots\" content=\"index, follow, max-snippet:-1, max-image-preview:large, max-video-preview:-1\" \/>\n<link rel=\"canonical\" href=\"https:\/\/www.notibras.com\/site\/enem-abre-inscricoes-pela-internet-provas-serao-em-outubro\/\" \/>\n<meta property=\"og:locale\" content=\"pt_BR\" \/>\n<meta property=\"og:type\" content=\"article\" \/>\n<meta property=\"og:title\" content=\"Enem abre inscri\u00e7\u00f5es pela internet; provas ser\u00e3o em outubro - Notibras\" \/>\n<meta property=\"og:description\" content=\"As inscri\u00e7\u00f5es para o Exame Nacional do Ensino M\u00e9dio (Enem) come\u00e7am nesta segunda 25, exclusivamente pela internet, no site do Enem. Os interessados podem se inscrever a partir das 10h, no hor\u00e1rio de Bras\u00edlia, at\u00e9 as 23h59, do dia 5 de junho. As provas ser\u00e3o aplicadas nos dias 24 e 25 de outubro em mais [&hellip;]\" \/>\n<meta property=\"og:url\" content=\"https:\/\/www.notibras.com\/site\/enem-abre-inscricoes-pela-internet-provas-serao-em-outubro\/\" \/>\n<meta property=\"og:site_name\" content=\"Notibras\" \/>\n<meta property=\"article:publisher\" content=\"https:\/\/www.facebook.com\/notibras\/\" \/>\n<meta property=\"article:published_time\" content=\"2015-05-25T10:56:51+00:00\" \/>\n<meta property=\"article:modified_time\" content=\"2015-05-25T16:43:44+00:00\" \/>\n<meta property=\"og:image\" content=\"https:\/\/www.notibras.com\/site\/wp-content\/uploads\/2015\/05\/aenem.jpg\" \/>\n\t<meta property=\"og:image:width\" content=\"640\" \/>\n\t<meta property=\"og:image:height\" content=\"456\" \/>\n\t<meta property=\"og:image:type\" content=\"image\/jpeg\" \/>\n<meta name=\"author\" content=\"Reda\u00e7\u00e3o\" \/>\n<meta name=\"twitter:card\" content=\"summary_large_image\" \/>\n<meta name=\"twitter:creator\" content=\"@Notibras\" \/>\n<meta name=\"twitter:site\" content=\"@Notibras\" \/>\n<meta name=\"twitter:label1\" content=\"Escrito por\" \/>\n\t<meta name=\"twitter:data1\" content=\"Reda\u00e7\u00e3o\" \/>\n\t<meta name=\"twitter:label2\" content=\"Est. tempo de leitura\" \/>\n\t<meta name=\"twitter:data2\" content=\"2 minutos\" \/>\n<script type=\"application\/ld+json\" class=\"yoast-schema-graph\">{\"@context\":\"https:\/\/schema.org\",\"@graph\":[{\"@type\":\"Article\",\"@id\":\"https:\/\/www.notibras.com\/site\/enem-abre-inscricoes-pela-internet-provas-serao-em-outubro\/#article\",\"isPartOf\":{\"@id\":\"https:\/\/www.notibras.com\/site\/enem-abre-inscricoes-pela-internet-provas-serao-em-outubro\/\"},\"author\":{\"name\":\"Reda\u00e7\u00e3o\",\"@id\":\"https:\/\/www.notibras.com\/site\/#\/schema\/person\/36ab0979449956132d3e5b517ea76ac8\"},\"headline\":\"Enem abre inscri\u00e7\u00f5es pela internet; provas ser\u00e3o em outubro\",\"datePublished\":\"2015-05-25T10:56:51+00:00\",\"dateModified\":\"2015-05-25T16:43:44+00:00\",\"mainEntityOfPage\":{\"@id\":\"https:\/\/www.notibras.com\/site\/enem-abre-inscricoes-pela-internet-provas-serao-em-outubro\/\"},\"wordCount\":465,\"commentCount\":0,\"publisher\":{\"@id\":\"https:\/\/www.notibras.com\/site\/#organization\"},\"image\":{\"@id\":\"https:\/\/www.notibras.com\/site\/enem-abre-inscricoes-pela-internet-provas-serao-em-outubro\/#primaryimage\"},\"thumbnailUrl\":\"https:\/\/www.notibras.com\/site\/wp-content\/uploads\/2015\/05\/aenem.jpg\",\"articleSection\":[\"Brasil\"],\"inLanguage\":\"pt-BR\",\"potentialAction\":[{\"@type\":\"CommentAction\",\"name\":\"Comment\",\"target\":[\"https:\/\/www.notibras.com\/site\/enem-abre-inscricoes-pela-internet-provas-serao-em-outubro\/#respond\"]}]},{\"@type\":\"WebPage\",\"@id\":\"https:\/\/www.notibras.com\/site\/enem-abre-inscricoes-pela-internet-provas-serao-em-outubro\/\",\"url\":\"https:\/\/www.notibras.com\/site\/enem-abre-inscricoes-pela-internet-provas-serao-em-outubro\/\",\"name\":\"Enem abre inscri\u00e7\u00f5es pela internet; provas ser\u00e3o em outubro - Notibras\",\"isPartOf\":{\"@id\":\"https:\/\/www.notibras.com\/site\/#website\"},\"primaryImageOfPage\":{\"@id\":\"https:\/\/www.notibras.com\/site\/enem-abre-inscricoes-pela-internet-provas-serao-em-outubro\/#primaryimage\"},\"image\":{\"@id\":\"https:\/\/www.notibras.com\/site\/enem-abre-inscricoes-pela-internet-provas-serao-em-outubro\/#primaryimage\"},\"thumbnailUrl\":\"https:\/\/www.notibras.com\/site\/wp-content\/uploads\/2015\/05\/aenem.jpg\",\"datePublished\":\"2015-05-25T10:56:51+00:00\",\"dateModified\":\"2015-05-25T16:43:44+00:00\",\"breadcrumb\":{\"@id\":\"https:\/\/www.notibras.com\/site\/enem-abre-inscricoes-pela-internet-provas-serao-em-outubro\/#breadcrumb\"},\"inLanguage\":\"pt-BR\",\"potentialAction\":[{\"@type\":\"ReadAction\",\"target\":[\"https:\/\/www.notibras.com\/site\/enem-abre-inscricoes-pela-internet-provas-serao-em-outubro\/\"]}]},{\"@type\":\"ImageObject\",\"inLanguage\":\"pt-BR\",\"@id\":\"https:\/\/www.notibras.com\/site\/enem-abre-inscricoes-pela-internet-provas-serao-em-outubro\/#primaryimage\",\"url\":\"https:\/\/www.notibras.com\/site\/wp-content\/uploads\/2015\/05\/aenem.jpg\",\"contentUrl\":\"https:\/\/www.notibras.com\/site\/wp-content\/uploads\/2015\/05\/aenem.jpg\",\"width\":640,\"height\":456,\"caption\":\"Foto: Arquivo Notibras\"},{\"@type\":\"BreadcrumbList\",\"@id\":\"https:\/\/www.notibras.com\/site\/enem-abre-inscricoes-pela-internet-provas-serao-em-outubro\/#breadcrumb\",\"itemListElement\":[{\"@type\":\"ListItem\",\"position\":1,\"name\":\"In\u00edcio\",\"item\":\"https:\/\/www.notibras.com\/site\/\"},{\"@type\":\"ListItem\",\"position\":2,\"name\":\"Enem abre inscri\u00e7\u00f5es pela internet; provas ser\u00e3o em outubro\"}]},{\"@type\":\"WebSite\",\"@id\":\"https:\/\/www.notibras.com\/site\/#website\",\"url\":\"https:\/\/www.notibras.com\/site\/\",\"name\":\"Notibras\",\"description\":\"Not\u00edcias de Bras\u00edlia, do Brasil e do Mundo\",\"publisher\":{\"@id\":\"https:\/\/www.notibras.com\/site\/#organization\"},\"potentialAction\":[{\"@type\":\"SearchAction\",\"target\":{\"@type\":\"EntryPoint\",\"urlTemplate\":\"https:\/\/www.notibras.com\/site\/?s={search_term_string}\"},\"query-input\":{\"@type\":\"PropertyValueSpecification\",\"valueRequired\":true,\"valueName\":\"search_term_string\"}}],\"inLanguage\":\"pt-BR\"},{\"@type\":\"Organization\",\"@id\":\"https:\/\/www.notibras.com\/site\/#organization\",\"name\":\"Grupo Notibras de Comunica\u00e7\u00e3o\",\"url\":\"https:\/\/www.notibras.com\/site\/\",\"logo\":{\"@type\":\"ImageObject\",\"inLanguage\":\"pt-BR\",\"@id\":\"https:\/\/www.notibras.com\/site\/#\/schema\/logo\/image\/\",\"url\":\"https:\/\/www.notibras.com\/site\/wp-content\/uploads\/2023\/01\/notibras23.png\",\"contentUrl\":\"https:\/\/www.notibras.com\/site\/wp-content\/uploads\/2023\/01\/notibras23.png\",\"width\":350,\"height\":87,\"caption\":\"Grupo Notibras de Comunica\u00e7\u00e3o\"},\"image\":{\"@id\":\"https:\/\/www.notibras.com\/site\/#\/schema\/logo\/image\/\"},\"sameAs\":[\"https:\/\/www.facebook.com\/notibras\/\",\"https:\/\/x.com\/Notibras\",\"https:\/\/www.instagram.com\/notibras\/\"]},{\"@type\":\"Person\",\"@id\":\"https:\/\/www.notibras.com\/site\/#\/schema\/person\/36ab0979449956132d3e5b517ea76ac8\",\"name\":\"Reda\u00e7\u00e3o\",\"image\":{\"@type\":\"ImageObject\",\"inLanguage\":\"pt-BR\",\"@id\":\"https:\/\/secure.gravatar.com\/avatar\/e0a867bdedb85fd243eadf09663511f96fc81e0720a4a42581f334ad4303aa6b?s=96&d=mm&r=g\",\"url\":\"https:\/\/secure.gravatar.com\/avatar\/e0a867bdedb85fd243eadf09663511f96fc81e0720a4a42581f334ad4303aa6b?s=96&d=mm&r=g\",\"contentUrl\":\"https:\/\/secure.gravatar.com\/avatar\/e0a867bdedb85fd243eadf09663511f96fc81e0720a4a42581f334ad4303aa6b?s=96&d=mm&r=g\",\"caption\":\"Reda\u00e7\u00e3o\"}}]}<\/script>\n<!-- \/ Yoast SEO plugin. -->","yoast_head_json":{"title":"Enem abre inscri\u00e7\u00f5es pela internet; provas ser\u00e3o em outubro - Notibras","robots":{"index":"index","follow":"follow","max-snippet":"max-snippet:-1","max-image-preview":"max-image-preview:large","max-video-preview":"max-video-preview:-1"},"canonical":"https:\/\/www.notibras.com\/site\/enem-abre-inscricoes-pela-internet-provas-serao-em-outubro\/","og_locale":"pt_BR","og_type":"article","og_title":"Enem abre inscri\u00e7\u00f5es pela internet; provas ser\u00e3o em outubro - Notibras","og_description":"As inscri\u00e7\u00f5es para o Exame Nacional do Ensino M\u00e9dio (Enem) come\u00e7am nesta segunda 25, exclusivamente pela internet, no site do Enem. Os interessados podem se inscrever a partir das 10h, no hor\u00e1rio de Bras\u00edlia, at\u00e9 as 23h59, do dia 5 de junho. As provas ser\u00e3o aplicadas nos dias 24 e 25 de outubro em mais [&hellip;]","og_url":"https:\/\/www.notibras.com\/site\/enem-abre-inscricoes-pela-internet-provas-serao-em-outubro\/","og_site_name":"Notibras","article_publisher":"https:\/\/www.facebook.com\/notibras\/","article_published_time":"2015-05-25T10:56:51+00:00","article_modified_time":"2015-05-25T16:43:44+00:00","og_image":[{"width":640,"height":456,"url":"https:\/\/www.notibras.com\/site\/wp-content\/uploads\/2015\/05\/aenem.jpg","type":"image\/jpeg"}],"author":"Reda\u00e7\u00e3o","twitter_card":"summary_large_image","twitter_creator":"@Notibras","twitter_site":"@Notibras","twitter_misc":{"Escrito por":"Reda\u00e7\u00e3o","Est. tempo de leitura":"2 minutos"},"schema":{"@context":"https:\/\/schema.org","@graph":[{"@type":"Article","@id":"https:\/\/www.notibras.com\/site\/enem-abre-inscricoes-pela-internet-provas-serao-em-outubro\/#article","isPartOf":{"@id":"https:\/\/www.notibras.com\/site\/enem-abre-inscricoes-pela-internet-provas-serao-em-outubro\/"},"author":{"name":"Reda\u00e7\u00e3o","@id":"https:\/\/www.notibras.com\/site\/#\/schema\/person\/36ab0979449956132d3e5b517ea76ac8"},"headline":"Enem abre inscri\u00e7\u00f5es pela internet; provas ser\u00e3o em outubro","datePublished":"2015-05-25T10:56:51+00:00","dateModified":"2015-05-25T16:43:44+00:00","mainEntityOfPage":{"@id":"https:\/\/www.notibras.com\/site\/enem-abre-inscricoes-pela-internet-provas-serao-em-outubro\/"},"wordCount":465,"commentCount":0,"publisher":{"@id":"https:\/\/www.notibras.com\/site\/#organization"},"image":{"@id":"https:\/\/www.notibras.com\/site\/enem-abre-inscricoes-pela-internet-provas-serao-em-outubro\/#primaryimage"},"thumbnailUrl":"https:\/\/www.notibras.com\/site\/wp-content\/uploads\/2015\/05\/aenem.jpg","articleSection":["Brasil"],"inLanguage":"pt-BR","potentialAction":[{"@type":"CommentAction","name":"Comment","target":["https:\/\/www.notibras.com\/site\/enem-abre-inscricoes-pela-internet-provas-serao-em-outubro\/#respond"]}]},{"@type":"WebPage","@id":"https:\/\/www.notibras.com\/site\/enem-abre-inscricoes-pela-internet-provas-serao-em-outubro\/","url":"https:\/\/www.notibras.com\/site\/enem-abre-inscricoes-pela-internet-provas-serao-em-outubro\/","name":"Enem abre inscri\u00e7\u00f5es pela internet; provas ser\u00e3o em outubro - Notibras","isPartOf":{"@id":"https:\/\/www.notibras.com\/site\/#website"},"primaryImageOfPage":{"@id":"https:\/\/www.notibras.com\/site\/enem-abre-inscricoes-pela-internet-provas-serao-em-outubro\/#primaryimage"},"image":{"@id":"https:\/\/www.notibras.com\/site\/enem-abre-inscricoes-pela-internet-provas-serao-em-outubro\/#primaryimage"},"thumbnailUrl":"https:\/\/www.notibras.com\/site\/wp-content\/uploads\/2015\/05\/aenem.jpg","datePublished":"2015-05-25T10:56:51+00:00","dateModified":"2015-05-25T16:43:44+00:00","breadcrumb":{"@id":"https:\/\/www.notibras.com\/site\/enem-abre-inscricoes-pela-internet-provas-serao-em-outubro\/#breadcrumb"},"inLanguage":"pt-BR","potentialAction":[{"@type":"ReadAction","target":["https:\/\/www.notibras.com\/site\/enem-abre-inscricoes-pela-internet-provas-serao-em-outubro\/"]}]},{"@type":"ImageObject","inLanguage":"pt-BR","@id":"https:\/\/www.notibras.com\/site\/enem-abre-inscricoes-pela-internet-provas-serao-em-outubro\/#primaryimage","url":"https:\/\/www.notibras.com\/site\/wp-content\/uploads\/2015\/05\/aenem.jpg","contentUrl":"https:\/\/www.notibras.com\/site\/wp-content\/uploads\/2015\/05\/aenem.jpg","width":640,"height":456,"caption":"Foto: Arquivo Notibras"},{"@type":"BreadcrumbList","@id":"https:\/\/www.notibras.com\/site\/enem-abre-inscricoes-pela-internet-provas-serao-em-outubro\/#breadcrumb","itemListElement":[{"@type":"ListItem","position":1,"name":"In\u00edcio","item":"https:\/\/www.notibras.com\/site\/"},{"@type":"ListItem","position":2,"name":"Enem abre inscri\u00e7\u00f5es pela internet; provas ser\u00e3o em outubro"}]},{"@type":"WebSite","@id":"https:\/\/www.notibras.com\/site\/#website","url":"https:\/\/www.notibras.com\/site\/","name":"Notibras","description":"Not\u00edcias de Bras\u00edlia, do Brasil e do Mundo","publisher":{"@id":"https:\/\/www.notibras.com\/site\/#organization"},"potentialAction":[{"@type":"SearchAction","target":{"@type":"EntryPoint","urlTemplate":"https:\/\/www.notibras.com\/site\/?s={search_term_string}"},"query-input":{"@type":"PropertyValueSpecification","valueRequired":true,"valueName":"search_term_string"}}],"inLanguage":"pt-BR"},{"@type":"Organization","@id":"https:\/\/www.notibras.com\/site\/#organization","name":"Grupo Notibras de Comunica\u00e7\u00e3o","url":"https:\/\/www.notibras.com\/site\/","logo":{"@type":"ImageObject","inLanguage":"pt-BR","@id":"https:\/\/www.notibras.com\/site\/#\/schema\/logo\/image\/","url":"https:\/\/www.notibras.com\/site\/wp-content\/uploads\/2023\/01\/notibras23.png","contentUrl":"https:\/\/www.notibras.com\/site\/wp-content\/uploads\/2023\/01\/notibras23.png","width":350,"height":87,"caption":"Grupo Notibras de Comunica\u00e7\u00e3o"},"image":{"@id":"https:\/\/www.notibras.com\/site\/#\/schema\/logo\/image\/"},"sameAs":["https:\/\/www.facebook.com\/notibras\/","https:\/\/x.com\/Notibras","https:\/\/www.instagram.com\/notibras\/"]},{"@type":"Person","@id":"https:\/\/www.notibras.com\/site\/#\/schema\/person\/36ab0979449956132d3e5b517ea76ac8","name":"Reda\u00e7\u00e3o","image":{"@type":"ImageObject","inLanguage":"pt-BR","@id":"https:\/\/secure.gravatar.com\/avatar\/e0a867bdedb85fd243eadf09663511f96fc81e0720a4a42581f334ad4303aa6b?s=96&d=mm&r=g","url":"https:\/\/secure.gravatar.com\/avatar\/e0a867bdedb85fd243eadf09663511f96fc81e0720a4a42581f334ad4303aa6b?s=96&d=mm&r=g","contentUrl":"https:\/\/secure.gravatar.com\/avatar\/e0a867bdedb85fd243eadf09663511f96fc81e0720a4a42581f334ad4303aa6b?s=96&d=mm&r=g","caption":"Reda\u00e7\u00e3o"}}]}},"amp_enabled":true,"_links":{"self":[{"href":"https:\/\/www.notibras.com\/site\/wp-json\/wp\/v2\/posts\/50264","targetHints":{"allow":["GET"]}}],"collection":[{"href":"https:\/\/www.notibras.com\/site\/wp-json\/wp\/v2\/posts"}],"about":[{"href":"https:\/\/www.notibras.com\/site\/wp-json\/wp\/v2\/types\/post"}],"author":[{"embeddable":true,"href":"https:\/\/www.notibras.com\/site\/wp-json\/wp\/v2\/users\/2"}],"replies":[{"embeddable":true,"href":"https:\/\/www.notibras.com\/site\/wp-json\/wp\/v2\/comments?post=50264"}],"version-history":[{"count":0,"href":"https:\/\/www.notibras.com\/site\/wp-json\/wp\/v2\/posts\/50264\/revisions"}],"wp:featuredmedia":[{"embeddable":true,"href":"https:\/\/www.notibras.com\/site\/wp-json\/wp\/v2\/media\/50265"}],"wp:attachment":[{"href":"https:\/\/www.notibras.com\/site\/wp-json\/wp\/v2\/media?parent=50264"}],"wp:term":[{"taxonomy":"category","embeddable":true,"href":"https:\/\/www.notibras.com\/site\/wp-json\/wp\/v2\/categories?post=50264"},{"taxonomy":"post_tag","embeddable":true,"href":"https:\/\/www.notibras.com\/site\/wp-json\/wp\/v2\/tags?post=50264"}],"curies":[{"name":"wp","href":"https:\/\/api.w.org\/{rel}","templated":true}]}}