{"id":50268,"date":"2015-05-25T00:11:38","date_gmt":"2015-05-25T03:11:38","guid":{"rendered":"http:\/\/www.notibras.com\/site\/?p=50268"},"modified":"2015-05-25T08:16:17","modified_gmt":"2015-05-25T11:16:17","slug":"dilma-embarca-para-o-mexico-e-avisa-que-nao-ha-base-para-impeachment","status":"publish","type":"post","link":"https:\/\/www.notibras.com\/site\/dilma-embarca-para-o-mexico-e-avisa-que-nao-ha-base-para-impeachment\/","title":{"rendered":"Dilma vai ao M\u00e9xico; antes, por\u00e9m, avisa que n\u00e3o h\u00e1 base legal para o impeachment"},"content":{"rendered":"<p>A presidenta Dilma Rousseff disse que n\u00e3o teme o<em> impeachment <\/em>por entender que n\u00e3o h\u00e1 \u201cbase real\u201d para um eventual processo. Dilma afirmou, ainda, considerar que o assunto tem car\u00e1ter de luta pol\u00edtica contra seu governo. As declara\u00e7\u00f5es foram feitas em entrevista ao jornal mexicano <em>La Jornada <\/em>e divulgadas no domingo 24 pela <a href=\"http:\/\/agenciabrasil.ebc.com.br\/politica\/noticia\/2015-03\/dilma-considera-protestos-naturais-mas-nao-aceita-pedidos-de-impeachment\" target=\"_blank\">Presid\u00eancia da Rep\u00fablica.<\/a><\/p>\n<p>\u201cO<em> impeachment<\/em> est\u00e1 previsto na Constitui\u00e7\u00e3o. Ele \u00e9 um elemento da Constitui\u00e7\u00e3o, est\u00e1 l\u00e1 escrito. Agora, o problema do<em> impeachment<\/em> \u00e9 sem base real, e n\u00e3o \u00e9 um processo, e n\u00e3o \u00e9 algo, vamos dizer assim, institucionalizado. Eu acho que tem um car\u00e1ter muito mais de luta pol\u00edtica. Ou seja, \u00e9 muito mais esgrimido como uma arma pol\u00edtica. Uma esp\u00e9cie de espada pol\u00edtica, mistura de espada e de dama que querem impor ao Brasil\u201d, disse. \u201cA mim n\u00e3o atemorizam com isso. Eu n\u00e3o tenho temor disso, eu respondo pelos meus atos. E eu tenho clareza dos meus atos\u201d, completou.<\/p>\n<p>A presidenta, que inicia nesta segvunda 25 visita oficial ao M\u00e9xico, tamb\u00e9m falou sobre a aproxima\u00e7\u00e3o entre os Estados Unidos e Cuba, comentou a situa\u00e7\u00e3o de pa\u00edses da Am\u00e9rica Latina e destacou a import\u00e2ncia da Petrobras.<\/p>\n<p>Dilma espera que a aproxima\u00e7\u00e3o entre Cuba e os Estados Unidos se aprofunde e leve ao completo fim o embargo econ\u00f4mico. \u201cEu sei que n\u00e3o depende do Executivo americano, depende do Congresso americano, mas esse ser\u00e1 um passo fundamental\u201d, considerou. Em sua avalia\u00e7\u00e3o, a aproxima\u00e7\u00e3o encerra a guerra fria no continente.<\/p>\n<blockquote><p>Ao falar sobre os vizinhos da Am\u00e9rica Latina, a presidenta disse que \u00e9 a favor de que na Venezuela se respeite a ordem democr\u00e1tica por parte do governo e da oposi\u00e7\u00e3o. Destacou, ainda, que os conflitos e manifesta\u00e7\u00f5es fazem parte da democracia. \u201cN\u00e3o acredito que a democracia engendre situa\u00e7\u00f5es de paz dos cemit\u00e9rios. A democracia engendra manifesta\u00e7\u00f5es de rua, reivindica\u00e7\u00f5es, a democracia engendra express\u00e3o de descontentamento.\u201d<\/p><\/blockquote>\n<p>Em rela\u00e7\u00e3o \u00e0 Petrobras, a presidenta garantiu que a petrol\u00edfera \u00e9 uma empresa poderosa que tem 90 mil funcion\u00e1rios e passou por um processo de investiga\u00e7\u00e3o na Opera\u00e7\u00e3o Lava Jato em que quatro funcion\u00e1rios est\u00e3o sendo acusados de corrup\u00e7\u00e3o. \u201cNingu\u00e9m pode falar antes de serem condenados, mas todos os ind\u00edcios s\u00e3o no sentido de que s\u00e3o respons\u00e1veis pelo processo de corrup\u00e7\u00e3o.\u201d<\/p>\n<p>Dilma ficar\u00e1 no M\u00e9xico at\u00e9 a quarta-feira (27) e ter\u00e1 agenda extensa, que inclui a assinatura de um acordo para facilitar os investimentos entre <a href=\"http:\/\/agenciabrasil.ebc.com.br\/internacional\/noticia\/2015-05\/brasil-e-mexico-vao-assinar-acordo-para-facilitar-investimentos\" target=\"_blank\">os dois pa\u00edses.<\/a><\/p>\n<p><strong>Yara Aquino, ABr<\/strong><\/p>\n","protected":false},"excerpt":{"rendered":"<p>A presidenta Dilma Rousseff disse que n\u00e3o teme o impeachment por entender que n\u00e3o h\u00e1 \u201cbase real\u201d para um eventual processo. Dilma afirmou, ainda, considerar que o assunto tem car\u00e1ter de luta pol\u00edtica contra seu governo. As declara\u00e7\u00f5es foram feitas em entrevista ao jornal mexicano La Jornada e divulgadas no domingo 24 pela Presid\u00eancia da [&hellip;]<\/p>\n","protected":false},"author":2,"featured_media":50269,"comment_status":"open","ping_status":"closed","sticky":false,"template":"","format":"standard","meta":{"_acf_changed":false,"footnotes":""},"categories":[16],"tags":[],"class_list":["post-50268","post","type-post","status-publish","format-standard","has-post-thumbnail","hentry","category-brasil"],"acf":[],"yoast_head":"<!-- This site is optimized with the Yoast SEO plugin v27.2 - https:\/\/yoast.com\/product\/yoast-seo-wordpress\/ -->\n<title>Dilma vai ao M\u00e9xico; antes, por\u00e9m, avisa que n\u00e3o h\u00e1 base legal para o impeachment - Notibras<\/title>\n<meta name=\"robots\" content=\"index, follow, max-snippet:-1, max-image-preview:large, max-video-preview:-1\" \/>\n<link rel=\"canonical\" href=\"https:\/\/www.notibras.com\/site\/dilma-embarca-para-o-mexico-e-avisa-que-nao-ha-base-para-impeachment\/\" \/>\n<meta property=\"og:locale\" content=\"pt_BR\" \/>\n<meta property=\"og:type\" content=\"article\" \/>\n<meta property=\"og:title\" content=\"Dilma vai ao M\u00e9xico; antes, por\u00e9m, avisa que n\u00e3o h\u00e1 base legal para o impeachment - Notibras\" \/>\n<meta property=\"og:description\" content=\"A presidenta Dilma Rousseff disse que n\u00e3o teme o impeachment por entender que n\u00e3o h\u00e1 \u201cbase real\u201d para um eventual processo. Dilma afirmou, ainda, considerar que o assunto tem car\u00e1ter de luta pol\u00edtica contra seu governo. As declara\u00e7\u00f5es foram feitas em entrevista ao jornal mexicano La Jornada e divulgadas no domingo 24 pela Presid\u00eancia da [&hellip;]\" \/>\n<meta property=\"og:url\" content=\"https:\/\/www.notibras.com\/site\/dilma-embarca-para-o-mexico-e-avisa-que-nao-ha-base-para-impeachment\/\" \/>\n<meta property=\"og:site_name\" content=\"Notibras\" \/>\n<meta property=\"article:publisher\" content=\"https:\/\/www.facebook.com\/notibras\/\" \/>\n<meta property=\"article:published_time\" content=\"2015-05-25T03:11:38+00:00\" \/>\n<meta property=\"article:modified_time\" content=\"2015-05-25T11:16:17+00:00\" \/>\n<meta property=\"og:image\" content=\"https:\/\/www.notibras.com\/site\/wp-content\/uploads\/2015\/05\/adilma.jpg\" \/>\n\t<meta property=\"og:image:width\" content=\"550\" \/>\n\t<meta property=\"og:image:height\" content=\"375\" \/>\n\t<meta property=\"og:image:type\" content=\"image\/jpeg\" \/>\n<meta name=\"author\" content=\"Reda\u00e7\u00e3o\" \/>\n<meta name=\"twitter:card\" content=\"summary_large_image\" \/>\n<meta name=\"twitter:creator\" content=\"@Notibras\" \/>\n<meta name=\"twitter:site\" content=\"@Notibras\" \/>\n<meta name=\"twitter:label1\" content=\"Escrito por\" \/>\n\t<meta name=\"twitter:data1\" content=\"Reda\u00e7\u00e3o\" \/>\n\t<meta name=\"twitter:label2\" content=\"Est. tempo de leitura\" \/>\n\t<meta name=\"twitter:data2\" content=\"2 minutos\" \/>\n<script type=\"application\/ld+json\" class=\"yoast-schema-graph\">{\"@context\":\"https:\/\/schema.org\",\"@graph\":[{\"@type\":\"Article\",\"@id\":\"https:\/\/www.notibras.com\/site\/dilma-embarca-para-o-mexico-e-avisa-que-nao-ha-base-para-impeachment\/#article\",\"isPartOf\":{\"@id\":\"https:\/\/www.notibras.com\/site\/dilma-embarca-para-o-mexico-e-avisa-que-nao-ha-base-para-impeachment\/\"},\"author\":{\"name\":\"Reda\u00e7\u00e3o\",\"@id\":\"https:\/\/www.notibras.com\/site\/#\/schema\/person\/36ab0979449956132d3e5b517ea76ac8\"},\"headline\":\"Dilma vai ao M\u00e9xico; antes, por\u00e9m, avisa que n\u00e3o h\u00e1 base legal para o impeachment\",\"datePublished\":\"2015-05-25T03:11:38+00:00\",\"dateModified\":\"2015-05-25T11:16:17+00:00\",\"mainEntityOfPage\":{\"@id\":\"https:\/\/www.notibras.com\/site\/dilma-embarca-para-o-mexico-e-avisa-que-nao-ha-base-para-impeachment\/\"},\"wordCount\":461,\"commentCount\":0,\"publisher\":{\"@id\":\"https:\/\/www.notibras.com\/site\/#organization\"},\"image\":{\"@id\":\"https:\/\/www.notibras.com\/site\/dilma-embarca-para-o-mexico-e-avisa-que-nao-ha-base-para-impeachment\/#primaryimage\"},\"thumbnailUrl\":\"https:\/\/www.notibras.com\/site\/wp-content\/uploads\/2015\/05\/adilma.jpg\",\"articleSection\":[\"Brasil\"],\"inLanguage\":\"pt-BR\",\"potentialAction\":[{\"@type\":\"CommentAction\",\"name\":\"Comment\",\"target\":[\"https:\/\/www.notibras.com\/site\/dilma-embarca-para-o-mexico-e-avisa-que-nao-ha-base-para-impeachment\/#respond\"]}]},{\"@type\":\"WebPage\",\"@id\":\"https:\/\/www.notibras.com\/site\/dilma-embarca-para-o-mexico-e-avisa-que-nao-ha-base-para-impeachment\/\",\"url\":\"https:\/\/www.notibras.com\/site\/dilma-embarca-para-o-mexico-e-avisa-que-nao-ha-base-para-impeachment\/\",\"name\":\"Dilma vai ao M\u00e9xico; antes, por\u00e9m, avisa que n\u00e3o h\u00e1 base legal para o impeachment - Notibras\",\"isPartOf\":{\"@id\":\"https:\/\/www.notibras.com\/site\/#website\"},\"primaryImageOfPage\":{\"@id\":\"https:\/\/www.notibras.com\/site\/dilma-embarca-para-o-mexico-e-avisa-que-nao-ha-base-para-impeachment\/#primaryimage\"},\"image\":{\"@id\":\"https:\/\/www.notibras.com\/site\/dilma-embarca-para-o-mexico-e-avisa-que-nao-ha-base-para-impeachment\/#primaryimage\"},\"thumbnailUrl\":\"https:\/\/www.notibras.com\/site\/wp-content\/uploads\/2015\/05\/adilma.jpg\",\"datePublished\":\"2015-05-25T03:11:38+00:00\",\"dateModified\":\"2015-05-25T11:16:17+00:00\",\"breadcrumb\":{\"@id\":\"https:\/\/www.notibras.com\/site\/dilma-embarca-para-o-mexico-e-avisa-que-nao-ha-base-para-impeachment\/#breadcrumb\"},\"inLanguage\":\"pt-BR\",\"potentialAction\":[{\"@type\":\"ReadAction\",\"target\":[\"https:\/\/www.notibras.com\/site\/dilma-embarca-para-o-mexico-e-avisa-que-nao-ha-base-para-impeachment\/\"]}]},{\"@type\":\"ImageObject\",\"inLanguage\":\"pt-BR\",\"@id\":\"https:\/\/www.notibras.com\/site\/dilma-embarca-para-o-mexico-e-avisa-que-nao-ha-base-para-impeachment\/#primaryimage\",\"url\":\"https:\/\/www.notibras.com\/site\/wp-content\/uploads\/2015\/05\/adilma.jpg\",\"contentUrl\":\"https:\/\/www.notibras.com\/site\/wp-content\/uploads\/2015\/05\/adilma.jpg\",\"width\":550,\"height\":375},{\"@type\":\"BreadcrumbList\",\"@id\":\"https:\/\/www.notibras.com\/site\/dilma-embarca-para-o-mexico-e-avisa-que-nao-ha-base-para-impeachment\/#breadcrumb\",\"itemListElement\":[{\"@type\":\"ListItem\",\"position\":1,\"name\":\"In\u00edcio\",\"item\":\"https:\/\/www.notibras.com\/site\/\"},{\"@type\":\"ListItem\",\"position\":2,\"name\":\"Dilma vai ao M\u00e9xico; antes, por\u00e9m, avisa que n\u00e3o h\u00e1 base legal para o impeachment\"}]},{\"@type\":\"WebSite\",\"@id\":\"https:\/\/www.notibras.com\/site\/#website\",\"url\":\"https:\/\/www.notibras.com\/site\/\",\"name\":\"Notibras\",\"description\":\"Not\u00edcias de Bras\u00edlia, do Brasil e do Mundo\",\"publisher\":{\"@id\":\"https:\/\/www.notibras.com\/site\/#organization\"},\"potentialAction\":[{\"@type\":\"SearchAction\",\"target\":{\"@type\":\"EntryPoint\",\"urlTemplate\":\"https:\/\/www.notibras.com\/site\/?s={search_term_string}\"},\"query-input\":{\"@type\":\"PropertyValueSpecification\",\"valueRequired\":true,\"valueName\":\"search_term_string\"}}],\"inLanguage\":\"pt-BR\"},{\"@type\":\"Organization\",\"@id\":\"https:\/\/www.notibras.com\/site\/#organization\",\"name\":\"Grupo Notibras de Comunica\u00e7\u00e3o\",\"url\":\"https:\/\/www.notibras.com\/site\/\",\"logo\":{\"@type\":\"ImageObject\",\"inLanguage\":\"pt-BR\",\"@id\":\"https:\/\/www.notibras.com\/site\/#\/schema\/logo\/image\/\",\"url\":\"https:\/\/www.notibras.com\/site\/wp-content\/uploads\/2023\/01\/notibras23.png\",\"contentUrl\":\"https:\/\/www.notibras.com\/site\/wp-content\/uploads\/2023\/01\/notibras23.png\",\"width\":350,\"height\":87,\"caption\":\"Grupo Notibras de Comunica\u00e7\u00e3o\"},\"image\":{\"@id\":\"https:\/\/www.notibras.com\/site\/#\/schema\/logo\/image\/\"},\"sameAs\":[\"https:\/\/www.facebook.com\/notibras\/\",\"https:\/\/x.com\/Notibras\",\"https:\/\/www.instagram.com\/notibras\/\"]},{\"@type\":\"Person\",\"@id\":\"https:\/\/www.notibras.com\/site\/#\/schema\/person\/36ab0979449956132d3e5b517ea76ac8\",\"name\":\"Reda\u00e7\u00e3o\",\"image\":{\"@type\":\"ImageObject\",\"inLanguage\":\"pt-BR\",\"@id\":\"https:\/\/secure.gravatar.com\/avatar\/e0a867bdedb85fd243eadf09663511f96fc81e0720a4a42581f334ad4303aa6b?s=96&d=mm&r=g\",\"url\":\"https:\/\/secure.gravatar.com\/avatar\/e0a867bdedb85fd243eadf09663511f96fc81e0720a4a42581f334ad4303aa6b?s=96&d=mm&r=g\",\"contentUrl\":\"https:\/\/secure.gravatar.com\/avatar\/e0a867bdedb85fd243eadf09663511f96fc81e0720a4a42581f334ad4303aa6b?s=96&d=mm&r=g\",\"caption\":\"Reda\u00e7\u00e3o\"}}]}<\/script>\n<!-- \/ Yoast SEO plugin. -->","yoast_head_json":{"title":"Dilma vai ao M\u00e9xico; antes, por\u00e9m, avisa que n\u00e3o h\u00e1 base legal para o impeachment - Notibras","robots":{"index":"index","follow":"follow","max-snippet":"max-snippet:-1","max-image-preview":"max-image-preview:large","max-video-preview":"max-video-preview:-1"},"canonical":"https:\/\/www.notibras.com\/site\/dilma-embarca-para-o-mexico-e-avisa-que-nao-ha-base-para-impeachment\/","og_locale":"pt_BR","og_type":"article","og_title":"Dilma vai ao M\u00e9xico; antes, por\u00e9m, avisa que n\u00e3o h\u00e1 base legal para o impeachment - Notibras","og_description":"A presidenta Dilma Rousseff disse que n\u00e3o teme o impeachment por entender que n\u00e3o h\u00e1 \u201cbase real\u201d para um eventual processo. Dilma afirmou, ainda, considerar que o assunto tem car\u00e1ter de luta pol\u00edtica contra seu governo. As declara\u00e7\u00f5es foram feitas em entrevista ao jornal mexicano La Jornada e divulgadas no domingo 24 pela Presid\u00eancia da [&hellip;]","og_url":"https:\/\/www.notibras.com\/site\/dilma-embarca-para-o-mexico-e-avisa-que-nao-ha-base-para-impeachment\/","og_site_name":"Notibras","article_publisher":"https:\/\/www.facebook.com\/notibras\/","article_published_time":"2015-05-25T03:11:38+00:00","article_modified_time":"2015-05-25T11:16:17+00:00","og_image":[{"width":550,"height":375,"url":"https:\/\/www.notibras.com\/site\/wp-content\/uploads\/2015\/05\/adilma.jpg","type":"image\/jpeg"}],"author":"Reda\u00e7\u00e3o","twitter_card":"summary_large_image","twitter_creator":"@Notibras","twitter_site":"@Notibras","twitter_misc":{"Escrito por":"Reda\u00e7\u00e3o","Est. tempo de leitura":"2 minutos"},"schema":{"@context":"https:\/\/schema.org","@graph":[{"@type":"Article","@id":"https:\/\/www.notibras.com\/site\/dilma-embarca-para-o-mexico-e-avisa-que-nao-ha-base-para-impeachment\/#article","isPartOf":{"@id":"https:\/\/www.notibras.com\/site\/dilma-embarca-para-o-mexico-e-avisa-que-nao-ha-base-para-impeachment\/"},"author":{"name":"Reda\u00e7\u00e3o","@id":"https:\/\/www.notibras.com\/site\/#\/schema\/person\/36ab0979449956132d3e5b517ea76ac8"},"headline":"Dilma vai ao M\u00e9xico; antes, por\u00e9m, avisa que n\u00e3o h\u00e1 base legal para o impeachment","datePublished":"2015-05-25T03:11:38+00:00","dateModified":"2015-05-25T11:16:17+00:00","mainEntityOfPage":{"@id":"https:\/\/www.notibras.com\/site\/dilma-embarca-para-o-mexico-e-avisa-que-nao-ha-base-para-impeachment\/"},"wordCount":461,"commentCount":0,"publisher":{"@id":"https:\/\/www.notibras.com\/site\/#organization"},"image":{"@id":"https:\/\/www.notibras.com\/site\/dilma-embarca-para-o-mexico-e-avisa-que-nao-ha-base-para-impeachment\/#primaryimage"},"thumbnailUrl":"https:\/\/www.notibras.com\/site\/wp-content\/uploads\/2015\/05\/adilma.jpg","articleSection":["Brasil"],"inLanguage":"pt-BR","potentialAction":[{"@type":"CommentAction","name":"Comment","target":["https:\/\/www.notibras.com\/site\/dilma-embarca-para-o-mexico-e-avisa-que-nao-ha-base-para-impeachment\/#respond"]}]},{"@type":"WebPage","@id":"https:\/\/www.notibras.com\/site\/dilma-embarca-para-o-mexico-e-avisa-que-nao-ha-base-para-impeachment\/","url":"https:\/\/www.notibras.com\/site\/dilma-embarca-para-o-mexico-e-avisa-que-nao-ha-base-para-impeachment\/","name":"Dilma vai ao M\u00e9xico; antes, por\u00e9m, avisa que n\u00e3o h\u00e1 base legal para o impeachment - Notibras","isPartOf":{"@id":"https:\/\/www.notibras.com\/site\/#website"},"primaryImageOfPage":{"@id":"https:\/\/www.notibras.com\/site\/dilma-embarca-para-o-mexico-e-avisa-que-nao-ha-base-para-impeachment\/#primaryimage"},"image":{"@id":"https:\/\/www.notibras.com\/site\/dilma-embarca-para-o-mexico-e-avisa-que-nao-ha-base-para-impeachment\/#primaryimage"},"thumbnailUrl":"https:\/\/www.notibras.com\/site\/wp-content\/uploads\/2015\/05\/adilma.jpg","datePublished":"2015-05-25T03:11:38+00:00","dateModified":"2015-05-25T11:16:17+00:00","breadcrumb":{"@id":"https:\/\/www.notibras.com\/site\/dilma-embarca-para-o-mexico-e-avisa-que-nao-ha-base-para-impeachment\/#breadcrumb"},"inLanguage":"pt-BR","potentialAction":[{"@type":"ReadAction","target":["https:\/\/www.notibras.com\/site\/dilma-embarca-para-o-mexico-e-avisa-que-nao-ha-base-para-impeachment\/"]}]},{"@type":"ImageObject","inLanguage":"pt-BR","@id":"https:\/\/www.notibras.com\/site\/dilma-embarca-para-o-mexico-e-avisa-que-nao-ha-base-para-impeachment\/#primaryimage","url":"https:\/\/www.notibras.com\/site\/wp-content\/uploads\/2015\/05\/adilma.jpg","contentUrl":"https:\/\/www.notibras.com\/site\/wp-content\/uploads\/2015\/05\/adilma.jpg","width":550,"height":375},{"@type":"BreadcrumbList","@id":"https:\/\/www.notibras.com\/site\/dilma-embarca-para-o-mexico-e-avisa-que-nao-ha-base-para-impeachment\/#breadcrumb","itemListElement":[{"@type":"ListItem","position":1,"name":"In\u00edcio","item":"https:\/\/www.notibras.com\/site\/"},{"@type":"ListItem","position":2,"name":"Dilma vai ao M\u00e9xico; antes, por\u00e9m, avisa que n\u00e3o h\u00e1 base legal para o impeachment"}]},{"@type":"WebSite","@id":"https:\/\/www.notibras.com\/site\/#website","url":"https:\/\/www.notibras.com\/site\/","name":"Notibras","description":"Not\u00edcias de Bras\u00edlia, do Brasil e do Mundo","publisher":{"@id":"https:\/\/www.notibras.com\/site\/#organization"},"potentialAction":[{"@type":"SearchAction","target":{"@type":"EntryPoint","urlTemplate":"https:\/\/www.notibras.com\/site\/?s={search_term_string}"},"query-input":{"@type":"PropertyValueSpecification","valueRequired":true,"valueName":"search_term_string"}}],"inLanguage":"pt-BR"},{"@type":"Organization","@id":"https:\/\/www.notibras.com\/site\/#organization","name":"Grupo Notibras de Comunica\u00e7\u00e3o","url":"https:\/\/www.notibras.com\/site\/","logo":{"@type":"ImageObject","inLanguage":"pt-BR","@id":"https:\/\/www.notibras.com\/site\/#\/schema\/logo\/image\/","url":"https:\/\/www.notibras.com\/site\/wp-content\/uploads\/2023\/01\/notibras23.png","contentUrl":"https:\/\/www.notibras.com\/site\/wp-content\/uploads\/2023\/01\/notibras23.png","width":350,"height":87,"caption":"Grupo Notibras de Comunica\u00e7\u00e3o"},"image":{"@id":"https:\/\/www.notibras.com\/site\/#\/schema\/logo\/image\/"},"sameAs":["https:\/\/www.facebook.com\/notibras\/","https:\/\/x.com\/Notibras","https:\/\/www.instagram.com\/notibras\/"]},{"@type":"Person","@id":"https:\/\/www.notibras.com\/site\/#\/schema\/person\/36ab0979449956132d3e5b517ea76ac8","name":"Reda\u00e7\u00e3o","image":{"@type":"ImageObject","inLanguage":"pt-BR","@id":"https:\/\/secure.gravatar.com\/avatar\/e0a867bdedb85fd243eadf09663511f96fc81e0720a4a42581f334ad4303aa6b?s=96&d=mm&r=g","url":"https:\/\/secure.gravatar.com\/avatar\/e0a867bdedb85fd243eadf09663511f96fc81e0720a4a42581f334ad4303aa6b?s=96&d=mm&r=g","contentUrl":"https:\/\/secure.gravatar.com\/avatar\/e0a867bdedb85fd243eadf09663511f96fc81e0720a4a42581f334ad4303aa6b?s=96&d=mm&r=g","caption":"Reda\u00e7\u00e3o"}}]}},"amp_enabled":true,"_links":{"self":[{"href":"https:\/\/www.notibras.com\/site\/wp-json\/wp\/v2\/posts\/50268","targetHints":{"allow":["GET"]}}],"collection":[{"href":"https:\/\/www.notibras.com\/site\/wp-json\/wp\/v2\/posts"}],"about":[{"href":"https:\/\/www.notibras.com\/site\/wp-json\/wp\/v2\/types\/post"}],"author":[{"embeddable":true,"href":"https:\/\/www.notibras.com\/site\/wp-json\/wp\/v2\/users\/2"}],"replies":[{"embeddable":true,"href":"https:\/\/www.notibras.com\/site\/wp-json\/wp\/v2\/comments?post=50268"}],"version-history":[{"count":0,"href":"https:\/\/www.notibras.com\/site\/wp-json\/wp\/v2\/posts\/50268\/revisions"}],"wp:featuredmedia":[{"embeddable":true,"href":"https:\/\/www.notibras.com\/site\/wp-json\/wp\/v2\/media\/50269"}],"wp:attachment":[{"href":"https:\/\/www.notibras.com\/site\/wp-json\/wp\/v2\/media?parent=50268"}],"wp:term":[{"taxonomy":"category","embeddable":true,"href":"https:\/\/www.notibras.com\/site\/wp-json\/wp\/v2\/categories?post=50268"},{"taxonomy":"post_tag","embeddable":true,"href":"https:\/\/www.notibras.com\/site\/wp-json\/wp\/v2\/tags?post=50268"}],"curies":[{"name":"wp","href":"https:\/\/api.w.org\/{rel}","templated":true}]}}