{"id":50274,"date":"2015-05-25T08:25:05","date_gmt":"2015-05-25T11:25:05","guid":{"rendered":"http:\/\/www.notibras.com\/site\/?p=50274"},"modified":"2015-05-25T13:07:24","modified_gmt":"2015-05-25T16:07:24","slug":"onde-lampiao-a-gas-da-choque-energia-que-e-bom-ainda-nao-chegou","status":"publish","type":"post","link":"https:\/\/www.notibras.com\/site\/onde-lampiao-a-gas-da-choque-energia-que-e-bom-ainda-nao-chegou\/","title":{"rendered":"Onde lampi\u00e3o a g\u00e1s d\u00e1 choque, energia el\u00e9trica que \u00e9 bom, n\u00e3o chegou"},"content":{"rendered":"<p>H\u00e1 localidades no Brasil onde os servi\u00e7os b\u00e1sicos nunca chegam. S\u00e3o pequenos vilarejos, em especial no Nordeste, onde, costuma-se dizer, cavalo de pau d\u00e1 coice e lampi\u00e3o a g\u00e1s da choque. E \u00e9 justamente nessas regi\u00f5es nonde a energia el\u00e9trica ainda n\u00e3o chegou, revela reportagem do Uol.<\/p>\n<p>Passados dez anos, o programa do governo federal Luz para Todos ainda est\u00e1 no papel para 257 mil casas &#8211;apesar de a meta do governo para 2009 de levar energia el\u00e9trica para todos os brasileiros. O exemplo disso est\u00e1 no Piau\u00ed. Estima-se que l\u00e1 existam 32 mil domic\u00edlios que vivem sem energia el\u00e9trica, segundo dados da Eletrobras Piau\u00ed.<\/p>\n<p>Por pelo menos 50 anos, moradores mais antigos das comunidades Ro\u00e7a Nova, zona rural do munic\u00edpio de S\u00e3o Francisco de Assis do Piau\u00ed, Abelha Branca e Gado Bravo, zona rural do munic\u00edpio de Paulistana, e em Jacobina esperam energia el\u00e9trica e se viram para sobreviver.<\/p>\n<p>A dona de casa Cipriana Isabel de Alencar, 77, diz que chegou a Ro\u00e7a Nova quando era jovem e perdeu as contas de quantas promessas sobre a chegada da energia el\u00e9trica escutou durante os 50 anos que mora na mesma casa.<\/p>\n<p>Apesar das promessas descumpridas, existe um contador de energia na parede frente da casa dela.<\/p>\n<p>A exclus\u00e3o social das pessoas que vivem sem energia el\u00e9trica \u00e9 tamanha que Cipriana sequer ouviu falar em Silvio Santos ou em Willian Bonner. &#8220;N\u00e3o sei quem \u00e9. Novela? Eu n\u00e3o assisto televis\u00e3o&#8221;, disse.<\/p>\n<p>\u00c1gua gelada, refrigerante e cerveja s\u00e3o itens que vivem na imagina\u00e7\u00e3o dos exclu\u00eddos da energia el\u00e9trica.<\/p>\n<p>Para diminuir a temperatura da \u00e1gua, eles usam potes de barro no ch\u00e3o. J\u00e1 refrigerantes e sucos de saco &#8220;descem quente&#8221;.\u00a0Cerveja n\u00e3o existe nos bares. O aguardente \u00e9 bebida alco\u00f3lica mais consumida.<\/p>\n<blockquote><p>O comerciante Porc\u00eddio Fausto de Alencar, 44, usa o terra\u00e7o e a sala da casa como bar para tirar o sustento da fam\u00edlia. Na porta da casa dele, existe um adesivo da antiga Cepisa, hoje Eletrobras Piau\u00ed, prometendo energia el\u00e9trica para 18 de junho de 2010. O servi\u00e7o seria executado pela empresa terceirizada Majestosa Engenharia.<\/p><\/blockquote>\n<p>&#8220;Botaram os postes em janeiro de 2014. Prometeram voltar com 30 dias e at\u00e9 hoje nada&#8221;, contou Alencar.<\/p>\n<p>Ele diz que se irrita em pensar que poderia aumentar as vendas caso tivesse energia el\u00e9trica. As \u00fanicas bebidas do bar s\u00e3o cacha\u00e7a e refrigerante \u2013servido em temperatura ambiente.<\/p>\n<p>No povoado Campestre, em S\u00e3o Francisco de Assis do Piau\u00ed, moradores contaram que a empresa Stec, de Petrolina (PE), estava instalando a rede, mas em mar\u00e7o de 2014 os trabalhos pararam. Em fevereiro, o caminh\u00e3o da empresa passou recolhendo materiais que foram deixados na obra e os transformadores instalados nos postes.<\/p>\n<p>&#8220;O pessoal da empresa veio retirar os transformadores dizendo que a empresa n\u00e3o tinha mais dinheiro para concluir a rede. Ter um transformador no poste perto de casa sem energia n\u00e3o tem sentido&#8221;, disse Albertino da Silva Gomes, 31.<\/p>\n<p>A Eletrobras Piau\u00ed informou que at\u00e9 2014 j\u00e1 levou energia el\u00e9trica para 169 mil casas. Segundo a empresa, o n\u00famero ultrapassa a meta no Estado estipulado pelo governo Federal, que era de levar energia el\u00e9trica para 150 mil resid\u00eancias.<\/p>\n<p>A Eletrobras justificou que durante os trabalhos, foram descobertos in\u00fameros im\u00f3veis n\u00e3o estavam catalogados pelo IBGE (Instituto Brasileiro de Geografia e Estat\u00edstica).<\/p>\n<p>A ger\u00eancia do programa Luz para Todos no Piau\u00ed informou que lan\u00e7ou certame licitat\u00f3rio para contrata\u00e7\u00e3o de empresa para realiza\u00e7\u00e3o de obras para os 224 munic\u00edpios do Piau\u00ed para ampliar a rede de distribui\u00e7\u00e3o de energia, incluindo as comunidades Ro\u00e7a Nova, zona rural do munic\u00edpio de S\u00e3o Francisco de Assis do Piau\u00ed, e Abelha Branca, zona rural do munic\u00edpio de Paulistana. Por\u00e9m a empresa n\u00e3o informou a data da retomada das obras.<\/p>\n<p>Sobre o abandono de empresas terceirizadas para as obras de amplia\u00e7\u00e3o da rede que acabaram abandonando o canteiro de obra em S\u00e3o Francisco de Assis do Piau\u00ed, a Eletrobras justificou que a obra foi paralisada devido ao t\u00e9rmino da vig\u00eancia do contrato.<\/p>\n<p>&#8220;Contudo, a obra ser\u00e1 retomada t\u00e3o logo haja a contrata\u00e7\u00e3o da nova empresa vencedora da licita\u00e7\u00e3o para o lote do munic\u00edpio de S\u00e3o Francisco de Assis do Piau\u00ed.&#8221;<\/p>\n","protected":false},"excerpt":{"rendered":"<p>H\u00e1 localidades no Brasil onde os servi\u00e7os b\u00e1sicos nunca chegam. S\u00e3o pequenos vilarejos, em especial no Nordeste, onde, costuma-se dizer, cavalo de pau d\u00e1 coice e lampi\u00e3o a g\u00e1s da choque. E \u00e9 justamente nessas regi\u00f5es nonde a energia el\u00e9trica ainda n\u00e3o chegou, revela reportagem do Uol. Passados dez anos, o programa do governo federal [&hellip;]<\/p>\n","protected":false},"author":2,"featured_media":50275,"comment_status":"open","ping_status":"closed","sticky":false,"template":"","format":"standard","meta":{"_acf_changed":false,"footnotes":""},"categories":[16],"tags":[],"class_list":["post-50274","post","type-post","status-publish","format-standard","has-post-thumbnail","hentry","category-brasil"],"acf":[],"yoast_head":"<!-- This site is optimized with the Yoast SEO plugin v27.2 - https:\/\/yoast.com\/product\/yoast-seo-wordpress\/ -->\n<title>Onde lampi\u00e3o a g\u00e1s d\u00e1 choque, energia el\u00e9trica que \u00e9 bom, n\u00e3o chegou - Notibras<\/title>\n<meta name=\"robots\" content=\"index, follow, max-snippet:-1, max-image-preview:large, max-video-preview:-1\" \/>\n<link rel=\"canonical\" href=\"https:\/\/www.notibras.com\/site\/onde-lampiao-a-gas-da-choque-energia-que-e-bom-ainda-nao-chegou\/\" \/>\n<meta property=\"og:locale\" content=\"pt_BR\" \/>\n<meta property=\"og:type\" content=\"article\" \/>\n<meta property=\"og:title\" content=\"Onde lampi\u00e3o a g\u00e1s d\u00e1 choque, energia el\u00e9trica que \u00e9 bom, n\u00e3o chegou - Notibras\" \/>\n<meta property=\"og:description\" content=\"H\u00e1 localidades no Brasil onde os servi\u00e7os b\u00e1sicos nunca chegam. S\u00e3o pequenos vilarejos, em especial no Nordeste, onde, costuma-se dizer, cavalo de pau d\u00e1 coice e lampi\u00e3o a g\u00e1s da choque. E \u00e9 justamente nessas regi\u00f5es nonde a energia el\u00e9trica ainda n\u00e3o chegou, revela reportagem do Uol. Passados dez anos, o programa do governo federal [&hellip;]\" \/>\n<meta property=\"og:url\" content=\"https:\/\/www.notibras.com\/site\/onde-lampiao-a-gas-da-choque-energia-que-e-bom-ainda-nao-chegou\/\" \/>\n<meta property=\"og:site_name\" content=\"Notibras\" \/>\n<meta property=\"article:publisher\" content=\"https:\/\/www.facebook.com\/notibras\/\" \/>\n<meta property=\"article:published_time\" content=\"2015-05-25T11:25:05+00:00\" \/>\n<meta property=\"article:modified_time\" content=\"2015-05-25T16:07:24+00:00\" \/>\n<meta property=\"og:image\" content=\"https:\/\/www.notibras.com\/site\/wp-content\/uploads\/2015\/05\/taipa1.jpg\" \/>\n\t<meta property=\"og:image:width\" content=\"400\" \/>\n\t<meta property=\"og:image:height\" content=\"300\" \/>\n\t<meta property=\"og:image:type\" content=\"image\/jpeg\" \/>\n<meta name=\"author\" content=\"Reda\u00e7\u00e3o\" \/>\n<meta name=\"twitter:card\" content=\"summary_large_image\" \/>\n<meta name=\"twitter:creator\" content=\"@Notibras\" \/>\n<meta name=\"twitter:site\" content=\"@Notibras\" \/>\n<meta name=\"twitter:label1\" content=\"Escrito por\" \/>\n\t<meta name=\"twitter:data1\" content=\"Reda\u00e7\u00e3o\" \/>\n\t<meta name=\"twitter:label2\" content=\"Est. tempo de leitura\" \/>\n\t<meta name=\"twitter:data2\" content=\"4 minutos\" \/>\n<script type=\"application\/ld+json\" class=\"yoast-schema-graph\">{\"@context\":\"https:\/\/schema.org\",\"@graph\":[{\"@type\":\"Article\",\"@id\":\"https:\/\/www.notibras.com\/site\/onde-lampiao-a-gas-da-choque-energia-que-e-bom-ainda-nao-chegou\/#article\",\"isPartOf\":{\"@id\":\"https:\/\/www.notibras.com\/site\/onde-lampiao-a-gas-da-choque-energia-que-e-bom-ainda-nao-chegou\/\"},\"author\":{\"name\":\"Reda\u00e7\u00e3o\",\"@id\":\"https:\/\/www.notibras.com\/site\/#\/schema\/person\/36ab0979449956132d3e5b517ea76ac8\"},\"headline\":\"Onde lampi\u00e3o a g\u00e1s d\u00e1 choque, energia el\u00e9trica que \u00e9 bom, n\u00e3o chegou\",\"datePublished\":\"2015-05-25T11:25:05+00:00\",\"dateModified\":\"2015-05-25T16:07:24+00:00\",\"mainEntityOfPage\":{\"@id\":\"https:\/\/www.notibras.com\/site\/onde-lampiao-a-gas-da-choque-energia-que-e-bom-ainda-nao-chegou\/\"},\"wordCount\":752,\"commentCount\":0,\"publisher\":{\"@id\":\"https:\/\/www.notibras.com\/site\/#organization\"},\"image\":{\"@id\":\"https:\/\/www.notibras.com\/site\/onde-lampiao-a-gas-da-choque-energia-que-e-bom-ainda-nao-chegou\/#primaryimage\"},\"thumbnailUrl\":\"https:\/\/www.notibras.com\/site\/wp-content\/uploads\/2015\/05\/taipa1.jpg\",\"articleSection\":[\"Brasil\"],\"inLanguage\":\"pt-BR\",\"potentialAction\":[{\"@type\":\"CommentAction\",\"name\":\"Comment\",\"target\":[\"https:\/\/www.notibras.com\/site\/onde-lampiao-a-gas-da-choque-energia-que-e-bom-ainda-nao-chegou\/#respond\"]}]},{\"@type\":\"WebPage\",\"@id\":\"https:\/\/www.notibras.com\/site\/onde-lampiao-a-gas-da-choque-energia-que-e-bom-ainda-nao-chegou\/\",\"url\":\"https:\/\/www.notibras.com\/site\/onde-lampiao-a-gas-da-choque-energia-que-e-bom-ainda-nao-chegou\/\",\"name\":\"Onde lampi\u00e3o a g\u00e1s d\u00e1 choque, energia el\u00e9trica que \u00e9 bom, n\u00e3o chegou - Notibras\",\"isPartOf\":{\"@id\":\"https:\/\/www.notibras.com\/site\/#website\"},\"primaryImageOfPage\":{\"@id\":\"https:\/\/www.notibras.com\/site\/onde-lampiao-a-gas-da-choque-energia-que-e-bom-ainda-nao-chegou\/#primaryimage\"},\"image\":{\"@id\":\"https:\/\/www.notibras.com\/site\/onde-lampiao-a-gas-da-choque-energia-que-e-bom-ainda-nao-chegou\/#primaryimage\"},\"thumbnailUrl\":\"https:\/\/www.notibras.com\/site\/wp-content\/uploads\/2015\/05\/taipa1.jpg\",\"datePublished\":\"2015-05-25T11:25:05+00:00\",\"dateModified\":\"2015-05-25T16:07:24+00:00\",\"breadcrumb\":{\"@id\":\"https:\/\/www.notibras.com\/site\/onde-lampiao-a-gas-da-choque-energia-que-e-bom-ainda-nao-chegou\/#breadcrumb\"},\"inLanguage\":\"pt-BR\",\"potentialAction\":[{\"@type\":\"ReadAction\",\"target\":[\"https:\/\/www.notibras.com\/site\/onde-lampiao-a-gas-da-choque-energia-que-e-bom-ainda-nao-chegou\/\"]}]},{\"@type\":\"ImageObject\",\"inLanguage\":\"pt-BR\",\"@id\":\"https:\/\/www.notibras.com\/site\/onde-lampiao-a-gas-da-choque-energia-que-e-bom-ainda-nao-chegou\/#primaryimage\",\"url\":\"https:\/\/www.notibras.com\/site\/wp-content\/uploads\/2015\/05\/taipa1.jpg\",\"contentUrl\":\"https:\/\/www.notibras.com\/site\/wp-content\/uploads\/2015\/05\/taipa1.jpg\",\"width\":400,\"height\":300},{\"@type\":\"BreadcrumbList\",\"@id\":\"https:\/\/www.notibras.com\/site\/onde-lampiao-a-gas-da-choque-energia-que-e-bom-ainda-nao-chegou\/#breadcrumb\",\"itemListElement\":[{\"@type\":\"ListItem\",\"position\":1,\"name\":\"In\u00edcio\",\"item\":\"https:\/\/www.notibras.com\/site\/\"},{\"@type\":\"ListItem\",\"position\":2,\"name\":\"Onde lampi\u00e3o a g\u00e1s d\u00e1 choque, energia el\u00e9trica que \u00e9 bom, n\u00e3o chegou\"}]},{\"@type\":\"WebSite\",\"@id\":\"https:\/\/www.notibras.com\/site\/#website\",\"url\":\"https:\/\/www.notibras.com\/site\/\",\"name\":\"Notibras\",\"description\":\"Not\u00edcias de Bras\u00edlia, do Brasil e do Mundo\",\"publisher\":{\"@id\":\"https:\/\/www.notibras.com\/site\/#organization\"},\"potentialAction\":[{\"@type\":\"SearchAction\",\"target\":{\"@type\":\"EntryPoint\",\"urlTemplate\":\"https:\/\/www.notibras.com\/site\/?s={search_term_string}\"},\"query-input\":{\"@type\":\"PropertyValueSpecification\",\"valueRequired\":true,\"valueName\":\"search_term_string\"}}],\"inLanguage\":\"pt-BR\"},{\"@type\":\"Organization\",\"@id\":\"https:\/\/www.notibras.com\/site\/#organization\",\"name\":\"Grupo Notibras de Comunica\u00e7\u00e3o\",\"url\":\"https:\/\/www.notibras.com\/site\/\",\"logo\":{\"@type\":\"ImageObject\",\"inLanguage\":\"pt-BR\",\"@id\":\"https:\/\/www.notibras.com\/site\/#\/schema\/logo\/image\/\",\"url\":\"https:\/\/www.notibras.com\/site\/wp-content\/uploads\/2023\/01\/notibras23.png\",\"contentUrl\":\"https:\/\/www.notibras.com\/site\/wp-content\/uploads\/2023\/01\/notibras23.png\",\"width\":350,\"height\":87,\"caption\":\"Grupo Notibras de Comunica\u00e7\u00e3o\"},\"image\":{\"@id\":\"https:\/\/www.notibras.com\/site\/#\/schema\/logo\/image\/\"},\"sameAs\":[\"https:\/\/www.facebook.com\/notibras\/\",\"https:\/\/x.com\/Notibras\",\"https:\/\/www.instagram.com\/notibras\/\"]},{\"@type\":\"Person\",\"@id\":\"https:\/\/www.notibras.com\/site\/#\/schema\/person\/36ab0979449956132d3e5b517ea76ac8\",\"name\":\"Reda\u00e7\u00e3o\",\"image\":{\"@type\":\"ImageObject\",\"inLanguage\":\"pt-BR\",\"@id\":\"https:\/\/secure.gravatar.com\/avatar\/e0a867bdedb85fd243eadf09663511f96fc81e0720a4a42581f334ad4303aa6b?s=96&d=mm&r=g\",\"url\":\"https:\/\/secure.gravatar.com\/avatar\/e0a867bdedb85fd243eadf09663511f96fc81e0720a4a42581f334ad4303aa6b?s=96&d=mm&r=g\",\"contentUrl\":\"https:\/\/secure.gravatar.com\/avatar\/e0a867bdedb85fd243eadf09663511f96fc81e0720a4a42581f334ad4303aa6b?s=96&d=mm&r=g\",\"caption\":\"Reda\u00e7\u00e3o\"}}]}<\/script>\n<!-- \/ Yoast SEO plugin. -->","yoast_head_json":{"title":"Onde lampi\u00e3o a g\u00e1s d\u00e1 choque, energia el\u00e9trica que \u00e9 bom, n\u00e3o chegou - Notibras","robots":{"index":"index","follow":"follow","max-snippet":"max-snippet:-1","max-image-preview":"max-image-preview:large","max-video-preview":"max-video-preview:-1"},"canonical":"https:\/\/www.notibras.com\/site\/onde-lampiao-a-gas-da-choque-energia-que-e-bom-ainda-nao-chegou\/","og_locale":"pt_BR","og_type":"article","og_title":"Onde lampi\u00e3o a g\u00e1s d\u00e1 choque, energia el\u00e9trica que \u00e9 bom, n\u00e3o chegou - Notibras","og_description":"H\u00e1 localidades no Brasil onde os servi\u00e7os b\u00e1sicos nunca chegam. S\u00e3o pequenos vilarejos, em especial no Nordeste, onde, costuma-se dizer, cavalo de pau d\u00e1 coice e lampi\u00e3o a g\u00e1s da choque. E \u00e9 justamente nessas regi\u00f5es nonde a energia el\u00e9trica ainda n\u00e3o chegou, revela reportagem do Uol. Passados dez anos, o programa do governo federal [&hellip;]","og_url":"https:\/\/www.notibras.com\/site\/onde-lampiao-a-gas-da-choque-energia-que-e-bom-ainda-nao-chegou\/","og_site_name":"Notibras","article_publisher":"https:\/\/www.facebook.com\/notibras\/","article_published_time":"2015-05-25T11:25:05+00:00","article_modified_time":"2015-05-25T16:07:24+00:00","og_image":[{"width":400,"height":300,"url":"https:\/\/www.notibras.com\/site\/wp-content\/uploads\/2015\/05\/taipa1.jpg","type":"image\/jpeg"}],"author":"Reda\u00e7\u00e3o","twitter_card":"summary_large_image","twitter_creator":"@Notibras","twitter_site":"@Notibras","twitter_misc":{"Escrito por":"Reda\u00e7\u00e3o","Est. tempo de leitura":"4 minutos"},"schema":{"@context":"https:\/\/schema.org","@graph":[{"@type":"Article","@id":"https:\/\/www.notibras.com\/site\/onde-lampiao-a-gas-da-choque-energia-que-e-bom-ainda-nao-chegou\/#article","isPartOf":{"@id":"https:\/\/www.notibras.com\/site\/onde-lampiao-a-gas-da-choque-energia-que-e-bom-ainda-nao-chegou\/"},"author":{"name":"Reda\u00e7\u00e3o","@id":"https:\/\/www.notibras.com\/site\/#\/schema\/person\/36ab0979449956132d3e5b517ea76ac8"},"headline":"Onde lampi\u00e3o a g\u00e1s d\u00e1 choque, energia el\u00e9trica que \u00e9 bom, n\u00e3o chegou","datePublished":"2015-05-25T11:25:05+00:00","dateModified":"2015-05-25T16:07:24+00:00","mainEntityOfPage":{"@id":"https:\/\/www.notibras.com\/site\/onde-lampiao-a-gas-da-choque-energia-que-e-bom-ainda-nao-chegou\/"},"wordCount":752,"commentCount":0,"publisher":{"@id":"https:\/\/www.notibras.com\/site\/#organization"},"image":{"@id":"https:\/\/www.notibras.com\/site\/onde-lampiao-a-gas-da-choque-energia-que-e-bom-ainda-nao-chegou\/#primaryimage"},"thumbnailUrl":"https:\/\/www.notibras.com\/site\/wp-content\/uploads\/2015\/05\/taipa1.jpg","articleSection":["Brasil"],"inLanguage":"pt-BR","potentialAction":[{"@type":"CommentAction","name":"Comment","target":["https:\/\/www.notibras.com\/site\/onde-lampiao-a-gas-da-choque-energia-que-e-bom-ainda-nao-chegou\/#respond"]}]},{"@type":"WebPage","@id":"https:\/\/www.notibras.com\/site\/onde-lampiao-a-gas-da-choque-energia-que-e-bom-ainda-nao-chegou\/","url":"https:\/\/www.notibras.com\/site\/onde-lampiao-a-gas-da-choque-energia-que-e-bom-ainda-nao-chegou\/","name":"Onde lampi\u00e3o a g\u00e1s d\u00e1 choque, energia el\u00e9trica que \u00e9 bom, n\u00e3o chegou - Notibras","isPartOf":{"@id":"https:\/\/www.notibras.com\/site\/#website"},"primaryImageOfPage":{"@id":"https:\/\/www.notibras.com\/site\/onde-lampiao-a-gas-da-choque-energia-que-e-bom-ainda-nao-chegou\/#primaryimage"},"image":{"@id":"https:\/\/www.notibras.com\/site\/onde-lampiao-a-gas-da-choque-energia-que-e-bom-ainda-nao-chegou\/#primaryimage"},"thumbnailUrl":"https:\/\/www.notibras.com\/site\/wp-content\/uploads\/2015\/05\/taipa1.jpg","datePublished":"2015-05-25T11:25:05+00:00","dateModified":"2015-05-25T16:07:24+00:00","breadcrumb":{"@id":"https:\/\/www.notibras.com\/site\/onde-lampiao-a-gas-da-choque-energia-que-e-bom-ainda-nao-chegou\/#breadcrumb"},"inLanguage":"pt-BR","potentialAction":[{"@type":"ReadAction","target":["https:\/\/www.notibras.com\/site\/onde-lampiao-a-gas-da-choque-energia-que-e-bom-ainda-nao-chegou\/"]}]},{"@type":"ImageObject","inLanguage":"pt-BR","@id":"https:\/\/www.notibras.com\/site\/onde-lampiao-a-gas-da-choque-energia-que-e-bom-ainda-nao-chegou\/#primaryimage","url":"https:\/\/www.notibras.com\/site\/wp-content\/uploads\/2015\/05\/taipa1.jpg","contentUrl":"https:\/\/www.notibras.com\/site\/wp-content\/uploads\/2015\/05\/taipa1.jpg","width":400,"height":300},{"@type":"BreadcrumbList","@id":"https:\/\/www.notibras.com\/site\/onde-lampiao-a-gas-da-choque-energia-que-e-bom-ainda-nao-chegou\/#breadcrumb","itemListElement":[{"@type":"ListItem","position":1,"name":"In\u00edcio","item":"https:\/\/www.notibras.com\/site\/"},{"@type":"ListItem","position":2,"name":"Onde lampi\u00e3o a g\u00e1s d\u00e1 choque, energia el\u00e9trica que \u00e9 bom, n\u00e3o chegou"}]},{"@type":"WebSite","@id":"https:\/\/www.notibras.com\/site\/#website","url":"https:\/\/www.notibras.com\/site\/","name":"Notibras","description":"Not\u00edcias de Bras\u00edlia, do Brasil e do Mundo","publisher":{"@id":"https:\/\/www.notibras.com\/site\/#organization"},"potentialAction":[{"@type":"SearchAction","target":{"@type":"EntryPoint","urlTemplate":"https:\/\/www.notibras.com\/site\/?s={search_term_string}"},"query-input":{"@type":"PropertyValueSpecification","valueRequired":true,"valueName":"search_term_string"}}],"inLanguage":"pt-BR"},{"@type":"Organization","@id":"https:\/\/www.notibras.com\/site\/#organization","name":"Grupo Notibras de Comunica\u00e7\u00e3o","url":"https:\/\/www.notibras.com\/site\/","logo":{"@type":"ImageObject","inLanguage":"pt-BR","@id":"https:\/\/www.notibras.com\/site\/#\/schema\/logo\/image\/","url":"https:\/\/www.notibras.com\/site\/wp-content\/uploads\/2023\/01\/notibras23.png","contentUrl":"https:\/\/www.notibras.com\/site\/wp-content\/uploads\/2023\/01\/notibras23.png","width":350,"height":87,"caption":"Grupo Notibras de Comunica\u00e7\u00e3o"},"image":{"@id":"https:\/\/www.notibras.com\/site\/#\/schema\/logo\/image\/"},"sameAs":["https:\/\/www.facebook.com\/notibras\/","https:\/\/x.com\/Notibras","https:\/\/www.instagram.com\/notibras\/"]},{"@type":"Person","@id":"https:\/\/www.notibras.com\/site\/#\/schema\/person\/36ab0979449956132d3e5b517ea76ac8","name":"Reda\u00e7\u00e3o","image":{"@type":"ImageObject","inLanguage":"pt-BR","@id":"https:\/\/secure.gravatar.com\/avatar\/e0a867bdedb85fd243eadf09663511f96fc81e0720a4a42581f334ad4303aa6b?s=96&d=mm&r=g","url":"https:\/\/secure.gravatar.com\/avatar\/e0a867bdedb85fd243eadf09663511f96fc81e0720a4a42581f334ad4303aa6b?s=96&d=mm&r=g","contentUrl":"https:\/\/secure.gravatar.com\/avatar\/e0a867bdedb85fd243eadf09663511f96fc81e0720a4a42581f334ad4303aa6b?s=96&d=mm&r=g","caption":"Reda\u00e7\u00e3o"}}]}},"amp_enabled":true,"_links":{"self":[{"href":"https:\/\/www.notibras.com\/site\/wp-json\/wp\/v2\/posts\/50274","targetHints":{"allow":["GET"]}}],"collection":[{"href":"https:\/\/www.notibras.com\/site\/wp-json\/wp\/v2\/posts"}],"about":[{"href":"https:\/\/www.notibras.com\/site\/wp-json\/wp\/v2\/types\/post"}],"author":[{"embeddable":true,"href":"https:\/\/www.notibras.com\/site\/wp-json\/wp\/v2\/users\/2"}],"replies":[{"embeddable":true,"href":"https:\/\/www.notibras.com\/site\/wp-json\/wp\/v2\/comments?post=50274"}],"version-history":[{"count":0,"href":"https:\/\/www.notibras.com\/site\/wp-json\/wp\/v2\/posts\/50274\/revisions"}],"wp:featuredmedia":[{"embeddable":true,"href":"https:\/\/www.notibras.com\/site\/wp-json\/wp\/v2\/media\/50275"}],"wp:attachment":[{"href":"https:\/\/www.notibras.com\/site\/wp-json\/wp\/v2\/media?parent=50274"}],"wp:term":[{"taxonomy":"category","embeddable":true,"href":"https:\/\/www.notibras.com\/site\/wp-json\/wp\/v2\/categories?post=50274"},{"taxonomy":"post_tag","embeddable":true,"href":"https:\/\/www.notibras.com\/site\/wp-json\/wp\/v2\/tags?post=50274"}],"curies":[{"name":"wp","href":"https:\/\/api.w.org\/{rel}","templated":true}]}}