{"id":5032,"date":"2014-03-23T18:27:17","date_gmt":"2014-03-23T21:27:17","guid":{"rendered":"http:\/\/www.notibras.com\/site\/?p=5032"},"modified":"2014-03-23T19:04:39","modified_gmt":"2014-03-23T22:04:39","slug":"no-duelo-dos-lideres-santos-leva-a-melhor-sobre-palmeiras-na-vila-belmiro","status":"publish","type":"post","link":"https:\/\/www.notibras.com\/site\/no-duelo-dos-lideres-santos-leva-a-melhor-sobre-palmeiras-na-vila-belmiro\/","title":{"rendered":"No duelo dos l\u00edderes, Santos leva a melhor sobre Palmeiras na Vila"},"content":{"rendered":"<p>No duelo das duas melhores campanhas do Campeonato Paulista, melhor para o Santos. Jogando em casa, na Vila Belmiro, o time alvinegro venceu o Palmeiras por 2 a 1\u00a0neste domingo e encerrou a primeira fase da competi\u00e7\u00e3o com a pontua\u00e7\u00e3o mais alta\u00a0&#8211; a vantagem de decidir sempre em casa no mata-mata, por\u00e9m, ainda pode ser reconquistada pela equipe alviverde\u00a0dependendo dos resultados das quartas de final em diante.<\/p>\n<p>Os gols santistas foram marcados por Neto e Thiago Ribeiro ainda no primeiro tempo, enquanto Alan Kardec descontou na segunda etapa. O resultado levou a equipe de Oswaldo de Oliveira aos 36\u00a0pontos, um a mais que o Palmeiras, que parou nos 35. O Santos pega nas quartas de final a Ponte Preta, enquanto os palmeirenses encaram o Bragantino.<\/p>\n<p>Depois de um in\u00edcio de jogo truncado, o Santos abriu o placar aos 24min. Geuv\u00e2nio bateu o escanteio pela esquerda e Neto subiu mais alto que Marcelo Oliveira para cabecear firme para as redes. O palmeirense ficou pedindo falta no lance, mas o \u00e1rbitro Luiz Fl\u00e1vio de Oliveira validou o gol.<\/p>\n<p>Pouco depois, aos 35min, veio o segundo golpe. O Palmeiras tinha a bola no ataque, mas perdeu a jogada e sofreu um contra-ataque rel\u00e2mpago: Geuv\u00e2nio lan\u00e7ou Thiago Ribeiro, que ganhou na velocidade da defesa alviverde e bateu rasteiro no canto, sem chances de defesa para Fernando Prass.<\/p>\n<p>J\u00e1 no fim do segundo tempo, Juninho recebeu de Valdivia pela esquerda e cruzou na medida para Alan Kardec, que subiu muito alto para cabecear para o fundo do gol. Entretanto, n\u00e3o deu tempo para o Palmeiras buscar o empate.<\/p>\n","protected":false},"excerpt":{"rendered":"<p>No duelo das duas melhores campanhas do Campeonato Paulista, melhor para o Santos. Jogando em casa, na Vila Belmiro, o time alvinegro venceu o Palmeiras por 2 a 1\u00a0neste domingo e encerrou a primeira fase da competi\u00e7\u00e3o com a pontua\u00e7\u00e3o mais alta\u00a0&#8211; a vantagem de decidir sempre em casa no mata-mata, por\u00e9m, ainda pode ser [&hellip;]<\/p>\n","protected":false},"author":2,"featured_media":5033,"comment_status":"open","ping_status":"closed","sticky":false,"template":"","format":"standard","meta":{"_acf_changed":false,"footnotes":""},"categories":[19],"tags":[],"class_list":["post-5032","post","type-post","status-publish","format-standard","has-post-thumbnail","hentry","category-esportes"],"acf":[],"yoast_head":"<!-- This site is optimized with the Yoast SEO plugin v27.2 - https:\/\/yoast.com\/product\/yoast-seo-wordpress\/ -->\n<title>No duelo dos l\u00edderes, Santos leva a melhor sobre Palmeiras na Vila - Notibras<\/title>\n<meta name=\"robots\" content=\"index, follow, max-snippet:-1, max-image-preview:large, max-video-preview:-1\" \/>\n<link rel=\"canonical\" href=\"https:\/\/www.notibras.com\/site\/no-duelo-dos-lideres-santos-leva-a-melhor-sobre-palmeiras-na-vila-belmiro\/\" \/>\n<meta property=\"og:locale\" content=\"pt_BR\" \/>\n<meta property=\"og:type\" content=\"article\" \/>\n<meta property=\"og:title\" content=\"No duelo dos l\u00edderes, Santos leva a melhor sobre Palmeiras na Vila - Notibras\" \/>\n<meta property=\"og:description\" content=\"No duelo das duas melhores campanhas do Campeonato Paulista, melhor para o Santos. Jogando em casa, na Vila Belmiro, o time alvinegro venceu o Palmeiras por 2 a 1\u00a0neste domingo e encerrou a primeira fase da competi\u00e7\u00e3o com a pontua\u00e7\u00e3o mais alta\u00a0&#8211; a vantagem de decidir sempre em casa no mata-mata, por\u00e9m, ainda pode ser [&hellip;]\" \/>\n<meta property=\"og:url\" content=\"https:\/\/www.notibras.com\/site\/no-duelo-dos-lideres-santos-leva-a-melhor-sobre-palmeiras-na-vila-belmiro\/\" \/>\n<meta property=\"og:site_name\" content=\"Notibras\" \/>\n<meta property=\"article:publisher\" content=\"https:\/\/www.facebook.com\/notibras\/\" \/>\n<meta property=\"article:published_time\" content=\"2014-03-23T21:27:17+00:00\" \/>\n<meta property=\"article:modified_time\" content=\"2014-03-23T22:04:39+00:00\" \/>\n<meta property=\"og:image\" content=\"https:\/\/www.notibras.com\/site\/wp-content\/uploads\/2014\/03\/jpg1\" \/>\n\t<meta property=\"og:image:width\" content=\"619\" \/>\n\t<meta property=\"og:image:height\" content=\"464\" \/>\n\t<meta property=\"og:image:type\" content=\"image\/jpeg\" \/>\n<meta name=\"author\" content=\"Reda\u00e7\u00e3o\" \/>\n<meta name=\"twitter:card\" content=\"summary_large_image\" \/>\n<meta name=\"twitter:creator\" content=\"@Notibras\" \/>\n<meta name=\"twitter:site\" content=\"@Notibras\" \/>\n<meta name=\"twitter:label1\" content=\"Escrito por\" \/>\n\t<meta name=\"twitter:data1\" content=\"Reda\u00e7\u00e3o\" \/>\n\t<meta name=\"twitter:label2\" content=\"Est. tempo de leitura\" \/>\n\t<meta name=\"twitter:data2\" content=\"1 minuto\" \/>\n<script type=\"application\/ld+json\" class=\"yoast-schema-graph\">{\"@context\":\"https:\/\/schema.org\",\"@graph\":[{\"@type\":\"Article\",\"@id\":\"https:\/\/www.notibras.com\/site\/no-duelo-dos-lideres-santos-leva-a-melhor-sobre-palmeiras-na-vila-belmiro\/#article\",\"isPartOf\":{\"@id\":\"https:\/\/www.notibras.com\/site\/no-duelo-dos-lideres-santos-leva-a-melhor-sobre-palmeiras-na-vila-belmiro\/\"},\"author\":{\"name\":\"Reda\u00e7\u00e3o\",\"@id\":\"https:\/\/www.notibras.com\/site\/#\/schema\/person\/36ab0979449956132d3e5b517ea76ac8\"},\"headline\":\"No duelo dos l\u00edderes, Santos leva a melhor sobre Palmeiras na Vila\",\"datePublished\":\"2014-03-23T21:27:17+00:00\",\"dateModified\":\"2014-03-23T22:04:39+00:00\",\"mainEntityOfPage\":{\"@id\":\"https:\/\/www.notibras.com\/site\/no-duelo-dos-lideres-santos-leva-a-melhor-sobre-palmeiras-na-vila-belmiro\/\"},\"wordCount\":286,\"commentCount\":0,\"publisher\":{\"@id\":\"https:\/\/www.notibras.com\/site\/#organization\"},\"image\":{\"@id\":\"https:\/\/www.notibras.com\/site\/no-duelo-dos-lideres-santos-leva-a-melhor-sobre-palmeiras-na-vila-belmiro\/#primaryimage\"},\"thumbnailUrl\":\"https:\/\/www.notibras.com\/site\/wp-content\/uploads\/2014\/03\/jpg1\",\"articleSection\":[\"Esportes\"],\"inLanguage\":\"pt-BR\",\"potentialAction\":[{\"@type\":\"CommentAction\",\"name\":\"Comment\",\"target\":[\"https:\/\/www.notibras.com\/site\/no-duelo-dos-lideres-santos-leva-a-melhor-sobre-palmeiras-na-vila-belmiro\/#respond\"]}]},{\"@type\":\"WebPage\",\"@id\":\"https:\/\/www.notibras.com\/site\/no-duelo-dos-lideres-santos-leva-a-melhor-sobre-palmeiras-na-vila-belmiro\/\",\"url\":\"https:\/\/www.notibras.com\/site\/no-duelo-dos-lideres-santos-leva-a-melhor-sobre-palmeiras-na-vila-belmiro\/\",\"name\":\"No duelo dos l\u00edderes, Santos leva a melhor sobre Palmeiras na Vila - Notibras\",\"isPartOf\":{\"@id\":\"https:\/\/www.notibras.com\/site\/#website\"},\"primaryImageOfPage\":{\"@id\":\"https:\/\/www.notibras.com\/site\/no-duelo-dos-lideres-santos-leva-a-melhor-sobre-palmeiras-na-vila-belmiro\/#primaryimage\"},\"image\":{\"@id\":\"https:\/\/www.notibras.com\/site\/no-duelo-dos-lideres-santos-leva-a-melhor-sobre-palmeiras-na-vila-belmiro\/#primaryimage\"},\"thumbnailUrl\":\"https:\/\/www.notibras.com\/site\/wp-content\/uploads\/2014\/03\/jpg1\",\"datePublished\":\"2014-03-23T21:27:17+00:00\",\"dateModified\":\"2014-03-23T22:04:39+00:00\",\"breadcrumb\":{\"@id\":\"https:\/\/www.notibras.com\/site\/no-duelo-dos-lideres-santos-leva-a-melhor-sobre-palmeiras-na-vila-belmiro\/#breadcrumb\"},\"inLanguage\":\"pt-BR\",\"potentialAction\":[{\"@type\":\"ReadAction\",\"target\":[\"https:\/\/www.notibras.com\/site\/no-duelo-dos-lideres-santos-leva-a-melhor-sobre-palmeiras-na-vila-belmiro\/\"]}]},{\"@type\":\"ImageObject\",\"inLanguage\":\"pt-BR\",\"@id\":\"https:\/\/www.notibras.com\/site\/no-duelo-dos-lideres-santos-leva-a-melhor-sobre-palmeiras-na-vila-belmiro\/#primaryimage\",\"url\":\"https:\/\/www.notibras.com\/site\/wp-content\/uploads\/2014\/03\/jpg1\",\"contentUrl\":\"https:\/\/www.notibras.com\/site\/wp-content\/uploads\/2014\/03\/jpg1\",\"width\":619,\"height\":464},{\"@type\":\"BreadcrumbList\",\"@id\":\"https:\/\/www.notibras.com\/site\/no-duelo-dos-lideres-santos-leva-a-melhor-sobre-palmeiras-na-vila-belmiro\/#breadcrumb\",\"itemListElement\":[{\"@type\":\"ListItem\",\"position\":1,\"name\":\"In\u00edcio\",\"item\":\"https:\/\/www.notibras.com\/site\/\"},{\"@type\":\"ListItem\",\"position\":2,\"name\":\"No duelo dos l\u00edderes, Santos leva a melhor sobre Palmeiras na Vila\"}]},{\"@type\":\"WebSite\",\"@id\":\"https:\/\/www.notibras.com\/site\/#website\",\"url\":\"https:\/\/www.notibras.com\/site\/\",\"name\":\"Notibras\",\"description\":\"Not\u00edcias de Bras\u00edlia, do Brasil e do Mundo\",\"publisher\":{\"@id\":\"https:\/\/www.notibras.com\/site\/#organization\"},\"potentialAction\":[{\"@type\":\"SearchAction\",\"target\":{\"@type\":\"EntryPoint\",\"urlTemplate\":\"https:\/\/www.notibras.com\/site\/?s={search_term_string}\"},\"query-input\":{\"@type\":\"PropertyValueSpecification\",\"valueRequired\":true,\"valueName\":\"search_term_string\"}}],\"inLanguage\":\"pt-BR\"},{\"@type\":\"Organization\",\"@id\":\"https:\/\/www.notibras.com\/site\/#organization\",\"name\":\"Grupo Notibras de Comunica\u00e7\u00e3o\",\"url\":\"https:\/\/www.notibras.com\/site\/\",\"logo\":{\"@type\":\"ImageObject\",\"inLanguage\":\"pt-BR\",\"@id\":\"https:\/\/www.notibras.com\/site\/#\/schema\/logo\/image\/\",\"url\":\"https:\/\/www.notibras.com\/site\/wp-content\/uploads\/2023\/01\/notibras23.png\",\"contentUrl\":\"https:\/\/www.notibras.com\/site\/wp-content\/uploads\/2023\/01\/notibras23.png\",\"width\":350,\"height\":87,\"caption\":\"Grupo Notibras de Comunica\u00e7\u00e3o\"},\"image\":{\"@id\":\"https:\/\/www.notibras.com\/site\/#\/schema\/logo\/image\/\"},\"sameAs\":[\"https:\/\/www.facebook.com\/notibras\/\",\"https:\/\/x.com\/Notibras\",\"https:\/\/www.instagram.com\/notibras\/\"]},{\"@type\":\"Person\",\"@id\":\"https:\/\/www.notibras.com\/site\/#\/schema\/person\/36ab0979449956132d3e5b517ea76ac8\",\"name\":\"Reda\u00e7\u00e3o\",\"image\":{\"@type\":\"ImageObject\",\"inLanguage\":\"pt-BR\",\"@id\":\"https:\/\/secure.gravatar.com\/avatar\/e0a867bdedb85fd243eadf09663511f96fc81e0720a4a42581f334ad4303aa6b?s=96&d=mm&r=g\",\"url\":\"https:\/\/secure.gravatar.com\/avatar\/e0a867bdedb85fd243eadf09663511f96fc81e0720a4a42581f334ad4303aa6b?s=96&d=mm&r=g\",\"contentUrl\":\"https:\/\/secure.gravatar.com\/avatar\/e0a867bdedb85fd243eadf09663511f96fc81e0720a4a42581f334ad4303aa6b?s=96&d=mm&r=g\",\"caption\":\"Reda\u00e7\u00e3o\"}}]}<\/script>\n<!-- \/ Yoast SEO plugin. -->","yoast_head_json":{"title":"No duelo dos l\u00edderes, Santos leva a melhor sobre Palmeiras na Vila - Notibras","robots":{"index":"index","follow":"follow","max-snippet":"max-snippet:-1","max-image-preview":"max-image-preview:large","max-video-preview":"max-video-preview:-1"},"canonical":"https:\/\/www.notibras.com\/site\/no-duelo-dos-lideres-santos-leva-a-melhor-sobre-palmeiras-na-vila-belmiro\/","og_locale":"pt_BR","og_type":"article","og_title":"No duelo dos l\u00edderes, Santos leva a melhor sobre Palmeiras na Vila - Notibras","og_description":"No duelo das duas melhores campanhas do Campeonato Paulista, melhor para o Santos. Jogando em casa, na Vila Belmiro, o time alvinegro venceu o Palmeiras por 2 a 1\u00a0neste domingo e encerrou a primeira fase da competi\u00e7\u00e3o com a pontua\u00e7\u00e3o mais alta\u00a0&#8211; a vantagem de decidir sempre em casa no mata-mata, por\u00e9m, ainda pode ser [&hellip;]","og_url":"https:\/\/www.notibras.com\/site\/no-duelo-dos-lideres-santos-leva-a-melhor-sobre-palmeiras-na-vila-belmiro\/","og_site_name":"Notibras","article_publisher":"https:\/\/www.facebook.com\/notibras\/","article_published_time":"2014-03-23T21:27:17+00:00","article_modified_time":"2014-03-23T22:04:39+00:00","og_image":[{"width":619,"height":464,"url":"https:\/\/www.notibras.com\/site\/wp-content\/uploads\/2014\/03\/jpg1","type":"image\/jpeg"}],"author":"Reda\u00e7\u00e3o","twitter_card":"summary_large_image","twitter_creator":"@Notibras","twitter_site":"@Notibras","twitter_misc":{"Escrito por":"Reda\u00e7\u00e3o","Est. tempo de leitura":"1 minuto"},"schema":{"@context":"https:\/\/schema.org","@graph":[{"@type":"Article","@id":"https:\/\/www.notibras.com\/site\/no-duelo-dos-lideres-santos-leva-a-melhor-sobre-palmeiras-na-vila-belmiro\/#article","isPartOf":{"@id":"https:\/\/www.notibras.com\/site\/no-duelo-dos-lideres-santos-leva-a-melhor-sobre-palmeiras-na-vila-belmiro\/"},"author":{"name":"Reda\u00e7\u00e3o","@id":"https:\/\/www.notibras.com\/site\/#\/schema\/person\/36ab0979449956132d3e5b517ea76ac8"},"headline":"No duelo dos l\u00edderes, Santos leva a melhor sobre Palmeiras na Vila","datePublished":"2014-03-23T21:27:17+00:00","dateModified":"2014-03-23T22:04:39+00:00","mainEntityOfPage":{"@id":"https:\/\/www.notibras.com\/site\/no-duelo-dos-lideres-santos-leva-a-melhor-sobre-palmeiras-na-vila-belmiro\/"},"wordCount":286,"commentCount":0,"publisher":{"@id":"https:\/\/www.notibras.com\/site\/#organization"},"image":{"@id":"https:\/\/www.notibras.com\/site\/no-duelo-dos-lideres-santos-leva-a-melhor-sobre-palmeiras-na-vila-belmiro\/#primaryimage"},"thumbnailUrl":"https:\/\/www.notibras.com\/site\/wp-content\/uploads\/2014\/03\/jpg1","articleSection":["Esportes"],"inLanguage":"pt-BR","potentialAction":[{"@type":"CommentAction","name":"Comment","target":["https:\/\/www.notibras.com\/site\/no-duelo-dos-lideres-santos-leva-a-melhor-sobre-palmeiras-na-vila-belmiro\/#respond"]}]},{"@type":"WebPage","@id":"https:\/\/www.notibras.com\/site\/no-duelo-dos-lideres-santos-leva-a-melhor-sobre-palmeiras-na-vila-belmiro\/","url":"https:\/\/www.notibras.com\/site\/no-duelo-dos-lideres-santos-leva-a-melhor-sobre-palmeiras-na-vila-belmiro\/","name":"No duelo dos l\u00edderes, Santos leva a melhor sobre Palmeiras na Vila - Notibras","isPartOf":{"@id":"https:\/\/www.notibras.com\/site\/#website"},"primaryImageOfPage":{"@id":"https:\/\/www.notibras.com\/site\/no-duelo-dos-lideres-santos-leva-a-melhor-sobre-palmeiras-na-vila-belmiro\/#primaryimage"},"image":{"@id":"https:\/\/www.notibras.com\/site\/no-duelo-dos-lideres-santos-leva-a-melhor-sobre-palmeiras-na-vila-belmiro\/#primaryimage"},"thumbnailUrl":"https:\/\/www.notibras.com\/site\/wp-content\/uploads\/2014\/03\/jpg1","datePublished":"2014-03-23T21:27:17+00:00","dateModified":"2014-03-23T22:04:39+00:00","breadcrumb":{"@id":"https:\/\/www.notibras.com\/site\/no-duelo-dos-lideres-santos-leva-a-melhor-sobre-palmeiras-na-vila-belmiro\/#breadcrumb"},"inLanguage":"pt-BR","potentialAction":[{"@type":"ReadAction","target":["https:\/\/www.notibras.com\/site\/no-duelo-dos-lideres-santos-leva-a-melhor-sobre-palmeiras-na-vila-belmiro\/"]}]},{"@type":"ImageObject","inLanguage":"pt-BR","@id":"https:\/\/www.notibras.com\/site\/no-duelo-dos-lideres-santos-leva-a-melhor-sobre-palmeiras-na-vila-belmiro\/#primaryimage","url":"https:\/\/www.notibras.com\/site\/wp-content\/uploads\/2014\/03\/jpg1","contentUrl":"https:\/\/www.notibras.com\/site\/wp-content\/uploads\/2014\/03\/jpg1","width":619,"height":464},{"@type":"BreadcrumbList","@id":"https:\/\/www.notibras.com\/site\/no-duelo-dos-lideres-santos-leva-a-melhor-sobre-palmeiras-na-vila-belmiro\/#breadcrumb","itemListElement":[{"@type":"ListItem","position":1,"name":"In\u00edcio","item":"https:\/\/www.notibras.com\/site\/"},{"@type":"ListItem","position":2,"name":"No duelo dos l\u00edderes, Santos leva a melhor sobre Palmeiras na Vila"}]},{"@type":"WebSite","@id":"https:\/\/www.notibras.com\/site\/#website","url":"https:\/\/www.notibras.com\/site\/","name":"Notibras","description":"Not\u00edcias de Bras\u00edlia, do Brasil e do Mundo","publisher":{"@id":"https:\/\/www.notibras.com\/site\/#organization"},"potentialAction":[{"@type":"SearchAction","target":{"@type":"EntryPoint","urlTemplate":"https:\/\/www.notibras.com\/site\/?s={search_term_string}"},"query-input":{"@type":"PropertyValueSpecification","valueRequired":true,"valueName":"search_term_string"}}],"inLanguage":"pt-BR"},{"@type":"Organization","@id":"https:\/\/www.notibras.com\/site\/#organization","name":"Grupo Notibras de Comunica\u00e7\u00e3o","url":"https:\/\/www.notibras.com\/site\/","logo":{"@type":"ImageObject","inLanguage":"pt-BR","@id":"https:\/\/www.notibras.com\/site\/#\/schema\/logo\/image\/","url":"https:\/\/www.notibras.com\/site\/wp-content\/uploads\/2023\/01\/notibras23.png","contentUrl":"https:\/\/www.notibras.com\/site\/wp-content\/uploads\/2023\/01\/notibras23.png","width":350,"height":87,"caption":"Grupo Notibras de Comunica\u00e7\u00e3o"},"image":{"@id":"https:\/\/www.notibras.com\/site\/#\/schema\/logo\/image\/"},"sameAs":["https:\/\/www.facebook.com\/notibras\/","https:\/\/x.com\/Notibras","https:\/\/www.instagram.com\/notibras\/"]},{"@type":"Person","@id":"https:\/\/www.notibras.com\/site\/#\/schema\/person\/36ab0979449956132d3e5b517ea76ac8","name":"Reda\u00e7\u00e3o","image":{"@type":"ImageObject","inLanguage":"pt-BR","@id":"https:\/\/secure.gravatar.com\/avatar\/e0a867bdedb85fd243eadf09663511f96fc81e0720a4a42581f334ad4303aa6b?s=96&d=mm&r=g","url":"https:\/\/secure.gravatar.com\/avatar\/e0a867bdedb85fd243eadf09663511f96fc81e0720a4a42581f334ad4303aa6b?s=96&d=mm&r=g","contentUrl":"https:\/\/secure.gravatar.com\/avatar\/e0a867bdedb85fd243eadf09663511f96fc81e0720a4a42581f334ad4303aa6b?s=96&d=mm&r=g","caption":"Reda\u00e7\u00e3o"}}]}},"amp_enabled":true,"_links":{"self":[{"href":"https:\/\/www.notibras.com\/site\/wp-json\/wp\/v2\/posts\/5032","targetHints":{"allow":["GET"]}}],"collection":[{"href":"https:\/\/www.notibras.com\/site\/wp-json\/wp\/v2\/posts"}],"about":[{"href":"https:\/\/www.notibras.com\/site\/wp-json\/wp\/v2\/types\/post"}],"author":[{"embeddable":true,"href":"https:\/\/www.notibras.com\/site\/wp-json\/wp\/v2\/users\/2"}],"replies":[{"embeddable":true,"href":"https:\/\/www.notibras.com\/site\/wp-json\/wp\/v2\/comments?post=5032"}],"version-history":[{"count":0,"href":"https:\/\/www.notibras.com\/site\/wp-json\/wp\/v2\/posts\/5032\/revisions"}],"wp:featuredmedia":[{"embeddable":true,"href":"https:\/\/www.notibras.com\/site\/wp-json\/wp\/v2\/media\/5033"}],"wp:attachment":[{"href":"https:\/\/www.notibras.com\/site\/wp-json\/wp\/v2\/media?parent=5032"}],"wp:term":[{"taxonomy":"category","embeddable":true,"href":"https:\/\/www.notibras.com\/site\/wp-json\/wp\/v2\/categories?post=5032"},{"taxonomy":"post_tag","embeddable":true,"href":"https:\/\/www.notibras.com\/site\/wp-json\/wp\/v2\/tags?post=5032"}],"curies":[{"name":"wp","href":"https:\/\/api.w.org\/{rel}","templated":true}]}}