{"id":50362,"date":"2015-05-25T14:20:21","date_gmt":"2015-05-25T17:20:21","guid":{"rendered":"http:\/\/www.notibras.com\/site\/?p=50362"},"modified":"2015-05-25T14:20:21","modified_gmt":"2015-05-25T17:20:21","slug":"energia-eletrica-puxa-aumento-da-inflacao-semanal-mostra-fgv","status":"publish","type":"post","link":"https:\/\/www.notibras.com\/site\/energia-eletrica-puxa-aumento-da-inflacao-semanal-mostra-fgv\/","title":{"rendered":"Energia el\u00e9trica puxa aumento da infla\u00e7\u00e3o semanal, mostra FGV"},"content":{"rendered":"<p>O \u00cdndice de Pre\u00e7os ao Consumidor Semanal (IPC-S) atingiu 0,68% na terceira pr\u00e9via de maio. A varia\u00e7\u00e3o foi 0,03 ponto percentual maior do que a registrada na apura\u00e7\u00e3o anterior, quando a taxa havia decrescido de 0,7% para 0,65%.<\/p>\n<p>Cinco dos oito grupos pesquisados apresentaram \u00edndices acima dos da pesquisa anterior, com destaque para habita\u00e7\u00e3o, cuja taxa passou de 0,64% para 0,74%. Assim como nas \u00faltimas pesquisas, a tarifa de energia el\u00e9trica est\u00e1 entre os itens de maior press\u00e3o inflacion\u00e1ria, com eleva\u00e7\u00e3o de 1,93%, acima da taxa anterior de 1,45%.<\/p>\n<p>Os dados s\u00e3o da pesquisa feita pelo Instituto Brasileiro de Economia da Funda\u00e7\u00e3o Getulio Vargas (Ibre-FGV), referente \u00e0 coleta de pre\u00e7os do per\u00edodo de 23 de abril a 22 de maio, comparada \u00e0s varia\u00e7\u00f5es de 23 de mar\u00e7o a 22 de abril.<\/p>\n<p>Em alimenta\u00e7\u00e3o, o \u00edndice subiu de 0,73% para 0,76%. Entre os itens que mais aumentaram nessa classe de despesas est\u00e3o as hortali\u00e7as e os legumes, cujo \u00edndice passou de 5,52% para 7,87%.<\/p>\n<p>No grupo transportes, a taxa passou de 0,07% para 0,12%, puxada pela venda de autom\u00f3veis usados. Na pesquisa anterior, os pre\u00e7os dos carros de passeio ca\u00edram 0,38%. Nesta mais recente, n\u00e3o houve varia\u00e7\u00e3o.<\/p>\n<blockquote><p>Em educa\u00e7\u00e3o, leitura e recrea\u00e7\u00e3o, o \u00edndice aumentou de 0,39% para 0,42%, com os ingressos em salas de espet\u00e1culo corrigidos de 2,93% para 3,05%. No grupo despesas diversas, houve eleva\u00e7\u00e3o de 0,02 ponto percentual, com a taxa passando de 0,64% para 0,66%. Nesse caso, a varia\u00e7\u00e3o foi influenciada pelos jogos de loteria, cujos bilhetes aumentaram 2,5%.<\/p><\/blockquote>\n<p>Nos outros tr\u00eas grupos, as varia\u00e7\u00f5es indicaram um ritmo mais lento de corre\u00e7\u00e3o ou queda de pre\u00e7os. Em vestu\u00e1rio, a taxa decresceu de 1,12% para 1%; em sa\u00fade e cuidados pessoais, de 1,55% para 1,51%; e em comunica\u00e7\u00e3o, houve recuo de -0,03% para -0,05%.<\/p>\n<p>Os itens de maior impacto inflacion\u00e1rio foram: tarifa de eletricidade residencial (1,93%), refei\u00e7\u00f5es em bares e restaurantes (0,98%), tomate (17,34%), cebola (22,33%) e aluguel residencial (0,69%). Em sentido oposto, os que mais contribu\u00edram para atenuar o avan\u00e7o da taxa foram: tangerina (-24,91%), gasolina (-0,54%), mam\u00e3o papaya (-12,76%), alface (-6,69%) e tarifa de telefone residencial (-0,89%).<\/p>\n<p><strong>Marli Moreira, ABr<\/strong><\/p>\n","protected":false},"excerpt":{"rendered":"<p>O \u00cdndice de Pre\u00e7os ao Consumidor Semanal (IPC-S) atingiu 0,68% na terceira pr\u00e9via de maio. A varia\u00e7\u00e3o foi 0,03 ponto percentual maior do que a registrada na apura\u00e7\u00e3o anterior, quando a taxa havia decrescido de 0,7% para 0,65%. Cinco dos oito grupos pesquisados apresentaram \u00edndices acima dos da pesquisa anterior, com destaque para habita\u00e7\u00e3o, cuja [&hellip;]<\/p>\n","protected":false},"author":1,"featured_media":50363,"comment_status":"open","ping_status":"closed","sticky":false,"template":"","format":"standard","meta":{"_acf_changed":false,"footnotes":""},"categories":[16],"tags":[],"class_list":["post-50362","post","type-post","status-publish","format-standard","has-post-thumbnail","hentry","category-brasil"],"acf":[],"yoast_head":"<!-- This site is optimized with the Yoast SEO plugin v27.2 - https:\/\/yoast.com\/product\/yoast-seo-wordpress\/ -->\n<title>Energia el\u00e9trica puxa aumento da infla\u00e7\u00e3o semanal, mostra FGV - Notibras<\/title>\n<meta name=\"robots\" content=\"index, follow, max-snippet:-1, max-image-preview:large, max-video-preview:-1\" \/>\n<link rel=\"canonical\" href=\"https:\/\/www.notibras.com\/site\/energia-eletrica-puxa-aumento-da-inflacao-semanal-mostra-fgv\/\" \/>\n<meta property=\"og:locale\" content=\"pt_BR\" \/>\n<meta property=\"og:type\" content=\"article\" \/>\n<meta property=\"og:title\" content=\"Energia el\u00e9trica puxa aumento da infla\u00e7\u00e3o semanal, mostra FGV - Notibras\" \/>\n<meta property=\"og:description\" content=\"O \u00cdndice de Pre\u00e7os ao Consumidor Semanal (IPC-S) atingiu 0,68% na terceira pr\u00e9via de maio. A varia\u00e7\u00e3o foi 0,03 ponto percentual maior do que a registrada na apura\u00e7\u00e3o anterior, quando a taxa havia decrescido de 0,7% para 0,65%. Cinco dos oito grupos pesquisados apresentaram \u00edndices acima dos da pesquisa anterior, com destaque para habita\u00e7\u00e3o, cuja [&hellip;]\" \/>\n<meta property=\"og:url\" content=\"https:\/\/www.notibras.com\/site\/energia-eletrica-puxa-aumento-da-inflacao-semanal-mostra-fgv\/\" \/>\n<meta property=\"og:site_name\" content=\"Notibras\" \/>\n<meta property=\"article:publisher\" content=\"https:\/\/www.facebook.com\/notibras\/\" \/>\n<meta property=\"article:published_time\" content=\"2015-05-25T17:20:21+00:00\" \/>\n<meta property=\"og:image\" content=\"https:\/\/www.notibras.com\/site\/wp-content\/uploads\/2015\/05\/Sem-t\u00edtulo-191.jpg\" \/>\n\t<meta property=\"og:image:width\" content=\"580\" \/>\n\t<meta property=\"og:image:height\" content=\"388\" \/>\n\t<meta property=\"og:image:type\" content=\"image\/jpeg\" \/>\n<meta name=\"author\" content=\"Reda\u00e7\u00e3o\" \/>\n<meta name=\"twitter:card\" content=\"summary_large_image\" \/>\n<meta name=\"twitter:creator\" content=\"@Notibras\" \/>\n<meta name=\"twitter:site\" content=\"@Notibras\" \/>\n<meta name=\"twitter:label1\" content=\"Escrito por\" \/>\n\t<meta name=\"twitter:data1\" content=\"Reda\u00e7\u00e3o\" \/>\n\t<meta name=\"twitter:label2\" content=\"Est. tempo de leitura\" \/>\n\t<meta name=\"twitter:data2\" content=\"2 minutos\" \/>\n<script type=\"application\/ld+json\" class=\"yoast-schema-graph\">{\"@context\":\"https:\/\/schema.org\",\"@graph\":[{\"@type\":\"Article\",\"@id\":\"https:\/\/www.notibras.com\/site\/energia-eletrica-puxa-aumento-da-inflacao-semanal-mostra-fgv\/#article\",\"isPartOf\":{\"@id\":\"https:\/\/www.notibras.com\/site\/energia-eletrica-puxa-aumento-da-inflacao-semanal-mostra-fgv\/\"},\"author\":{\"name\":\"Reda\u00e7\u00e3o\",\"@id\":\"https:\/\/www.notibras.com\/site\/#\/schema\/person\/00b8e1aa08f9ef6563e878c5159d01cf\"},\"headline\":\"Energia el\u00e9trica puxa aumento da infla\u00e7\u00e3o semanal, mostra FGV\",\"datePublished\":\"2015-05-25T17:20:21+00:00\",\"mainEntityOfPage\":{\"@id\":\"https:\/\/www.notibras.com\/site\/energia-eletrica-puxa-aumento-da-inflacao-semanal-mostra-fgv\/\"},\"wordCount\":368,\"commentCount\":0,\"publisher\":{\"@id\":\"https:\/\/www.notibras.com\/site\/#organization\"},\"image\":{\"@id\":\"https:\/\/www.notibras.com\/site\/energia-eletrica-puxa-aumento-da-inflacao-semanal-mostra-fgv\/#primaryimage\"},\"thumbnailUrl\":\"https:\/\/www.notibras.com\/site\/wp-content\/uploads\/2015\/05\/Sem-t\u00edtulo-191.jpg\",\"articleSection\":[\"Brasil\"],\"inLanguage\":\"pt-BR\",\"potentialAction\":[{\"@type\":\"CommentAction\",\"name\":\"Comment\",\"target\":[\"https:\/\/www.notibras.com\/site\/energia-eletrica-puxa-aumento-da-inflacao-semanal-mostra-fgv\/#respond\"]}]},{\"@type\":\"WebPage\",\"@id\":\"https:\/\/www.notibras.com\/site\/energia-eletrica-puxa-aumento-da-inflacao-semanal-mostra-fgv\/\",\"url\":\"https:\/\/www.notibras.com\/site\/energia-eletrica-puxa-aumento-da-inflacao-semanal-mostra-fgv\/\",\"name\":\"Energia el\u00e9trica puxa aumento da infla\u00e7\u00e3o semanal, mostra FGV - Notibras\",\"isPartOf\":{\"@id\":\"https:\/\/www.notibras.com\/site\/#website\"},\"primaryImageOfPage\":{\"@id\":\"https:\/\/www.notibras.com\/site\/energia-eletrica-puxa-aumento-da-inflacao-semanal-mostra-fgv\/#primaryimage\"},\"image\":{\"@id\":\"https:\/\/www.notibras.com\/site\/energia-eletrica-puxa-aumento-da-inflacao-semanal-mostra-fgv\/#primaryimage\"},\"thumbnailUrl\":\"https:\/\/www.notibras.com\/site\/wp-content\/uploads\/2015\/05\/Sem-t\u00edtulo-191.jpg\",\"datePublished\":\"2015-05-25T17:20:21+00:00\",\"breadcrumb\":{\"@id\":\"https:\/\/www.notibras.com\/site\/energia-eletrica-puxa-aumento-da-inflacao-semanal-mostra-fgv\/#breadcrumb\"},\"inLanguage\":\"pt-BR\",\"potentialAction\":[{\"@type\":\"ReadAction\",\"target\":[\"https:\/\/www.notibras.com\/site\/energia-eletrica-puxa-aumento-da-inflacao-semanal-mostra-fgv\/\"]}]},{\"@type\":\"ImageObject\",\"inLanguage\":\"pt-BR\",\"@id\":\"https:\/\/www.notibras.com\/site\/energia-eletrica-puxa-aumento-da-inflacao-semanal-mostra-fgv\/#primaryimage\",\"url\":\"https:\/\/www.notibras.com\/site\/wp-content\/uploads\/2015\/05\/Sem-t\u00edtulo-191.jpg\",\"contentUrl\":\"https:\/\/www.notibras.com\/site\/wp-content\/uploads\/2015\/05\/Sem-t\u00edtulo-191.jpg\",\"width\":580,\"height\":388},{\"@type\":\"BreadcrumbList\",\"@id\":\"https:\/\/www.notibras.com\/site\/energia-eletrica-puxa-aumento-da-inflacao-semanal-mostra-fgv\/#breadcrumb\",\"itemListElement\":[{\"@type\":\"ListItem\",\"position\":1,\"name\":\"In\u00edcio\",\"item\":\"https:\/\/www.notibras.com\/site\/\"},{\"@type\":\"ListItem\",\"position\":2,\"name\":\"Energia el\u00e9trica puxa aumento da infla\u00e7\u00e3o semanal, mostra FGV\"}]},{\"@type\":\"WebSite\",\"@id\":\"https:\/\/www.notibras.com\/site\/#website\",\"url\":\"https:\/\/www.notibras.com\/site\/\",\"name\":\"Notibras\",\"description\":\"Not\u00edcias de Bras\u00edlia, do Brasil e do Mundo\",\"publisher\":{\"@id\":\"https:\/\/www.notibras.com\/site\/#organization\"},\"potentialAction\":[{\"@type\":\"SearchAction\",\"target\":{\"@type\":\"EntryPoint\",\"urlTemplate\":\"https:\/\/www.notibras.com\/site\/?s={search_term_string}\"},\"query-input\":{\"@type\":\"PropertyValueSpecification\",\"valueRequired\":true,\"valueName\":\"search_term_string\"}}],\"inLanguage\":\"pt-BR\"},{\"@type\":\"Organization\",\"@id\":\"https:\/\/www.notibras.com\/site\/#organization\",\"name\":\"Grupo Notibras de Comunica\u00e7\u00e3o\",\"url\":\"https:\/\/www.notibras.com\/site\/\",\"logo\":{\"@type\":\"ImageObject\",\"inLanguage\":\"pt-BR\",\"@id\":\"https:\/\/www.notibras.com\/site\/#\/schema\/logo\/image\/\",\"url\":\"https:\/\/www.notibras.com\/site\/wp-content\/uploads\/2023\/01\/notibras23.png\",\"contentUrl\":\"https:\/\/www.notibras.com\/site\/wp-content\/uploads\/2023\/01\/notibras23.png\",\"width\":350,\"height\":87,\"caption\":\"Grupo Notibras de Comunica\u00e7\u00e3o\"},\"image\":{\"@id\":\"https:\/\/www.notibras.com\/site\/#\/schema\/logo\/image\/\"},\"sameAs\":[\"https:\/\/www.facebook.com\/notibras\/\",\"https:\/\/x.com\/Notibras\",\"https:\/\/www.instagram.com\/notibras\/\"]},{\"@type\":\"Person\",\"@id\":\"https:\/\/www.notibras.com\/site\/#\/schema\/person\/00b8e1aa08f9ef6563e878c5159d01cf\",\"name\":\"Reda\u00e7\u00e3o\",\"image\":{\"@type\":\"ImageObject\",\"inLanguage\":\"pt-BR\",\"@id\":\"https:\/\/secure.gravatar.com\/avatar\/ac5a707d5b47784a5ed426c6e213e201423c750890f64e4c379114dade67dfb9?s=96&d=mm&r=g\",\"url\":\"https:\/\/secure.gravatar.com\/avatar\/ac5a707d5b47784a5ed426c6e213e201423c750890f64e4c379114dade67dfb9?s=96&d=mm&r=g\",\"contentUrl\":\"https:\/\/secure.gravatar.com\/avatar\/ac5a707d5b47784a5ed426c6e213e201423c750890f64e4c379114dade67dfb9?s=96&d=mm&r=g\",\"caption\":\"Reda\u00e7\u00e3o\"}}]}<\/script>\n<!-- \/ Yoast SEO plugin. -->","yoast_head_json":{"title":"Energia el\u00e9trica puxa aumento da infla\u00e7\u00e3o semanal, mostra FGV - Notibras","robots":{"index":"index","follow":"follow","max-snippet":"max-snippet:-1","max-image-preview":"max-image-preview:large","max-video-preview":"max-video-preview:-1"},"canonical":"https:\/\/www.notibras.com\/site\/energia-eletrica-puxa-aumento-da-inflacao-semanal-mostra-fgv\/","og_locale":"pt_BR","og_type":"article","og_title":"Energia el\u00e9trica puxa aumento da infla\u00e7\u00e3o semanal, mostra FGV - Notibras","og_description":"O \u00cdndice de Pre\u00e7os ao Consumidor Semanal (IPC-S) atingiu 0,68% na terceira pr\u00e9via de maio. A varia\u00e7\u00e3o foi 0,03 ponto percentual maior do que a registrada na apura\u00e7\u00e3o anterior, quando a taxa havia decrescido de 0,7% para 0,65%. Cinco dos oito grupos pesquisados apresentaram \u00edndices acima dos da pesquisa anterior, com destaque para habita\u00e7\u00e3o, cuja [&hellip;]","og_url":"https:\/\/www.notibras.com\/site\/energia-eletrica-puxa-aumento-da-inflacao-semanal-mostra-fgv\/","og_site_name":"Notibras","article_publisher":"https:\/\/www.facebook.com\/notibras\/","article_published_time":"2015-05-25T17:20:21+00:00","og_image":[{"width":580,"height":388,"url":"https:\/\/www.notibras.com\/site\/wp-content\/uploads\/2015\/05\/Sem-t\u00edtulo-191.jpg","type":"image\/jpeg"}],"author":"Reda\u00e7\u00e3o","twitter_card":"summary_large_image","twitter_creator":"@Notibras","twitter_site":"@Notibras","twitter_misc":{"Escrito por":"Reda\u00e7\u00e3o","Est. tempo de leitura":"2 minutos"},"schema":{"@context":"https:\/\/schema.org","@graph":[{"@type":"Article","@id":"https:\/\/www.notibras.com\/site\/energia-eletrica-puxa-aumento-da-inflacao-semanal-mostra-fgv\/#article","isPartOf":{"@id":"https:\/\/www.notibras.com\/site\/energia-eletrica-puxa-aumento-da-inflacao-semanal-mostra-fgv\/"},"author":{"name":"Reda\u00e7\u00e3o","@id":"https:\/\/www.notibras.com\/site\/#\/schema\/person\/00b8e1aa08f9ef6563e878c5159d01cf"},"headline":"Energia el\u00e9trica puxa aumento da infla\u00e7\u00e3o semanal, mostra FGV","datePublished":"2015-05-25T17:20:21+00:00","mainEntityOfPage":{"@id":"https:\/\/www.notibras.com\/site\/energia-eletrica-puxa-aumento-da-inflacao-semanal-mostra-fgv\/"},"wordCount":368,"commentCount":0,"publisher":{"@id":"https:\/\/www.notibras.com\/site\/#organization"},"image":{"@id":"https:\/\/www.notibras.com\/site\/energia-eletrica-puxa-aumento-da-inflacao-semanal-mostra-fgv\/#primaryimage"},"thumbnailUrl":"https:\/\/www.notibras.com\/site\/wp-content\/uploads\/2015\/05\/Sem-t\u00edtulo-191.jpg","articleSection":["Brasil"],"inLanguage":"pt-BR","potentialAction":[{"@type":"CommentAction","name":"Comment","target":["https:\/\/www.notibras.com\/site\/energia-eletrica-puxa-aumento-da-inflacao-semanal-mostra-fgv\/#respond"]}]},{"@type":"WebPage","@id":"https:\/\/www.notibras.com\/site\/energia-eletrica-puxa-aumento-da-inflacao-semanal-mostra-fgv\/","url":"https:\/\/www.notibras.com\/site\/energia-eletrica-puxa-aumento-da-inflacao-semanal-mostra-fgv\/","name":"Energia el\u00e9trica puxa aumento da infla\u00e7\u00e3o semanal, mostra FGV - Notibras","isPartOf":{"@id":"https:\/\/www.notibras.com\/site\/#website"},"primaryImageOfPage":{"@id":"https:\/\/www.notibras.com\/site\/energia-eletrica-puxa-aumento-da-inflacao-semanal-mostra-fgv\/#primaryimage"},"image":{"@id":"https:\/\/www.notibras.com\/site\/energia-eletrica-puxa-aumento-da-inflacao-semanal-mostra-fgv\/#primaryimage"},"thumbnailUrl":"https:\/\/www.notibras.com\/site\/wp-content\/uploads\/2015\/05\/Sem-t\u00edtulo-191.jpg","datePublished":"2015-05-25T17:20:21+00:00","breadcrumb":{"@id":"https:\/\/www.notibras.com\/site\/energia-eletrica-puxa-aumento-da-inflacao-semanal-mostra-fgv\/#breadcrumb"},"inLanguage":"pt-BR","potentialAction":[{"@type":"ReadAction","target":["https:\/\/www.notibras.com\/site\/energia-eletrica-puxa-aumento-da-inflacao-semanal-mostra-fgv\/"]}]},{"@type":"ImageObject","inLanguage":"pt-BR","@id":"https:\/\/www.notibras.com\/site\/energia-eletrica-puxa-aumento-da-inflacao-semanal-mostra-fgv\/#primaryimage","url":"https:\/\/www.notibras.com\/site\/wp-content\/uploads\/2015\/05\/Sem-t\u00edtulo-191.jpg","contentUrl":"https:\/\/www.notibras.com\/site\/wp-content\/uploads\/2015\/05\/Sem-t\u00edtulo-191.jpg","width":580,"height":388},{"@type":"BreadcrumbList","@id":"https:\/\/www.notibras.com\/site\/energia-eletrica-puxa-aumento-da-inflacao-semanal-mostra-fgv\/#breadcrumb","itemListElement":[{"@type":"ListItem","position":1,"name":"In\u00edcio","item":"https:\/\/www.notibras.com\/site\/"},{"@type":"ListItem","position":2,"name":"Energia el\u00e9trica puxa aumento da infla\u00e7\u00e3o semanal, mostra FGV"}]},{"@type":"WebSite","@id":"https:\/\/www.notibras.com\/site\/#website","url":"https:\/\/www.notibras.com\/site\/","name":"Notibras","description":"Not\u00edcias de Bras\u00edlia, do Brasil e do Mundo","publisher":{"@id":"https:\/\/www.notibras.com\/site\/#organization"},"potentialAction":[{"@type":"SearchAction","target":{"@type":"EntryPoint","urlTemplate":"https:\/\/www.notibras.com\/site\/?s={search_term_string}"},"query-input":{"@type":"PropertyValueSpecification","valueRequired":true,"valueName":"search_term_string"}}],"inLanguage":"pt-BR"},{"@type":"Organization","@id":"https:\/\/www.notibras.com\/site\/#organization","name":"Grupo Notibras de Comunica\u00e7\u00e3o","url":"https:\/\/www.notibras.com\/site\/","logo":{"@type":"ImageObject","inLanguage":"pt-BR","@id":"https:\/\/www.notibras.com\/site\/#\/schema\/logo\/image\/","url":"https:\/\/www.notibras.com\/site\/wp-content\/uploads\/2023\/01\/notibras23.png","contentUrl":"https:\/\/www.notibras.com\/site\/wp-content\/uploads\/2023\/01\/notibras23.png","width":350,"height":87,"caption":"Grupo Notibras de Comunica\u00e7\u00e3o"},"image":{"@id":"https:\/\/www.notibras.com\/site\/#\/schema\/logo\/image\/"},"sameAs":["https:\/\/www.facebook.com\/notibras\/","https:\/\/x.com\/Notibras","https:\/\/www.instagram.com\/notibras\/"]},{"@type":"Person","@id":"https:\/\/www.notibras.com\/site\/#\/schema\/person\/00b8e1aa08f9ef6563e878c5159d01cf","name":"Reda\u00e7\u00e3o","image":{"@type":"ImageObject","inLanguage":"pt-BR","@id":"https:\/\/secure.gravatar.com\/avatar\/ac5a707d5b47784a5ed426c6e213e201423c750890f64e4c379114dade67dfb9?s=96&d=mm&r=g","url":"https:\/\/secure.gravatar.com\/avatar\/ac5a707d5b47784a5ed426c6e213e201423c750890f64e4c379114dade67dfb9?s=96&d=mm&r=g","contentUrl":"https:\/\/secure.gravatar.com\/avatar\/ac5a707d5b47784a5ed426c6e213e201423c750890f64e4c379114dade67dfb9?s=96&d=mm&r=g","caption":"Reda\u00e7\u00e3o"}}]}},"amp_enabled":true,"_links":{"self":[{"href":"https:\/\/www.notibras.com\/site\/wp-json\/wp\/v2\/posts\/50362","targetHints":{"allow":["GET"]}}],"collection":[{"href":"https:\/\/www.notibras.com\/site\/wp-json\/wp\/v2\/posts"}],"about":[{"href":"https:\/\/www.notibras.com\/site\/wp-json\/wp\/v2\/types\/post"}],"author":[{"embeddable":true,"href":"https:\/\/www.notibras.com\/site\/wp-json\/wp\/v2\/users\/1"}],"replies":[{"embeddable":true,"href":"https:\/\/www.notibras.com\/site\/wp-json\/wp\/v2\/comments?post=50362"}],"version-history":[{"count":0,"href":"https:\/\/www.notibras.com\/site\/wp-json\/wp\/v2\/posts\/50362\/revisions"}],"wp:featuredmedia":[{"embeddable":true,"href":"https:\/\/www.notibras.com\/site\/wp-json\/wp\/v2\/media\/50363"}],"wp:attachment":[{"href":"https:\/\/www.notibras.com\/site\/wp-json\/wp\/v2\/media?parent=50362"}],"wp:term":[{"taxonomy":"category","embeddable":true,"href":"https:\/\/www.notibras.com\/site\/wp-json\/wp\/v2\/categories?post=50362"},{"taxonomy":"post_tag","embeddable":true,"href":"https:\/\/www.notibras.com\/site\/wp-json\/wp\/v2\/tags?post=50362"}],"curies":[{"name":"wp","href":"https:\/\/api.w.org\/{rel}","templated":true}]}}