{"id":50429,"date":"2015-05-25T20:14:16","date_gmt":"2015-05-25T23:14:16","guid":{"rendered":"http:\/\/www.notibras.com\/site\/?p=50429"},"modified":"2015-05-25T20:19:58","modified_gmt":"2015-05-25T23:19:58","slug":"primeiro-dia-de-inscricoes-do-enem-registra-mais-de-400-mil-candidatos","status":"publish","type":"post","link":"https:\/\/www.notibras.com\/site\/primeiro-dia-de-inscricoes-do-enem-registra-mais-de-400-mil-candidatos\/","title":{"rendered":"Enem registra mais de 400 mil candidatos no 1\u00ba dia de inscri\u00e7\u00f5es"},"content":{"rendered":"<p>Balan\u00e7o divulgado na noite desta segunda-feira (25) pelo Minist\u00e9rio da Educa\u00e7\u00e3o (MEC) mostra que 410 mil estudantes se inscreveram no Exame Nacional do Ensino M\u00e9dio (Enem) at\u00e9 as 19h de hoje, primeiro dia de inscri\u00e7\u00f5es. O MEC espera que mais de 9 milh\u00f5es de pessoas se candidatarem aos testes at\u00e9 o dia 5 de junho.<\/p>\n<p>Os candidatos poder\u00e3o se inscrever exclusivamente pela internet, no <a href=\"http:\/\/enem.inep.gov.br\/participante\/#\/paginaInicialEnem\" target=\"_blank\">site do Enem<\/a>. O exame custa R$ 63, que dever\u00e3o ser pagos at\u00e9 o dia 10 de junho. As provas ser\u00e3o aplicadas nos dias 24 e 25 de outubro em mais de 1,7 mil munic\u00edpios em todo o pa\u00eds.<\/p>\n<p>O Enem foi criado para avaliar os alunos que est\u00e3o concluindo o ensino m\u00e9dio ou que j\u00e1 o conclu\u00edram em anos anteriores. N\u00e3o importa a idade nem o ano do t\u00e9rmino do curso, basta que o interessado fa\u00e7a sua inscri\u00e7\u00e3o na p\u00e1gina eletr\u00f4nica do Enem. Estudantes que n\u00e3o terminar\u00e3o o ensino m\u00e9dio este ano podem participar como treineiros ou seja, o resultado n\u00e3o poder\u00e1 ser usado para participar de programas de acesso ao ensino superior.<\/p>\n<blockquote><p>A nota das provas podem ser usadas para o candidato participar de programas como o Sistema de Sele\u00e7\u00e3o Unificada (Sisu), que disponibiliza vagas no ensino superior p\u00fablico; o Programa Universidade para Todos (ProUni), que oferece bolsas em institui\u00e7\u00f5es privadas; e o Sistema de Sele\u00e7\u00e3o Unificada do Ensino T\u00e9cnico e Profissional (Sisutec), que garante vagas gratuitas em cursos t\u00e9cnicos. A participa\u00e7\u00e3o no Enem \u00e9 pr\u00e9-requisito para firmar contratos pelo Fundo de Financiamento Estudantil, obter bolsas de interc\u00e2mbio pelo Programa Ci\u00eancia sem Fronteiras e certifica\u00e7\u00e3o do ensino m\u00e9dio.<\/p><\/blockquote>\n<p>Estudantes que v\u00e3o concluir o ensino m\u00e9dio este ano em escolas p\u00fablicas e participantes que declararem car\u00eancia s\u00e3o isentos da taxa. Podem solicitar a isen\u00e7\u00e3o por car\u00eancia, aqueles que t\u00eam uma renda renda familiar por pessoa igual ou inferior a um sal\u00e1rio m\u00ednimo e meio e que cursaram todo o ensino m\u00e9dio em escola da rede p\u00fablica ou como bolsista integral em escola da rede privada. As informa\u00e7\u00f5es devem ser comprovadas. O participante deve acompanhar na p\u00e1gina de inscri\u00e7\u00e3o se o pedido de isen\u00e7\u00e3o foi aceito.<\/p>\n<p>\u00c9 tamb\u00e9m na inscri\u00e7\u00e3o que os participantes podem solicitar atendimento especializado ou espec\u00edfico. O atendimento especializado \u00e9 oferecido a pessoas com baixa vis\u00e3o, cegueira, vis\u00e3o monocular, defici\u00eancia f\u00edsica, defici\u00eancia auditiva, surdez, defici\u00eancia intelectual, surdocegueira, dislexia, d\u00e9ficit de aten\u00e7\u00e3o, autismo, discalculia (altera\u00e7\u00e3o neurol\u00f3gica que dificulta a aprendizagem de n\u00fameros) ou com outra condi\u00e7\u00e3o especial.<\/p>\n<p>Ap\u00f3s fazer a inscri\u00e7\u00e3o, participantes transexuais e travestis podem pedir o uso do nome social, tamb\u00e9m pela internet, entre os dias 15 e 26 de junho.<\/p>\n","protected":false},"excerpt":{"rendered":"<p>Balan\u00e7o divulgado na noite desta segunda-feira (25) pelo Minist\u00e9rio da Educa\u00e7\u00e3o (MEC) mostra que 410 mil estudantes se inscreveram no Exame Nacional do Ensino M\u00e9dio (Enem) at\u00e9 as 19h de hoje, primeiro dia de inscri\u00e7\u00f5es. O MEC espera que mais de 9 milh\u00f5es de pessoas se candidatarem aos testes at\u00e9 o dia 5 de junho. [&hellip;]<\/p>\n","protected":false},"author":1,"featured_media":50438,"comment_status":"open","ping_status":"closed","sticky":false,"template":"","format":"standard","meta":{"_acf_changed":false,"footnotes":""},"categories":[16],"tags":[],"class_list":["post-50429","post","type-post","status-publish","format-standard","has-post-thumbnail","hentry","category-brasil"],"acf":[],"yoast_head":"<!-- This site is optimized with the Yoast SEO plugin v27.2 - https:\/\/yoast.com\/product\/yoast-seo-wordpress\/ -->\n<title>Enem registra mais de 400 mil candidatos no 1\u00ba dia de inscri\u00e7\u00f5es - Notibras<\/title>\n<meta name=\"robots\" content=\"index, follow, max-snippet:-1, max-image-preview:large, max-video-preview:-1\" \/>\n<link rel=\"canonical\" href=\"https:\/\/www.notibras.com\/site\/primeiro-dia-de-inscricoes-do-enem-registra-mais-de-400-mil-candidatos\/\" \/>\n<meta property=\"og:locale\" content=\"pt_BR\" \/>\n<meta property=\"og:type\" content=\"article\" \/>\n<meta property=\"og:title\" content=\"Enem registra mais de 400 mil candidatos no 1\u00ba dia de inscri\u00e7\u00f5es - Notibras\" \/>\n<meta property=\"og:description\" content=\"Balan\u00e7o divulgado na noite desta segunda-feira (25) pelo Minist\u00e9rio da Educa\u00e7\u00e3o (MEC) mostra que 410 mil estudantes se inscreveram no Exame Nacional do Ensino M\u00e9dio (Enem) at\u00e9 as 19h de hoje, primeiro dia de inscri\u00e7\u00f5es. O MEC espera que mais de 9 milh\u00f5es de pessoas se candidatarem aos testes at\u00e9 o dia 5 de junho. [&hellip;]\" \/>\n<meta property=\"og:url\" content=\"https:\/\/www.notibras.com\/site\/primeiro-dia-de-inscricoes-do-enem-registra-mais-de-400-mil-candidatos\/\" \/>\n<meta property=\"og:site_name\" content=\"Notibras\" \/>\n<meta property=\"article:publisher\" content=\"https:\/\/www.facebook.com\/notibras\/\" \/>\n<meta property=\"article:published_time\" content=\"2015-05-25T23:14:16+00:00\" \/>\n<meta property=\"article:modified_time\" content=\"2015-05-25T23:19:58+00:00\" \/>\n<meta property=\"og:image\" content=\"https:\/\/www.notibras.com\/site\/wp-content\/uploads\/2015\/05\/Sem-t\u00edtulo-198.jpg\" \/>\n\t<meta property=\"og:image:width\" content=\"500\" \/>\n\t<meta property=\"og:image:height\" content=\"345\" \/>\n\t<meta property=\"og:image:type\" content=\"image\/jpeg\" \/>\n<meta name=\"author\" content=\"Reda\u00e7\u00e3o\" \/>\n<meta name=\"twitter:card\" content=\"summary_large_image\" \/>\n<meta name=\"twitter:creator\" content=\"@Notibras\" \/>\n<meta name=\"twitter:site\" content=\"@Notibras\" \/>\n<meta name=\"twitter:label1\" content=\"Escrito por\" \/>\n\t<meta name=\"twitter:data1\" content=\"Reda\u00e7\u00e3o\" \/>\n\t<meta name=\"twitter:label2\" content=\"Est. tempo de leitura\" \/>\n\t<meta name=\"twitter:data2\" content=\"2 minutos\" \/>\n<script type=\"application\/ld+json\" class=\"yoast-schema-graph\">{\"@context\":\"https:\/\/schema.org\",\"@graph\":[{\"@type\":\"Article\",\"@id\":\"https:\/\/www.notibras.com\/site\/primeiro-dia-de-inscricoes-do-enem-registra-mais-de-400-mil-candidatos\/#article\",\"isPartOf\":{\"@id\":\"https:\/\/www.notibras.com\/site\/primeiro-dia-de-inscricoes-do-enem-registra-mais-de-400-mil-candidatos\/\"},\"author\":{\"name\":\"Reda\u00e7\u00e3o\",\"@id\":\"https:\/\/www.notibras.com\/site\/#\/schema\/person\/00b8e1aa08f9ef6563e878c5159d01cf\"},\"headline\":\"Enem registra mais de 400 mil candidatos no 1\u00ba dia de inscri\u00e7\u00f5es\",\"datePublished\":\"2015-05-25T23:14:16+00:00\",\"dateModified\":\"2015-05-25T23:19:58+00:00\",\"mainEntityOfPage\":{\"@id\":\"https:\/\/www.notibras.com\/site\/primeiro-dia-de-inscricoes-do-enem-registra-mais-de-400-mil-candidatos\/\"},\"wordCount\":496,\"commentCount\":0,\"publisher\":{\"@id\":\"https:\/\/www.notibras.com\/site\/#organization\"},\"image\":{\"@id\":\"https:\/\/www.notibras.com\/site\/primeiro-dia-de-inscricoes-do-enem-registra-mais-de-400-mil-candidatos\/#primaryimage\"},\"thumbnailUrl\":\"https:\/\/www.notibras.com\/site\/wp-content\/uploads\/2015\/05\/Sem-t\u00edtulo-198.jpg\",\"articleSection\":[\"Brasil\"],\"inLanguage\":\"pt-BR\",\"potentialAction\":[{\"@type\":\"CommentAction\",\"name\":\"Comment\",\"target\":[\"https:\/\/www.notibras.com\/site\/primeiro-dia-de-inscricoes-do-enem-registra-mais-de-400-mil-candidatos\/#respond\"]}]},{\"@type\":\"WebPage\",\"@id\":\"https:\/\/www.notibras.com\/site\/primeiro-dia-de-inscricoes-do-enem-registra-mais-de-400-mil-candidatos\/\",\"url\":\"https:\/\/www.notibras.com\/site\/primeiro-dia-de-inscricoes-do-enem-registra-mais-de-400-mil-candidatos\/\",\"name\":\"Enem registra mais de 400 mil candidatos no 1\u00ba dia de inscri\u00e7\u00f5es - Notibras\",\"isPartOf\":{\"@id\":\"https:\/\/www.notibras.com\/site\/#website\"},\"primaryImageOfPage\":{\"@id\":\"https:\/\/www.notibras.com\/site\/primeiro-dia-de-inscricoes-do-enem-registra-mais-de-400-mil-candidatos\/#primaryimage\"},\"image\":{\"@id\":\"https:\/\/www.notibras.com\/site\/primeiro-dia-de-inscricoes-do-enem-registra-mais-de-400-mil-candidatos\/#primaryimage\"},\"thumbnailUrl\":\"https:\/\/www.notibras.com\/site\/wp-content\/uploads\/2015\/05\/Sem-t\u00edtulo-198.jpg\",\"datePublished\":\"2015-05-25T23:14:16+00:00\",\"dateModified\":\"2015-05-25T23:19:58+00:00\",\"breadcrumb\":{\"@id\":\"https:\/\/www.notibras.com\/site\/primeiro-dia-de-inscricoes-do-enem-registra-mais-de-400-mil-candidatos\/#breadcrumb\"},\"inLanguage\":\"pt-BR\",\"potentialAction\":[{\"@type\":\"ReadAction\",\"target\":[\"https:\/\/www.notibras.com\/site\/primeiro-dia-de-inscricoes-do-enem-registra-mais-de-400-mil-candidatos\/\"]}]},{\"@type\":\"ImageObject\",\"inLanguage\":\"pt-BR\",\"@id\":\"https:\/\/www.notibras.com\/site\/primeiro-dia-de-inscricoes-do-enem-registra-mais-de-400-mil-candidatos\/#primaryimage\",\"url\":\"https:\/\/www.notibras.com\/site\/wp-content\/uploads\/2015\/05\/Sem-t\u00edtulo-198.jpg\",\"contentUrl\":\"https:\/\/www.notibras.com\/site\/wp-content\/uploads\/2015\/05\/Sem-t\u00edtulo-198.jpg\",\"width\":500,\"height\":345},{\"@type\":\"BreadcrumbList\",\"@id\":\"https:\/\/www.notibras.com\/site\/primeiro-dia-de-inscricoes-do-enem-registra-mais-de-400-mil-candidatos\/#breadcrumb\",\"itemListElement\":[{\"@type\":\"ListItem\",\"position\":1,\"name\":\"In\u00edcio\",\"item\":\"https:\/\/www.notibras.com\/site\/\"},{\"@type\":\"ListItem\",\"position\":2,\"name\":\"Enem registra mais de 400 mil candidatos no 1\u00ba dia de inscri\u00e7\u00f5es\"}]},{\"@type\":\"WebSite\",\"@id\":\"https:\/\/www.notibras.com\/site\/#website\",\"url\":\"https:\/\/www.notibras.com\/site\/\",\"name\":\"Notibras\",\"description\":\"Not\u00edcias de Bras\u00edlia, do Brasil e do Mundo\",\"publisher\":{\"@id\":\"https:\/\/www.notibras.com\/site\/#organization\"},\"potentialAction\":[{\"@type\":\"SearchAction\",\"target\":{\"@type\":\"EntryPoint\",\"urlTemplate\":\"https:\/\/www.notibras.com\/site\/?s={search_term_string}\"},\"query-input\":{\"@type\":\"PropertyValueSpecification\",\"valueRequired\":true,\"valueName\":\"search_term_string\"}}],\"inLanguage\":\"pt-BR\"},{\"@type\":\"Organization\",\"@id\":\"https:\/\/www.notibras.com\/site\/#organization\",\"name\":\"Grupo Notibras de Comunica\u00e7\u00e3o\",\"url\":\"https:\/\/www.notibras.com\/site\/\",\"logo\":{\"@type\":\"ImageObject\",\"inLanguage\":\"pt-BR\",\"@id\":\"https:\/\/www.notibras.com\/site\/#\/schema\/logo\/image\/\",\"url\":\"https:\/\/www.notibras.com\/site\/wp-content\/uploads\/2023\/01\/notibras23.png\",\"contentUrl\":\"https:\/\/www.notibras.com\/site\/wp-content\/uploads\/2023\/01\/notibras23.png\",\"width\":350,\"height\":87,\"caption\":\"Grupo Notibras de Comunica\u00e7\u00e3o\"},\"image\":{\"@id\":\"https:\/\/www.notibras.com\/site\/#\/schema\/logo\/image\/\"},\"sameAs\":[\"https:\/\/www.facebook.com\/notibras\/\",\"https:\/\/x.com\/Notibras\",\"https:\/\/www.instagram.com\/notibras\/\"]},{\"@type\":\"Person\",\"@id\":\"https:\/\/www.notibras.com\/site\/#\/schema\/person\/00b8e1aa08f9ef6563e878c5159d01cf\",\"name\":\"Reda\u00e7\u00e3o\",\"image\":{\"@type\":\"ImageObject\",\"inLanguage\":\"pt-BR\",\"@id\":\"https:\/\/secure.gravatar.com\/avatar\/ac5a707d5b47784a5ed426c6e213e201423c750890f64e4c379114dade67dfb9?s=96&d=mm&r=g\",\"url\":\"https:\/\/secure.gravatar.com\/avatar\/ac5a707d5b47784a5ed426c6e213e201423c750890f64e4c379114dade67dfb9?s=96&d=mm&r=g\",\"contentUrl\":\"https:\/\/secure.gravatar.com\/avatar\/ac5a707d5b47784a5ed426c6e213e201423c750890f64e4c379114dade67dfb9?s=96&d=mm&r=g\",\"caption\":\"Reda\u00e7\u00e3o\"}}]}<\/script>\n<!-- \/ Yoast SEO plugin. -->","yoast_head_json":{"title":"Enem registra mais de 400 mil candidatos no 1\u00ba dia de inscri\u00e7\u00f5es - Notibras","robots":{"index":"index","follow":"follow","max-snippet":"max-snippet:-1","max-image-preview":"max-image-preview:large","max-video-preview":"max-video-preview:-1"},"canonical":"https:\/\/www.notibras.com\/site\/primeiro-dia-de-inscricoes-do-enem-registra-mais-de-400-mil-candidatos\/","og_locale":"pt_BR","og_type":"article","og_title":"Enem registra mais de 400 mil candidatos no 1\u00ba dia de inscri\u00e7\u00f5es - Notibras","og_description":"Balan\u00e7o divulgado na noite desta segunda-feira (25) pelo Minist\u00e9rio da Educa\u00e7\u00e3o (MEC) mostra que 410 mil estudantes se inscreveram no Exame Nacional do Ensino M\u00e9dio (Enem) at\u00e9 as 19h de hoje, primeiro dia de inscri\u00e7\u00f5es. O MEC espera que mais de 9 milh\u00f5es de pessoas se candidatarem aos testes at\u00e9 o dia 5 de junho. [&hellip;]","og_url":"https:\/\/www.notibras.com\/site\/primeiro-dia-de-inscricoes-do-enem-registra-mais-de-400-mil-candidatos\/","og_site_name":"Notibras","article_publisher":"https:\/\/www.facebook.com\/notibras\/","article_published_time":"2015-05-25T23:14:16+00:00","article_modified_time":"2015-05-25T23:19:58+00:00","og_image":[{"width":500,"height":345,"url":"https:\/\/www.notibras.com\/site\/wp-content\/uploads\/2015\/05\/Sem-t\u00edtulo-198.jpg","type":"image\/jpeg"}],"author":"Reda\u00e7\u00e3o","twitter_card":"summary_large_image","twitter_creator":"@Notibras","twitter_site":"@Notibras","twitter_misc":{"Escrito por":"Reda\u00e7\u00e3o","Est. tempo de leitura":"2 minutos"},"schema":{"@context":"https:\/\/schema.org","@graph":[{"@type":"Article","@id":"https:\/\/www.notibras.com\/site\/primeiro-dia-de-inscricoes-do-enem-registra-mais-de-400-mil-candidatos\/#article","isPartOf":{"@id":"https:\/\/www.notibras.com\/site\/primeiro-dia-de-inscricoes-do-enem-registra-mais-de-400-mil-candidatos\/"},"author":{"name":"Reda\u00e7\u00e3o","@id":"https:\/\/www.notibras.com\/site\/#\/schema\/person\/00b8e1aa08f9ef6563e878c5159d01cf"},"headline":"Enem registra mais de 400 mil candidatos no 1\u00ba dia de inscri\u00e7\u00f5es","datePublished":"2015-05-25T23:14:16+00:00","dateModified":"2015-05-25T23:19:58+00:00","mainEntityOfPage":{"@id":"https:\/\/www.notibras.com\/site\/primeiro-dia-de-inscricoes-do-enem-registra-mais-de-400-mil-candidatos\/"},"wordCount":496,"commentCount":0,"publisher":{"@id":"https:\/\/www.notibras.com\/site\/#organization"},"image":{"@id":"https:\/\/www.notibras.com\/site\/primeiro-dia-de-inscricoes-do-enem-registra-mais-de-400-mil-candidatos\/#primaryimage"},"thumbnailUrl":"https:\/\/www.notibras.com\/site\/wp-content\/uploads\/2015\/05\/Sem-t\u00edtulo-198.jpg","articleSection":["Brasil"],"inLanguage":"pt-BR","potentialAction":[{"@type":"CommentAction","name":"Comment","target":["https:\/\/www.notibras.com\/site\/primeiro-dia-de-inscricoes-do-enem-registra-mais-de-400-mil-candidatos\/#respond"]}]},{"@type":"WebPage","@id":"https:\/\/www.notibras.com\/site\/primeiro-dia-de-inscricoes-do-enem-registra-mais-de-400-mil-candidatos\/","url":"https:\/\/www.notibras.com\/site\/primeiro-dia-de-inscricoes-do-enem-registra-mais-de-400-mil-candidatos\/","name":"Enem registra mais de 400 mil candidatos no 1\u00ba dia de inscri\u00e7\u00f5es - Notibras","isPartOf":{"@id":"https:\/\/www.notibras.com\/site\/#website"},"primaryImageOfPage":{"@id":"https:\/\/www.notibras.com\/site\/primeiro-dia-de-inscricoes-do-enem-registra-mais-de-400-mil-candidatos\/#primaryimage"},"image":{"@id":"https:\/\/www.notibras.com\/site\/primeiro-dia-de-inscricoes-do-enem-registra-mais-de-400-mil-candidatos\/#primaryimage"},"thumbnailUrl":"https:\/\/www.notibras.com\/site\/wp-content\/uploads\/2015\/05\/Sem-t\u00edtulo-198.jpg","datePublished":"2015-05-25T23:14:16+00:00","dateModified":"2015-05-25T23:19:58+00:00","breadcrumb":{"@id":"https:\/\/www.notibras.com\/site\/primeiro-dia-de-inscricoes-do-enem-registra-mais-de-400-mil-candidatos\/#breadcrumb"},"inLanguage":"pt-BR","potentialAction":[{"@type":"ReadAction","target":["https:\/\/www.notibras.com\/site\/primeiro-dia-de-inscricoes-do-enem-registra-mais-de-400-mil-candidatos\/"]}]},{"@type":"ImageObject","inLanguage":"pt-BR","@id":"https:\/\/www.notibras.com\/site\/primeiro-dia-de-inscricoes-do-enem-registra-mais-de-400-mil-candidatos\/#primaryimage","url":"https:\/\/www.notibras.com\/site\/wp-content\/uploads\/2015\/05\/Sem-t\u00edtulo-198.jpg","contentUrl":"https:\/\/www.notibras.com\/site\/wp-content\/uploads\/2015\/05\/Sem-t\u00edtulo-198.jpg","width":500,"height":345},{"@type":"BreadcrumbList","@id":"https:\/\/www.notibras.com\/site\/primeiro-dia-de-inscricoes-do-enem-registra-mais-de-400-mil-candidatos\/#breadcrumb","itemListElement":[{"@type":"ListItem","position":1,"name":"In\u00edcio","item":"https:\/\/www.notibras.com\/site\/"},{"@type":"ListItem","position":2,"name":"Enem registra mais de 400 mil candidatos no 1\u00ba dia de inscri\u00e7\u00f5es"}]},{"@type":"WebSite","@id":"https:\/\/www.notibras.com\/site\/#website","url":"https:\/\/www.notibras.com\/site\/","name":"Notibras","description":"Not\u00edcias de Bras\u00edlia, do Brasil e do Mundo","publisher":{"@id":"https:\/\/www.notibras.com\/site\/#organization"},"potentialAction":[{"@type":"SearchAction","target":{"@type":"EntryPoint","urlTemplate":"https:\/\/www.notibras.com\/site\/?s={search_term_string}"},"query-input":{"@type":"PropertyValueSpecification","valueRequired":true,"valueName":"search_term_string"}}],"inLanguage":"pt-BR"},{"@type":"Organization","@id":"https:\/\/www.notibras.com\/site\/#organization","name":"Grupo Notibras de Comunica\u00e7\u00e3o","url":"https:\/\/www.notibras.com\/site\/","logo":{"@type":"ImageObject","inLanguage":"pt-BR","@id":"https:\/\/www.notibras.com\/site\/#\/schema\/logo\/image\/","url":"https:\/\/www.notibras.com\/site\/wp-content\/uploads\/2023\/01\/notibras23.png","contentUrl":"https:\/\/www.notibras.com\/site\/wp-content\/uploads\/2023\/01\/notibras23.png","width":350,"height":87,"caption":"Grupo Notibras de Comunica\u00e7\u00e3o"},"image":{"@id":"https:\/\/www.notibras.com\/site\/#\/schema\/logo\/image\/"},"sameAs":["https:\/\/www.facebook.com\/notibras\/","https:\/\/x.com\/Notibras","https:\/\/www.instagram.com\/notibras\/"]},{"@type":"Person","@id":"https:\/\/www.notibras.com\/site\/#\/schema\/person\/00b8e1aa08f9ef6563e878c5159d01cf","name":"Reda\u00e7\u00e3o","image":{"@type":"ImageObject","inLanguage":"pt-BR","@id":"https:\/\/secure.gravatar.com\/avatar\/ac5a707d5b47784a5ed426c6e213e201423c750890f64e4c379114dade67dfb9?s=96&d=mm&r=g","url":"https:\/\/secure.gravatar.com\/avatar\/ac5a707d5b47784a5ed426c6e213e201423c750890f64e4c379114dade67dfb9?s=96&d=mm&r=g","contentUrl":"https:\/\/secure.gravatar.com\/avatar\/ac5a707d5b47784a5ed426c6e213e201423c750890f64e4c379114dade67dfb9?s=96&d=mm&r=g","caption":"Reda\u00e7\u00e3o"}}]}},"amp_enabled":true,"_links":{"self":[{"href":"https:\/\/www.notibras.com\/site\/wp-json\/wp\/v2\/posts\/50429","targetHints":{"allow":["GET"]}}],"collection":[{"href":"https:\/\/www.notibras.com\/site\/wp-json\/wp\/v2\/posts"}],"about":[{"href":"https:\/\/www.notibras.com\/site\/wp-json\/wp\/v2\/types\/post"}],"author":[{"embeddable":true,"href":"https:\/\/www.notibras.com\/site\/wp-json\/wp\/v2\/users\/1"}],"replies":[{"embeddable":true,"href":"https:\/\/www.notibras.com\/site\/wp-json\/wp\/v2\/comments?post=50429"}],"version-history":[{"count":0,"href":"https:\/\/www.notibras.com\/site\/wp-json\/wp\/v2\/posts\/50429\/revisions"}],"wp:featuredmedia":[{"embeddable":true,"href":"https:\/\/www.notibras.com\/site\/wp-json\/wp\/v2\/media\/50438"}],"wp:attachment":[{"href":"https:\/\/www.notibras.com\/site\/wp-json\/wp\/v2\/media?parent=50429"}],"wp:term":[{"taxonomy":"category","embeddable":true,"href":"https:\/\/www.notibras.com\/site\/wp-json\/wp\/v2\/categories?post=50429"},{"taxonomy":"post_tag","embeddable":true,"href":"https:\/\/www.notibras.com\/site\/wp-json\/wp\/v2\/tags?post=50429"}],"curies":[{"name":"wp","href":"https:\/\/api.w.org\/{rel}","templated":true}]}}