{"id":50471,"date":"2015-05-26T07:11:55","date_gmt":"2015-05-26T10:11:55","guid":{"rendered":"http:\/\/www.notibras.com\/site\/?p=50471"},"modified":"2015-05-26T12:27:47","modified_gmt":"2015-05-26T15:27:47","slug":"ciencia-entra-mna-guerra-da-maioridade-penal-jovem-infrator-e-impulsivo","status":"publish","type":"post","link":"https:\/\/www.notibras.com\/site\/ciencia-entra-mna-guerra-da-maioridade-penal-jovem-infrator-e-impulsivo\/","title":{"rendered":"Ci\u00eancia entra na guerra da maioridade penal. Infrator \u00e9 impulsivo"},"content":{"rendered":"<p>Cientistas da Universidade Cornell, nos Estados Unidos, observaram, em um estudo recente, o motivo que pode tornar adolescentes impulsivos e infratores. Exames de neuroimagem em jovens mostraram que o c\u00f3rtex pr\u00e9-frontal, regi\u00e3o do c\u00e9rebro ligada \u00e0 tomada de decis\u00e3o, ou seja, que nos faz pensar antes de agir, ainda est\u00e1 em forma\u00e7\u00e3o nos adolescentes. Essa \u00e1rea do c\u00e9rebro tende a ficar &#8216;madura&#8217; somente aos 20 anos.<\/p>\n<p>Por outro lado, a regi\u00e3o cerebral associada \u00e0s emo\u00e7\u00f5es e \u00e0 impulsividade, conhecida como sistema l\u00edmbico, tem um pico de desenvolvimento durante essa fase da vida, o que aumenta a propens\u00e3o dos jovens a agirem mais com a emo\u00e7\u00e3o do que com a raz\u00e3o.<\/p>\n<p>Esse desequil\u00edbrio no desenvolvimento torna os adolescentes mais propensos ao risco sem medir as consequ\u00eancias. Os jovens s\u00e3o mais extremados em seus sentimentos \u2013 \u00e9 s\u00f3 nos lembrarmos do sofrimento que foi a primeira paix\u00e3o, os primeiros goles de \u00e1lcool e o cigarro fumado escondido dos pais s\u00f3 para se sentir aceito em um grupo.<\/p>\n<blockquote><p>O aumento da emotividade e da impulsividade seriam gatilhos naturais para atitudes extremadas, inclusive para cometer crimes, segundo a neurocientista BJ Casey, diretora do Escola de Medicina Weill, da Universidade Cornell, que liderou o estudo. As diferen\u00e7as biol\u00f3gicas foram observadas em exames de neuroimagem feitos primeiramente em camundongos jovens e depois em humanos por meio de testes que testavam rea\u00e7\u00f5es no mesmo momento em que seus c\u00e9rebros eram examinados em aparelhos de resson\u00e2ncia magn\u00e9tica.<\/p><\/blockquote>\n<p>&#8220;Nosso trabalho sugere que h\u00e1 uma r\u00e1pida acelera\u00e7\u00e3o no desenvolvimento dos centros de emo\u00e7\u00e3o no c\u00e9rebro durante a puberdade, enquanto o c\u00f3rtex pr\u00e9-frontal, que regula as emo\u00e7\u00f5es inibindo estes centros, ainda est\u00e1 se desenvolvendo lentamente nos adolescentes&#8221;, diz Casey em entrevista ao <strong>UOL<\/strong> por e-mail.<\/p>\n<p>&#8220;As observa\u00e7\u00f5es do estudo foram de encontro com o que os criminologistas chamam de &#8216;curva idade-crime&#8217;, ou o nascimento do comportamento criminal, especialmente no sexo masculino, durante a adolesc\u00eancia, com picos em torno dos 17 anos&#8221;, ressalta Casey.<\/p>\n<p>A pesquisa observou que os adolescentes costumavam tomar decis\u00f5es mais arriscadas do que adultos e crian\u00e7as, principalmente quando agiam em grupo. &#8220;Com o c\u00e9rebro n\u00e3o totalmente desenvolvido, o adolescente pode ser levado a cometer decis\u00f5es pouco acertadas que lhe causam problemas, mas ele n\u00e3o pensa nas consequ\u00eancias de suas a\u00e7\u00f5es no calor do momento, especialmente se estiver em grupo ou se sentindo amea\u00e7ado&#8221;, diz Casey.<\/p>\n<p>Por ser algo que tende a mudar com o tempo, j\u00e1 que o c\u00e9rebro continua se desenvolvendo, a pesquisadora \u00e9 contra a pris\u00e3o de adolescentes em casos de crimes. Para Casey, o ideal \u00e9 inclui-los em programas de reabilita\u00e7\u00e3o para recuper\u00e1-los o quanto antes.<\/p>\n<blockquote><p>&#8220;O c\u00e9rebro \u00e9 conectado por meio de experi\u00eancias, e, durante a adolesc\u00eancia, o indiv\u00edduo precisa de oportunidades para aprender a enfrentar os desafios sociais, intelectuais e sexuais da vida adulta de forma socialmente aceit\u00e1veis. Infelizmente, o encarceramento raramente inclui modelos adultos socialmente aceit\u00e1veis ou colegas com boa conduta social e, muitas vezes, inclui confinamento solit\u00e1rio. Por isso, n\u00e3o s\u00e3o pelas oportunidades na pris\u00e3o que eles v\u00e3o aprimorar as suas habilidades sociais de forma socialmente aceitas&#8221;, afirma.<\/p><\/blockquote>\n<p>Casey d\u00e1 como exemplo seu pr\u00f3prio pa\u00eds, os Estados Unidos, onde h\u00e1 uma discuss\u00e3o para aumentar a maioridade penal\u00a0para 18 anos em Estados onde ela \u00e9 menor. Segundo a pesquisadora, as decis\u00f5es levaram em conta a falta de provas que indiquem que a pris\u00e3o de adolescentes evite a reincid\u00eancia criminal.<\/p>\n<p>&#8220;Adolescentes devem ser responsabilizados por seus crimes, mas o tratamento de um adolescente como um adulto \u00e9 uma puni\u00e7\u00e3o cruel quando eles t\u00eam a capacidade de regular seu pr\u00f3prio comportamento reduzida. A maioria dos crimes de adolescentes n\u00e3o s\u00e3o os violentos e aqueles que s\u00e3o geralmente ocorrem com problemas de sa\u00fade mental. Estes jovens precisam de servi\u00e7os e tratamento em um ambiente seguro e que os mantenham a salvo&#8221;, diz.<\/p>\n<p>No caso dos psicopatas, a coisa muda de figura. H\u00e1 jovens que naturalmente s\u00e3o maldosos e v\u00e3o cometer crimes deliberadamente se eles se mantiverem em liberdade, por isso devem ficar presos, segundo o neurocientista Ricardo de Oliveira Souza, da Universidade Federal do Rio de Janeiro, que pesquisa a morfologia do c\u00e9rebro psicopata.<\/p>\n<p>De acordo com o neurocientista, exames de neuroimagem, como a resson\u00e2ncia magn\u00e9tica, j\u00e1 s\u00e3o capazes de ver detalhes no c\u00e9rebro que indicam tra\u00e7os psicopatas em jovens. No entanto, seu uso n\u00e3o \u00e9 indicado no Brasil por quest\u00f5es \u00e9ticas. Nos Estados Unidos, esses exames j\u00e1 s\u00e3o usados em alguns casos policiais.<\/p>\n<blockquote><p>&#8220;Existe instrumentos cl\u00ednicos de diagn\u00f3stico e at\u00e9 de progn\u00f3stico para psicopatia com precis\u00e3o de 85%. O exame de neuroimagem detectaria experimentalmente, mas n\u00e3o \u00e9 correto usar como prova pericial, exceto em caso em que haja les\u00e3o cerebral adquirida&#8221;, afirma.<\/p><\/blockquote>\n<p>Por\u00e9m, ele afirma ser necess\u00e1rio diferenciar criminosos comuns de psicopatas. E se for comprovada a psicopatia, essas pessoas devem ser retiradas da sociedade, segundo Souza.<\/p>\n<p>&#8220;O ambiente tem modula\u00e7\u00e3o nas pessoas normais, mas h\u00e1 indiv\u00edduos que nascem maus, s\u00e3o os psicopatas que s\u00e3o 3% da popula\u00e7\u00e3o. Quando se tem esse diagn\u00f3stico \u00e9 importante admitir que essas pessoas n\u00e3o v\u00e3o se recuperar. O ideal \u00e9 que elas fiquem confinadas eternamente&#8221;, diz.<\/p>\n","protected":false},"excerpt":{"rendered":"<p>Cientistas da Universidade Cornell, nos Estados Unidos, observaram, em um estudo recente, o motivo que pode tornar adolescentes impulsivos e infratores. Exames de neuroimagem em jovens mostraram que o c\u00f3rtex pr\u00e9-frontal, regi\u00e3o do c\u00e9rebro ligada \u00e0 tomada de decis\u00e3o, ou seja, que nos faz pensar antes de agir, ainda est\u00e1 em forma\u00e7\u00e3o nos adolescentes. Essa [&hellip;]<\/p>\n","protected":false},"author":2,"featured_media":50472,"comment_status":"open","ping_status":"closed","sticky":false,"template":"","format":"standard","meta":{"_acf_changed":false,"footnotes":""},"categories":[16],"tags":[],"class_list":["post-50471","post","type-post","status-publish","format-standard","has-post-thumbnail","hentry","category-brasil"],"acf":[],"yoast_head":"<!-- This site is optimized with the Yoast SEO plugin v27.2 - https:\/\/yoast.com\/product\/yoast-seo-wordpress\/ -->\n<title>Ci\u00eancia entra na guerra da maioridade penal. Infrator \u00e9 impulsivo - Notibras<\/title>\n<meta name=\"robots\" content=\"index, follow, max-snippet:-1, max-image-preview:large, max-video-preview:-1\" \/>\n<link rel=\"canonical\" href=\"https:\/\/www.notibras.com\/site\/ciencia-entra-mna-guerra-da-maioridade-penal-jovem-infrator-e-impulsivo\/\" \/>\n<meta property=\"og:locale\" content=\"pt_BR\" \/>\n<meta property=\"og:type\" content=\"article\" \/>\n<meta property=\"og:title\" content=\"Ci\u00eancia entra na guerra da maioridade penal. Infrator \u00e9 impulsivo - Notibras\" \/>\n<meta property=\"og:description\" content=\"Cientistas da Universidade Cornell, nos Estados Unidos, observaram, em um estudo recente, o motivo que pode tornar adolescentes impulsivos e infratores. Exames de neuroimagem em jovens mostraram que o c\u00f3rtex pr\u00e9-frontal, regi\u00e3o do c\u00e9rebro ligada \u00e0 tomada de decis\u00e3o, ou seja, que nos faz pensar antes de agir, ainda est\u00e1 em forma\u00e7\u00e3o nos adolescentes. Essa [&hellip;]\" \/>\n<meta property=\"og:url\" content=\"https:\/\/www.notibras.com\/site\/ciencia-entra-mna-guerra-da-maioridade-penal-jovem-infrator-e-impulsivo\/\" \/>\n<meta property=\"og:site_name\" content=\"Notibras\" \/>\n<meta property=\"article:publisher\" content=\"https:\/\/www.facebook.com\/notibras\/\" \/>\n<meta property=\"article:published_time\" content=\"2015-05-26T10:11:55+00:00\" \/>\n<meta property=\"article:modified_time\" content=\"2015-05-26T15:27:47+00:00\" \/>\n<meta property=\"og:image\" content=\"https:\/\/www.notibras.com\/site\/wp-content\/uploads\/2015\/05\/menorin.jpg\" \/>\n\t<meta property=\"og:image:width\" content=\"620\" \/>\n\t<meta property=\"og:image:height\" content=\"405\" \/>\n\t<meta property=\"og:image:type\" content=\"image\/jpeg\" \/>\n<meta name=\"author\" content=\"Reda\u00e7\u00e3o\" \/>\n<meta name=\"twitter:card\" content=\"summary_large_image\" \/>\n<meta name=\"twitter:creator\" content=\"@Notibras\" \/>\n<meta name=\"twitter:site\" content=\"@Notibras\" \/>\n<meta name=\"twitter:label1\" content=\"Escrito por\" \/>\n\t<meta name=\"twitter:data1\" content=\"Reda\u00e7\u00e3o\" \/>\n\t<meta name=\"twitter:label2\" content=\"Est. tempo de leitura\" \/>\n\t<meta name=\"twitter:data2\" content=\"5 minutos\" \/>\n<script type=\"application\/ld+json\" class=\"yoast-schema-graph\">{\"@context\":\"https:\/\/schema.org\",\"@graph\":[{\"@type\":\"Article\",\"@id\":\"https:\/\/www.notibras.com\/site\/ciencia-entra-mna-guerra-da-maioridade-penal-jovem-infrator-e-impulsivo\/#article\",\"isPartOf\":{\"@id\":\"https:\/\/www.notibras.com\/site\/ciencia-entra-mna-guerra-da-maioridade-penal-jovem-infrator-e-impulsivo\/\"},\"author\":{\"name\":\"Reda\u00e7\u00e3o\",\"@id\":\"https:\/\/www.notibras.com\/site\/#\/schema\/person\/36ab0979449956132d3e5b517ea76ac8\"},\"headline\":\"Ci\u00eancia entra na guerra da maioridade penal. Infrator \u00e9 impulsivo\",\"datePublished\":\"2015-05-26T10:11:55+00:00\",\"dateModified\":\"2015-05-26T15:27:47+00:00\",\"mainEntityOfPage\":{\"@id\":\"https:\/\/www.notibras.com\/site\/ciencia-entra-mna-guerra-da-maioridade-penal-jovem-infrator-e-impulsivo\/\"},\"wordCount\":928,\"commentCount\":0,\"publisher\":{\"@id\":\"https:\/\/www.notibras.com\/site\/#organization\"},\"image\":{\"@id\":\"https:\/\/www.notibras.com\/site\/ciencia-entra-mna-guerra-da-maioridade-penal-jovem-infrator-e-impulsivo\/#primaryimage\"},\"thumbnailUrl\":\"https:\/\/www.notibras.com\/site\/wp-content\/uploads\/2015\/05\/menorin.jpg\",\"articleSection\":[\"Brasil\"],\"inLanguage\":\"pt-BR\",\"potentialAction\":[{\"@type\":\"CommentAction\",\"name\":\"Comment\",\"target\":[\"https:\/\/www.notibras.com\/site\/ciencia-entra-mna-guerra-da-maioridade-penal-jovem-infrator-e-impulsivo\/#respond\"]}]},{\"@type\":\"WebPage\",\"@id\":\"https:\/\/www.notibras.com\/site\/ciencia-entra-mna-guerra-da-maioridade-penal-jovem-infrator-e-impulsivo\/\",\"url\":\"https:\/\/www.notibras.com\/site\/ciencia-entra-mna-guerra-da-maioridade-penal-jovem-infrator-e-impulsivo\/\",\"name\":\"Ci\u00eancia entra na guerra da maioridade penal. Infrator \u00e9 impulsivo - Notibras\",\"isPartOf\":{\"@id\":\"https:\/\/www.notibras.com\/site\/#website\"},\"primaryImageOfPage\":{\"@id\":\"https:\/\/www.notibras.com\/site\/ciencia-entra-mna-guerra-da-maioridade-penal-jovem-infrator-e-impulsivo\/#primaryimage\"},\"image\":{\"@id\":\"https:\/\/www.notibras.com\/site\/ciencia-entra-mna-guerra-da-maioridade-penal-jovem-infrator-e-impulsivo\/#primaryimage\"},\"thumbnailUrl\":\"https:\/\/www.notibras.com\/site\/wp-content\/uploads\/2015\/05\/menorin.jpg\",\"datePublished\":\"2015-05-26T10:11:55+00:00\",\"dateModified\":\"2015-05-26T15:27:47+00:00\",\"breadcrumb\":{\"@id\":\"https:\/\/www.notibras.com\/site\/ciencia-entra-mna-guerra-da-maioridade-penal-jovem-infrator-e-impulsivo\/#breadcrumb\"},\"inLanguage\":\"pt-BR\",\"potentialAction\":[{\"@type\":\"ReadAction\",\"target\":[\"https:\/\/www.notibras.com\/site\/ciencia-entra-mna-guerra-da-maioridade-penal-jovem-infrator-e-impulsivo\/\"]}]},{\"@type\":\"ImageObject\",\"inLanguage\":\"pt-BR\",\"@id\":\"https:\/\/www.notibras.com\/site\/ciencia-entra-mna-guerra-da-maioridade-penal-jovem-infrator-e-impulsivo\/#primaryimage\",\"url\":\"https:\/\/www.notibras.com\/site\/wp-content\/uploads\/2015\/05\/menorin.jpg\",\"contentUrl\":\"https:\/\/www.notibras.com\/site\/wp-content\/uploads\/2015\/05\/menorin.jpg\",\"width\":620,\"height\":405},{\"@type\":\"BreadcrumbList\",\"@id\":\"https:\/\/www.notibras.com\/site\/ciencia-entra-mna-guerra-da-maioridade-penal-jovem-infrator-e-impulsivo\/#breadcrumb\",\"itemListElement\":[{\"@type\":\"ListItem\",\"position\":1,\"name\":\"In\u00edcio\",\"item\":\"https:\/\/www.notibras.com\/site\/\"},{\"@type\":\"ListItem\",\"position\":2,\"name\":\"Ci\u00eancia entra na guerra da maioridade penal. Infrator \u00e9 impulsivo\"}]},{\"@type\":\"WebSite\",\"@id\":\"https:\/\/www.notibras.com\/site\/#website\",\"url\":\"https:\/\/www.notibras.com\/site\/\",\"name\":\"Notibras\",\"description\":\"Not\u00edcias de Bras\u00edlia, do Brasil e do Mundo\",\"publisher\":{\"@id\":\"https:\/\/www.notibras.com\/site\/#organization\"},\"potentialAction\":[{\"@type\":\"SearchAction\",\"target\":{\"@type\":\"EntryPoint\",\"urlTemplate\":\"https:\/\/www.notibras.com\/site\/?s={search_term_string}\"},\"query-input\":{\"@type\":\"PropertyValueSpecification\",\"valueRequired\":true,\"valueName\":\"search_term_string\"}}],\"inLanguage\":\"pt-BR\"},{\"@type\":\"Organization\",\"@id\":\"https:\/\/www.notibras.com\/site\/#organization\",\"name\":\"Grupo Notibras de Comunica\u00e7\u00e3o\",\"url\":\"https:\/\/www.notibras.com\/site\/\",\"logo\":{\"@type\":\"ImageObject\",\"inLanguage\":\"pt-BR\",\"@id\":\"https:\/\/www.notibras.com\/site\/#\/schema\/logo\/image\/\",\"url\":\"https:\/\/www.notibras.com\/site\/wp-content\/uploads\/2023\/01\/notibras23.png\",\"contentUrl\":\"https:\/\/www.notibras.com\/site\/wp-content\/uploads\/2023\/01\/notibras23.png\",\"width\":350,\"height\":87,\"caption\":\"Grupo Notibras de Comunica\u00e7\u00e3o\"},\"image\":{\"@id\":\"https:\/\/www.notibras.com\/site\/#\/schema\/logo\/image\/\"},\"sameAs\":[\"https:\/\/www.facebook.com\/notibras\/\",\"https:\/\/x.com\/Notibras\",\"https:\/\/www.instagram.com\/notibras\/\"]},{\"@type\":\"Person\",\"@id\":\"https:\/\/www.notibras.com\/site\/#\/schema\/person\/36ab0979449956132d3e5b517ea76ac8\",\"name\":\"Reda\u00e7\u00e3o\",\"image\":{\"@type\":\"ImageObject\",\"inLanguage\":\"pt-BR\",\"@id\":\"https:\/\/secure.gravatar.com\/avatar\/e0a867bdedb85fd243eadf09663511f96fc81e0720a4a42581f334ad4303aa6b?s=96&d=mm&r=g\",\"url\":\"https:\/\/secure.gravatar.com\/avatar\/e0a867bdedb85fd243eadf09663511f96fc81e0720a4a42581f334ad4303aa6b?s=96&d=mm&r=g\",\"contentUrl\":\"https:\/\/secure.gravatar.com\/avatar\/e0a867bdedb85fd243eadf09663511f96fc81e0720a4a42581f334ad4303aa6b?s=96&d=mm&r=g\",\"caption\":\"Reda\u00e7\u00e3o\"}}]}<\/script>\n<!-- \/ Yoast SEO plugin. -->","yoast_head_json":{"title":"Ci\u00eancia entra na guerra da maioridade penal. Infrator \u00e9 impulsivo - Notibras","robots":{"index":"index","follow":"follow","max-snippet":"max-snippet:-1","max-image-preview":"max-image-preview:large","max-video-preview":"max-video-preview:-1"},"canonical":"https:\/\/www.notibras.com\/site\/ciencia-entra-mna-guerra-da-maioridade-penal-jovem-infrator-e-impulsivo\/","og_locale":"pt_BR","og_type":"article","og_title":"Ci\u00eancia entra na guerra da maioridade penal. Infrator \u00e9 impulsivo - Notibras","og_description":"Cientistas da Universidade Cornell, nos Estados Unidos, observaram, em um estudo recente, o motivo que pode tornar adolescentes impulsivos e infratores. Exames de neuroimagem em jovens mostraram que o c\u00f3rtex pr\u00e9-frontal, regi\u00e3o do c\u00e9rebro ligada \u00e0 tomada de decis\u00e3o, ou seja, que nos faz pensar antes de agir, ainda est\u00e1 em forma\u00e7\u00e3o nos adolescentes. Essa [&hellip;]","og_url":"https:\/\/www.notibras.com\/site\/ciencia-entra-mna-guerra-da-maioridade-penal-jovem-infrator-e-impulsivo\/","og_site_name":"Notibras","article_publisher":"https:\/\/www.facebook.com\/notibras\/","article_published_time":"2015-05-26T10:11:55+00:00","article_modified_time":"2015-05-26T15:27:47+00:00","og_image":[{"width":620,"height":405,"url":"https:\/\/www.notibras.com\/site\/wp-content\/uploads\/2015\/05\/menorin.jpg","type":"image\/jpeg"}],"author":"Reda\u00e7\u00e3o","twitter_card":"summary_large_image","twitter_creator":"@Notibras","twitter_site":"@Notibras","twitter_misc":{"Escrito por":"Reda\u00e7\u00e3o","Est. tempo de leitura":"5 minutos"},"schema":{"@context":"https:\/\/schema.org","@graph":[{"@type":"Article","@id":"https:\/\/www.notibras.com\/site\/ciencia-entra-mna-guerra-da-maioridade-penal-jovem-infrator-e-impulsivo\/#article","isPartOf":{"@id":"https:\/\/www.notibras.com\/site\/ciencia-entra-mna-guerra-da-maioridade-penal-jovem-infrator-e-impulsivo\/"},"author":{"name":"Reda\u00e7\u00e3o","@id":"https:\/\/www.notibras.com\/site\/#\/schema\/person\/36ab0979449956132d3e5b517ea76ac8"},"headline":"Ci\u00eancia entra na guerra da maioridade penal. Infrator \u00e9 impulsivo","datePublished":"2015-05-26T10:11:55+00:00","dateModified":"2015-05-26T15:27:47+00:00","mainEntityOfPage":{"@id":"https:\/\/www.notibras.com\/site\/ciencia-entra-mna-guerra-da-maioridade-penal-jovem-infrator-e-impulsivo\/"},"wordCount":928,"commentCount":0,"publisher":{"@id":"https:\/\/www.notibras.com\/site\/#organization"},"image":{"@id":"https:\/\/www.notibras.com\/site\/ciencia-entra-mna-guerra-da-maioridade-penal-jovem-infrator-e-impulsivo\/#primaryimage"},"thumbnailUrl":"https:\/\/www.notibras.com\/site\/wp-content\/uploads\/2015\/05\/menorin.jpg","articleSection":["Brasil"],"inLanguage":"pt-BR","potentialAction":[{"@type":"CommentAction","name":"Comment","target":["https:\/\/www.notibras.com\/site\/ciencia-entra-mna-guerra-da-maioridade-penal-jovem-infrator-e-impulsivo\/#respond"]}]},{"@type":"WebPage","@id":"https:\/\/www.notibras.com\/site\/ciencia-entra-mna-guerra-da-maioridade-penal-jovem-infrator-e-impulsivo\/","url":"https:\/\/www.notibras.com\/site\/ciencia-entra-mna-guerra-da-maioridade-penal-jovem-infrator-e-impulsivo\/","name":"Ci\u00eancia entra na guerra da maioridade penal. Infrator \u00e9 impulsivo - Notibras","isPartOf":{"@id":"https:\/\/www.notibras.com\/site\/#website"},"primaryImageOfPage":{"@id":"https:\/\/www.notibras.com\/site\/ciencia-entra-mna-guerra-da-maioridade-penal-jovem-infrator-e-impulsivo\/#primaryimage"},"image":{"@id":"https:\/\/www.notibras.com\/site\/ciencia-entra-mna-guerra-da-maioridade-penal-jovem-infrator-e-impulsivo\/#primaryimage"},"thumbnailUrl":"https:\/\/www.notibras.com\/site\/wp-content\/uploads\/2015\/05\/menorin.jpg","datePublished":"2015-05-26T10:11:55+00:00","dateModified":"2015-05-26T15:27:47+00:00","breadcrumb":{"@id":"https:\/\/www.notibras.com\/site\/ciencia-entra-mna-guerra-da-maioridade-penal-jovem-infrator-e-impulsivo\/#breadcrumb"},"inLanguage":"pt-BR","potentialAction":[{"@type":"ReadAction","target":["https:\/\/www.notibras.com\/site\/ciencia-entra-mna-guerra-da-maioridade-penal-jovem-infrator-e-impulsivo\/"]}]},{"@type":"ImageObject","inLanguage":"pt-BR","@id":"https:\/\/www.notibras.com\/site\/ciencia-entra-mna-guerra-da-maioridade-penal-jovem-infrator-e-impulsivo\/#primaryimage","url":"https:\/\/www.notibras.com\/site\/wp-content\/uploads\/2015\/05\/menorin.jpg","contentUrl":"https:\/\/www.notibras.com\/site\/wp-content\/uploads\/2015\/05\/menorin.jpg","width":620,"height":405},{"@type":"BreadcrumbList","@id":"https:\/\/www.notibras.com\/site\/ciencia-entra-mna-guerra-da-maioridade-penal-jovem-infrator-e-impulsivo\/#breadcrumb","itemListElement":[{"@type":"ListItem","position":1,"name":"In\u00edcio","item":"https:\/\/www.notibras.com\/site\/"},{"@type":"ListItem","position":2,"name":"Ci\u00eancia entra na guerra da maioridade penal. Infrator \u00e9 impulsivo"}]},{"@type":"WebSite","@id":"https:\/\/www.notibras.com\/site\/#website","url":"https:\/\/www.notibras.com\/site\/","name":"Notibras","description":"Not\u00edcias de Bras\u00edlia, do Brasil e do Mundo","publisher":{"@id":"https:\/\/www.notibras.com\/site\/#organization"},"potentialAction":[{"@type":"SearchAction","target":{"@type":"EntryPoint","urlTemplate":"https:\/\/www.notibras.com\/site\/?s={search_term_string}"},"query-input":{"@type":"PropertyValueSpecification","valueRequired":true,"valueName":"search_term_string"}}],"inLanguage":"pt-BR"},{"@type":"Organization","@id":"https:\/\/www.notibras.com\/site\/#organization","name":"Grupo Notibras de Comunica\u00e7\u00e3o","url":"https:\/\/www.notibras.com\/site\/","logo":{"@type":"ImageObject","inLanguage":"pt-BR","@id":"https:\/\/www.notibras.com\/site\/#\/schema\/logo\/image\/","url":"https:\/\/www.notibras.com\/site\/wp-content\/uploads\/2023\/01\/notibras23.png","contentUrl":"https:\/\/www.notibras.com\/site\/wp-content\/uploads\/2023\/01\/notibras23.png","width":350,"height":87,"caption":"Grupo Notibras de Comunica\u00e7\u00e3o"},"image":{"@id":"https:\/\/www.notibras.com\/site\/#\/schema\/logo\/image\/"},"sameAs":["https:\/\/www.facebook.com\/notibras\/","https:\/\/x.com\/Notibras","https:\/\/www.instagram.com\/notibras\/"]},{"@type":"Person","@id":"https:\/\/www.notibras.com\/site\/#\/schema\/person\/36ab0979449956132d3e5b517ea76ac8","name":"Reda\u00e7\u00e3o","image":{"@type":"ImageObject","inLanguage":"pt-BR","@id":"https:\/\/secure.gravatar.com\/avatar\/e0a867bdedb85fd243eadf09663511f96fc81e0720a4a42581f334ad4303aa6b?s=96&d=mm&r=g","url":"https:\/\/secure.gravatar.com\/avatar\/e0a867bdedb85fd243eadf09663511f96fc81e0720a4a42581f334ad4303aa6b?s=96&d=mm&r=g","contentUrl":"https:\/\/secure.gravatar.com\/avatar\/e0a867bdedb85fd243eadf09663511f96fc81e0720a4a42581f334ad4303aa6b?s=96&d=mm&r=g","caption":"Reda\u00e7\u00e3o"}}]}},"amp_enabled":true,"_links":{"self":[{"href":"https:\/\/www.notibras.com\/site\/wp-json\/wp\/v2\/posts\/50471","targetHints":{"allow":["GET"]}}],"collection":[{"href":"https:\/\/www.notibras.com\/site\/wp-json\/wp\/v2\/posts"}],"about":[{"href":"https:\/\/www.notibras.com\/site\/wp-json\/wp\/v2\/types\/post"}],"author":[{"embeddable":true,"href":"https:\/\/www.notibras.com\/site\/wp-json\/wp\/v2\/users\/2"}],"replies":[{"embeddable":true,"href":"https:\/\/www.notibras.com\/site\/wp-json\/wp\/v2\/comments?post=50471"}],"version-history":[{"count":0,"href":"https:\/\/www.notibras.com\/site\/wp-json\/wp\/v2\/posts\/50471\/revisions"}],"wp:featuredmedia":[{"embeddable":true,"href":"https:\/\/www.notibras.com\/site\/wp-json\/wp\/v2\/media\/50472"}],"wp:attachment":[{"href":"https:\/\/www.notibras.com\/site\/wp-json\/wp\/v2\/media?parent=50471"}],"wp:term":[{"taxonomy":"category","embeddable":true,"href":"https:\/\/www.notibras.com\/site\/wp-json\/wp\/v2\/categories?post=50471"},{"taxonomy":"post_tag","embeddable":true,"href":"https:\/\/www.notibras.com\/site\/wp-json\/wp\/v2\/tags?post=50471"}],"curies":[{"name":"wp","href":"https:\/\/api.w.org\/{rel}","templated":true}]}}