{"id":50479,"date":"2015-05-26T07:43:05","date_gmt":"2015-05-26T10:43:05","guid":{"rendered":"http:\/\/www.notibras.com\/site\/?p=50479"},"modified":"2015-05-26T15:34:41","modified_gmt":"2015-05-26T18:34:41","slug":"cunha-bate-o-martelo-e-vai-para-o-tudo-ou-nada-na-reforma-politica","status":"publish","type":"post","link":"https:\/\/www.notibras.com\/site\/cunha-bate-o-martelo-e-vai-para-o-tudo-ou-nada-na-reforma-politica\/","title":{"rendered":"Cunha bate o martelo e vai para o tudo ou nada na reforma pol\u00edtica"},"content":{"rendered":"<header>\n<div class=\"node-info\">O presidente da C\u00e2mara, deputado Eduardo Cunha (PMDB-RJ), bateu o martelo e colocar\u00e1 o texto da reforma pol\u00edtica para ser votado diretamente pelo Plen\u00e1rio. Foi para o tudo ou nada, apenas com uma certeza: o resultado da vota\u00e7\u00e3o \u00e9 imprevis\u00edvel, At\u00e9 porque, avalia, \u00e9 uma decis\u00e3o pessoal de cada deputado e n\u00e3o da bancada a qual perten\u00e7a. \u201cEssa vota\u00e7\u00e3o n\u00e3o tem previsibilidade. A decis\u00e3o de cada um deixa de ser partid\u00e1ria, passa a ser de car\u00e1ter\u00a0pessoal\u201d.<\/div>\n<\/header>\n<div class=\"content\">\n<p>Cunha informou que a vota\u00e7\u00e3o &#8211; que come\u00e7a nesta ter\u00e7a-feira 26 &#8211; ser\u00e1 por proposta de emenda \u00e0 Constitui\u00e7\u00e3o (PEC)l e os temas que forem aprovados passar\u00e3o a fazer parte do texto da Constitui\u00e7\u00e3o. De acordo com o presidente da C\u00e2mara, a vota\u00e7\u00e3o poder\u00e1 ser feita por meio de uma emenda aglutinativa de temas constantes de PECs em aprecia\u00e7\u00e3o na Casa. \u201cA vota\u00e7\u00e3o pode ser atrav\u00e9s de emenda aglutinativa e\u00a0ter\u00a0destaques de prefer\u00eancia de itens em substitui\u00e7\u00e3o a artigos da emenda\u201d, disse.<\/p>\n<blockquote><p>Perguntado se acredita que a reforma pol\u00edtica ser\u00e1 aprovada, Cunha preferiu fazer uma an\u00e1lise dos aspectos pol\u00edticos da reforma. \u201cSe nenhum dos modelos alcan\u00e7ar o n\u00famero [de votos], significa que a op\u00e7\u00e3o do Parlamento foi manter o modelo que t\u00e1 a\u00ed, que \u00e9 uma forma de votar tamb\u00e9m. Quando voc\u00ea n\u00e3o passa qualquer modelo, significa que a op\u00e7\u00e3o da maioria \u00e9 permanecer como est\u00e1. Significa que est\u00e3o satisfeitos como est\u00e1, mas vai acabar a hipocrisia de chegar aqui pregando a reforma pol\u00edtica. Amanh\u00e3 aqueles que pregam a reforma\u00a0 pol\u00edtica v\u00e3o\u00a0ter\u00a0a oportunidade de votar\u201d.<\/p><\/blockquote>\n<p>O presidente da C\u00e2mara, que \u00e9 defensor do modelo chamado de distrit\u00e3o, disse que ele \u00e9 melhor que o sistema proporcional. \u00a0\u201cO distrit\u00e3o tem uma grande vantagem, os eleitores entendem. Os mais votados s\u00e3o eleitos. Hoje, os eleitores votam em um candidato e elegem um partido. A elei\u00e7\u00e3o j\u00e1 \u00e9 personalizada, mas o resultado da elei\u00e7\u00e3o passa a ser partid\u00e1ria\u201d.<\/p>\n<p>Embora a reforma pol\u00edtica tenha sido debatida por quase tr\u00eas meses por uma comiss\u00e3o especial criada para isso, ela n\u00e3o chegou a ser votada. O ent\u00e3o relator da comiss\u00e3o, deputado Marcelo Castro (PMDB-PI), apresentou seu parecer mexendo no mandato dos senadores. A medida desagradou alguns parlamentares, entre eles o presidente da C\u00e2mara. Cunha entende que a Casa n\u00e3o deve mexer na quest\u00e3o do mandato dos senadores. \u201cN\u00e3o vejo chance do relat\u00f3rio da comiss\u00e3o ser aprovado em plen\u00e1rio. A maioria das bancadas n\u00e3o quer o conjunto do que est\u00e1 saindo da comiss\u00e3o\u201d.<\/p>\n<p><strong>Da Reda\u00e7\u00e3o com Iolando Louren\u00e7o, da ABr<\/strong><\/p>\n<\/div>\n","protected":false},"excerpt":{"rendered":"<p>O presidente da C\u00e2mara, deputado Eduardo Cunha (PMDB-RJ), bateu o martelo e colocar\u00e1 o texto da reforma pol\u00edtica para ser votado diretamente pelo Plen\u00e1rio. Foi para o tudo ou nada, apenas com uma certeza: o resultado da vota\u00e7\u00e3o \u00e9 imprevis\u00edvel, At\u00e9 porque, avalia, \u00e9 uma decis\u00e3o pessoal de cada deputado e n\u00e3o da bancada a [&hellip;]<\/p>\n","protected":false},"author":2,"featured_media":50480,"comment_status":"open","ping_status":"closed","sticky":false,"template":"","format":"standard","meta":{"_acf_changed":false,"footnotes":""},"categories":[16],"tags":[],"class_list":["post-50479","post","type-post","status-publish","format-standard","has-post-thumbnail","hentry","category-brasil"],"acf":[],"yoast_head":"<!-- This site is optimized with the Yoast SEO plugin v27.2 - https:\/\/yoast.com\/product\/yoast-seo-wordpress\/ -->\n<title>Cunha bate o martelo e vai para o tudo ou nada na reforma pol\u00edtica - Notibras<\/title>\n<meta name=\"robots\" content=\"index, follow, max-snippet:-1, max-image-preview:large, max-video-preview:-1\" \/>\n<link rel=\"canonical\" href=\"https:\/\/www.notibras.com\/site\/cunha-bate-o-martelo-e-vai-para-o-tudo-ou-nada-na-reforma-politica\/\" \/>\n<meta property=\"og:locale\" content=\"pt_BR\" \/>\n<meta property=\"og:type\" content=\"article\" \/>\n<meta property=\"og:title\" content=\"Cunha bate o martelo e vai para o tudo ou nada na reforma pol\u00edtica - Notibras\" \/>\n<meta property=\"og:description\" content=\"O presidente da C\u00e2mara, deputado Eduardo Cunha (PMDB-RJ), bateu o martelo e colocar\u00e1 o texto da reforma pol\u00edtica para ser votado diretamente pelo Plen\u00e1rio. Foi para o tudo ou nada, apenas com uma certeza: o resultado da vota\u00e7\u00e3o \u00e9 imprevis\u00edvel, At\u00e9 porque, avalia, \u00e9 uma decis\u00e3o pessoal de cada deputado e n\u00e3o da bancada a [&hellip;]\" \/>\n<meta property=\"og:url\" content=\"https:\/\/www.notibras.com\/site\/cunha-bate-o-martelo-e-vai-para-o-tudo-ou-nada-na-reforma-politica\/\" \/>\n<meta property=\"og:site_name\" content=\"Notibras\" \/>\n<meta property=\"article:publisher\" content=\"https:\/\/www.facebook.com\/notibras\/\" \/>\n<meta property=\"article:published_time\" content=\"2015-05-26T10:43:05+00:00\" \/>\n<meta property=\"article:modified_time\" content=\"2015-05-26T18:34:41+00:00\" \/>\n<meta property=\"og:image\" content=\"https:\/\/www.notibras.com\/site\/wp-content\/uploads\/2015\/05\/camara-mpagencia-camara.jpg\" \/>\n\t<meta property=\"og:image:width\" content=\"940\" \/>\n\t<meta property=\"og:image:height\" content=\"615\" \/>\n\t<meta property=\"og:image:type\" content=\"image\/jpeg\" \/>\n<meta name=\"author\" content=\"Reda\u00e7\u00e3o\" \/>\n<meta name=\"twitter:card\" content=\"summary_large_image\" \/>\n<meta name=\"twitter:creator\" content=\"@Notibras\" \/>\n<meta name=\"twitter:site\" content=\"@Notibras\" \/>\n<meta name=\"twitter:label1\" content=\"Escrito por\" \/>\n\t<meta name=\"twitter:data1\" content=\"Reda\u00e7\u00e3o\" \/>\n\t<meta name=\"twitter:label2\" content=\"Est. tempo de leitura\" \/>\n\t<meta name=\"twitter:data2\" content=\"2 minutos\" \/>\n<script type=\"application\/ld+json\" class=\"yoast-schema-graph\">{\"@context\":\"https:\/\/schema.org\",\"@graph\":[{\"@type\":\"Article\",\"@id\":\"https:\/\/www.notibras.com\/site\/cunha-bate-o-martelo-e-vai-para-o-tudo-ou-nada-na-reforma-politica\/#article\",\"isPartOf\":{\"@id\":\"https:\/\/www.notibras.com\/site\/cunha-bate-o-martelo-e-vai-para-o-tudo-ou-nada-na-reforma-politica\/\"},\"author\":{\"name\":\"Reda\u00e7\u00e3o\",\"@id\":\"https:\/\/www.notibras.com\/site\/#\/schema\/person\/36ab0979449956132d3e5b517ea76ac8\"},\"headline\":\"Cunha bate o martelo e vai para o tudo ou nada na reforma pol\u00edtica\",\"datePublished\":\"2015-05-26T10:43:05+00:00\",\"dateModified\":\"2015-05-26T18:34:41+00:00\",\"mainEntityOfPage\":{\"@id\":\"https:\/\/www.notibras.com\/site\/cunha-bate-o-martelo-e-vai-para-o-tudo-ou-nada-na-reforma-politica\/\"},\"wordCount\":483,\"commentCount\":0,\"publisher\":{\"@id\":\"https:\/\/www.notibras.com\/site\/#organization\"},\"image\":{\"@id\":\"https:\/\/www.notibras.com\/site\/cunha-bate-o-martelo-e-vai-para-o-tudo-ou-nada-na-reforma-politica\/#primaryimage\"},\"thumbnailUrl\":\"https:\/\/www.notibras.com\/site\/wp-content\/uploads\/2015\/05\/camara-mpagencia-camara.jpg\",\"articleSection\":[\"Brasil\"],\"inLanguage\":\"pt-BR\",\"potentialAction\":[{\"@type\":\"CommentAction\",\"name\":\"Comment\",\"target\":[\"https:\/\/www.notibras.com\/site\/cunha-bate-o-martelo-e-vai-para-o-tudo-ou-nada-na-reforma-politica\/#respond\"]}]},{\"@type\":\"WebPage\",\"@id\":\"https:\/\/www.notibras.com\/site\/cunha-bate-o-martelo-e-vai-para-o-tudo-ou-nada-na-reforma-politica\/\",\"url\":\"https:\/\/www.notibras.com\/site\/cunha-bate-o-martelo-e-vai-para-o-tudo-ou-nada-na-reforma-politica\/\",\"name\":\"Cunha bate o martelo e vai para o tudo ou nada na reforma pol\u00edtica - Notibras\",\"isPartOf\":{\"@id\":\"https:\/\/www.notibras.com\/site\/#website\"},\"primaryImageOfPage\":{\"@id\":\"https:\/\/www.notibras.com\/site\/cunha-bate-o-martelo-e-vai-para-o-tudo-ou-nada-na-reforma-politica\/#primaryimage\"},\"image\":{\"@id\":\"https:\/\/www.notibras.com\/site\/cunha-bate-o-martelo-e-vai-para-o-tudo-ou-nada-na-reforma-politica\/#primaryimage\"},\"thumbnailUrl\":\"https:\/\/www.notibras.com\/site\/wp-content\/uploads\/2015\/05\/camara-mpagencia-camara.jpg\",\"datePublished\":\"2015-05-26T10:43:05+00:00\",\"dateModified\":\"2015-05-26T18:34:41+00:00\",\"breadcrumb\":{\"@id\":\"https:\/\/www.notibras.com\/site\/cunha-bate-o-martelo-e-vai-para-o-tudo-ou-nada-na-reforma-politica\/#breadcrumb\"},\"inLanguage\":\"pt-BR\",\"potentialAction\":[{\"@type\":\"ReadAction\",\"target\":[\"https:\/\/www.notibras.com\/site\/cunha-bate-o-martelo-e-vai-para-o-tudo-ou-nada-na-reforma-politica\/\"]}]},{\"@type\":\"ImageObject\",\"inLanguage\":\"pt-BR\",\"@id\":\"https:\/\/www.notibras.com\/site\/cunha-bate-o-martelo-e-vai-para-o-tudo-ou-nada-na-reforma-politica\/#primaryimage\",\"url\":\"https:\/\/www.notibras.com\/site\/wp-content\/uploads\/2015\/05\/camara-mpagencia-camara.jpg\",\"contentUrl\":\"https:\/\/www.notibras.com\/site\/wp-content\/uploads\/2015\/05\/camara-mpagencia-camara.jpg\",\"width\":940,\"height\":615},{\"@type\":\"BreadcrumbList\",\"@id\":\"https:\/\/www.notibras.com\/site\/cunha-bate-o-martelo-e-vai-para-o-tudo-ou-nada-na-reforma-politica\/#breadcrumb\",\"itemListElement\":[{\"@type\":\"ListItem\",\"position\":1,\"name\":\"In\u00edcio\",\"item\":\"https:\/\/www.notibras.com\/site\/\"},{\"@type\":\"ListItem\",\"position\":2,\"name\":\"Cunha bate o martelo e vai para o tudo ou nada na reforma pol\u00edtica\"}]},{\"@type\":\"WebSite\",\"@id\":\"https:\/\/www.notibras.com\/site\/#website\",\"url\":\"https:\/\/www.notibras.com\/site\/\",\"name\":\"Notibras\",\"description\":\"Not\u00edcias de Bras\u00edlia, do Brasil e do Mundo\",\"publisher\":{\"@id\":\"https:\/\/www.notibras.com\/site\/#organization\"},\"potentialAction\":[{\"@type\":\"SearchAction\",\"target\":{\"@type\":\"EntryPoint\",\"urlTemplate\":\"https:\/\/www.notibras.com\/site\/?s={search_term_string}\"},\"query-input\":{\"@type\":\"PropertyValueSpecification\",\"valueRequired\":true,\"valueName\":\"search_term_string\"}}],\"inLanguage\":\"pt-BR\"},{\"@type\":\"Organization\",\"@id\":\"https:\/\/www.notibras.com\/site\/#organization\",\"name\":\"Grupo Notibras de Comunica\u00e7\u00e3o\",\"url\":\"https:\/\/www.notibras.com\/site\/\",\"logo\":{\"@type\":\"ImageObject\",\"inLanguage\":\"pt-BR\",\"@id\":\"https:\/\/www.notibras.com\/site\/#\/schema\/logo\/image\/\",\"url\":\"https:\/\/www.notibras.com\/site\/wp-content\/uploads\/2023\/01\/notibras23.png\",\"contentUrl\":\"https:\/\/www.notibras.com\/site\/wp-content\/uploads\/2023\/01\/notibras23.png\",\"width\":350,\"height\":87,\"caption\":\"Grupo Notibras de Comunica\u00e7\u00e3o\"},\"image\":{\"@id\":\"https:\/\/www.notibras.com\/site\/#\/schema\/logo\/image\/\"},\"sameAs\":[\"https:\/\/www.facebook.com\/notibras\/\",\"https:\/\/x.com\/Notibras\",\"https:\/\/www.instagram.com\/notibras\/\"]},{\"@type\":\"Person\",\"@id\":\"https:\/\/www.notibras.com\/site\/#\/schema\/person\/36ab0979449956132d3e5b517ea76ac8\",\"name\":\"Reda\u00e7\u00e3o\",\"image\":{\"@type\":\"ImageObject\",\"inLanguage\":\"pt-BR\",\"@id\":\"https:\/\/secure.gravatar.com\/avatar\/e0a867bdedb85fd243eadf09663511f96fc81e0720a4a42581f334ad4303aa6b?s=96&d=mm&r=g\",\"url\":\"https:\/\/secure.gravatar.com\/avatar\/e0a867bdedb85fd243eadf09663511f96fc81e0720a4a42581f334ad4303aa6b?s=96&d=mm&r=g\",\"contentUrl\":\"https:\/\/secure.gravatar.com\/avatar\/e0a867bdedb85fd243eadf09663511f96fc81e0720a4a42581f334ad4303aa6b?s=96&d=mm&r=g\",\"caption\":\"Reda\u00e7\u00e3o\"}}]}<\/script>\n<!-- \/ Yoast SEO plugin. -->","yoast_head_json":{"title":"Cunha bate o martelo e vai para o tudo ou nada na reforma pol\u00edtica - Notibras","robots":{"index":"index","follow":"follow","max-snippet":"max-snippet:-1","max-image-preview":"max-image-preview:large","max-video-preview":"max-video-preview:-1"},"canonical":"https:\/\/www.notibras.com\/site\/cunha-bate-o-martelo-e-vai-para-o-tudo-ou-nada-na-reforma-politica\/","og_locale":"pt_BR","og_type":"article","og_title":"Cunha bate o martelo e vai para o tudo ou nada na reforma pol\u00edtica - Notibras","og_description":"O presidente da C\u00e2mara, deputado Eduardo Cunha (PMDB-RJ), bateu o martelo e colocar\u00e1 o texto da reforma pol\u00edtica para ser votado diretamente pelo Plen\u00e1rio. Foi para o tudo ou nada, apenas com uma certeza: o resultado da vota\u00e7\u00e3o \u00e9 imprevis\u00edvel, At\u00e9 porque, avalia, \u00e9 uma decis\u00e3o pessoal de cada deputado e n\u00e3o da bancada a [&hellip;]","og_url":"https:\/\/www.notibras.com\/site\/cunha-bate-o-martelo-e-vai-para-o-tudo-ou-nada-na-reforma-politica\/","og_site_name":"Notibras","article_publisher":"https:\/\/www.facebook.com\/notibras\/","article_published_time":"2015-05-26T10:43:05+00:00","article_modified_time":"2015-05-26T18:34:41+00:00","og_image":[{"width":940,"height":615,"url":"https:\/\/www.notibras.com\/site\/wp-content\/uploads\/2015\/05\/camara-mpagencia-camara.jpg","type":"image\/jpeg"}],"author":"Reda\u00e7\u00e3o","twitter_card":"summary_large_image","twitter_creator":"@Notibras","twitter_site":"@Notibras","twitter_misc":{"Escrito por":"Reda\u00e7\u00e3o","Est. tempo de leitura":"2 minutos"},"schema":{"@context":"https:\/\/schema.org","@graph":[{"@type":"Article","@id":"https:\/\/www.notibras.com\/site\/cunha-bate-o-martelo-e-vai-para-o-tudo-ou-nada-na-reforma-politica\/#article","isPartOf":{"@id":"https:\/\/www.notibras.com\/site\/cunha-bate-o-martelo-e-vai-para-o-tudo-ou-nada-na-reforma-politica\/"},"author":{"name":"Reda\u00e7\u00e3o","@id":"https:\/\/www.notibras.com\/site\/#\/schema\/person\/36ab0979449956132d3e5b517ea76ac8"},"headline":"Cunha bate o martelo e vai para o tudo ou nada na reforma pol\u00edtica","datePublished":"2015-05-26T10:43:05+00:00","dateModified":"2015-05-26T18:34:41+00:00","mainEntityOfPage":{"@id":"https:\/\/www.notibras.com\/site\/cunha-bate-o-martelo-e-vai-para-o-tudo-ou-nada-na-reforma-politica\/"},"wordCount":483,"commentCount":0,"publisher":{"@id":"https:\/\/www.notibras.com\/site\/#organization"},"image":{"@id":"https:\/\/www.notibras.com\/site\/cunha-bate-o-martelo-e-vai-para-o-tudo-ou-nada-na-reforma-politica\/#primaryimage"},"thumbnailUrl":"https:\/\/www.notibras.com\/site\/wp-content\/uploads\/2015\/05\/camara-mpagencia-camara.jpg","articleSection":["Brasil"],"inLanguage":"pt-BR","potentialAction":[{"@type":"CommentAction","name":"Comment","target":["https:\/\/www.notibras.com\/site\/cunha-bate-o-martelo-e-vai-para-o-tudo-ou-nada-na-reforma-politica\/#respond"]}]},{"@type":"WebPage","@id":"https:\/\/www.notibras.com\/site\/cunha-bate-o-martelo-e-vai-para-o-tudo-ou-nada-na-reforma-politica\/","url":"https:\/\/www.notibras.com\/site\/cunha-bate-o-martelo-e-vai-para-o-tudo-ou-nada-na-reforma-politica\/","name":"Cunha bate o martelo e vai para o tudo ou nada na reforma pol\u00edtica - Notibras","isPartOf":{"@id":"https:\/\/www.notibras.com\/site\/#website"},"primaryImageOfPage":{"@id":"https:\/\/www.notibras.com\/site\/cunha-bate-o-martelo-e-vai-para-o-tudo-ou-nada-na-reforma-politica\/#primaryimage"},"image":{"@id":"https:\/\/www.notibras.com\/site\/cunha-bate-o-martelo-e-vai-para-o-tudo-ou-nada-na-reforma-politica\/#primaryimage"},"thumbnailUrl":"https:\/\/www.notibras.com\/site\/wp-content\/uploads\/2015\/05\/camara-mpagencia-camara.jpg","datePublished":"2015-05-26T10:43:05+00:00","dateModified":"2015-05-26T18:34:41+00:00","breadcrumb":{"@id":"https:\/\/www.notibras.com\/site\/cunha-bate-o-martelo-e-vai-para-o-tudo-ou-nada-na-reforma-politica\/#breadcrumb"},"inLanguage":"pt-BR","potentialAction":[{"@type":"ReadAction","target":["https:\/\/www.notibras.com\/site\/cunha-bate-o-martelo-e-vai-para-o-tudo-ou-nada-na-reforma-politica\/"]}]},{"@type":"ImageObject","inLanguage":"pt-BR","@id":"https:\/\/www.notibras.com\/site\/cunha-bate-o-martelo-e-vai-para-o-tudo-ou-nada-na-reforma-politica\/#primaryimage","url":"https:\/\/www.notibras.com\/site\/wp-content\/uploads\/2015\/05\/camara-mpagencia-camara.jpg","contentUrl":"https:\/\/www.notibras.com\/site\/wp-content\/uploads\/2015\/05\/camara-mpagencia-camara.jpg","width":940,"height":615},{"@type":"BreadcrumbList","@id":"https:\/\/www.notibras.com\/site\/cunha-bate-o-martelo-e-vai-para-o-tudo-ou-nada-na-reforma-politica\/#breadcrumb","itemListElement":[{"@type":"ListItem","position":1,"name":"In\u00edcio","item":"https:\/\/www.notibras.com\/site\/"},{"@type":"ListItem","position":2,"name":"Cunha bate o martelo e vai para o tudo ou nada na reforma pol\u00edtica"}]},{"@type":"WebSite","@id":"https:\/\/www.notibras.com\/site\/#website","url":"https:\/\/www.notibras.com\/site\/","name":"Notibras","description":"Not\u00edcias de Bras\u00edlia, do Brasil e do Mundo","publisher":{"@id":"https:\/\/www.notibras.com\/site\/#organization"},"potentialAction":[{"@type":"SearchAction","target":{"@type":"EntryPoint","urlTemplate":"https:\/\/www.notibras.com\/site\/?s={search_term_string}"},"query-input":{"@type":"PropertyValueSpecification","valueRequired":true,"valueName":"search_term_string"}}],"inLanguage":"pt-BR"},{"@type":"Organization","@id":"https:\/\/www.notibras.com\/site\/#organization","name":"Grupo Notibras de Comunica\u00e7\u00e3o","url":"https:\/\/www.notibras.com\/site\/","logo":{"@type":"ImageObject","inLanguage":"pt-BR","@id":"https:\/\/www.notibras.com\/site\/#\/schema\/logo\/image\/","url":"https:\/\/www.notibras.com\/site\/wp-content\/uploads\/2023\/01\/notibras23.png","contentUrl":"https:\/\/www.notibras.com\/site\/wp-content\/uploads\/2023\/01\/notibras23.png","width":350,"height":87,"caption":"Grupo Notibras de Comunica\u00e7\u00e3o"},"image":{"@id":"https:\/\/www.notibras.com\/site\/#\/schema\/logo\/image\/"},"sameAs":["https:\/\/www.facebook.com\/notibras\/","https:\/\/x.com\/Notibras","https:\/\/www.instagram.com\/notibras\/"]},{"@type":"Person","@id":"https:\/\/www.notibras.com\/site\/#\/schema\/person\/36ab0979449956132d3e5b517ea76ac8","name":"Reda\u00e7\u00e3o","image":{"@type":"ImageObject","inLanguage":"pt-BR","@id":"https:\/\/secure.gravatar.com\/avatar\/e0a867bdedb85fd243eadf09663511f96fc81e0720a4a42581f334ad4303aa6b?s=96&d=mm&r=g","url":"https:\/\/secure.gravatar.com\/avatar\/e0a867bdedb85fd243eadf09663511f96fc81e0720a4a42581f334ad4303aa6b?s=96&d=mm&r=g","contentUrl":"https:\/\/secure.gravatar.com\/avatar\/e0a867bdedb85fd243eadf09663511f96fc81e0720a4a42581f334ad4303aa6b?s=96&d=mm&r=g","caption":"Reda\u00e7\u00e3o"}}]}},"amp_enabled":true,"_links":{"self":[{"href":"https:\/\/www.notibras.com\/site\/wp-json\/wp\/v2\/posts\/50479","targetHints":{"allow":["GET"]}}],"collection":[{"href":"https:\/\/www.notibras.com\/site\/wp-json\/wp\/v2\/posts"}],"about":[{"href":"https:\/\/www.notibras.com\/site\/wp-json\/wp\/v2\/types\/post"}],"author":[{"embeddable":true,"href":"https:\/\/www.notibras.com\/site\/wp-json\/wp\/v2\/users\/2"}],"replies":[{"embeddable":true,"href":"https:\/\/www.notibras.com\/site\/wp-json\/wp\/v2\/comments?post=50479"}],"version-history":[{"count":0,"href":"https:\/\/www.notibras.com\/site\/wp-json\/wp\/v2\/posts\/50479\/revisions"}],"wp:featuredmedia":[{"embeddable":true,"href":"https:\/\/www.notibras.com\/site\/wp-json\/wp\/v2\/media\/50480"}],"wp:attachment":[{"href":"https:\/\/www.notibras.com\/site\/wp-json\/wp\/v2\/media?parent=50479"}],"wp:term":[{"taxonomy":"category","embeddable":true,"href":"https:\/\/www.notibras.com\/site\/wp-json\/wp\/v2\/categories?post=50479"},{"taxonomy":"post_tag","embeddable":true,"href":"https:\/\/www.notibras.com\/site\/wp-json\/wp\/v2\/tags?post=50479"}],"curies":[{"name":"wp","href":"https:\/\/api.w.org\/{rel}","templated":true}]}}