{"id":50482,"date":"2015-05-26T07:47:45","date_gmt":"2015-05-26T10:47:45","guid":{"rendered":"http:\/\/www.notibras.com\/site\/?p=50482"},"modified":"2015-05-26T07:47:45","modified_gmt":"2015-05-26T10:47:45","slug":"universidades-cansam-de-promessas-e-entram-em-greve-quinta-feira","status":"publish","type":"post","link":"https:\/\/www.notibras.com\/site\/universidades-cansam-de-promessas-e-entram-em-greve-quinta-feira\/","title":{"rendered":"Universidades cansam de promessas e entram em greve quinta-feira"},"content":{"rendered":"<p>Os docentes nas institui\u00e7\u00f5es federais de ensino superior do pa\u00eds entram em greve a partir de quinta-feira (28), por tempo indeterminado. Segundo o presidente do Sindicato Nacional dos Docentes das Institui\u00e7\u00f5es de Ensino Superior , Paulo Rizzo, a crise das universidades est\u00e1 mais profunda.<\/p>\n<p>As negocia\u00e7\u00f5es com o Minist\u00e9rio da Educa\u00e7\u00e3o (MEC) n\u00e3o tiveram solu\u00e7\u00e3o e a greve foi a sa\u00edda para pressionar o governo a ampliar os investimentos na educa\u00e7\u00e3o. A diretoria do sindicato reuniu-se com representantes do MEC na \u00faltima sexta-feira (22), mas n\u00e3o houve acordos entre as partes.<\/p>\n<blockquote><p>\u201cA reuni\u00e3o foi muito ruim, porque o acordo de organiza\u00e7\u00e3o de carreira que t\u00ednhamos firmado com o ent\u00e3o secret\u00e1rio de Ensino Superior [Paulo Speller] foi suspensa com a justificativa de falta de autonomia para firmar tal acordo\u201d, disse o presidente. \u201cEles [representantes do MEC] disseram que n\u00e3o h\u00e1 nada para negociar conosco.\u201d<\/p><\/blockquote>\n<p>A pauta do setor das institui\u00e7\u00f5es federais de ensino superior est\u00e1 dividida em cinco eixos: a defesa do car\u00e1ter p\u00fablico da educa\u00e7\u00e3o, as condi\u00e7\u00f5es de trabalho, a garantia de autonomia, a reestrutura\u00e7\u00e3o da carreira e a valoriza\u00e7\u00e3o salarial dos professores ativos e aposentados. Rizzo disse que as negocia\u00e7\u00f5es do momento referem-se ao que vai entrar no Projeto de Lei Or\u00e7ament\u00e1ria de 2016, com previs\u00e3o de fechamento no m\u00eas de agosto.<\/p>\n<p>Com o an\u00fancio do corte de R$ 9,43 bilh\u00f5es no Or\u00e7amento do minist\u00e9rio em 2015, o presidente do sindicato acredita que as atividades acad\u00eamicas podem ser comprometidas. \u201cH\u00e1 pr\u00e9dios que n\u00e3o foram constru\u00eddos, laborat\u00f3rios que n\u00e3o est\u00e3o prontos e que se forem suspensos os concursos p\u00fablicos, vai faltar professor para as universidades\u201d. Com o Programa de Apoio a Planos de Reestrutura\u00e7\u00e3o e Expans\u00e3o das Universidades Federais (Reuni), que busca ampliar o acesso e a perman\u00eancia na educa\u00e7\u00e3o superior, os investimentos aumentaram e, com ele, a demanda por professores em todas as universidades.<\/p>\n<p>De acordo com Rizzo, a greve come\u00e7a no dia 28 para os locais que aprovaram a paralisa\u00e7\u00e3o e no decorrer da semana ocorrer\u00e3o as ades\u00f5es das outras institui\u00e7\u00f5es de ensino. \u201cH\u00e1 muitas universidades que esperam as maiores entrarem primeiro em greve para ent\u00e3o aderir.\u201d<\/p>\n","protected":false},"excerpt":{"rendered":"<p>Os docentes nas institui\u00e7\u00f5es federais de ensino superior do pa\u00eds entram em greve a partir de quinta-feira (28), por tempo indeterminado. Segundo o presidente do Sindicato Nacional dos Docentes das Institui\u00e7\u00f5es de Ensino Superior , Paulo Rizzo, a crise das universidades est\u00e1 mais profunda. As negocia\u00e7\u00f5es com o Minist\u00e9rio da Educa\u00e7\u00e3o (MEC) n\u00e3o tiveram solu\u00e7\u00e3o [&hellip;]<\/p>\n","protected":false},"author":2,"featured_media":50483,"comment_status":"open","ping_status":"closed","sticky":false,"template":"","format":"standard","meta":{"_acf_changed":false,"footnotes":""},"categories":[16],"tags":[],"class_list":["post-50482","post","type-post","status-publish","format-standard","has-post-thumbnail","hentry","category-brasil"],"acf":[],"yoast_head":"<!-- This site is optimized with the Yoast SEO plugin v27.2 - https:\/\/yoast.com\/product\/yoast-seo-wordpress\/ -->\n<title>Universidades cansam de promessas e entram em greve quinta-feira - Notibras<\/title>\n<meta name=\"robots\" content=\"index, follow, max-snippet:-1, max-image-preview:large, max-video-preview:-1\" \/>\n<link rel=\"canonical\" href=\"https:\/\/www.notibras.com\/site\/universidades-cansam-de-promessas-e-entram-em-greve-quinta-feira\/\" \/>\n<meta property=\"og:locale\" content=\"pt_BR\" \/>\n<meta property=\"og:type\" content=\"article\" \/>\n<meta property=\"og:title\" content=\"Universidades cansam de promessas e entram em greve quinta-feira - Notibras\" \/>\n<meta property=\"og:description\" content=\"Os docentes nas institui\u00e7\u00f5es federais de ensino superior do pa\u00eds entram em greve a partir de quinta-feira (28), por tempo indeterminado. Segundo o presidente do Sindicato Nacional dos Docentes das Institui\u00e7\u00f5es de Ensino Superior , Paulo Rizzo, a crise das universidades est\u00e1 mais profunda. As negocia\u00e7\u00f5es com o Minist\u00e9rio da Educa\u00e7\u00e3o (MEC) n\u00e3o tiveram solu\u00e7\u00e3o [&hellip;]\" \/>\n<meta property=\"og:url\" content=\"https:\/\/www.notibras.com\/site\/universidades-cansam-de-promessas-e-entram-em-greve-quinta-feira\/\" \/>\n<meta property=\"og:site_name\" content=\"Notibras\" \/>\n<meta property=\"article:publisher\" content=\"https:\/\/www.facebook.com\/notibras\/\" \/>\n<meta property=\"article:published_time\" content=\"2015-05-26T10:47:45+00:00\" \/>\n<meta property=\"og:image\" content=\"https:\/\/www.notibras.com\/site\/wp-content\/uploads\/2015\/05\/passeata_na_usp62347.jpg\" \/>\n\t<meta property=\"og:image:width\" content=\"472\" \/>\n\t<meta property=\"og:image:height\" content=\"332\" \/>\n\t<meta property=\"og:image:type\" content=\"image\/jpeg\" \/>\n<meta name=\"author\" content=\"Reda\u00e7\u00e3o\" \/>\n<meta name=\"twitter:card\" content=\"summary_large_image\" \/>\n<meta name=\"twitter:creator\" content=\"@Notibras\" \/>\n<meta name=\"twitter:site\" content=\"@Notibras\" \/>\n<meta name=\"twitter:label1\" content=\"Escrito por\" \/>\n\t<meta name=\"twitter:data1\" content=\"Reda\u00e7\u00e3o\" \/>\n\t<meta name=\"twitter:label2\" content=\"Est. tempo de leitura\" \/>\n\t<meta name=\"twitter:data2\" content=\"2 minutos\" \/>\n<script type=\"application\/ld+json\" class=\"yoast-schema-graph\">{\"@context\":\"https:\/\/schema.org\",\"@graph\":[{\"@type\":\"Article\",\"@id\":\"https:\/\/www.notibras.com\/site\/universidades-cansam-de-promessas-e-entram-em-greve-quinta-feira\/#article\",\"isPartOf\":{\"@id\":\"https:\/\/www.notibras.com\/site\/universidades-cansam-de-promessas-e-entram-em-greve-quinta-feira\/\"},\"author\":{\"name\":\"Reda\u00e7\u00e3o\",\"@id\":\"https:\/\/www.notibras.com\/site\/#\/schema\/person\/36ab0979449956132d3e5b517ea76ac8\"},\"headline\":\"Universidades cansam de promessas e entram em greve quinta-feira\",\"datePublished\":\"2015-05-26T10:47:45+00:00\",\"mainEntityOfPage\":{\"@id\":\"https:\/\/www.notibras.com\/site\/universidades-cansam-de-promessas-e-entram-em-greve-quinta-feira\/\"},\"wordCount\":402,\"commentCount\":0,\"publisher\":{\"@id\":\"https:\/\/www.notibras.com\/site\/#organization\"},\"image\":{\"@id\":\"https:\/\/www.notibras.com\/site\/universidades-cansam-de-promessas-e-entram-em-greve-quinta-feira\/#primaryimage\"},\"thumbnailUrl\":\"https:\/\/www.notibras.com\/site\/wp-content\/uploads\/2015\/05\/passeata_na_usp62347.jpg\",\"articleSection\":[\"Brasil\"],\"inLanguage\":\"pt-BR\",\"potentialAction\":[{\"@type\":\"CommentAction\",\"name\":\"Comment\",\"target\":[\"https:\/\/www.notibras.com\/site\/universidades-cansam-de-promessas-e-entram-em-greve-quinta-feira\/#respond\"]}]},{\"@type\":\"WebPage\",\"@id\":\"https:\/\/www.notibras.com\/site\/universidades-cansam-de-promessas-e-entram-em-greve-quinta-feira\/\",\"url\":\"https:\/\/www.notibras.com\/site\/universidades-cansam-de-promessas-e-entram-em-greve-quinta-feira\/\",\"name\":\"Universidades cansam de promessas e entram em greve quinta-feira - Notibras\",\"isPartOf\":{\"@id\":\"https:\/\/www.notibras.com\/site\/#website\"},\"primaryImageOfPage\":{\"@id\":\"https:\/\/www.notibras.com\/site\/universidades-cansam-de-promessas-e-entram-em-greve-quinta-feira\/#primaryimage\"},\"image\":{\"@id\":\"https:\/\/www.notibras.com\/site\/universidades-cansam-de-promessas-e-entram-em-greve-quinta-feira\/#primaryimage\"},\"thumbnailUrl\":\"https:\/\/www.notibras.com\/site\/wp-content\/uploads\/2015\/05\/passeata_na_usp62347.jpg\",\"datePublished\":\"2015-05-26T10:47:45+00:00\",\"breadcrumb\":{\"@id\":\"https:\/\/www.notibras.com\/site\/universidades-cansam-de-promessas-e-entram-em-greve-quinta-feira\/#breadcrumb\"},\"inLanguage\":\"pt-BR\",\"potentialAction\":[{\"@type\":\"ReadAction\",\"target\":[\"https:\/\/www.notibras.com\/site\/universidades-cansam-de-promessas-e-entram-em-greve-quinta-feira\/\"]}]},{\"@type\":\"ImageObject\",\"inLanguage\":\"pt-BR\",\"@id\":\"https:\/\/www.notibras.com\/site\/universidades-cansam-de-promessas-e-entram-em-greve-quinta-feira\/#primaryimage\",\"url\":\"https:\/\/www.notibras.com\/site\/wp-content\/uploads\/2015\/05\/passeata_na_usp62347.jpg\",\"contentUrl\":\"https:\/\/www.notibras.com\/site\/wp-content\/uploads\/2015\/05\/passeata_na_usp62347.jpg\",\"width\":472,\"height\":332},{\"@type\":\"BreadcrumbList\",\"@id\":\"https:\/\/www.notibras.com\/site\/universidades-cansam-de-promessas-e-entram-em-greve-quinta-feira\/#breadcrumb\",\"itemListElement\":[{\"@type\":\"ListItem\",\"position\":1,\"name\":\"In\u00edcio\",\"item\":\"https:\/\/www.notibras.com\/site\/\"},{\"@type\":\"ListItem\",\"position\":2,\"name\":\"Universidades cansam de promessas e entram em greve quinta-feira\"}]},{\"@type\":\"WebSite\",\"@id\":\"https:\/\/www.notibras.com\/site\/#website\",\"url\":\"https:\/\/www.notibras.com\/site\/\",\"name\":\"Notibras\",\"description\":\"Not\u00edcias de Bras\u00edlia, do Brasil e do Mundo\",\"publisher\":{\"@id\":\"https:\/\/www.notibras.com\/site\/#organization\"},\"potentialAction\":[{\"@type\":\"SearchAction\",\"target\":{\"@type\":\"EntryPoint\",\"urlTemplate\":\"https:\/\/www.notibras.com\/site\/?s={search_term_string}\"},\"query-input\":{\"@type\":\"PropertyValueSpecification\",\"valueRequired\":true,\"valueName\":\"search_term_string\"}}],\"inLanguage\":\"pt-BR\"},{\"@type\":\"Organization\",\"@id\":\"https:\/\/www.notibras.com\/site\/#organization\",\"name\":\"Grupo Notibras de Comunica\u00e7\u00e3o\",\"url\":\"https:\/\/www.notibras.com\/site\/\",\"logo\":{\"@type\":\"ImageObject\",\"inLanguage\":\"pt-BR\",\"@id\":\"https:\/\/www.notibras.com\/site\/#\/schema\/logo\/image\/\",\"url\":\"https:\/\/www.notibras.com\/site\/wp-content\/uploads\/2023\/01\/notibras23.png\",\"contentUrl\":\"https:\/\/www.notibras.com\/site\/wp-content\/uploads\/2023\/01\/notibras23.png\",\"width\":350,\"height\":87,\"caption\":\"Grupo Notibras de Comunica\u00e7\u00e3o\"},\"image\":{\"@id\":\"https:\/\/www.notibras.com\/site\/#\/schema\/logo\/image\/\"},\"sameAs\":[\"https:\/\/www.facebook.com\/notibras\/\",\"https:\/\/x.com\/Notibras\",\"https:\/\/www.instagram.com\/notibras\/\"]},{\"@type\":\"Person\",\"@id\":\"https:\/\/www.notibras.com\/site\/#\/schema\/person\/36ab0979449956132d3e5b517ea76ac8\",\"name\":\"Reda\u00e7\u00e3o\",\"image\":{\"@type\":\"ImageObject\",\"inLanguage\":\"pt-BR\",\"@id\":\"https:\/\/secure.gravatar.com\/avatar\/e0a867bdedb85fd243eadf09663511f96fc81e0720a4a42581f334ad4303aa6b?s=96&d=mm&r=g\",\"url\":\"https:\/\/secure.gravatar.com\/avatar\/e0a867bdedb85fd243eadf09663511f96fc81e0720a4a42581f334ad4303aa6b?s=96&d=mm&r=g\",\"contentUrl\":\"https:\/\/secure.gravatar.com\/avatar\/e0a867bdedb85fd243eadf09663511f96fc81e0720a4a42581f334ad4303aa6b?s=96&d=mm&r=g\",\"caption\":\"Reda\u00e7\u00e3o\"}}]}<\/script>\n<!-- \/ Yoast SEO plugin. -->","yoast_head_json":{"title":"Universidades cansam de promessas e entram em greve quinta-feira - Notibras","robots":{"index":"index","follow":"follow","max-snippet":"max-snippet:-1","max-image-preview":"max-image-preview:large","max-video-preview":"max-video-preview:-1"},"canonical":"https:\/\/www.notibras.com\/site\/universidades-cansam-de-promessas-e-entram-em-greve-quinta-feira\/","og_locale":"pt_BR","og_type":"article","og_title":"Universidades cansam de promessas e entram em greve quinta-feira - Notibras","og_description":"Os docentes nas institui\u00e7\u00f5es federais de ensino superior do pa\u00eds entram em greve a partir de quinta-feira (28), por tempo indeterminado. Segundo o presidente do Sindicato Nacional dos Docentes das Institui\u00e7\u00f5es de Ensino Superior , Paulo Rizzo, a crise das universidades est\u00e1 mais profunda. As negocia\u00e7\u00f5es com o Minist\u00e9rio da Educa\u00e7\u00e3o (MEC) n\u00e3o tiveram solu\u00e7\u00e3o [&hellip;]","og_url":"https:\/\/www.notibras.com\/site\/universidades-cansam-de-promessas-e-entram-em-greve-quinta-feira\/","og_site_name":"Notibras","article_publisher":"https:\/\/www.facebook.com\/notibras\/","article_published_time":"2015-05-26T10:47:45+00:00","og_image":[{"width":472,"height":332,"url":"https:\/\/www.notibras.com\/site\/wp-content\/uploads\/2015\/05\/passeata_na_usp62347.jpg","type":"image\/jpeg"}],"author":"Reda\u00e7\u00e3o","twitter_card":"summary_large_image","twitter_creator":"@Notibras","twitter_site":"@Notibras","twitter_misc":{"Escrito por":"Reda\u00e7\u00e3o","Est. tempo de leitura":"2 minutos"},"schema":{"@context":"https:\/\/schema.org","@graph":[{"@type":"Article","@id":"https:\/\/www.notibras.com\/site\/universidades-cansam-de-promessas-e-entram-em-greve-quinta-feira\/#article","isPartOf":{"@id":"https:\/\/www.notibras.com\/site\/universidades-cansam-de-promessas-e-entram-em-greve-quinta-feira\/"},"author":{"name":"Reda\u00e7\u00e3o","@id":"https:\/\/www.notibras.com\/site\/#\/schema\/person\/36ab0979449956132d3e5b517ea76ac8"},"headline":"Universidades cansam de promessas e entram em greve quinta-feira","datePublished":"2015-05-26T10:47:45+00:00","mainEntityOfPage":{"@id":"https:\/\/www.notibras.com\/site\/universidades-cansam-de-promessas-e-entram-em-greve-quinta-feira\/"},"wordCount":402,"commentCount":0,"publisher":{"@id":"https:\/\/www.notibras.com\/site\/#organization"},"image":{"@id":"https:\/\/www.notibras.com\/site\/universidades-cansam-de-promessas-e-entram-em-greve-quinta-feira\/#primaryimage"},"thumbnailUrl":"https:\/\/www.notibras.com\/site\/wp-content\/uploads\/2015\/05\/passeata_na_usp62347.jpg","articleSection":["Brasil"],"inLanguage":"pt-BR","potentialAction":[{"@type":"CommentAction","name":"Comment","target":["https:\/\/www.notibras.com\/site\/universidades-cansam-de-promessas-e-entram-em-greve-quinta-feira\/#respond"]}]},{"@type":"WebPage","@id":"https:\/\/www.notibras.com\/site\/universidades-cansam-de-promessas-e-entram-em-greve-quinta-feira\/","url":"https:\/\/www.notibras.com\/site\/universidades-cansam-de-promessas-e-entram-em-greve-quinta-feira\/","name":"Universidades cansam de promessas e entram em greve quinta-feira - Notibras","isPartOf":{"@id":"https:\/\/www.notibras.com\/site\/#website"},"primaryImageOfPage":{"@id":"https:\/\/www.notibras.com\/site\/universidades-cansam-de-promessas-e-entram-em-greve-quinta-feira\/#primaryimage"},"image":{"@id":"https:\/\/www.notibras.com\/site\/universidades-cansam-de-promessas-e-entram-em-greve-quinta-feira\/#primaryimage"},"thumbnailUrl":"https:\/\/www.notibras.com\/site\/wp-content\/uploads\/2015\/05\/passeata_na_usp62347.jpg","datePublished":"2015-05-26T10:47:45+00:00","breadcrumb":{"@id":"https:\/\/www.notibras.com\/site\/universidades-cansam-de-promessas-e-entram-em-greve-quinta-feira\/#breadcrumb"},"inLanguage":"pt-BR","potentialAction":[{"@type":"ReadAction","target":["https:\/\/www.notibras.com\/site\/universidades-cansam-de-promessas-e-entram-em-greve-quinta-feira\/"]}]},{"@type":"ImageObject","inLanguage":"pt-BR","@id":"https:\/\/www.notibras.com\/site\/universidades-cansam-de-promessas-e-entram-em-greve-quinta-feira\/#primaryimage","url":"https:\/\/www.notibras.com\/site\/wp-content\/uploads\/2015\/05\/passeata_na_usp62347.jpg","contentUrl":"https:\/\/www.notibras.com\/site\/wp-content\/uploads\/2015\/05\/passeata_na_usp62347.jpg","width":472,"height":332},{"@type":"BreadcrumbList","@id":"https:\/\/www.notibras.com\/site\/universidades-cansam-de-promessas-e-entram-em-greve-quinta-feira\/#breadcrumb","itemListElement":[{"@type":"ListItem","position":1,"name":"In\u00edcio","item":"https:\/\/www.notibras.com\/site\/"},{"@type":"ListItem","position":2,"name":"Universidades cansam de promessas e entram em greve quinta-feira"}]},{"@type":"WebSite","@id":"https:\/\/www.notibras.com\/site\/#website","url":"https:\/\/www.notibras.com\/site\/","name":"Notibras","description":"Not\u00edcias de Bras\u00edlia, do Brasil e do Mundo","publisher":{"@id":"https:\/\/www.notibras.com\/site\/#organization"},"potentialAction":[{"@type":"SearchAction","target":{"@type":"EntryPoint","urlTemplate":"https:\/\/www.notibras.com\/site\/?s={search_term_string}"},"query-input":{"@type":"PropertyValueSpecification","valueRequired":true,"valueName":"search_term_string"}}],"inLanguage":"pt-BR"},{"@type":"Organization","@id":"https:\/\/www.notibras.com\/site\/#organization","name":"Grupo Notibras de Comunica\u00e7\u00e3o","url":"https:\/\/www.notibras.com\/site\/","logo":{"@type":"ImageObject","inLanguage":"pt-BR","@id":"https:\/\/www.notibras.com\/site\/#\/schema\/logo\/image\/","url":"https:\/\/www.notibras.com\/site\/wp-content\/uploads\/2023\/01\/notibras23.png","contentUrl":"https:\/\/www.notibras.com\/site\/wp-content\/uploads\/2023\/01\/notibras23.png","width":350,"height":87,"caption":"Grupo Notibras de Comunica\u00e7\u00e3o"},"image":{"@id":"https:\/\/www.notibras.com\/site\/#\/schema\/logo\/image\/"},"sameAs":["https:\/\/www.facebook.com\/notibras\/","https:\/\/x.com\/Notibras","https:\/\/www.instagram.com\/notibras\/"]},{"@type":"Person","@id":"https:\/\/www.notibras.com\/site\/#\/schema\/person\/36ab0979449956132d3e5b517ea76ac8","name":"Reda\u00e7\u00e3o","image":{"@type":"ImageObject","inLanguage":"pt-BR","@id":"https:\/\/secure.gravatar.com\/avatar\/e0a867bdedb85fd243eadf09663511f96fc81e0720a4a42581f334ad4303aa6b?s=96&d=mm&r=g","url":"https:\/\/secure.gravatar.com\/avatar\/e0a867bdedb85fd243eadf09663511f96fc81e0720a4a42581f334ad4303aa6b?s=96&d=mm&r=g","contentUrl":"https:\/\/secure.gravatar.com\/avatar\/e0a867bdedb85fd243eadf09663511f96fc81e0720a4a42581f334ad4303aa6b?s=96&d=mm&r=g","caption":"Reda\u00e7\u00e3o"}}]}},"amp_enabled":true,"_links":{"self":[{"href":"https:\/\/www.notibras.com\/site\/wp-json\/wp\/v2\/posts\/50482","targetHints":{"allow":["GET"]}}],"collection":[{"href":"https:\/\/www.notibras.com\/site\/wp-json\/wp\/v2\/posts"}],"about":[{"href":"https:\/\/www.notibras.com\/site\/wp-json\/wp\/v2\/types\/post"}],"author":[{"embeddable":true,"href":"https:\/\/www.notibras.com\/site\/wp-json\/wp\/v2\/users\/2"}],"replies":[{"embeddable":true,"href":"https:\/\/www.notibras.com\/site\/wp-json\/wp\/v2\/comments?post=50482"}],"version-history":[{"count":0,"href":"https:\/\/www.notibras.com\/site\/wp-json\/wp\/v2\/posts\/50482\/revisions"}],"wp:featuredmedia":[{"embeddable":true,"href":"https:\/\/www.notibras.com\/site\/wp-json\/wp\/v2\/media\/50483"}],"wp:attachment":[{"href":"https:\/\/www.notibras.com\/site\/wp-json\/wp\/v2\/media?parent=50482"}],"wp:term":[{"taxonomy":"category","embeddable":true,"href":"https:\/\/www.notibras.com\/site\/wp-json\/wp\/v2\/categories?post=50482"},{"taxonomy":"post_tag","embeddable":true,"href":"https:\/\/www.notibras.com\/site\/wp-json\/wp\/v2\/tags?post=50482"}],"curies":[{"name":"wp","href":"https:\/\/api.w.org\/{rel}","templated":true}]}}