{"id":5051,"date":"2014-03-23T21:19:29","date_gmt":"2014-03-24T00:19:29","guid":{"rendered":"http:\/\/www.notibras.com\/site\/?p=5051"},"modified":"2014-03-23T21:26:11","modified_gmt":"2014-03-24T00:26:11","slug":"brasil-conquista-mais-ouros-no-segundo-dia-do-open-buenos-aires","status":"publish","type":"post","link":"https:\/\/www.notibras.com\/site\/brasil-conquista-mais-ouros-no-segundo-dia-do-open-buenos-aires\/","title":{"rendered":"Brasil conquista mais ouro na final do Open de Buenos Aires"},"content":{"rendered":"<p>A Sele\u00e7\u00e3o Brasileira encerrou sua participa\u00e7\u00e3o no Open de Buenos Aires, na Argentina, com sete medalhas, sendo quatro de ouro, uma de prata e duas de bronze, neste domingo. Os respons\u00e1veis por levar o Pa\u00eds ao lugar mais alto do p\u00f3dio foram Eduardo Bettoni (90kg), Hugo Pessanha (100kg), Gabriel Santos (+100kg) e Rochele Nunes (+78kg).<\/p>\n<p>Samanta Soares (78kg) perdeu na final e ficou com a prata, enquanto Jo\u00e3o Gabriel Schlittler (100kg) e Hor\u00e1cio Antunes (100kg) faturaram o bronze. Com as conquistas, o Brasil encerrou a competi\u00e7\u00e3o com 19 medalhas, sendo oito de ouro.<\/p>\n<p>Campe\u00e3 do Open de Montevid\u00e9u, na \u00faltima ter\u00e7a-feira, Rochele Nunes manteve a boa fase e conquistou mais um ouro ao vencer a mexicana Vanessa Zambotti na final.<\/p>\n<p>&#8220;Como j\u00e1 conhecia bastante a Zambotti, procurei n\u00e3o me arriscar muito e for\u00e7\u00e1-la a errar. Quando ela j\u00e1 tinha sido punida tr\u00eas vezes, teve que vir para cima e aproveitei a oportunidade. Volto para o Brasil bastante leve por ter conseguido cumprir meu objetivo de faturar dois ouros&#8221;, comentou.<\/p>\n<p>Quem tamb\u00e9m se mostrou satisfeita com o resultado de toda a delega\u00e7\u00e3o brasileira foi Danille Zangrando, t\u00e9cnica da equipe feminina nas competi\u00e7\u00f5es sul-americanas.<\/p>\n<p>&#8220;Acredito que as meninas da sele\u00e7\u00e3o cumpriram o objetivo de subirem ao p\u00f3dio. Acho que todas mostraram muita atitude. Mas, se tiver que citar um nome como destaque, diria que foi a Rochele que dominou as advers\u00e1rias e n\u00e3o colocou o ouro em risco em nenhum momento&#8221;, disse Zangrando.<\/p>\n<p>O pr\u00f3ximo desafio do Brasil no jud\u00f4 ser\u00e1 no Grand Prix de Samsun, na Turquia, no pr\u00f3ximo final de semana. No torneio, os representantes da sele\u00e7\u00e3o brasileira ser\u00e3o Ketleyn Quadros (57kg), Mariana Barros (63kg), B\u00e1rbara Timo (70kg), Maria Suelen Altheman (+78kg), Vin\u00edcius Sakamoto Leal (60kg), Charles Chibana (66kg) e Victor Penalber (81kg).<\/p>\n","protected":false},"excerpt":{"rendered":"<p>A Sele\u00e7\u00e3o Brasileira encerrou sua participa\u00e7\u00e3o no Open de Buenos Aires, na Argentina, com sete medalhas, sendo quatro de ouro, uma de prata e duas de bronze, neste domingo. Os respons\u00e1veis por levar o Pa\u00eds ao lugar mais alto do p\u00f3dio foram Eduardo Bettoni (90kg), Hugo Pessanha (100kg), Gabriel Santos (+100kg) e Rochele Nunes (+78kg). [&hellip;]<\/p>\n","protected":false},"author":2,"featured_media":5052,"comment_status":"open","ping_status":"closed","sticky":false,"template":"","format":"standard","meta":{"_acf_changed":false,"footnotes":""},"categories":[19],"tags":[],"class_list":["post-5051","post","type-post","status-publish","format-standard","has-post-thumbnail","hentry","category-esportes"],"acf":[],"yoast_head":"<!-- This site is optimized with the Yoast SEO plugin v27.2 - https:\/\/yoast.com\/product\/yoast-seo-wordpress\/ -->\n<title>Brasil conquista mais ouro na final do Open de Buenos Aires - Notibras<\/title>\n<meta name=\"robots\" content=\"index, follow, max-snippet:-1, max-image-preview:large, max-video-preview:-1\" \/>\n<link rel=\"canonical\" href=\"https:\/\/www.notibras.com\/site\/brasil-conquista-mais-ouros-no-segundo-dia-do-open-buenos-aires\/\" \/>\n<meta property=\"og:locale\" content=\"pt_BR\" \/>\n<meta property=\"og:type\" content=\"article\" \/>\n<meta property=\"og:title\" content=\"Brasil conquista mais ouro na final do Open de Buenos Aires - Notibras\" \/>\n<meta property=\"og:description\" content=\"A Sele\u00e7\u00e3o Brasileira encerrou sua participa\u00e7\u00e3o no Open de Buenos Aires, na Argentina, com sete medalhas, sendo quatro de ouro, uma de prata e duas de bronze, neste domingo. Os respons\u00e1veis por levar o Pa\u00eds ao lugar mais alto do p\u00f3dio foram Eduardo Bettoni (90kg), Hugo Pessanha (100kg), Gabriel Santos (+100kg) e Rochele Nunes (+78kg). [&hellip;]\" \/>\n<meta property=\"og:url\" content=\"https:\/\/www.notibras.com\/site\/brasil-conquista-mais-ouros-no-segundo-dia-do-open-buenos-aires\/\" \/>\n<meta property=\"og:site_name\" content=\"Notibras\" \/>\n<meta property=\"article:publisher\" content=\"https:\/\/www.facebook.com\/notibras\/\" \/>\n<meta property=\"article:published_time\" content=\"2014-03-24T00:19:29+00:00\" \/>\n<meta property=\"article:modified_time\" content=\"2014-03-24T00:26:11+00:00\" \/>\n<meta property=\"og:image\" content=\"https:\/\/www.notibras.com\/site\/wp-content\/uploads\/2014\/03\/eduardo_bettoni.jpg\" \/>\n\t<meta property=\"og:image:width\" content=\"620\" \/>\n\t<meta property=\"og:image:height\" content=\"390\" \/>\n\t<meta property=\"og:image:type\" content=\"image\/jpeg\" \/>\n<meta name=\"author\" content=\"Reda\u00e7\u00e3o\" \/>\n<meta name=\"twitter:card\" content=\"summary_large_image\" \/>\n<meta name=\"twitter:creator\" content=\"@Notibras\" \/>\n<meta name=\"twitter:site\" content=\"@Notibras\" \/>\n<meta name=\"twitter:label1\" content=\"Escrito por\" \/>\n\t<meta name=\"twitter:data1\" content=\"Reda\u00e7\u00e3o\" \/>\n\t<meta name=\"twitter:label2\" content=\"Est. tempo de leitura\" \/>\n\t<meta name=\"twitter:data2\" content=\"2 minutos\" \/>\n<script type=\"application\/ld+json\" class=\"yoast-schema-graph\">{\"@context\":\"https:\/\/schema.org\",\"@graph\":[{\"@type\":\"Article\",\"@id\":\"https:\/\/www.notibras.com\/site\/brasil-conquista-mais-ouros-no-segundo-dia-do-open-buenos-aires\/#article\",\"isPartOf\":{\"@id\":\"https:\/\/www.notibras.com\/site\/brasil-conquista-mais-ouros-no-segundo-dia-do-open-buenos-aires\/\"},\"author\":{\"name\":\"Reda\u00e7\u00e3o\",\"@id\":\"https:\/\/www.notibras.com\/site\/#\/schema\/person\/36ab0979449956132d3e5b517ea76ac8\"},\"headline\":\"Brasil conquista mais ouro na final do Open de Buenos Aires\",\"datePublished\":\"2014-03-24T00:19:29+00:00\",\"dateModified\":\"2014-03-24T00:26:11+00:00\",\"mainEntityOfPage\":{\"@id\":\"https:\/\/www.notibras.com\/site\/brasil-conquista-mais-ouros-no-segundo-dia-do-open-buenos-aires\/\"},\"wordCount\":330,\"commentCount\":0,\"publisher\":{\"@id\":\"https:\/\/www.notibras.com\/site\/#organization\"},\"image\":{\"@id\":\"https:\/\/www.notibras.com\/site\/brasil-conquista-mais-ouros-no-segundo-dia-do-open-buenos-aires\/#primaryimage\"},\"thumbnailUrl\":\"https:\/\/www.notibras.com\/site\/wp-content\/uploads\/2014\/03\/eduardo_bettoni.jpg\",\"articleSection\":[\"Esportes\"],\"inLanguage\":\"pt-BR\",\"potentialAction\":[{\"@type\":\"CommentAction\",\"name\":\"Comment\",\"target\":[\"https:\/\/www.notibras.com\/site\/brasil-conquista-mais-ouros-no-segundo-dia-do-open-buenos-aires\/#respond\"]}]},{\"@type\":\"WebPage\",\"@id\":\"https:\/\/www.notibras.com\/site\/brasil-conquista-mais-ouros-no-segundo-dia-do-open-buenos-aires\/\",\"url\":\"https:\/\/www.notibras.com\/site\/brasil-conquista-mais-ouros-no-segundo-dia-do-open-buenos-aires\/\",\"name\":\"Brasil conquista mais ouro na final do Open de Buenos Aires - Notibras\",\"isPartOf\":{\"@id\":\"https:\/\/www.notibras.com\/site\/#website\"},\"primaryImageOfPage\":{\"@id\":\"https:\/\/www.notibras.com\/site\/brasil-conquista-mais-ouros-no-segundo-dia-do-open-buenos-aires\/#primaryimage\"},\"image\":{\"@id\":\"https:\/\/www.notibras.com\/site\/brasil-conquista-mais-ouros-no-segundo-dia-do-open-buenos-aires\/#primaryimage\"},\"thumbnailUrl\":\"https:\/\/www.notibras.com\/site\/wp-content\/uploads\/2014\/03\/eduardo_bettoni.jpg\",\"datePublished\":\"2014-03-24T00:19:29+00:00\",\"dateModified\":\"2014-03-24T00:26:11+00:00\",\"breadcrumb\":{\"@id\":\"https:\/\/www.notibras.com\/site\/brasil-conquista-mais-ouros-no-segundo-dia-do-open-buenos-aires\/#breadcrumb\"},\"inLanguage\":\"pt-BR\",\"potentialAction\":[{\"@type\":\"ReadAction\",\"target\":[\"https:\/\/www.notibras.com\/site\/brasil-conquista-mais-ouros-no-segundo-dia-do-open-buenos-aires\/\"]}]},{\"@type\":\"ImageObject\",\"inLanguage\":\"pt-BR\",\"@id\":\"https:\/\/www.notibras.com\/site\/brasil-conquista-mais-ouros-no-segundo-dia-do-open-buenos-aires\/#primaryimage\",\"url\":\"https:\/\/www.notibras.com\/site\/wp-content\/uploads\/2014\/03\/eduardo_bettoni.jpg\",\"contentUrl\":\"https:\/\/www.notibras.com\/site\/wp-content\/uploads\/2014\/03\/eduardo_bettoni.jpg\",\"width\":620,\"height\":390},{\"@type\":\"BreadcrumbList\",\"@id\":\"https:\/\/www.notibras.com\/site\/brasil-conquista-mais-ouros-no-segundo-dia-do-open-buenos-aires\/#breadcrumb\",\"itemListElement\":[{\"@type\":\"ListItem\",\"position\":1,\"name\":\"In\u00edcio\",\"item\":\"https:\/\/www.notibras.com\/site\/\"},{\"@type\":\"ListItem\",\"position\":2,\"name\":\"Brasil conquista mais ouro na final do Open de Buenos Aires\"}]},{\"@type\":\"WebSite\",\"@id\":\"https:\/\/www.notibras.com\/site\/#website\",\"url\":\"https:\/\/www.notibras.com\/site\/\",\"name\":\"Notibras\",\"description\":\"Not\u00edcias de Bras\u00edlia, do Brasil e do Mundo\",\"publisher\":{\"@id\":\"https:\/\/www.notibras.com\/site\/#organization\"},\"potentialAction\":[{\"@type\":\"SearchAction\",\"target\":{\"@type\":\"EntryPoint\",\"urlTemplate\":\"https:\/\/www.notibras.com\/site\/?s={search_term_string}\"},\"query-input\":{\"@type\":\"PropertyValueSpecification\",\"valueRequired\":true,\"valueName\":\"search_term_string\"}}],\"inLanguage\":\"pt-BR\"},{\"@type\":\"Organization\",\"@id\":\"https:\/\/www.notibras.com\/site\/#organization\",\"name\":\"Grupo Notibras de Comunica\u00e7\u00e3o\",\"url\":\"https:\/\/www.notibras.com\/site\/\",\"logo\":{\"@type\":\"ImageObject\",\"inLanguage\":\"pt-BR\",\"@id\":\"https:\/\/www.notibras.com\/site\/#\/schema\/logo\/image\/\",\"url\":\"https:\/\/www.notibras.com\/site\/wp-content\/uploads\/2023\/01\/notibras23.png\",\"contentUrl\":\"https:\/\/www.notibras.com\/site\/wp-content\/uploads\/2023\/01\/notibras23.png\",\"width\":350,\"height\":87,\"caption\":\"Grupo Notibras de Comunica\u00e7\u00e3o\"},\"image\":{\"@id\":\"https:\/\/www.notibras.com\/site\/#\/schema\/logo\/image\/\"},\"sameAs\":[\"https:\/\/www.facebook.com\/notibras\/\",\"https:\/\/x.com\/Notibras\",\"https:\/\/www.instagram.com\/notibras\/\"]},{\"@type\":\"Person\",\"@id\":\"https:\/\/www.notibras.com\/site\/#\/schema\/person\/36ab0979449956132d3e5b517ea76ac8\",\"name\":\"Reda\u00e7\u00e3o\",\"image\":{\"@type\":\"ImageObject\",\"inLanguage\":\"pt-BR\",\"@id\":\"https:\/\/secure.gravatar.com\/avatar\/e0a867bdedb85fd243eadf09663511f96fc81e0720a4a42581f334ad4303aa6b?s=96&d=mm&r=g\",\"url\":\"https:\/\/secure.gravatar.com\/avatar\/e0a867bdedb85fd243eadf09663511f96fc81e0720a4a42581f334ad4303aa6b?s=96&d=mm&r=g\",\"contentUrl\":\"https:\/\/secure.gravatar.com\/avatar\/e0a867bdedb85fd243eadf09663511f96fc81e0720a4a42581f334ad4303aa6b?s=96&d=mm&r=g\",\"caption\":\"Reda\u00e7\u00e3o\"}}]}<\/script>\n<!-- \/ Yoast SEO plugin. -->","yoast_head_json":{"title":"Brasil conquista mais ouro na final do Open de Buenos Aires - Notibras","robots":{"index":"index","follow":"follow","max-snippet":"max-snippet:-1","max-image-preview":"max-image-preview:large","max-video-preview":"max-video-preview:-1"},"canonical":"https:\/\/www.notibras.com\/site\/brasil-conquista-mais-ouros-no-segundo-dia-do-open-buenos-aires\/","og_locale":"pt_BR","og_type":"article","og_title":"Brasil conquista mais ouro na final do Open de Buenos Aires - Notibras","og_description":"A Sele\u00e7\u00e3o Brasileira encerrou sua participa\u00e7\u00e3o no Open de Buenos Aires, na Argentina, com sete medalhas, sendo quatro de ouro, uma de prata e duas de bronze, neste domingo. Os respons\u00e1veis por levar o Pa\u00eds ao lugar mais alto do p\u00f3dio foram Eduardo Bettoni (90kg), Hugo Pessanha (100kg), Gabriel Santos (+100kg) e Rochele Nunes (+78kg). [&hellip;]","og_url":"https:\/\/www.notibras.com\/site\/brasil-conquista-mais-ouros-no-segundo-dia-do-open-buenos-aires\/","og_site_name":"Notibras","article_publisher":"https:\/\/www.facebook.com\/notibras\/","article_published_time":"2014-03-24T00:19:29+00:00","article_modified_time":"2014-03-24T00:26:11+00:00","og_image":[{"width":620,"height":390,"url":"https:\/\/www.notibras.com\/site\/wp-content\/uploads\/2014\/03\/eduardo_bettoni.jpg","type":"image\/jpeg"}],"author":"Reda\u00e7\u00e3o","twitter_card":"summary_large_image","twitter_creator":"@Notibras","twitter_site":"@Notibras","twitter_misc":{"Escrito por":"Reda\u00e7\u00e3o","Est. tempo de leitura":"2 minutos"},"schema":{"@context":"https:\/\/schema.org","@graph":[{"@type":"Article","@id":"https:\/\/www.notibras.com\/site\/brasil-conquista-mais-ouros-no-segundo-dia-do-open-buenos-aires\/#article","isPartOf":{"@id":"https:\/\/www.notibras.com\/site\/brasil-conquista-mais-ouros-no-segundo-dia-do-open-buenos-aires\/"},"author":{"name":"Reda\u00e7\u00e3o","@id":"https:\/\/www.notibras.com\/site\/#\/schema\/person\/36ab0979449956132d3e5b517ea76ac8"},"headline":"Brasil conquista mais ouro na final do Open de Buenos Aires","datePublished":"2014-03-24T00:19:29+00:00","dateModified":"2014-03-24T00:26:11+00:00","mainEntityOfPage":{"@id":"https:\/\/www.notibras.com\/site\/brasil-conquista-mais-ouros-no-segundo-dia-do-open-buenos-aires\/"},"wordCount":330,"commentCount":0,"publisher":{"@id":"https:\/\/www.notibras.com\/site\/#organization"},"image":{"@id":"https:\/\/www.notibras.com\/site\/brasil-conquista-mais-ouros-no-segundo-dia-do-open-buenos-aires\/#primaryimage"},"thumbnailUrl":"https:\/\/www.notibras.com\/site\/wp-content\/uploads\/2014\/03\/eduardo_bettoni.jpg","articleSection":["Esportes"],"inLanguage":"pt-BR","potentialAction":[{"@type":"CommentAction","name":"Comment","target":["https:\/\/www.notibras.com\/site\/brasil-conquista-mais-ouros-no-segundo-dia-do-open-buenos-aires\/#respond"]}]},{"@type":"WebPage","@id":"https:\/\/www.notibras.com\/site\/brasil-conquista-mais-ouros-no-segundo-dia-do-open-buenos-aires\/","url":"https:\/\/www.notibras.com\/site\/brasil-conquista-mais-ouros-no-segundo-dia-do-open-buenos-aires\/","name":"Brasil conquista mais ouro na final do Open de Buenos Aires - Notibras","isPartOf":{"@id":"https:\/\/www.notibras.com\/site\/#website"},"primaryImageOfPage":{"@id":"https:\/\/www.notibras.com\/site\/brasil-conquista-mais-ouros-no-segundo-dia-do-open-buenos-aires\/#primaryimage"},"image":{"@id":"https:\/\/www.notibras.com\/site\/brasil-conquista-mais-ouros-no-segundo-dia-do-open-buenos-aires\/#primaryimage"},"thumbnailUrl":"https:\/\/www.notibras.com\/site\/wp-content\/uploads\/2014\/03\/eduardo_bettoni.jpg","datePublished":"2014-03-24T00:19:29+00:00","dateModified":"2014-03-24T00:26:11+00:00","breadcrumb":{"@id":"https:\/\/www.notibras.com\/site\/brasil-conquista-mais-ouros-no-segundo-dia-do-open-buenos-aires\/#breadcrumb"},"inLanguage":"pt-BR","potentialAction":[{"@type":"ReadAction","target":["https:\/\/www.notibras.com\/site\/brasil-conquista-mais-ouros-no-segundo-dia-do-open-buenos-aires\/"]}]},{"@type":"ImageObject","inLanguage":"pt-BR","@id":"https:\/\/www.notibras.com\/site\/brasil-conquista-mais-ouros-no-segundo-dia-do-open-buenos-aires\/#primaryimage","url":"https:\/\/www.notibras.com\/site\/wp-content\/uploads\/2014\/03\/eduardo_bettoni.jpg","contentUrl":"https:\/\/www.notibras.com\/site\/wp-content\/uploads\/2014\/03\/eduardo_bettoni.jpg","width":620,"height":390},{"@type":"BreadcrumbList","@id":"https:\/\/www.notibras.com\/site\/brasil-conquista-mais-ouros-no-segundo-dia-do-open-buenos-aires\/#breadcrumb","itemListElement":[{"@type":"ListItem","position":1,"name":"In\u00edcio","item":"https:\/\/www.notibras.com\/site\/"},{"@type":"ListItem","position":2,"name":"Brasil conquista mais ouro na final do Open de Buenos Aires"}]},{"@type":"WebSite","@id":"https:\/\/www.notibras.com\/site\/#website","url":"https:\/\/www.notibras.com\/site\/","name":"Notibras","description":"Not\u00edcias de Bras\u00edlia, do Brasil e do Mundo","publisher":{"@id":"https:\/\/www.notibras.com\/site\/#organization"},"potentialAction":[{"@type":"SearchAction","target":{"@type":"EntryPoint","urlTemplate":"https:\/\/www.notibras.com\/site\/?s={search_term_string}"},"query-input":{"@type":"PropertyValueSpecification","valueRequired":true,"valueName":"search_term_string"}}],"inLanguage":"pt-BR"},{"@type":"Organization","@id":"https:\/\/www.notibras.com\/site\/#organization","name":"Grupo Notibras de Comunica\u00e7\u00e3o","url":"https:\/\/www.notibras.com\/site\/","logo":{"@type":"ImageObject","inLanguage":"pt-BR","@id":"https:\/\/www.notibras.com\/site\/#\/schema\/logo\/image\/","url":"https:\/\/www.notibras.com\/site\/wp-content\/uploads\/2023\/01\/notibras23.png","contentUrl":"https:\/\/www.notibras.com\/site\/wp-content\/uploads\/2023\/01\/notibras23.png","width":350,"height":87,"caption":"Grupo Notibras de Comunica\u00e7\u00e3o"},"image":{"@id":"https:\/\/www.notibras.com\/site\/#\/schema\/logo\/image\/"},"sameAs":["https:\/\/www.facebook.com\/notibras\/","https:\/\/x.com\/Notibras","https:\/\/www.instagram.com\/notibras\/"]},{"@type":"Person","@id":"https:\/\/www.notibras.com\/site\/#\/schema\/person\/36ab0979449956132d3e5b517ea76ac8","name":"Reda\u00e7\u00e3o","image":{"@type":"ImageObject","inLanguage":"pt-BR","@id":"https:\/\/secure.gravatar.com\/avatar\/e0a867bdedb85fd243eadf09663511f96fc81e0720a4a42581f334ad4303aa6b?s=96&d=mm&r=g","url":"https:\/\/secure.gravatar.com\/avatar\/e0a867bdedb85fd243eadf09663511f96fc81e0720a4a42581f334ad4303aa6b?s=96&d=mm&r=g","contentUrl":"https:\/\/secure.gravatar.com\/avatar\/e0a867bdedb85fd243eadf09663511f96fc81e0720a4a42581f334ad4303aa6b?s=96&d=mm&r=g","caption":"Reda\u00e7\u00e3o"}}]}},"amp_enabled":true,"_links":{"self":[{"href":"https:\/\/www.notibras.com\/site\/wp-json\/wp\/v2\/posts\/5051","targetHints":{"allow":["GET"]}}],"collection":[{"href":"https:\/\/www.notibras.com\/site\/wp-json\/wp\/v2\/posts"}],"about":[{"href":"https:\/\/www.notibras.com\/site\/wp-json\/wp\/v2\/types\/post"}],"author":[{"embeddable":true,"href":"https:\/\/www.notibras.com\/site\/wp-json\/wp\/v2\/users\/2"}],"replies":[{"embeddable":true,"href":"https:\/\/www.notibras.com\/site\/wp-json\/wp\/v2\/comments?post=5051"}],"version-history":[{"count":0,"href":"https:\/\/www.notibras.com\/site\/wp-json\/wp\/v2\/posts\/5051\/revisions"}],"wp:featuredmedia":[{"embeddable":true,"href":"https:\/\/www.notibras.com\/site\/wp-json\/wp\/v2\/media\/5052"}],"wp:attachment":[{"href":"https:\/\/www.notibras.com\/site\/wp-json\/wp\/v2\/media?parent=5051"}],"wp:term":[{"taxonomy":"category","embeddable":true,"href":"https:\/\/www.notibras.com\/site\/wp-json\/wp\/v2\/categories?post=5051"},{"taxonomy":"post_tag","embeddable":true,"href":"https:\/\/www.notibras.com\/site\/wp-json\/wp\/v2\/tags?post=5051"}],"curies":[{"name":"wp","href":"https:\/\/api.w.org\/{rel}","templated":true}]}}