{"id":50621,"date":"2015-05-26T16:11:27","date_gmt":"2015-05-26T19:11:27","guid":{"rendered":"http:\/\/www.notibras.com\/site\/?p=50621"},"modified":"2015-05-26T21:54:08","modified_gmt":"2015-05-27T00:54:08","slug":"cervero-ex-petrobras-pega-5-anos-de-cadeia-por-lavagem-de-dinheiro","status":"publish","type":"post","link":"https:\/\/www.notibras.com\/site\/cervero-ex-petrobras-pega-5-anos-de-cadeia-por-lavagem-de-dinheiro\/","title":{"rendered":"Cerver\u00f3, ex-Petrobras, pega 5 anos de cadeia por lavagem de dinheiro"},"content":{"rendered":"<p class=\"p1\"><span class=\"s1\">O juiz federal S\u00e9rgio Moro condenou o ex-diretor da \u00c1rea Internacional da Petrobras Nestor Cerver\u00f3 a cinco anos de pris\u00e3o por lavagem de dinheiro. De acordo com a senten\u00e7a, o ex-diretor comprou um apartamento no Rio de Janeiro com recursos oriundos de uma empresa\u00a0offshore dirigida por ele, segundo a acusa\u00e7\u00e3o do Minist\u00e9rio P\u00fablico Federal (MPF). Cerver\u00f3 est\u00e1 preso preventivamente desde o dia 14 de janeiro.<\/span><\/p>\n<p class=\"p1\"><span class=\"s1\">De acordo com investigadores da Opera\u00e7\u00e3o Lava Jato, parte da propina recebida por Cerver\u00f3, durante o per\u00edodo em que ocupou o cargo de diretor da Petrobras, foi procedente do exterior, por meio de empresas sediadas no Uruguai, na Inglaterra, na Espanha e na Su\u00ed\u00e7a. Como prova do crime de lavagem de dinheiro, o MPF citou a compra de um apartamento avaliado em R$ 7,5 milh\u00f5es, no Rio, por meio da empresa Jolmey do Brasil, criada para ocultar o dinheiro recebido pelo ex-diretor.<\/span><\/p>\n<blockquote>\n<p class=\"p1\"><span class=\"s1\">\u201cNestor Cerver\u00f3 n\u00e3o logrou explicar de maneira convincente porque declarou no inqu\u00e9rito o pagamento de R$ 8 mil reais mensais de aluguel e ainda alterou a vers\u00e3o anterior dos fatos, agora, alegando que, em 2012 e 2013, n\u00e3o mais teria pago alugu\u00e9is, mas apenas valores de condom\u00ednio e garagista, o que n\u00e3o faz muito sentido j\u00e1 que os pagamentos constam, na declara\u00e7\u00e3o de rendimentos, como tendo sido feitos \u00e0 Jolmey [empresa de fachada]\u201d, argumentou Moro.<\/span><\/p>\n<\/blockquote>\n<p class=\"p1\"><span class=\"s1\">Na a\u00e7\u00e3o penal, a defesa de Cerver\u00f3 alegou que ex-diretor era apenas o locat\u00e1rio do im\u00f3vel e que o valor do aluguel foi reduzido por conta de reformas realizadas por ele.<\/span><\/p>\n<p class=\"p1\"><span class=\"s1\"><b>Andr\u00e9 Richter, ABr<\/b><\/span><\/p>\n","protected":false},"excerpt":{"rendered":"<p>O juiz federal S\u00e9rgio Moro condenou o ex-diretor da \u00c1rea Internacional da Petrobras Nestor Cerver\u00f3 a cinco anos de pris\u00e3o por lavagem de dinheiro. De acordo com a senten\u00e7a, o ex-diretor comprou um apartamento no Rio de Janeiro com recursos oriundos de uma empresa\u00a0offshore dirigida por ele, segundo a acusa\u00e7\u00e3o do Minist\u00e9rio P\u00fablico Federal (MPF). [&hellip;]<\/p>\n","protected":false},"author":2,"featured_media":50622,"comment_status":"open","ping_status":"closed","sticky":false,"template":"","format":"standard","meta":{"_acf_changed":false,"footnotes":""},"categories":[16],"tags":[],"class_list":["post-50621","post","type-post","status-publish","format-standard","has-post-thumbnail","hentry","category-brasil"],"acf":[],"yoast_head":"<!-- This site is optimized with the Yoast SEO plugin v27.2 - https:\/\/yoast.com\/product\/yoast-seo-wordpress\/ -->\n<title>Cerver\u00f3, ex-Petrobras, pega 5 anos de cadeia por lavagem de dinheiro - Notibras<\/title>\n<meta name=\"robots\" content=\"index, follow, max-snippet:-1, max-image-preview:large, max-video-preview:-1\" \/>\n<link rel=\"canonical\" href=\"https:\/\/www.notibras.com\/site\/cervero-ex-petrobras-pega-5-anos-de-cadeia-por-lavagem-de-dinheiro\/\" \/>\n<meta property=\"og:locale\" content=\"pt_BR\" \/>\n<meta property=\"og:type\" content=\"article\" \/>\n<meta property=\"og:title\" content=\"Cerver\u00f3, ex-Petrobras, pega 5 anos de cadeia por lavagem de dinheiro - Notibras\" \/>\n<meta property=\"og:description\" content=\"O juiz federal S\u00e9rgio Moro condenou o ex-diretor da \u00c1rea Internacional da Petrobras Nestor Cerver\u00f3 a cinco anos de pris\u00e3o por lavagem de dinheiro. De acordo com a senten\u00e7a, o ex-diretor comprou um apartamento no Rio de Janeiro com recursos oriundos de uma empresa\u00a0offshore dirigida por ele, segundo a acusa\u00e7\u00e3o do Minist\u00e9rio P\u00fablico Federal (MPF). [&hellip;]\" \/>\n<meta property=\"og:url\" content=\"https:\/\/www.notibras.com\/site\/cervero-ex-petrobras-pega-5-anos-de-cadeia-por-lavagem-de-dinheiro\/\" \/>\n<meta property=\"og:site_name\" content=\"Notibras\" \/>\n<meta property=\"article:publisher\" content=\"https:\/\/www.facebook.com\/notibras\/\" \/>\n<meta property=\"article:published_time\" content=\"2015-05-26T19:11:27+00:00\" \/>\n<meta property=\"article:modified_time\" content=\"2015-05-27T00:54:08+00:00\" \/>\n<meta property=\"og:image\" content=\"https:\/\/www.notibras.com\/site\/wp-content\/uploads\/2015\/05\/cervero.jpg\" \/>\n\t<meta property=\"og:image:width\" content=\"620\" \/>\n\t<meta property=\"og:image:height\" content=\"413\" \/>\n\t<meta property=\"og:image:type\" content=\"image\/jpeg\" \/>\n<meta name=\"author\" content=\"Reda\u00e7\u00e3o\" \/>\n<meta name=\"twitter:card\" content=\"summary_large_image\" \/>\n<meta name=\"twitter:creator\" content=\"@Notibras\" \/>\n<meta name=\"twitter:site\" content=\"@Notibras\" \/>\n<meta name=\"twitter:label1\" content=\"Escrito por\" \/>\n\t<meta name=\"twitter:data1\" content=\"Reda\u00e7\u00e3o\" \/>\n\t<meta name=\"twitter:label2\" content=\"Est. tempo de leitura\" \/>\n\t<meta name=\"twitter:data2\" content=\"1 minuto\" \/>\n<script type=\"application\/ld+json\" class=\"yoast-schema-graph\">{\"@context\":\"https:\/\/schema.org\",\"@graph\":[{\"@type\":\"Article\",\"@id\":\"https:\/\/www.notibras.com\/site\/cervero-ex-petrobras-pega-5-anos-de-cadeia-por-lavagem-de-dinheiro\/#article\",\"isPartOf\":{\"@id\":\"https:\/\/www.notibras.com\/site\/cervero-ex-petrobras-pega-5-anos-de-cadeia-por-lavagem-de-dinheiro\/\"},\"author\":{\"name\":\"Reda\u00e7\u00e3o\",\"@id\":\"https:\/\/www.notibras.com\/site\/#\/schema\/person\/36ab0979449956132d3e5b517ea76ac8\"},\"headline\":\"Cerver\u00f3, ex-Petrobras, pega 5 anos de cadeia por lavagem de dinheiro\",\"datePublished\":\"2015-05-26T19:11:27+00:00\",\"dateModified\":\"2015-05-27T00:54:08+00:00\",\"mainEntityOfPage\":{\"@id\":\"https:\/\/www.notibras.com\/site\/cervero-ex-petrobras-pega-5-anos-de-cadeia-por-lavagem-de-dinheiro\/\"},\"wordCount\":282,\"commentCount\":0,\"publisher\":{\"@id\":\"https:\/\/www.notibras.com\/site\/#organization\"},\"image\":{\"@id\":\"https:\/\/www.notibras.com\/site\/cervero-ex-petrobras-pega-5-anos-de-cadeia-por-lavagem-de-dinheiro\/#primaryimage\"},\"thumbnailUrl\":\"https:\/\/www.notibras.com\/site\/wp-content\/uploads\/2015\/05\/cervero.jpg\",\"articleSection\":[\"Brasil\"],\"inLanguage\":\"pt-BR\",\"potentialAction\":[{\"@type\":\"CommentAction\",\"name\":\"Comment\",\"target\":[\"https:\/\/www.notibras.com\/site\/cervero-ex-petrobras-pega-5-anos-de-cadeia-por-lavagem-de-dinheiro\/#respond\"]}]},{\"@type\":\"WebPage\",\"@id\":\"https:\/\/www.notibras.com\/site\/cervero-ex-petrobras-pega-5-anos-de-cadeia-por-lavagem-de-dinheiro\/\",\"url\":\"https:\/\/www.notibras.com\/site\/cervero-ex-petrobras-pega-5-anos-de-cadeia-por-lavagem-de-dinheiro\/\",\"name\":\"Cerver\u00f3, ex-Petrobras, pega 5 anos de cadeia por lavagem de dinheiro - Notibras\",\"isPartOf\":{\"@id\":\"https:\/\/www.notibras.com\/site\/#website\"},\"primaryImageOfPage\":{\"@id\":\"https:\/\/www.notibras.com\/site\/cervero-ex-petrobras-pega-5-anos-de-cadeia-por-lavagem-de-dinheiro\/#primaryimage\"},\"image\":{\"@id\":\"https:\/\/www.notibras.com\/site\/cervero-ex-petrobras-pega-5-anos-de-cadeia-por-lavagem-de-dinheiro\/#primaryimage\"},\"thumbnailUrl\":\"https:\/\/www.notibras.com\/site\/wp-content\/uploads\/2015\/05\/cervero.jpg\",\"datePublished\":\"2015-05-26T19:11:27+00:00\",\"dateModified\":\"2015-05-27T00:54:08+00:00\",\"breadcrumb\":{\"@id\":\"https:\/\/www.notibras.com\/site\/cervero-ex-petrobras-pega-5-anos-de-cadeia-por-lavagem-de-dinheiro\/#breadcrumb\"},\"inLanguage\":\"pt-BR\",\"potentialAction\":[{\"@type\":\"ReadAction\",\"target\":[\"https:\/\/www.notibras.com\/site\/cervero-ex-petrobras-pega-5-anos-de-cadeia-por-lavagem-de-dinheiro\/\"]}]},{\"@type\":\"ImageObject\",\"inLanguage\":\"pt-BR\",\"@id\":\"https:\/\/www.notibras.com\/site\/cervero-ex-petrobras-pega-5-anos-de-cadeia-por-lavagem-de-dinheiro\/#primaryimage\",\"url\":\"https:\/\/www.notibras.com\/site\/wp-content\/uploads\/2015\/05\/cervero.jpg\",\"contentUrl\":\"https:\/\/www.notibras.com\/site\/wp-content\/uploads\/2015\/05\/cervero.jpg\",\"width\":620,\"height\":413},{\"@type\":\"BreadcrumbList\",\"@id\":\"https:\/\/www.notibras.com\/site\/cervero-ex-petrobras-pega-5-anos-de-cadeia-por-lavagem-de-dinheiro\/#breadcrumb\",\"itemListElement\":[{\"@type\":\"ListItem\",\"position\":1,\"name\":\"In\u00edcio\",\"item\":\"https:\/\/www.notibras.com\/site\/\"},{\"@type\":\"ListItem\",\"position\":2,\"name\":\"Cerver\u00f3, ex-Petrobras, pega 5 anos de cadeia por lavagem de dinheiro\"}]},{\"@type\":\"WebSite\",\"@id\":\"https:\/\/www.notibras.com\/site\/#website\",\"url\":\"https:\/\/www.notibras.com\/site\/\",\"name\":\"Notibras\",\"description\":\"Not\u00edcias de Bras\u00edlia, do Brasil e do Mundo\",\"publisher\":{\"@id\":\"https:\/\/www.notibras.com\/site\/#organization\"},\"potentialAction\":[{\"@type\":\"SearchAction\",\"target\":{\"@type\":\"EntryPoint\",\"urlTemplate\":\"https:\/\/www.notibras.com\/site\/?s={search_term_string}\"},\"query-input\":{\"@type\":\"PropertyValueSpecification\",\"valueRequired\":true,\"valueName\":\"search_term_string\"}}],\"inLanguage\":\"pt-BR\"},{\"@type\":\"Organization\",\"@id\":\"https:\/\/www.notibras.com\/site\/#organization\",\"name\":\"Grupo Notibras de Comunica\u00e7\u00e3o\",\"url\":\"https:\/\/www.notibras.com\/site\/\",\"logo\":{\"@type\":\"ImageObject\",\"inLanguage\":\"pt-BR\",\"@id\":\"https:\/\/www.notibras.com\/site\/#\/schema\/logo\/image\/\",\"url\":\"https:\/\/www.notibras.com\/site\/wp-content\/uploads\/2023\/01\/notibras23.png\",\"contentUrl\":\"https:\/\/www.notibras.com\/site\/wp-content\/uploads\/2023\/01\/notibras23.png\",\"width\":350,\"height\":87,\"caption\":\"Grupo Notibras de Comunica\u00e7\u00e3o\"},\"image\":{\"@id\":\"https:\/\/www.notibras.com\/site\/#\/schema\/logo\/image\/\"},\"sameAs\":[\"https:\/\/www.facebook.com\/notibras\/\",\"https:\/\/x.com\/Notibras\",\"https:\/\/www.instagram.com\/notibras\/\"]},{\"@type\":\"Person\",\"@id\":\"https:\/\/www.notibras.com\/site\/#\/schema\/person\/36ab0979449956132d3e5b517ea76ac8\",\"name\":\"Reda\u00e7\u00e3o\",\"image\":{\"@type\":\"ImageObject\",\"inLanguage\":\"pt-BR\",\"@id\":\"https:\/\/secure.gravatar.com\/avatar\/e0a867bdedb85fd243eadf09663511f96fc81e0720a4a42581f334ad4303aa6b?s=96&d=mm&r=g\",\"url\":\"https:\/\/secure.gravatar.com\/avatar\/e0a867bdedb85fd243eadf09663511f96fc81e0720a4a42581f334ad4303aa6b?s=96&d=mm&r=g\",\"contentUrl\":\"https:\/\/secure.gravatar.com\/avatar\/e0a867bdedb85fd243eadf09663511f96fc81e0720a4a42581f334ad4303aa6b?s=96&d=mm&r=g\",\"caption\":\"Reda\u00e7\u00e3o\"}}]}<\/script>\n<!-- \/ Yoast SEO plugin. -->","yoast_head_json":{"title":"Cerver\u00f3, ex-Petrobras, pega 5 anos de cadeia por lavagem de dinheiro - Notibras","robots":{"index":"index","follow":"follow","max-snippet":"max-snippet:-1","max-image-preview":"max-image-preview:large","max-video-preview":"max-video-preview:-1"},"canonical":"https:\/\/www.notibras.com\/site\/cervero-ex-petrobras-pega-5-anos-de-cadeia-por-lavagem-de-dinheiro\/","og_locale":"pt_BR","og_type":"article","og_title":"Cerver\u00f3, ex-Petrobras, pega 5 anos de cadeia por lavagem de dinheiro - Notibras","og_description":"O juiz federal S\u00e9rgio Moro condenou o ex-diretor da \u00c1rea Internacional da Petrobras Nestor Cerver\u00f3 a cinco anos de pris\u00e3o por lavagem de dinheiro. De acordo com a senten\u00e7a, o ex-diretor comprou um apartamento no Rio de Janeiro com recursos oriundos de uma empresa\u00a0offshore dirigida por ele, segundo a acusa\u00e7\u00e3o do Minist\u00e9rio P\u00fablico Federal (MPF). [&hellip;]","og_url":"https:\/\/www.notibras.com\/site\/cervero-ex-petrobras-pega-5-anos-de-cadeia-por-lavagem-de-dinheiro\/","og_site_name":"Notibras","article_publisher":"https:\/\/www.facebook.com\/notibras\/","article_published_time":"2015-05-26T19:11:27+00:00","article_modified_time":"2015-05-27T00:54:08+00:00","og_image":[{"width":620,"height":413,"url":"https:\/\/www.notibras.com\/site\/wp-content\/uploads\/2015\/05\/cervero.jpg","type":"image\/jpeg"}],"author":"Reda\u00e7\u00e3o","twitter_card":"summary_large_image","twitter_creator":"@Notibras","twitter_site":"@Notibras","twitter_misc":{"Escrito por":"Reda\u00e7\u00e3o","Est. tempo de leitura":"1 minuto"},"schema":{"@context":"https:\/\/schema.org","@graph":[{"@type":"Article","@id":"https:\/\/www.notibras.com\/site\/cervero-ex-petrobras-pega-5-anos-de-cadeia-por-lavagem-de-dinheiro\/#article","isPartOf":{"@id":"https:\/\/www.notibras.com\/site\/cervero-ex-petrobras-pega-5-anos-de-cadeia-por-lavagem-de-dinheiro\/"},"author":{"name":"Reda\u00e7\u00e3o","@id":"https:\/\/www.notibras.com\/site\/#\/schema\/person\/36ab0979449956132d3e5b517ea76ac8"},"headline":"Cerver\u00f3, ex-Petrobras, pega 5 anos de cadeia por lavagem de dinheiro","datePublished":"2015-05-26T19:11:27+00:00","dateModified":"2015-05-27T00:54:08+00:00","mainEntityOfPage":{"@id":"https:\/\/www.notibras.com\/site\/cervero-ex-petrobras-pega-5-anos-de-cadeia-por-lavagem-de-dinheiro\/"},"wordCount":282,"commentCount":0,"publisher":{"@id":"https:\/\/www.notibras.com\/site\/#organization"},"image":{"@id":"https:\/\/www.notibras.com\/site\/cervero-ex-petrobras-pega-5-anos-de-cadeia-por-lavagem-de-dinheiro\/#primaryimage"},"thumbnailUrl":"https:\/\/www.notibras.com\/site\/wp-content\/uploads\/2015\/05\/cervero.jpg","articleSection":["Brasil"],"inLanguage":"pt-BR","potentialAction":[{"@type":"CommentAction","name":"Comment","target":["https:\/\/www.notibras.com\/site\/cervero-ex-petrobras-pega-5-anos-de-cadeia-por-lavagem-de-dinheiro\/#respond"]}]},{"@type":"WebPage","@id":"https:\/\/www.notibras.com\/site\/cervero-ex-petrobras-pega-5-anos-de-cadeia-por-lavagem-de-dinheiro\/","url":"https:\/\/www.notibras.com\/site\/cervero-ex-petrobras-pega-5-anos-de-cadeia-por-lavagem-de-dinheiro\/","name":"Cerver\u00f3, ex-Petrobras, pega 5 anos de cadeia por lavagem de dinheiro - Notibras","isPartOf":{"@id":"https:\/\/www.notibras.com\/site\/#website"},"primaryImageOfPage":{"@id":"https:\/\/www.notibras.com\/site\/cervero-ex-petrobras-pega-5-anos-de-cadeia-por-lavagem-de-dinheiro\/#primaryimage"},"image":{"@id":"https:\/\/www.notibras.com\/site\/cervero-ex-petrobras-pega-5-anos-de-cadeia-por-lavagem-de-dinheiro\/#primaryimage"},"thumbnailUrl":"https:\/\/www.notibras.com\/site\/wp-content\/uploads\/2015\/05\/cervero.jpg","datePublished":"2015-05-26T19:11:27+00:00","dateModified":"2015-05-27T00:54:08+00:00","breadcrumb":{"@id":"https:\/\/www.notibras.com\/site\/cervero-ex-petrobras-pega-5-anos-de-cadeia-por-lavagem-de-dinheiro\/#breadcrumb"},"inLanguage":"pt-BR","potentialAction":[{"@type":"ReadAction","target":["https:\/\/www.notibras.com\/site\/cervero-ex-petrobras-pega-5-anos-de-cadeia-por-lavagem-de-dinheiro\/"]}]},{"@type":"ImageObject","inLanguage":"pt-BR","@id":"https:\/\/www.notibras.com\/site\/cervero-ex-petrobras-pega-5-anos-de-cadeia-por-lavagem-de-dinheiro\/#primaryimage","url":"https:\/\/www.notibras.com\/site\/wp-content\/uploads\/2015\/05\/cervero.jpg","contentUrl":"https:\/\/www.notibras.com\/site\/wp-content\/uploads\/2015\/05\/cervero.jpg","width":620,"height":413},{"@type":"BreadcrumbList","@id":"https:\/\/www.notibras.com\/site\/cervero-ex-petrobras-pega-5-anos-de-cadeia-por-lavagem-de-dinheiro\/#breadcrumb","itemListElement":[{"@type":"ListItem","position":1,"name":"In\u00edcio","item":"https:\/\/www.notibras.com\/site\/"},{"@type":"ListItem","position":2,"name":"Cerver\u00f3, ex-Petrobras, pega 5 anos de cadeia por lavagem de dinheiro"}]},{"@type":"WebSite","@id":"https:\/\/www.notibras.com\/site\/#website","url":"https:\/\/www.notibras.com\/site\/","name":"Notibras","description":"Not\u00edcias de Bras\u00edlia, do Brasil e do Mundo","publisher":{"@id":"https:\/\/www.notibras.com\/site\/#organization"},"potentialAction":[{"@type":"SearchAction","target":{"@type":"EntryPoint","urlTemplate":"https:\/\/www.notibras.com\/site\/?s={search_term_string}"},"query-input":{"@type":"PropertyValueSpecification","valueRequired":true,"valueName":"search_term_string"}}],"inLanguage":"pt-BR"},{"@type":"Organization","@id":"https:\/\/www.notibras.com\/site\/#organization","name":"Grupo Notibras de Comunica\u00e7\u00e3o","url":"https:\/\/www.notibras.com\/site\/","logo":{"@type":"ImageObject","inLanguage":"pt-BR","@id":"https:\/\/www.notibras.com\/site\/#\/schema\/logo\/image\/","url":"https:\/\/www.notibras.com\/site\/wp-content\/uploads\/2023\/01\/notibras23.png","contentUrl":"https:\/\/www.notibras.com\/site\/wp-content\/uploads\/2023\/01\/notibras23.png","width":350,"height":87,"caption":"Grupo Notibras de Comunica\u00e7\u00e3o"},"image":{"@id":"https:\/\/www.notibras.com\/site\/#\/schema\/logo\/image\/"},"sameAs":["https:\/\/www.facebook.com\/notibras\/","https:\/\/x.com\/Notibras","https:\/\/www.instagram.com\/notibras\/"]},{"@type":"Person","@id":"https:\/\/www.notibras.com\/site\/#\/schema\/person\/36ab0979449956132d3e5b517ea76ac8","name":"Reda\u00e7\u00e3o","image":{"@type":"ImageObject","inLanguage":"pt-BR","@id":"https:\/\/secure.gravatar.com\/avatar\/e0a867bdedb85fd243eadf09663511f96fc81e0720a4a42581f334ad4303aa6b?s=96&d=mm&r=g","url":"https:\/\/secure.gravatar.com\/avatar\/e0a867bdedb85fd243eadf09663511f96fc81e0720a4a42581f334ad4303aa6b?s=96&d=mm&r=g","contentUrl":"https:\/\/secure.gravatar.com\/avatar\/e0a867bdedb85fd243eadf09663511f96fc81e0720a4a42581f334ad4303aa6b?s=96&d=mm&r=g","caption":"Reda\u00e7\u00e3o"}}]}},"amp_enabled":true,"_links":{"self":[{"href":"https:\/\/www.notibras.com\/site\/wp-json\/wp\/v2\/posts\/50621","targetHints":{"allow":["GET"]}}],"collection":[{"href":"https:\/\/www.notibras.com\/site\/wp-json\/wp\/v2\/posts"}],"about":[{"href":"https:\/\/www.notibras.com\/site\/wp-json\/wp\/v2\/types\/post"}],"author":[{"embeddable":true,"href":"https:\/\/www.notibras.com\/site\/wp-json\/wp\/v2\/users\/2"}],"replies":[{"embeddable":true,"href":"https:\/\/www.notibras.com\/site\/wp-json\/wp\/v2\/comments?post=50621"}],"version-history":[{"count":0,"href":"https:\/\/www.notibras.com\/site\/wp-json\/wp\/v2\/posts\/50621\/revisions"}],"wp:featuredmedia":[{"embeddable":true,"href":"https:\/\/www.notibras.com\/site\/wp-json\/wp\/v2\/media\/50622"}],"wp:attachment":[{"href":"https:\/\/www.notibras.com\/site\/wp-json\/wp\/v2\/media?parent=50621"}],"wp:term":[{"taxonomy":"category","embeddable":true,"href":"https:\/\/www.notibras.com\/site\/wp-json\/wp\/v2\/categories?post=50621"},{"taxonomy":"post_tag","embeddable":true,"href":"https:\/\/www.notibras.com\/site\/wp-json\/wp\/v2\/tags?post=50621"}],"curies":[{"name":"wp","href":"https:\/\/api.w.org\/{rel}","templated":true}]}}