{"id":50669,"date":"2015-05-26T20:43:03","date_gmt":"2015-05-26T23:43:03","guid":{"rendered":"http:\/\/www.notibras.com\/site\/?p=50669"},"modified":"2015-05-26T21:51:45","modified_gmt":"2015-05-27T00:51:45","slug":"oposicao-protocola-acao-contra-dilma-por-atrasos-financeiros","status":"publish","type":"post","link":"https:\/\/www.notibras.com\/site\/oposicao-protocola-acao-contra-dilma-por-atrasos-financeiros\/","title":{"rendered":"Oposi\u00e7\u00e3o protocola a\u00e7\u00e3o contra Dilma por atrasos financeiros"},"content":{"rendered":"<p class=\"p1\"><span class=\"s1\">Partidos de oposi\u00e7\u00e3o protocolaram na Procuradoria-Geral da Rep\u00fablica, representa\u00e7\u00e3o contra a presidenta Dilma Rousseff. O PSDB, o DEM, o PPS e o Solidariedade (SD) acusam o governo de irregularidades financeiras devido a atraso nos repasses de recursos da Uni\u00e3o para bancos p\u00fablicos.<\/span><\/p>\n<p class=\"p1\"><span class=\"s1\">O fato envolve pagamentos feitos pelos bancos p\u00fablicos a benefici\u00e1rios de programas sociais e de benef\u00edcios trabalhistas com recursos pr\u00f3prios, devido a atraso nos repasse da Uni\u00e3o \u00e0s institui\u00e7\u00f5es banc\u00e1rias. Para a oposi\u00e7\u00e3o, as opera\u00e7\u00f5es configuraram crime contra as finan\u00e7as p\u00fablicas. O caso \u00e9 avaliado pelo Tribunal de Contas da Uni\u00e3o (TCU).<\/span><\/p>\n<p class=\"p1\"><span class=\"s1\">O governo sustenta que os pagamentos feitos pelos bancos p\u00fablicos n\u00e3o configuram opera\u00e7\u00e3o de cr\u00e9dito entre o Tesouro Nacional e o Banco do Brasil e a Caixa Econ\u00f4mica Federal, como entendeu o TCU, durante julgamento em abril.<\/span><\/p>\n<blockquote>\n<p class=\"p1\"><span class=\"s1\">Em entrevista concedida ap\u00f3s a decis\u00e3o preliminar do tribunal, o ministro da Justi\u00e7a, Jos\u00e9 Eduardo Cardozo, e o advogado-geral da Uni\u00e3o, Lu\u00eds In\u00e1cio Adams, alegaram que a pr\u00e1tica ocorre desde 2001, e que, durante os governos de Fernando Henrique Cardoso e Luiz In\u00e1cio Lula da Silva, tal movimenta\u00e7\u00e3o nunca foi questionada, portanto, n\u00e3o fere a Lei de Responsabilidade Fiscal (LRF).<\/span><\/p>\n<\/blockquote>\n<p class=\"p1\"><span class=\"s1\"><b>Andr\u00e9 Richter, ABr<\/b><\/span><\/p>\n","protected":false},"excerpt":{"rendered":"<p>Partidos de oposi\u00e7\u00e3o protocolaram na Procuradoria-Geral da Rep\u00fablica, representa\u00e7\u00e3o contra a presidenta Dilma Rousseff. O PSDB, o DEM, o PPS e o Solidariedade (SD) acusam o governo de irregularidades financeiras devido a atraso nos repasses de recursos da Uni\u00e3o para bancos p\u00fablicos. O fato envolve pagamentos feitos pelos bancos p\u00fablicos a benefici\u00e1rios de programas sociais [&hellip;]<\/p>\n","protected":false},"author":2,"featured_media":50670,"comment_status":"open","ping_status":"closed","sticky":false,"template":"","format":"standard","meta":{"_acf_changed":false,"footnotes":""},"categories":[16],"tags":[],"class_list":["post-50669","post","type-post","status-publish","format-standard","has-post-thumbnail","hentry","category-brasil"],"acf":[],"yoast_head":"<!-- This site is optimized with the Yoast SEO plugin v27.2 - https:\/\/yoast.com\/product\/yoast-seo-wordpress\/ -->\n<title>Oposi\u00e7\u00e3o protocola a\u00e7\u00e3o contra Dilma por atrasos financeiros - Notibras<\/title>\n<meta name=\"robots\" content=\"index, follow, max-snippet:-1, max-image-preview:large, max-video-preview:-1\" \/>\n<link rel=\"canonical\" href=\"https:\/\/www.notibras.com\/site\/oposicao-protocola-acao-contra-dilma-por-atrasos-financeiros\/\" \/>\n<meta property=\"og:locale\" content=\"pt_BR\" \/>\n<meta property=\"og:type\" content=\"article\" \/>\n<meta property=\"og:title\" content=\"Oposi\u00e7\u00e3o protocola a\u00e7\u00e3o contra Dilma por atrasos financeiros - Notibras\" \/>\n<meta property=\"og:description\" content=\"Partidos de oposi\u00e7\u00e3o protocolaram na Procuradoria-Geral da Rep\u00fablica, representa\u00e7\u00e3o contra a presidenta Dilma Rousseff. O PSDB, o DEM, o PPS e o Solidariedade (SD) acusam o governo de irregularidades financeiras devido a atraso nos repasses de recursos da Uni\u00e3o para bancos p\u00fablicos. O fato envolve pagamentos feitos pelos bancos p\u00fablicos a benefici\u00e1rios de programas sociais [&hellip;]\" \/>\n<meta property=\"og:url\" content=\"https:\/\/www.notibras.com\/site\/oposicao-protocola-acao-contra-dilma-por-atrasos-financeiros\/\" \/>\n<meta property=\"og:site_name\" content=\"Notibras\" \/>\n<meta property=\"article:publisher\" content=\"https:\/\/www.facebook.com\/notibras\/\" \/>\n<meta property=\"article:published_time\" content=\"2015-05-26T23:43:03+00:00\" \/>\n<meta property=\"article:modified_time\" content=\"2015-05-27T00:51:45+00:00\" \/>\n<meta property=\"og:image\" content=\"https:\/\/www.notibras.com\/site\/wp-content\/uploads\/2015\/05\/alx_oposicao-protocola-acao-na-pgr_original.jpeg\" \/>\n\t<meta property=\"og:image:width\" content=\"690\" \/>\n\t<meta property=\"og:image:height\" content=\"518\" \/>\n\t<meta property=\"og:image:type\" content=\"image\/jpeg\" \/>\n<meta name=\"author\" content=\"Reda\u00e7\u00e3o\" \/>\n<meta name=\"twitter:card\" content=\"summary_large_image\" \/>\n<meta name=\"twitter:creator\" content=\"@Notibras\" \/>\n<meta name=\"twitter:site\" content=\"@Notibras\" \/>\n<meta name=\"twitter:label1\" content=\"Escrito por\" \/>\n\t<meta name=\"twitter:data1\" content=\"Reda\u00e7\u00e3o\" \/>\n\t<meta name=\"twitter:label2\" content=\"Est. tempo de leitura\" \/>\n\t<meta name=\"twitter:data2\" content=\"1 minuto\" \/>\n<script type=\"application\/ld+json\" class=\"yoast-schema-graph\">{\"@context\":\"https:\/\/schema.org\",\"@graph\":[{\"@type\":\"Article\",\"@id\":\"https:\/\/www.notibras.com\/site\/oposicao-protocola-acao-contra-dilma-por-atrasos-financeiros\/#article\",\"isPartOf\":{\"@id\":\"https:\/\/www.notibras.com\/site\/oposicao-protocola-acao-contra-dilma-por-atrasos-financeiros\/\"},\"author\":{\"name\":\"Reda\u00e7\u00e3o\",\"@id\":\"https:\/\/www.notibras.com\/site\/#\/schema\/person\/36ab0979449956132d3e5b517ea76ac8\"},\"headline\":\"Oposi\u00e7\u00e3o protocola a\u00e7\u00e3o contra Dilma por atrasos financeiros\",\"datePublished\":\"2015-05-26T23:43:03+00:00\",\"dateModified\":\"2015-05-27T00:51:45+00:00\",\"mainEntityOfPage\":{\"@id\":\"https:\/\/www.notibras.com\/site\/oposicao-protocola-acao-contra-dilma-por-atrasos-financeiros\/\"},\"wordCount\":234,\"commentCount\":0,\"publisher\":{\"@id\":\"https:\/\/www.notibras.com\/site\/#organization\"},\"image\":{\"@id\":\"https:\/\/www.notibras.com\/site\/oposicao-protocola-acao-contra-dilma-por-atrasos-financeiros\/#primaryimage\"},\"thumbnailUrl\":\"https:\/\/www.notibras.com\/site\/wp-content\/uploads\/2015\/05\/alx_oposicao-protocola-acao-na-pgr_original.jpeg\",\"articleSection\":[\"Brasil\"],\"inLanguage\":\"pt-BR\",\"potentialAction\":[{\"@type\":\"CommentAction\",\"name\":\"Comment\",\"target\":[\"https:\/\/www.notibras.com\/site\/oposicao-protocola-acao-contra-dilma-por-atrasos-financeiros\/#respond\"]}]},{\"@type\":\"WebPage\",\"@id\":\"https:\/\/www.notibras.com\/site\/oposicao-protocola-acao-contra-dilma-por-atrasos-financeiros\/\",\"url\":\"https:\/\/www.notibras.com\/site\/oposicao-protocola-acao-contra-dilma-por-atrasos-financeiros\/\",\"name\":\"Oposi\u00e7\u00e3o protocola a\u00e7\u00e3o contra Dilma por atrasos financeiros - Notibras\",\"isPartOf\":{\"@id\":\"https:\/\/www.notibras.com\/site\/#website\"},\"primaryImageOfPage\":{\"@id\":\"https:\/\/www.notibras.com\/site\/oposicao-protocola-acao-contra-dilma-por-atrasos-financeiros\/#primaryimage\"},\"image\":{\"@id\":\"https:\/\/www.notibras.com\/site\/oposicao-protocola-acao-contra-dilma-por-atrasos-financeiros\/#primaryimage\"},\"thumbnailUrl\":\"https:\/\/www.notibras.com\/site\/wp-content\/uploads\/2015\/05\/alx_oposicao-protocola-acao-na-pgr_original.jpeg\",\"datePublished\":\"2015-05-26T23:43:03+00:00\",\"dateModified\":\"2015-05-27T00:51:45+00:00\",\"breadcrumb\":{\"@id\":\"https:\/\/www.notibras.com\/site\/oposicao-protocola-acao-contra-dilma-por-atrasos-financeiros\/#breadcrumb\"},\"inLanguage\":\"pt-BR\",\"potentialAction\":[{\"@type\":\"ReadAction\",\"target\":[\"https:\/\/www.notibras.com\/site\/oposicao-protocola-acao-contra-dilma-por-atrasos-financeiros\/\"]}]},{\"@type\":\"ImageObject\",\"inLanguage\":\"pt-BR\",\"@id\":\"https:\/\/www.notibras.com\/site\/oposicao-protocola-acao-contra-dilma-por-atrasos-financeiros\/#primaryimage\",\"url\":\"https:\/\/www.notibras.com\/site\/wp-content\/uploads\/2015\/05\/alx_oposicao-protocola-acao-na-pgr_original.jpeg\",\"contentUrl\":\"https:\/\/www.notibras.com\/site\/wp-content\/uploads\/2015\/05\/alx_oposicao-protocola-acao-na-pgr_original.jpeg\",\"width\":690,\"height\":518},{\"@type\":\"BreadcrumbList\",\"@id\":\"https:\/\/www.notibras.com\/site\/oposicao-protocola-acao-contra-dilma-por-atrasos-financeiros\/#breadcrumb\",\"itemListElement\":[{\"@type\":\"ListItem\",\"position\":1,\"name\":\"In\u00edcio\",\"item\":\"https:\/\/www.notibras.com\/site\/\"},{\"@type\":\"ListItem\",\"position\":2,\"name\":\"Oposi\u00e7\u00e3o protocola a\u00e7\u00e3o contra Dilma por atrasos financeiros\"}]},{\"@type\":\"WebSite\",\"@id\":\"https:\/\/www.notibras.com\/site\/#website\",\"url\":\"https:\/\/www.notibras.com\/site\/\",\"name\":\"Notibras\",\"description\":\"Not\u00edcias de Bras\u00edlia, do Brasil e do Mundo\",\"publisher\":{\"@id\":\"https:\/\/www.notibras.com\/site\/#organization\"},\"potentialAction\":[{\"@type\":\"SearchAction\",\"target\":{\"@type\":\"EntryPoint\",\"urlTemplate\":\"https:\/\/www.notibras.com\/site\/?s={search_term_string}\"},\"query-input\":{\"@type\":\"PropertyValueSpecification\",\"valueRequired\":true,\"valueName\":\"search_term_string\"}}],\"inLanguage\":\"pt-BR\"},{\"@type\":\"Organization\",\"@id\":\"https:\/\/www.notibras.com\/site\/#organization\",\"name\":\"Grupo Notibras de Comunica\u00e7\u00e3o\",\"url\":\"https:\/\/www.notibras.com\/site\/\",\"logo\":{\"@type\":\"ImageObject\",\"inLanguage\":\"pt-BR\",\"@id\":\"https:\/\/www.notibras.com\/site\/#\/schema\/logo\/image\/\",\"url\":\"https:\/\/www.notibras.com\/site\/wp-content\/uploads\/2023\/01\/notibras23.png\",\"contentUrl\":\"https:\/\/www.notibras.com\/site\/wp-content\/uploads\/2023\/01\/notibras23.png\",\"width\":350,\"height\":87,\"caption\":\"Grupo Notibras de Comunica\u00e7\u00e3o\"},\"image\":{\"@id\":\"https:\/\/www.notibras.com\/site\/#\/schema\/logo\/image\/\"},\"sameAs\":[\"https:\/\/www.facebook.com\/notibras\/\",\"https:\/\/x.com\/Notibras\",\"https:\/\/www.instagram.com\/notibras\/\"]},{\"@type\":\"Person\",\"@id\":\"https:\/\/www.notibras.com\/site\/#\/schema\/person\/36ab0979449956132d3e5b517ea76ac8\",\"name\":\"Reda\u00e7\u00e3o\",\"image\":{\"@type\":\"ImageObject\",\"inLanguage\":\"pt-BR\",\"@id\":\"https:\/\/secure.gravatar.com\/avatar\/e0a867bdedb85fd243eadf09663511f96fc81e0720a4a42581f334ad4303aa6b?s=96&d=mm&r=g\",\"url\":\"https:\/\/secure.gravatar.com\/avatar\/e0a867bdedb85fd243eadf09663511f96fc81e0720a4a42581f334ad4303aa6b?s=96&d=mm&r=g\",\"contentUrl\":\"https:\/\/secure.gravatar.com\/avatar\/e0a867bdedb85fd243eadf09663511f96fc81e0720a4a42581f334ad4303aa6b?s=96&d=mm&r=g\",\"caption\":\"Reda\u00e7\u00e3o\"}}]}<\/script>\n<!-- \/ Yoast SEO plugin. -->","yoast_head_json":{"title":"Oposi\u00e7\u00e3o protocola a\u00e7\u00e3o contra Dilma por atrasos financeiros - Notibras","robots":{"index":"index","follow":"follow","max-snippet":"max-snippet:-1","max-image-preview":"max-image-preview:large","max-video-preview":"max-video-preview:-1"},"canonical":"https:\/\/www.notibras.com\/site\/oposicao-protocola-acao-contra-dilma-por-atrasos-financeiros\/","og_locale":"pt_BR","og_type":"article","og_title":"Oposi\u00e7\u00e3o protocola a\u00e7\u00e3o contra Dilma por atrasos financeiros - Notibras","og_description":"Partidos de oposi\u00e7\u00e3o protocolaram na Procuradoria-Geral da Rep\u00fablica, representa\u00e7\u00e3o contra a presidenta Dilma Rousseff. O PSDB, o DEM, o PPS e o Solidariedade (SD) acusam o governo de irregularidades financeiras devido a atraso nos repasses de recursos da Uni\u00e3o para bancos p\u00fablicos. O fato envolve pagamentos feitos pelos bancos p\u00fablicos a benefici\u00e1rios de programas sociais [&hellip;]","og_url":"https:\/\/www.notibras.com\/site\/oposicao-protocola-acao-contra-dilma-por-atrasos-financeiros\/","og_site_name":"Notibras","article_publisher":"https:\/\/www.facebook.com\/notibras\/","article_published_time":"2015-05-26T23:43:03+00:00","article_modified_time":"2015-05-27T00:51:45+00:00","og_image":[{"width":690,"height":518,"url":"https:\/\/www.notibras.com\/site\/wp-content\/uploads\/2015\/05\/alx_oposicao-protocola-acao-na-pgr_original.jpeg","type":"image\/jpeg"}],"author":"Reda\u00e7\u00e3o","twitter_card":"summary_large_image","twitter_creator":"@Notibras","twitter_site":"@Notibras","twitter_misc":{"Escrito por":"Reda\u00e7\u00e3o","Est. tempo de leitura":"1 minuto"},"schema":{"@context":"https:\/\/schema.org","@graph":[{"@type":"Article","@id":"https:\/\/www.notibras.com\/site\/oposicao-protocola-acao-contra-dilma-por-atrasos-financeiros\/#article","isPartOf":{"@id":"https:\/\/www.notibras.com\/site\/oposicao-protocola-acao-contra-dilma-por-atrasos-financeiros\/"},"author":{"name":"Reda\u00e7\u00e3o","@id":"https:\/\/www.notibras.com\/site\/#\/schema\/person\/36ab0979449956132d3e5b517ea76ac8"},"headline":"Oposi\u00e7\u00e3o protocola a\u00e7\u00e3o contra Dilma por atrasos financeiros","datePublished":"2015-05-26T23:43:03+00:00","dateModified":"2015-05-27T00:51:45+00:00","mainEntityOfPage":{"@id":"https:\/\/www.notibras.com\/site\/oposicao-protocola-acao-contra-dilma-por-atrasos-financeiros\/"},"wordCount":234,"commentCount":0,"publisher":{"@id":"https:\/\/www.notibras.com\/site\/#organization"},"image":{"@id":"https:\/\/www.notibras.com\/site\/oposicao-protocola-acao-contra-dilma-por-atrasos-financeiros\/#primaryimage"},"thumbnailUrl":"https:\/\/www.notibras.com\/site\/wp-content\/uploads\/2015\/05\/alx_oposicao-protocola-acao-na-pgr_original.jpeg","articleSection":["Brasil"],"inLanguage":"pt-BR","potentialAction":[{"@type":"CommentAction","name":"Comment","target":["https:\/\/www.notibras.com\/site\/oposicao-protocola-acao-contra-dilma-por-atrasos-financeiros\/#respond"]}]},{"@type":"WebPage","@id":"https:\/\/www.notibras.com\/site\/oposicao-protocola-acao-contra-dilma-por-atrasos-financeiros\/","url":"https:\/\/www.notibras.com\/site\/oposicao-protocola-acao-contra-dilma-por-atrasos-financeiros\/","name":"Oposi\u00e7\u00e3o protocola a\u00e7\u00e3o contra Dilma por atrasos financeiros - Notibras","isPartOf":{"@id":"https:\/\/www.notibras.com\/site\/#website"},"primaryImageOfPage":{"@id":"https:\/\/www.notibras.com\/site\/oposicao-protocola-acao-contra-dilma-por-atrasos-financeiros\/#primaryimage"},"image":{"@id":"https:\/\/www.notibras.com\/site\/oposicao-protocola-acao-contra-dilma-por-atrasos-financeiros\/#primaryimage"},"thumbnailUrl":"https:\/\/www.notibras.com\/site\/wp-content\/uploads\/2015\/05\/alx_oposicao-protocola-acao-na-pgr_original.jpeg","datePublished":"2015-05-26T23:43:03+00:00","dateModified":"2015-05-27T00:51:45+00:00","breadcrumb":{"@id":"https:\/\/www.notibras.com\/site\/oposicao-protocola-acao-contra-dilma-por-atrasos-financeiros\/#breadcrumb"},"inLanguage":"pt-BR","potentialAction":[{"@type":"ReadAction","target":["https:\/\/www.notibras.com\/site\/oposicao-protocola-acao-contra-dilma-por-atrasos-financeiros\/"]}]},{"@type":"ImageObject","inLanguage":"pt-BR","@id":"https:\/\/www.notibras.com\/site\/oposicao-protocola-acao-contra-dilma-por-atrasos-financeiros\/#primaryimage","url":"https:\/\/www.notibras.com\/site\/wp-content\/uploads\/2015\/05\/alx_oposicao-protocola-acao-na-pgr_original.jpeg","contentUrl":"https:\/\/www.notibras.com\/site\/wp-content\/uploads\/2015\/05\/alx_oposicao-protocola-acao-na-pgr_original.jpeg","width":690,"height":518},{"@type":"BreadcrumbList","@id":"https:\/\/www.notibras.com\/site\/oposicao-protocola-acao-contra-dilma-por-atrasos-financeiros\/#breadcrumb","itemListElement":[{"@type":"ListItem","position":1,"name":"In\u00edcio","item":"https:\/\/www.notibras.com\/site\/"},{"@type":"ListItem","position":2,"name":"Oposi\u00e7\u00e3o protocola a\u00e7\u00e3o contra Dilma por atrasos financeiros"}]},{"@type":"WebSite","@id":"https:\/\/www.notibras.com\/site\/#website","url":"https:\/\/www.notibras.com\/site\/","name":"Notibras","description":"Not\u00edcias de Bras\u00edlia, do Brasil e do Mundo","publisher":{"@id":"https:\/\/www.notibras.com\/site\/#organization"},"potentialAction":[{"@type":"SearchAction","target":{"@type":"EntryPoint","urlTemplate":"https:\/\/www.notibras.com\/site\/?s={search_term_string}"},"query-input":{"@type":"PropertyValueSpecification","valueRequired":true,"valueName":"search_term_string"}}],"inLanguage":"pt-BR"},{"@type":"Organization","@id":"https:\/\/www.notibras.com\/site\/#organization","name":"Grupo Notibras de Comunica\u00e7\u00e3o","url":"https:\/\/www.notibras.com\/site\/","logo":{"@type":"ImageObject","inLanguage":"pt-BR","@id":"https:\/\/www.notibras.com\/site\/#\/schema\/logo\/image\/","url":"https:\/\/www.notibras.com\/site\/wp-content\/uploads\/2023\/01\/notibras23.png","contentUrl":"https:\/\/www.notibras.com\/site\/wp-content\/uploads\/2023\/01\/notibras23.png","width":350,"height":87,"caption":"Grupo Notibras de Comunica\u00e7\u00e3o"},"image":{"@id":"https:\/\/www.notibras.com\/site\/#\/schema\/logo\/image\/"},"sameAs":["https:\/\/www.facebook.com\/notibras\/","https:\/\/x.com\/Notibras","https:\/\/www.instagram.com\/notibras\/"]},{"@type":"Person","@id":"https:\/\/www.notibras.com\/site\/#\/schema\/person\/36ab0979449956132d3e5b517ea76ac8","name":"Reda\u00e7\u00e3o","image":{"@type":"ImageObject","inLanguage":"pt-BR","@id":"https:\/\/secure.gravatar.com\/avatar\/e0a867bdedb85fd243eadf09663511f96fc81e0720a4a42581f334ad4303aa6b?s=96&d=mm&r=g","url":"https:\/\/secure.gravatar.com\/avatar\/e0a867bdedb85fd243eadf09663511f96fc81e0720a4a42581f334ad4303aa6b?s=96&d=mm&r=g","contentUrl":"https:\/\/secure.gravatar.com\/avatar\/e0a867bdedb85fd243eadf09663511f96fc81e0720a4a42581f334ad4303aa6b?s=96&d=mm&r=g","caption":"Reda\u00e7\u00e3o"}}]}},"amp_enabled":true,"_links":{"self":[{"href":"https:\/\/www.notibras.com\/site\/wp-json\/wp\/v2\/posts\/50669","targetHints":{"allow":["GET"]}}],"collection":[{"href":"https:\/\/www.notibras.com\/site\/wp-json\/wp\/v2\/posts"}],"about":[{"href":"https:\/\/www.notibras.com\/site\/wp-json\/wp\/v2\/types\/post"}],"author":[{"embeddable":true,"href":"https:\/\/www.notibras.com\/site\/wp-json\/wp\/v2\/users\/2"}],"replies":[{"embeddable":true,"href":"https:\/\/www.notibras.com\/site\/wp-json\/wp\/v2\/comments?post=50669"}],"version-history":[{"count":0,"href":"https:\/\/www.notibras.com\/site\/wp-json\/wp\/v2\/posts\/50669\/revisions"}],"wp:featuredmedia":[{"embeddable":true,"href":"https:\/\/www.notibras.com\/site\/wp-json\/wp\/v2\/media\/50670"}],"wp:attachment":[{"href":"https:\/\/www.notibras.com\/site\/wp-json\/wp\/v2\/media?parent=50669"}],"wp:term":[{"taxonomy":"category","embeddable":true,"href":"https:\/\/www.notibras.com\/site\/wp-json\/wp\/v2\/categories?post=50669"},{"taxonomy":"post_tag","embeddable":true,"href":"https:\/\/www.notibras.com\/site\/wp-json\/wp\/v2\/tags?post=50669"}],"curies":[{"name":"wp","href":"https:\/\/api.w.org\/{rel}","templated":true}]}}