{"id":50701,"date":"2015-05-26T22:41:21","date_gmt":"2015-05-27T01:41:21","guid":{"rendered":"http:\/\/www.notibras.com\/site\/?p=50701"},"modified":"2015-05-27T11:20:02","modified_gmt":"2015-05-27T14:20:02","slug":"tucanos-se-unem-a-petistas-e-rejeitam-voto-distritao-que-pmdb-queria-na-reforma-politica","status":"publish","type":"post","link":"https:\/\/www.notibras.com\/site\/tucanos-se-unem-a-petistas-e-rejeitam-voto-distritao-que-pmdb-queria-na-reforma-politica\/","title":{"rendered":"Tucanos se unem a petistas e rejeitam voto distrit\u00e3o do PMDB"},"content":{"rendered":"<p>Se \u00e9 para o bem dos pol\u00edticos e felicidade geral dos candidatos, n\u00e3o se muda nada. Essa a conclus\u00e3o a que se chega ap\u00f3s mais uma rodada de vota\u00e7\u00f5es na C\u00e2mara dos Deputados, na noite desta ter\u00e7a-feira 26, quando foi rejeitada por 267 votos contra, 210 votos a favor e duas absten\u00e7\u00f5es, a proposta que institui o sistema de voto conhecido como &#8220;distrit\u00e3o&#8221;.<\/p>\n<p>Neste sistema, Estados e o Distrito Federal seriam transformados em &#8220;distritos eleitorais&#8221; e os candidatos eleitos s\u00e3o aqueles que conseguem o maior n\u00famero de votos em cada distrito. O PT foi contra a proposta. A rejei\u00e7\u00e3o do &#8220;distrit\u00e3o&#8221; \u00e9 vista como uma derrota pol\u00edtica do presidente da C\u00e2mara, Eduardo Cunha (PMDB-RJ), defensor do modelo.<\/p>\n<p>A previs\u00e3o era de que os deputados votassem os itens relacionados ao sistema eleitoral e ao financiamento de campanha. Mas muitos pontos, como o fim da reelei\u00e7\u00e3o, coincid\u00eancia de elei\u00e7\u00f5es e voto facultativo ainda ser\u00e3o votados pelos deputados ao longo da semana. Para ser aprovado, cada item precisa ter, no m\u00ednimo, 308 votos a favor.<\/p>\n<blockquote><p>A vota\u00e7\u00e3o que resultou na rejei\u00e7\u00e3o do &#8220;distrit\u00e3o&#8221; foi marcada pela mudan\u00e7a de posi\u00e7\u00e3o do l\u00edder do PSDB na C\u00e2mara, Carlos Sampaio (PSDB-SP), e do PCdoB, cuja lideran\u00e7a havia indicado o voto a favor da proposta.<\/p><\/blockquote>\n<p>Para entrar em vigor, a PEC da reforma pol\u00edtica precisa ser votada em dois turnos no Senado e em mais um turno na C\u00e2mara dos Deputados antes de ser promulgada. Por ser uma PEC, n\u00e3o h\u00e1 necessidade de a presidente da Rep\u00fablica sancionar a mudan\u00e7a.<\/p>\n<p>As principais cr\u00edticas em rela\u00e7\u00e3o ao chamado &#8220;distrit\u00e3o&#8221; s\u00e3o as de que ele tornaria as elei\u00e7\u00f5es mais caras, favoreceria candidatos com maior poder econ\u00f4mico, enfraqueceria os partidos e dificultaria o acesso ao Parlamento de candidatos que representam minorias.<\/p>\n","protected":false},"excerpt":{"rendered":"<p>Se \u00e9 para o bem dos pol\u00edticos e felicidade geral dos candidatos, n\u00e3o se muda nada. Essa a conclus\u00e3o a que se chega ap\u00f3s mais uma rodada de vota\u00e7\u00f5es na C\u00e2mara dos Deputados, na noite desta ter\u00e7a-feira 26, quando foi rejeitada por 267 votos contra, 210 votos a favor e duas absten\u00e7\u00f5es, a proposta que [&hellip;]<\/p>\n","protected":false},"author":2,"featured_media":50705,"comment_status":"open","ping_status":"closed","sticky":false,"template":"","format":"standard","meta":{"_acf_changed":false,"footnotes":""},"categories":[16],"tags":[],"class_list":["post-50701","post","type-post","status-publish","format-standard","has-post-thumbnail","hentry","category-brasil"],"acf":[],"yoast_head":"<!-- This site is optimized with the Yoast SEO plugin v27.2 - https:\/\/yoast.com\/product\/yoast-seo-wordpress\/ -->\n<title>Tucanos se unem a petistas e rejeitam voto distrit\u00e3o do PMDB - Notibras<\/title>\n<meta name=\"robots\" content=\"index, follow, max-snippet:-1, max-image-preview:large, max-video-preview:-1\" \/>\n<link rel=\"canonical\" href=\"https:\/\/www.notibras.com\/site\/tucanos-se-unem-a-petistas-e-rejeitam-voto-distritao-que-pmdb-queria-na-reforma-politica\/\" \/>\n<meta property=\"og:locale\" content=\"pt_BR\" \/>\n<meta property=\"og:type\" content=\"article\" \/>\n<meta property=\"og:title\" content=\"Tucanos se unem a petistas e rejeitam voto distrit\u00e3o do PMDB - Notibras\" \/>\n<meta property=\"og:description\" content=\"Se \u00e9 para o bem dos pol\u00edticos e felicidade geral dos candidatos, n\u00e3o se muda nada. Essa a conclus\u00e3o a que se chega ap\u00f3s mais uma rodada de vota\u00e7\u00f5es na C\u00e2mara dos Deputados, na noite desta ter\u00e7a-feira 26, quando foi rejeitada por 267 votos contra, 210 votos a favor e duas absten\u00e7\u00f5es, a proposta que [&hellip;]\" \/>\n<meta property=\"og:url\" content=\"https:\/\/www.notibras.com\/site\/tucanos-se-unem-a-petistas-e-rejeitam-voto-distritao-que-pmdb-queria-na-reforma-politica\/\" \/>\n<meta property=\"og:site_name\" content=\"Notibras\" \/>\n<meta property=\"article:publisher\" content=\"https:\/\/www.facebook.com\/notibras\/\" \/>\n<meta property=\"article:published_time\" content=\"2015-05-27T01:41:21+00:00\" \/>\n<meta property=\"article:modified_time\" content=\"2015-05-27T14:20:02+00:00\" \/>\n<meta property=\"og:image\" content=\"https:\/\/www.notibras.com\/site\/wp-content\/uploads\/2015\/05\/961073-26052015-_wdo9180.jpg\" \/>\n\t<meta property=\"og:image:width\" content=\"1099\" \/>\n\t<meta property=\"og:image:height\" content=\"720\" \/>\n\t<meta property=\"og:image:type\" content=\"image\/jpeg\" \/>\n<meta name=\"author\" content=\"Reda\u00e7\u00e3o\" \/>\n<meta name=\"twitter:card\" content=\"summary_large_image\" \/>\n<meta name=\"twitter:creator\" content=\"@Notibras\" \/>\n<meta name=\"twitter:site\" content=\"@Notibras\" \/>\n<meta name=\"twitter:label1\" content=\"Escrito por\" \/>\n\t<meta name=\"twitter:data1\" content=\"Reda\u00e7\u00e3o\" \/>\n\t<meta name=\"twitter:label2\" content=\"Est. tempo de leitura\" \/>\n\t<meta name=\"twitter:data2\" content=\"2 minutos\" \/>\n<script type=\"application\/ld+json\" class=\"yoast-schema-graph\">{\"@context\":\"https:\/\/schema.org\",\"@graph\":[{\"@type\":\"Article\",\"@id\":\"https:\/\/www.notibras.com\/site\/tucanos-se-unem-a-petistas-e-rejeitam-voto-distritao-que-pmdb-queria-na-reforma-politica\/#article\",\"isPartOf\":{\"@id\":\"https:\/\/www.notibras.com\/site\/tucanos-se-unem-a-petistas-e-rejeitam-voto-distritao-que-pmdb-queria-na-reforma-politica\/\"},\"author\":{\"name\":\"Reda\u00e7\u00e3o\",\"@id\":\"https:\/\/www.notibras.com\/site\/#\/schema\/person\/36ab0979449956132d3e5b517ea76ac8\"},\"headline\":\"Tucanos se unem a petistas e rejeitam voto distrit\u00e3o do PMDB\",\"datePublished\":\"2015-05-27T01:41:21+00:00\",\"dateModified\":\"2015-05-27T14:20:02+00:00\",\"mainEntityOfPage\":{\"@id\":\"https:\/\/www.notibras.com\/site\/tucanos-se-unem-a-petistas-e-rejeitam-voto-distritao-que-pmdb-queria-na-reforma-politica\/\"},\"wordCount\":337,\"commentCount\":0,\"publisher\":{\"@id\":\"https:\/\/www.notibras.com\/site\/#organization\"},\"image\":{\"@id\":\"https:\/\/www.notibras.com\/site\/tucanos-se-unem-a-petistas-e-rejeitam-voto-distritao-que-pmdb-queria-na-reforma-politica\/#primaryimage\"},\"thumbnailUrl\":\"https:\/\/www.notibras.com\/site\/wp-content\/uploads\/2015\/05\/961073-26052015-_wdo9180.jpg\",\"articleSection\":[\"Brasil\"],\"inLanguage\":\"pt-BR\",\"potentialAction\":[{\"@type\":\"CommentAction\",\"name\":\"Comment\",\"target\":[\"https:\/\/www.notibras.com\/site\/tucanos-se-unem-a-petistas-e-rejeitam-voto-distritao-que-pmdb-queria-na-reforma-politica\/#respond\"]}]},{\"@type\":\"WebPage\",\"@id\":\"https:\/\/www.notibras.com\/site\/tucanos-se-unem-a-petistas-e-rejeitam-voto-distritao-que-pmdb-queria-na-reforma-politica\/\",\"url\":\"https:\/\/www.notibras.com\/site\/tucanos-se-unem-a-petistas-e-rejeitam-voto-distritao-que-pmdb-queria-na-reforma-politica\/\",\"name\":\"Tucanos se unem a petistas e rejeitam voto distrit\u00e3o do PMDB - Notibras\",\"isPartOf\":{\"@id\":\"https:\/\/www.notibras.com\/site\/#website\"},\"primaryImageOfPage\":{\"@id\":\"https:\/\/www.notibras.com\/site\/tucanos-se-unem-a-petistas-e-rejeitam-voto-distritao-que-pmdb-queria-na-reforma-politica\/#primaryimage\"},\"image\":{\"@id\":\"https:\/\/www.notibras.com\/site\/tucanos-se-unem-a-petistas-e-rejeitam-voto-distritao-que-pmdb-queria-na-reforma-politica\/#primaryimage\"},\"thumbnailUrl\":\"https:\/\/www.notibras.com\/site\/wp-content\/uploads\/2015\/05\/961073-26052015-_wdo9180.jpg\",\"datePublished\":\"2015-05-27T01:41:21+00:00\",\"dateModified\":\"2015-05-27T14:20:02+00:00\",\"breadcrumb\":{\"@id\":\"https:\/\/www.notibras.com\/site\/tucanos-se-unem-a-petistas-e-rejeitam-voto-distritao-que-pmdb-queria-na-reforma-politica\/#breadcrumb\"},\"inLanguage\":\"pt-BR\",\"potentialAction\":[{\"@type\":\"ReadAction\",\"target\":[\"https:\/\/www.notibras.com\/site\/tucanos-se-unem-a-petistas-e-rejeitam-voto-distritao-que-pmdb-queria-na-reforma-politica\/\"]}]},{\"@type\":\"ImageObject\",\"inLanguage\":\"pt-BR\",\"@id\":\"https:\/\/www.notibras.com\/site\/tucanos-se-unem-a-petistas-e-rejeitam-voto-distritao-que-pmdb-queria-na-reforma-politica\/#primaryimage\",\"url\":\"https:\/\/www.notibras.com\/site\/wp-content\/uploads\/2015\/05\/961073-26052015-_wdo9180.jpg\",\"contentUrl\":\"https:\/\/www.notibras.com\/site\/wp-content\/uploads\/2015\/05\/961073-26052015-_wdo9180.jpg\",\"width\":1099,\"height\":720},{\"@type\":\"BreadcrumbList\",\"@id\":\"https:\/\/www.notibras.com\/site\/tucanos-se-unem-a-petistas-e-rejeitam-voto-distritao-que-pmdb-queria-na-reforma-politica\/#breadcrumb\",\"itemListElement\":[{\"@type\":\"ListItem\",\"position\":1,\"name\":\"In\u00edcio\",\"item\":\"https:\/\/www.notibras.com\/site\/\"},{\"@type\":\"ListItem\",\"position\":2,\"name\":\"Tucanos se unem a petistas e rejeitam voto distrit\u00e3o do PMDB\"}]},{\"@type\":\"WebSite\",\"@id\":\"https:\/\/www.notibras.com\/site\/#website\",\"url\":\"https:\/\/www.notibras.com\/site\/\",\"name\":\"Notibras\",\"description\":\"Not\u00edcias de Bras\u00edlia, do Brasil e do Mundo\",\"publisher\":{\"@id\":\"https:\/\/www.notibras.com\/site\/#organization\"},\"potentialAction\":[{\"@type\":\"SearchAction\",\"target\":{\"@type\":\"EntryPoint\",\"urlTemplate\":\"https:\/\/www.notibras.com\/site\/?s={search_term_string}\"},\"query-input\":{\"@type\":\"PropertyValueSpecification\",\"valueRequired\":true,\"valueName\":\"search_term_string\"}}],\"inLanguage\":\"pt-BR\"},{\"@type\":\"Organization\",\"@id\":\"https:\/\/www.notibras.com\/site\/#organization\",\"name\":\"Grupo Notibras de Comunica\u00e7\u00e3o\",\"url\":\"https:\/\/www.notibras.com\/site\/\",\"logo\":{\"@type\":\"ImageObject\",\"inLanguage\":\"pt-BR\",\"@id\":\"https:\/\/www.notibras.com\/site\/#\/schema\/logo\/image\/\",\"url\":\"https:\/\/www.notibras.com\/site\/wp-content\/uploads\/2023\/01\/notibras23.png\",\"contentUrl\":\"https:\/\/www.notibras.com\/site\/wp-content\/uploads\/2023\/01\/notibras23.png\",\"width\":350,\"height\":87,\"caption\":\"Grupo Notibras de Comunica\u00e7\u00e3o\"},\"image\":{\"@id\":\"https:\/\/www.notibras.com\/site\/#\/schema\/logo\/image\/\"},\"sameAs\":[\"https:\/\/www.facebook.com\/notibras\/\",\"https:\/\/x.com\/Notibras\",\"https:\/\/www.instagram.com\/notibras\/\"]},{\"@type\":\"Person\",\"@id\":\"https:\/\/www.notibras.com\/site\/#\/schema\/person\/36ab0979449956132d3e5b517ea76ac8\",\"name\":\"Reda\u00e7\u00e3o\",\"image\":{\"@type\":\"ImageObject\",\"inLanguage\":\"pt-BR\",\"@id\":\"https:\/\/secure.gravatar.com\/avatar\/e0a867bdedb85fd243eadf09663511f96fc81e0720a4a42581f334ad4303aa6b?s=96&d=mm&r=g\",\"url\":\"https:\/\/secure.gravatar.com\/avatar\/e0a867bdedb85fd243eadf09663511f96fc81e0720a4a42581f334ad4303aa6b?s=96&d=mm&r=g\",\"contentUrl\":\"https:\/\/secure.gravatar.com\/avatar\/e0a867bdedb85fd243eadf09663511f96fc81e0720a4a42581f334ad4303aa6b?s=96&d=mm&r=g\",\"caption\":\"Reda\u00e7\u00e3o\"}}]}<\/script>\n<!-- \/ Yoast SEO plugin. -->","yoast_head_json":{"title":"Tucanos se unem a petistas e rejeitam voto distrit\u00e3o do PMDB - Notibras","robots":{"index":"index","follow":"follow","max-snippet":"max-snippet:-1","max-image-preview":"max-image-preview:large","max-video-preview":"max-video-preview:-1"},"canonical":"https:\/\/www.notibras.com\/site\/tucanos-se-unem-a-petistas-e-rejeitam-voto-distritao-que-pmdb-queria-na-reforma-politica\/","og_locale":"pt_BR","og_type":"article","og_title":"Tucanos se unem a petistas e rejeitam voto distrit\u00e3o do PMDB - Notibras","og_description":"Se \u00e9 para o bem dos pol\u00edticos e felicidade geral dos candidatos, n\u00e3o se muda nada. Essa a conclus\u00e3o a que se chega ap\u00f3s mais uma rodada de vota\u00e7\u00f5es na C\u00e2mara dos Deputados, na noite desta ter\u00e7a-feira 26, quando foi rejeitada por 267 votos contra, 210 votos a favor e duas absten\u00e7\u00f5es, a proposta que [&hellip;]","og_url":"https:\/\/www.notibras.com\/site\/tucanos-se-unem-a-petistas-e-rejeitam-voto-distritao-que-pmdb-queria-na-reforma-politica\/","og_site_name":"Notibras","article_publisher":"https:\/\/www.facebook.com\/notibras\/","article_published_time":"2015-05-27T01:41:21+00:00","article_modified_time":"2015-05-27T14:20:02+00:00","og_image":[{"width":1099,"height":720,"url":"https:\/\/www.notibras.com\/site\/wp-content\/uploads\/2015\/05\/961073-26052015-_wdo9180.jpg","type":"image\/jpeg"}],"author":"Reda\u00e7\u00e3o","twitter_card":"summary_large_image","twitter_creator":"@Notibras","twitter_site":"@Notibras","twitter_misc":{"Escrito por":"Reda\u00e7\u00e3o","Est. tempo de leitura":"2 minutos"},"schema":{"@context":"https:\/\/schema.org","@graph":[{"@type":"Article","@id":"https:\/\/www.notibras.com\/site\/tucanos-se-unem-a-petistas-e-rejeitam-voto-distritao-que-pmdb-queria-na-reforma-politica\/#article","isPartOf":{"@id":"https:\/\/www.notibras.com\/site\/tucanos-se-unem-a-petistas-e-rejeitam-voto-distritao-que-pmdb-queria-na-reforma-politica\/"},"author":{"name":"Reda\u00e7\u00e3o","@id":"https:\/\/www.notibras.com\/site\/#\/schema\/person\/36ab0979449956132d3e5b517ea76ac8"},"headline":"Tucanos se unem a petistas e rejeitam voto distrit\u00e3o do PMDB","datePublished":"2015-05-27T01:41:21+00:00","dateModified":"2015-05-27T14:20:02+00:00","mainEntityOfPage":{"@id":"https:\/\/www.notibras.com\/site\/tucanos-se-unem-a-petistas-e-rejeitam-voto-distritao-que-pmdb-queria-na-reforma-politica\/"},"wordCount":337,"commentCount":0,"publisher":{"@id":"https:\/\/www.notibras.com\/site\/#organization"},"image":{"@id":"https:\/\/www.notibras.com\/site\/tucanos-se-unem-a-petistas-e-rejeitam-voto-distritao-que-pmdb-queria-na-reforma-politica\/#primaryimage"},"thumbnailUrl":"https:\/\/www.notibras.com\/site\/wp-content\/uploads\/2015\/05\/961073-26052015-_wdo9180.jpg","articleSection":["Brasil"],"inLanguage":"pt-BR","potentialAction":[{"@type":"CommentAction","name":"Comment","target":["https:\/\/www.notibras.com\/site\/tucanos-se-unem-a-petistas-e-rejeitam-voto-distritao-que-pmdb-queria-na-reforma-politica\/#respond"]}]},{"@type":"WebPage","@id":"https:\/\/www.notibras.com\/site\/tucanos-se-unem-a-petistas-e-rejeitam-voto-distritao-que-pmdb-queria-na-reforma-politica\/","url":"https:\/\/www.notibras.com\/site\/tucanos-se-unem-a-petistas-e-rejeitam-voto-distritao-que-pmdb-queria-na-reforma-politica\/","name":"Tucanos se unem a petistas e rejeitam voto distrit\u00e3o do PMDB - Notibras","isPartOf":{"@id":"https:\/\/www.notibras.com\/site\/#website"},"primaryImageOfPage":{"@id":"https:\/\/www.notibras.com\/site\/tucanos-se-unem-a-petistas-e-rejeitam-voto-distritao-que-pmdb-queria-na-reforma-politica\/#primaryimage"},"image":{"@id":"https:\/\/www.notibras.com\/site\/tucanos-se-unem-a-petistas-e-rejeitam-voto-distritao-que-pmdb-queria-na-reforma-politica\/#primaryimage"},"thumbnailUrl":"https:\/\/www.notibras.com\/site\/wp-content\/uploads\/2015\/05\/961073-26052015-_wdo9180.jpg","datePublished":"2015-05-27T01:41:21+00:00","dateModified":"2015-05-27T14:20:02+00:00","breadcrumb":{"@id":"https:\/\/www.notibras.com\/site\/tucanos-se-unem-a-petistas-e-rejeitam-voto-distritao-que-pmdb-queria-na-reforma-politica\/#breadcrumb"},"inLanguage":"pt-BR","potentialAction":[{"@type":"ReadAction","target":["https:\/\/www.notibras.com\/site\/tucanos-se-unem-a-petistas-e-rejeitam-voto-distritao-que-pmdb-queria-na-reforma-politica\/"]}]},{"@type":"ImageObject","inLanguage":"pt-BR","@id":"https:\/\/www.notibras.com\/site\/tucanos-se-unem-a-petistas-e-rejeitam-voto-distritao-que-pmdb-queria-na-reforma-politica\/#primaryimage","url":"https:\/\/www.notibras.com\/site\/wp-content\/uploads\/2015\/05\/961073-26052015-_wdo9180.jpg","contentUrl":"https:\/\/www.notibras.com\/site\/wp-content\/uploads\/2015\/05\/961073-26052015-_wdo9180.jpg","width":1099,"height":720},{"@type":"BreadcrumbList","@id":"https:\/\/www.notibras.com\/site\/tucanos-se-unem-a-petistas-e-rejeitam-voto-distritao-que-pmdb-queria-na-reforma-politica\/#breadcrumb","itemListElement":[{"@type":"ListItem","position":1,"name":"In\u00edcio","item":"https:\/\/www.notibras.com\/site\/"},{"@type":"ListItem","position":2,"name":"Tucanos se unem a petistas e rejeitam voto distrit\u00e3o do PMDB"}]},{"@type":"WebSite","@id":"https:\/\/www.notibras.com\/site\/#website","url":"https:\/\/www.notibras.com\/site\/","name":"Notibras","description":"Not\u00edcias de Bras\u00edlia, do Brasil e do Mundo","publisher":{"@id":"https:\/\/www.notibras.com\/site\/#organization"},"potentialAction":[{"@type":"SearchAction","target":{"@type":"EntryPoint","urlTemplate":"https:\/\/www.notibras.com\/site\/?s={search_term_string}"},"query-input":{"@type":"PropertyValueSpecification","valueRequired":true,"valueName":"search_term_string"}}],"inLanguage":"pt-BR"},{"@type":"Organization","@id":"https:\/\/www.notibras.com\/site\/#organization","name":"Grupo Notibras de Comunica\u00e7\u00e3o","url":"https:\/\/www.notibras.com\/site\/","logo":{"@type":"ImageObject","inLanguage":"pt-BR","@id":"https:\/\/www.notibras.com\/site\/#\/schema\/logo\/image\/","url":"https:\/\/www.notibras.com\/site\/wp-content\/uploads\/2023\/01\/notibras23.png","contentUrl":"https:\/\/www.notibras.com\/site\/wp-content\/uploads\/2023\/01\/notibras23.png","width":350,"height":87,"caption":"Grupo Notibras de Comunica\u00e7\u00e3o"},"image":{"@id":"https:\/\/www.notibras.com\/site\/#\/schema\/logo\/image\/"},"sameAs":["https:\/\/www.facebook.com\/notibras\/","https:\/\/x.com\/Notibras","https:\/\/www.instagram.com\/notibras\/"]},{"@type":"Person","@id":"https:\/\/www.notibras.com\/site\/#\/schema\/person\/36ab0979449956132d3e5b517ea76ac8","name":"Reda\u00e7\u00e3o","image":{"@type":"ImageObject","inLanguage":"pt-BR","@id":"https:\/\/secure.gravatar.com\/avatar\/e0a867bdedb85fd243eadf09663511f96fc81e0720a4a42581f334ad4303aa6b?s=96&d=mm&r=g","url":"https:\/\/secure.gravatar.com\/avatar\/e0a867bdedb85fd243eadf09663511f96fc81e0720a4a42581f334ad4303aa6b?s=96&d=mm&r=g","contentUrl":"https:\/\/secure.gravatar.com\/avatar\/e0a867bdedb85fd243eadf09663511f96fc81e0720a4a42581f334ad4303aa6b?s=96&d=mm&r=g","caption":"Reda\u00e7\u00e3o"}}]}},"amp_enabled":true,"_links":{"self":[{"href":"https:\/\/www.notibras.com\/site\/wp-json\/wp\/v2\/posts\/50701","targetHints":{"allow":["GET"]}}],"collection":[{"href":"https:\/\/www.notibras.com\/site\/wp-json\/wp\/v2\/posts"}],"about":[{"href":"https:\/\/www.notibras.com\/site\/wp-json\/wp\/v2\/types\/post"}],"author":[{"embeddable":true,"href":"https:\/\/www.notibras.com\/site\/wp-json\/wp\/v2\/users\/2"}],"replies":[{"embeddable":true,"href":"https:\/\/www.notibras.com\/site\/wp-json\/wp\/v2\/comments?post=50701"}],"version-history":[{"count":0,"href":"https:\/\/www.notibras.com\/site\/wp-json\/wp\/v2\/posts\/50701\/revisions"}],"wp:featuredmedia":[{"embeddable":true,"href":"https:\/\/www.notibras.com\/site\/wp-json\/wp\/v2\/media\/50705"}],"wp:attachment":[{"href":"https:\/\/www.notibras.com\/site\/wp-json\/wp\/v2\/media?parent=50701"}],"wp:term":[{"taxonomy":"category","embeddable":true,"href":"https:\/\/www.notibras.com\/site\/wp-json\/wp\/v2\/categories?post=50701"},{"taxonomy":"post_tag","embeddable":true,"href":"https:\/\/www.notibras.com\/site\/wp-json\/wp\/v2\/tags?post=50701"}],"curies":[{"name":"wp","href":"https:\/\/api.w.org\/{rel}","templated":true}]}}