{"id":50732,"date":"2015-05-27T07:34:43","date_gmt":"2015-05-27T10:34:43","guid":{"rendered":"http:\/\/www.notibras.com\/site\/?p=50732"},"modified":"2015-05-27T07:34:43","modified_gmt":"2015-05-27T10:34:43","slug":"dilma-e-joaquim-levy-esquecem-o-povo-e-fazem-opcao-pelos-ricacos","status":"publish","type":"post","link":"https:\/\/www.notibras.com\/site\/dilma-e-joaquim-levy-esquecem-o-povo-e-fazem-opcao-pelos-ricacos\/","title":{"rendered":"Dilma e Joaquim Levy esquecem o povo e fazem op\u00e7\u00e3o pelos rica\u00e7os"},"content":{"rendered":"<p>&#8220;Se fosse aplicado um Imposto sobre Grandes Fortunas (IGF) aos 200 mil contribuintes mais ricos do pa\u00eds, como tem defendido a bancada do PT no Congresso, o governo poderia arrecadar at\u00e9 R$ 6 bilh\u00f5es por ano, segundo estudo feito no Senado a pedido da senadora Gleisi Hoffmann (PT-PR).: Est\u00e1 na edi\u00e7\u00e3o de hoje (3\u00aa feira, 26) da Folha de S. Paulo.<\/p>\n<p>O valor \u00e9 semelhante \u00e0 economia que o governo pretende obter, por exemplo, com a revis\u00e3o das normas para a concess\u00e3o do seguro-desemprego, uma das principais medidas do pacote fiscal.<\/p>\n<p>Segundo a Folha apurou, o IGF, previsto na Constitui\u00e7\u00e3o de 1988 mas nunca institu\u00eddo, estava entre as medidas preparadas pela equipe do ex-ministro Guido Mantega (Fazenda) para depois das elei\u00e7\u00f5es de 2014. Levy, no entanto, \u00e9 contra o IGF, por consider\u00e1-lo ineficiente.<\/p>\n<p>Diante da forte repercuss\u00e3o negativa da revis\u00e3o dos direitos trabalhistas e previdenci\u00e1rios, os congressistas do PT passaram a exigir da Fazenda um projeto para taxar o &#8216;andar de cima&#8217;.<\/p>\n<blockquote><p>&#8230;De acordo com o trabalho da consultoria do Senado, o tributo tem efic\u00e1cia controversa. Na Europa ocidental, s\u00f3 B\u00e9lgica, Portugal e Reino Unido nunca o adotaram. O Reino Unido, contudo, assim como os EUA, tem uma carga de at\u00e9 40% sobre heran\u00e7as.<\/p><\/blockquote>\n<p>Na Am\u00e9rica do Sul, Uruguai, Argentina e Col\u00f4mbia tamb\u00e9m contam com o IGF.<\/p>\n<p>&#8230;Para chegar ao valor de at\u00e9 R$ 6 bilh\u00f5es, os consultores do Senado se basearam em declara\u00e7\u00f5es de IR das pessoas f\u00edsicas de 2013 e num relat\u00f3rio do banco Credit Suisse sobre a riqueza mundial.<\/p>\n<p>Segundo o Credit Suisse, o 0,2% mais rico da popula\u00e7\u00e3o brasileira, cerca de 221 mil contribuintes, detinham em 2013 mais de US$ 1 milh\u00e3o, o que corresponderia hoje a pouco mais de R$ 3 milh\u00f5es.<\/p>\n<p>Se fosse aplicada sobre essa base m\u00ednima uma al\u00edquota de 1,5%, chegaria-se a algo pr\u00f3ximo a R$ 10 bilh\u00f5es.<\/p>\n<p>Os t\u00e9cnicos do Senado ressaltaram, por\u00e9m, que fatores como transfer\u00eancia de recursos para outros pa\u00edses e im\u00f3veis declarados abaixo do mercado poderiam diminuir drasticamente esse n\u00famero.<\/p>\n<p>A pedido da Folha, dois economistas avaliaram os c\u00e1lculos do Senado e conclu\u00edram que o valor de R$ 6 bilh\u00f5es \u00e9 fact\u00edvel, apesar da precariedade dos dados dispon\u00edveis no Brasil&#8230;&#8221;<\/p>\n<p>Ou seja, fica comprovado pela en\u00e9sima vez que as grandes decis\u00f5es econ\u00f4micas s\u00e3o tomadas em base pol\u00edtica. Ministros neoliberais como o Joaquim Levy preferem tosquiar os 52 milh\u00f5es de trabalhadores do mercado formal e os 33 milh\u00f5es de aposentados e pensionistas do que arrancar um tiquinho de grana dos 221 mil privilegiados que a t\u00eam em demasia.<\/p>\n<p>Isto diz tudo sobre a pol\u00edtica econ\u00f4mica de Dilma.2: a op\u00e7\u00e3o preferencial pelos abastados, mandando \u00e0s urtigas os 85 milh\u00f5es de brasileiros que n\u00e3o possuem US$ 1 milh\u00e3o declarados.<\/p>\n<p>E que, carentes de bons advogados e outras facilidades propiciadas pela boa fortuna, s\u00e3o incapazes de manter longe das garras do Fisco cerca de 40% de seus bens, como os rica\u00e7os conseguem com um p\u00e9 nas costas.<\/p>\n<p>J\u00e1 pensaram se, al\u00e9m de impor-lhes uma al\u00edquota de 1,5%, a Receita aplicasse pesadas multas a quem h\u00e1 muito tempo sonega muita grana declarando im\u00f3veis abaixo do valor de mercado? A\u00ed, seguramente, se chegaria a um valor maior ainda do que o governo obter\u00e1 garfando os pobres e os remediados.<\/p>\n<blockquote><p>E a presidenta Dilma n\u00e3o precisaria estar desonrando suas solenes promessas de campanha. Lembram daquela frase lapidar dela, &#8220;lei de f\u00e9rias, 13\u00ba, fundo de garantia, hora-extra, isso n\u00e3o mudo nem que a vaca tussa&#8221;? Pois \u00e9, a coitada da ruminante est\u00e1 se arrebentando de tossir&#8230;<\/p><\/blockquote>\n<p>Salta aos olhos que a presidenta Dilma prefere agradar aos 0,2% de apaniguados que controlam a grande imprensa e a maioria dos pol\u00edticos, pois sabe que deles, em \u00faltima an\u00e1lise, depende sua perman\u00eancia ou n\u00e3o no Pal\u00e1cio do Planalto at\u00e9 o final do mandato.<\/p>\n<p>E Levy continua defendendo os interesses que sempre defendeu &#8211;em posi\u00e7\u00f5es subalternas, ressalte-se, seja no Fundo Monet\u00e1rio Internacional, seja no Bradesco.<\/p>\n<p>Est\u00e1 longe de ser um Milton Friedman (o principal conselheiro econ\u00f4mico do ex-presidente estadunidense Ronald Reagan), tem mais o perfil de subcarimbador interino da equipe do Friedman. O r\u00f3tulo de &#8216;Chicago boy&#8217; lhe cai \u00e0s mil maravilhas&#8230;<\/p>\n<p><strong>Celso Lugaretti<\/strong><\/p>\n","protected":false},"excerpt":{"rendered":"<p>&#8220;Se fosse aplicado um Imposto sobre Grandes Fortunas (IGF) aos 200 mil contribuintes mais ricos do pa\u00eds, como tem defendido a bancada do PT no Congresso, o governo poderia arrecadar at\u00e9 R$ 6 bilh\u00f5es por ano, segundo estudo feito no Senado a pedido da senadora Gleisi Hoffmann (PT-PR).: Est\u00e1 na edi\u00e7\u00e3o de hoje (3\u00aa feira, [&hellip;]<\/p>\n","protected":false},"author":2,"featured_media":50733,"comment_status":"open","ping_status":"closed","sticky":false,"template":"","format":"standard","meta":{"_acf_changed":false,"footnotes":""},"categories":[25],"tags":[],"class_list":["post-50732","post","type-post","status-publish","format-standard","has-post-thumbnail","hentry","category-opina-ai"],"acf":[],"yoast_head":"<!-- This site is optimized with the Yoast SEO plugin v27.2 - https:\/\/yoast.com\/product\/yoast-seo-wordpress\/ -->\n<title>Dilma e Joaquim Levy esquecem o povo e fazem op\u00e7\u00e3o pelos rica\u00e7os - Notibras<\/title>\n<meta name=\"robots\" content=\"index, follow, max-snippet:-1, max-image-preview:large, max-video-preview:-1\" \/>\n<link rel=\"canonical\" href=\"https:\/\/www.notibras.com\/site\/dilma-e-joaquim-levy-esquecem-o-povo-e-fazem-opcao-pelos-ricacos\/\" \/>\n<meta property=\"og:locale\" content=\"pt_BR\" \/>\n<meta property=\"og:type\" content=\"article\" \/>\n<meta property=\"og:title\" content=\"Dilma e Joaquim Levy esquecem o povo e fazem op\u00e7\u00e3o pelos rica\u00e7os - Notibras\" \/>\n<meta property=\"og:description\" content=\"&#8220;Se fosse aplicado um Imposto sobre Grandes Fortunas (IGF) aos 200 mil contribuintes mais ricos do pa\u00eds, como tem defendido a bancada do PT no Congresso, o governo poderia arrecadar at\u00e9 R$ 6 bilh\u00f5es por ano, segundo estudo feito no Senado a pedido da senadora Gleisi Hoffmann (PT-PR).: Est\u00e1 na edi\u00e7\u00e3o de hoje (3\u00aa feira, [&hellip;]\" \/>\n<meta property=\"og:url\" content=\"https:\/\/www.notibras.com\/site\/dilma-e-joaquim-levy-esquecem-o-povo-e-fazem-opcao-pelos-ricacos\/\" \/>\n<meta property=\"og:site_name\" content=\"Notibras\" \/>\n<meta property=\"article:publisher\" content=\"https:\/\/www.facebook.com\/notibras\/\" \/>\n<meta property=\"article:published_time\" content=\"2015-05-27T10:34:43+00:00\" \/>\n<meta property=\"og:image\" content=\"https:\/\/www.notibras.com\/site\/wp-content\/uploads\/2015\/05\/dilma-e-levy.jpg\" \/>\n\t<meta property=\"og:image:width\" content=\"483\" \/>\n\t<meta property=\"og:image:height\" content=\"303\" \/>\n\t<meta property=\"og:image:type\" content=\"image\/jpeg\" \/>\n<meta name=\"author\" content=\"Reda\u00e7\u00e3o\" \/>\n<meta name=\"twitter:card\" content=\"summary_large_image\" \/>\n<meta name=\"twitter:creator\" content=\"@Notibras\" \/>\n<meta name=\"twitter:site\" content=\"@Notibras\" \/>\n<meta name=\"twitter:label1\" content=\"Escrito por\" \/>\n\t<meta name=\"twitter:data1\" content=\"Reda\u00e7\u00e3o\" \/>\n\t<meta name=\"twitter:label2\" content=\"Est. tempo de leitura\" \/>\n\t<meta name=\"twitter:data2\" content=\"4 minutos\" \/>\n<script type=\"application\/ld+json\" class=\"yoast-schema-graph\">{\"@context\":\"https:\/\/schema.org\",\"@graph\":[{\"@type\":\"Article\",\"@id\":\"https:\/\/www.notibras.com\/site\/dilma-e-joaquim-levy-esquecem-o-povo-e-fazem-opcao-pelos-ricacos\/#article\",\"isPartOf\":{\"@id\":\"https:\/\/www.notibras.com\/site\/dilma-e-joaquim-levy-esquecem-o-povo-e-fazem-opcao-pelos-ricacos\/\"},\"author\":{\"name\":\"Reda\u00e7\u00e3o\",\"@id\":\"https:\/\/www.notibras.com\/site\/#\/schema\/person\/36ab0979449956132d3e5b517ea76ac8\"},\"headline\":\"Dilma e Joaquim Levy esquecem o povo e fazem op\u00e7\u00e3o pelos rica\u00e7os\",\"datePublished\":\"2015-05-27T10:34:43+00:00\",\"mainEntityOfPage\":{\"@id\":\"https:\/\/www.notibras.com\/site\/dilma-e-joaquim-levy-esquecem-o-povo-e-fazem-opcao-pelos-ricacos\/\"},\"wordCount\":738,\"commentCount\":0,\"publisher\":{\"@id\":\"https:\/\/www.notibras.com\/site\/#organization\"},\"image\":{\"@id\":\"https:\/\/www.notibras.com\/site\/dilma-e-joaquim-levy-esquecem-o-povo-e-fazem-opcao-pelos-ricacos\/#primaryimage\"},\"thumbnailUrl\":\"https:\/\/www.notibras.com\/site\/wp-content\/uploads\/2015\/05\/dilma-e-levy.jpg\",\"articleSection\":[\"Opina a\u00ed\"],\"inLanguage\":\"pt-BR\",\"potentialAction\":[{\"@type\":\"CommentAction\",\"name\":\"Comment\",\"target\":[\"https:\/\/www.notibras.com\/site\/dilma-e-joaquim-levy-esquecem-o-povo-e-fazem-opcao-pelos-ricacos\/#respond\"]}]},{\"@type\":\"WebPage\",\"@id\":\"https:\/\/www.notibras.com\/site\/dilma-e-joaquim-levy-esquecem-o-povo-e-fazem-opcao-pelos-ricacos\/\",\"url\":\"https:\/\/www.notibras.com\/site\/dilma-e-joaquim-levy-esquecem-o-povo-e-fazem-opcao-pelos-ricacos\/\",\"name\":\"Dilma e Joaquim Levy esquecem o povo e fazem op\u00e7\u00e3o pelos rica\u00e7os - Notibras\",\"isPartOf\":{\"@id\":\"https:\/\/www.notibras.com\/site\/#website\"},\"primaryImageOfPage\":{\"@id\":\"https:\/\/www.notibras.com\/site\/dilma-e-joaquim-levy-esquecem-o-povo-e-fazem-opcao-pelos-ricacos\/#primaryimage\"},\"image\":{\"@id\":\"https:\/\/www.notibras.com\/site\/dilma-e-joaquim-levy-esquecem-o-povo-e-fazem-opcao-pelos-ricacos\/#primaryimage\"},\"thumbnailUrl\":\"https:\/\/www.notibras.com\/site\/wp-content\/uploads\/2015\/05\/dilma-e-levy.jpg\",\"datePublished\":\"2015-05-27T10:34:43+00:00\",\"breadcrumb\":{\"@id\":\"https:\/\/www.notibras.com\/site\/dilma-e-joaquim-levy-esquecem-o-povo-e-fazem-opcao-pelos-ricacos\/#breadcrumb\"},\"inLanguage\":\"pt-BR\",\"potentialAction\":[{\"@type\":\"ReadAction\",\"target\":[\"https:\/\/www.notibras.com\/site\/dilma-e-joaquim-levy-esquecem-o-povo-e-fazem-opcao-pelos-ricacos\/\"]}]},{\"@type\":\"ImageObject\",\"inLanguage\":\"pt-BR\",\"@id\":\"https:\/\/www.notibras.com\/site\/dilma-e-joaquim-levy-esquecem-o-povo-e-fazem-opcao-pelos-ricacos\/#primaryimage\",\"url\":\"https:\/\/www.notibras.com\/site\/wp-content\/uploads\/2015\/05\/dilma-e-levy.jpg\",\"contentUrl\":\"https:\/\/www.notibras.com\/site\/wp-content\/uploads\/2015\/05\/dilma-e-levy.jpg\",\"width\":483,\"height\":303},{\"@type\":\"BreadcrumbList\",\"@id\":\"https:\/\/www.notibras.com\/site\/dilma-e-joaquim-levy-esquecem-o-povo-e-fazem-opcao-pelos-ricacos\/#breadcrumb\",\"itemListElement\":[{\"@type\":\"ListItem\",\"position\":1,\"name\":\"In\u00edcio\",\"item\":\"https:\/\/www.notibras.com\/site\/\"},{\"@type\":\"ListItem\",\"position\":2,\"name\":\"Dilma e Joaquim Levy esquecem o povo e fazem op\u00e7\u00e3o pelos rica\u00e7os\"}]},{\"@type\":\"WebSite\",\"@id\":\"https:\/\/www.notibras.com\/site\/#website\",\"url\":\"https:\/\/www.notibras.com\/site\/\",\"name\":\"Notibras\",\"description\":\"Not\u00edcias de Bras\u00edlia, do Brasil e do Mundo\",\"publisher\":{\"@id\":\"https:\/\/www.notibras.com\/site\/#organization\"},\"potentialAction\":[{\"@type\":\"SearchAction\",\"target\":{\"@type\":\"EntryPoint\",\"urlTemplate\":\"https:\/\/www.notibras.com\/site\/?s={search_term_string}\"},\"query-input\":{\"@type\":\"PropertyValueSpecification\",\"valueRequired\":true,\"valueName\":\"search_term_string\"}}],\"inLanguage\":\"pt-BR\"},{\"@type\":\"Organization\",\"@id\":\"https:\/\/www.notibras.com\/site\/#organization\",\"name\":\"Grupo Notibras de Comunica\u00e7\u00e3o\",\"url\":\"https:\/\/www.notibras.com\/site\/\",\"logo\":{\"@type\":\"ImageObject\",\"inLanguage\":\"pt-BR\",\"@id\":\"https:\/\/www.notibras.com\/site\/#\/schema\/logo\/image\/\",\"url\":\"https:\/\/www.notibras.com\/site\/wp-content\/uploads\/2023\/01\/notibras23.png\",\"contentUrl\":\"https:\/\/www.notibras.com\/site\/wp-content\/uploads\/2023\/01\/notibras23.png\",\"width\":350,\"height\":87,\"caption\":\"Grupo Notibras de Comunica\u00e7\u00e3o\"},\"image\":{\"@id\":\"https:\/\/www.notibras.com\/site\/#\/schema\/logo\/image\/\"},\"sameAs\":[\"https:\/\/www.facebook.com\/notibras\/\",\"https:\/\/x.com\/Notibras\",\"https:\/\/www.instagram.com\/notibras\/\"]},{\"@type\":\"Person\",\"@id\":\"https:\/\/www.notibras.com\/site\/#\/schema\/person\/36ab0979449956132d3e5b517ea76ac8\",\"name\":\"Reda\u00e7\u00e3o\",\"image\":{\"@type\":\"ImageObject\",\"inLanguage\":\"pt-BR\",\"@id\":\"https:\/\/secure.gravatar.com\/avatar\/e0a867bdedb85fd243eadf09663511f96fc81e0720a4a42581f334ad4303aa6b?s=96&d=mm&r=g\",\"url\":\"https:\/\/secure.gravatar.com\/avatar\/e0a867bdedb85fd243eadf09663511f96fc81e0720a4a42581f334ad4303aa6b?s=96&d=mm&r=g\",\"contentUrl\":\"https:\/\/secure.gravatar.com\/avatar\/e0a867bdedb85fd243eadf09663511f96fc81e0720a4a42581f334ad4303aa6b?s=96&d=mm&r=g\",\"caption\":\"Reda\u00e7\u00e3o\"}}]}<\/script>\n<!-- \/ Yoast SEO plugin. -->","yoast_head_json":{"title":"Dilma e Joaquim Levy esquecem o povo e fazem op\u00e7\u00e3o pelos rica\u00e7os - Notibras","robots":{"index":"index","follow":"follow","max-snippet":"max-snippet:-1","max-image-preview":"max-image-preview:large","max-video-preview":"max-video-preview:-1"},"canonical":"https:\/\/www.notibras.com\/site\/dilma-e-joaquim-levy-esquecem-o-povo-e-fazem-opcao-pelos-ricacos\/","og_locale":"pt_BR","og_type":"article","og_title":"Dilma e Joaquim Levy esquecem o povo e fazem op\u00e7\u00e3o pelos rica\u00e7os - Notibras","og_description":"&#8220;Se fosse aplicado um Imposto sobre Grandes Fortunas (IGF) aos 200 mil contribuintes mais ricos do pa\u00eds, como tem defendido a bancada do PT no Congresso, o governo poderia arrecadar at\u00e9 R$ 6 bilh\u00f5es por ano, segundo estudo feito no Senado a pedido da senadora Gleisi Hoffmann (PT-PR).: Est\u00e1 na edi\u00e7\u00e3o de hoje (3\u00aa feira, [&hellip;]","og_url":"https:\/\/www.notibras.com\/site\/dilma-e-joaquim-levy-esquecem-o-povo-e-fazem-opcao-pelos-ricacos\/","og_site_name":"Notibras","article_publisher":"https:\/\/www.facebook.com\/notibras\/","article_published_time":"2015-05-27T10:34:43+00:00","og_image":[{"width":483,"height":303,"url":"https:\/\/www.notibras.com\/site\/wp-content\/uploads\/2015\/05\/dilma-e-levy.jpg","type":"image\/jpeg"}],"author":"Reda\u00e7\u00e3o","twitter_card":"summary_large_image","twitter_creator":"@Notibras","twitter_site":"@Notibras","twitter_misc":{"Escrito por":"Reda\u00e7\u00e3o","Est. tempo de leitura":"4 minutos"},"schema":{"@context":"https:\/\/schema.org","@graph":[{"@type":"Article","@id":"https:\/\/www.notibras.com\/site\/dilma-e-joaquim-levy-esquecem-o-povo-e-fazem-opcao-pelos-ricacos\/#article","isPartOf":{"@id":"https:\/\/www.notibras.com\/site\/dilma-e-joaquim-levy-esquecem-o-povo-e-fazem-opcao-pelos-ricacos\/"},"author":{"name":"Reda\u00e7\u00e3o","@id":"https:\/\/www.notibras.com\/site\/#\/schema\/person\/36ab0979449956132d3e5b517ea76ac8"},"headline":"Dilma e Joaquim Levy esquecem o povo e fazem op\u00e7\u00e3o pelos rica\u00e7os","datePublished":"2015-05-27T10:34:43+00:00","mainEntityOfPage":{"@id":"https:\/\/www.notibras.com\/site\/dilma-e-joaquim-levy-esquecem-o-povo-e-fazem-opcao-pelos-ricacos\/"},"wordCount":738,"commentCount":0,"publisher":{"@id":"https:\/\/www.notibras.com\/site\/#organization"},"image":{"@id":"https:\/\/www.notibras.com\/site\/dilma-e-joaquim-levy-esquecem-o-povo-e-fazem-opcao-pelos-ricacos\/#primaryimage"},"thumbnailUrl":"https:\/\/www.notibras.com\/site\/wp-content\/uploads\/2015\/05\/dilma-e-levy.jpg","articleSection":["Opina a\u00ed"],"inLanguage":"pt-BR","potentialAction":[{"@type":"CommentAction","name":"Comment","target":["https:\/\/www.notibras.com\/site\/dilma-e-joaquim-levy-esquecem-o-povo-e-fazem-opcao-pelos-ricacos\/#respond"]}]},{"@type":"WebPage","@id":"https:\/\/www.notibras.com\/site\/dilma-e-joaquim-levy-esquecem-o-povo-e-fazem-opcao-pelos-ricacos\/","url":"https:\/\/www.notibras.com\/site\/dilma-e-joaquim-levy-esquecem-o-povo-e-fazem-opcao-pelos-ricacos\/","name":"Dilma e Joaquim Levy esquecem o povo e fazem op\u00e7\u00e3o pelos rica\u00e7os - Notibras","isPartOf":{"@id":"https:\/\/www.notibras.com\/site\/#website"},"primaryImageOfPage":{"@id":"https:\/\/www.notibras.com\/site\/dilma-e-joaquim-levy-esquecem-o-povo-e-fazem-opcao-pelos-ricacos\/#primaryimage"},"image":{"@id":"https:\/\/www.notibras.com\/site\/dilma-e-joaquim-levy-esquecem-o-povo-e-fazem-opcao-pelos-ricacos\/#primaryimage"},"thumbnailUrl":"https:\/\/www.notibras.com\/site\/wp-content\/uploads\/2015\/05\/dilma-e-levy.jpg","datePublished":"2015-05-27T10:34:43+00:00","breadcrumb":{"@id":"https:\/\/www.notibras.com\/site\/dilma-e-joaquim-levy-esquecem-o-povo-e-fazem-opcao-pelos-ricacos\/#breadcrumb"},"inLanguage":"pt-BR","potentialAction":[{"@type":"ReadAction","target":["https:\/\/www.notibras.com\/site\/dilma-e-joaquim-levy-esquecem-o-povo-e-fazem-opcao-pelos-ricacos\/"]}]},{"@type":"ImageObject","inLanguage":"pt-BR","@id":"https:\/\/www.notibras.com\/site\/dilma-e-joaquim-levy-esquecem-o-povo-e-fazem-opcao-pelos-ricacos\/#primaryimage","url":"https:\/\/www.notibras.com\/site\/wp-content\/uploads\/2015\/05\/dilma-e-levy.jpg","contentUrl":"https:\/\/www.notibras.com\/site\/wp-content\/uploads\/2015\/05\/dilma-e-levy.jpg","width":483,"height":303},{"@type":"BreadcrumbList","@id":"https:\/\/www.notibras.com\/site\/dilma-e-joaquim-levy-esquecem-o-povo-e-fazem-opcao-pelos-ricacos\/#breadcrumb","itemListElement":[{"@type":"ListItem","position":1,"name":"In\u00edcio","item":"https:\/\/www.notibras.com\/site\/"},{"@type":"ListItem","position":2,"name":"Dilma e Joaquim Levy esquecem o povo e fazem op\u00e7\u00e3o pelos rica\u00e7os"}]},{"@type":"WebSite","@id":"https:\/\/www.notibras.com\/site\/#website","url":"https:\/\/www.notibras.com\/site\/","name":"Notibras","description":"Not\u00edcias de Bras\u00edlia, do Brasil e do Mundo","publisher":{"@id":"https:\/\/www.notibras.com\/site\/#organization"},"potentialAction":[{"@type":"SearchAction","target":{"@type":"EntryPoint","urlTemplate":"https:\/\/www.notibras.com\/site\/?s={search_term_string}"},"query-input":{"@type":"PropertyValueSpecification","valueRequired":true,"valueName":"search_term_string"}}],"inLanguage":"pt-BR"},{"@type":"Organization","@id":"https:\/\/www.notibras.com\/site\/#organization","name":"Grupo Notibras de Comunica\u00e7\u00e3o","url":"https:\/\/www.notibras.com\/site\/","logo":{"@type":"ImageObject","inLanguage":"pt-BR","@id":"https:\/\/www.notibras.com\/site\/#\/schema\/logo\/image\/","url":"https:\/\/www.notibras.com\/site\/wp-content\/uploads\/2023\/01\/notibras23.png","contentUrl":"https:\/\/www.notibras.com\/site\/wp-content\/uploads\/2023\/01\/notibras23.png","width":350,"height":87,"caption":"Grupo Notibras de Comunica\u00e7\u00e3o"},"image":{"@id":"https:\/\/www.notibras.com\/site\/#\/schema\/logo\/image\/"},"sameAs":["https:\/\/www.facebook.com\/notibras\/","https:\/\/x.com\/Notibras","https:\/\/www.instagram.com\/notibras\/"]},{"@type":"Person","@id":"https:\/\/www.notibras.com\/site\/#\/schema\/person\/36ab0979449956132d3e5b517ea76ac8","name":"Reda\u00e7\u00e3o","image":{"@type":"ImageObject","inLanguage":"pt-BR","@id":"https:\/\/secure.gravatar.com\/avatar\/e0a867bdedb85fd243eadf09663511f96fc81e0720a4a42581f334ad4303aa6b?s=96&d=mm&r=g","url":"https:\/\/secure.gravatar.com\/avatar\/e0a867bdedb85fd243eadf09663511f96fc81e0720a4a42581f334ad4303aa6b?s=96&d=mm&r=g","contentUrl":"https:\/\/secure.gravatar.com\/avatar\/e0a867bdedb85fd243eadf09663511f96fc81e0720a4a42581f334ad4303aa6b?s=96&d=mm&r=g","caption":"Reda\u00e7\u00e3o"}}]}},"amp_enabled":true,"_links":{"self":[{"href":"https:\/\/www.notibras.com\/site\/wp-json\/wp\/v2\/posts\/50732","targetHints":{"allow":["GET"]}}],"collection":[{"href":"https:\/\/www.notibras.com\/site\/wp-json\/wp\/v2\/posts"}],"about":[{"href":"https:\/\/www.notibras.com\/site\/wp-json\/wp\/v2\/types\/post"}],"author":[{"embeddable":true,"href":"https:\/\/www.notibras.com\/site\/wp-json\/wp\/v2\/users\/2"}],"replies":[{"embeddable":true,"href":"https:\/\/www.notibras.com\/site\/wp-json\/wp\/v2\/comments?post=50732"}],"version-history":[{"count":0,"href":"https:\/\/www.notibras.com\/site\/wp-json\/wp\/v2\/posts\/50732\/revisions"}],"wp:featuredmedia":[{"embeddable":true,"href":"https:\/\/www.notibras.com\/site\/wp-json\/wp\/v2\/media\/50733"}],"wp:attachment":[{"href":"https:\/\/www.notibras.com\/site\/wp-json\/wp\/v2\/media?parent=50732"}],"wp:term":[{"taxonomy":"category","embeddable":true,"href":"https:\/\/www.notibras.com\/site\/wp-json\/wp\/v2\/categories?post=50732"},{"taxonomy":"post_tag","embeddable":true,"href":"https:\/\/www.notibras.com\/site\/wp-json\/wp\/v2\/tags?post=50732"}],"curies":[{"name":"wp","href":"https:\/\/api.w.org\/{rel}","templated":true}]}}