{"id":50736,"date":"2015-05-27T09:21:03","date_gmt":"2015-05-27T12:21:03","guid":{"rendered":"http:\/\/www.notibras.com\/site\/?p=50736"},"modified":"2015-05-27T09:54:18","modified_gmt":"2015-05-27T12:54:18","slug":"fome-afeta-795-milhoes-de-pessoas-no-mundo-mostra-relatorio-da-onu","status":"publish","type":"post","link":"https:\/\/www.notibras.com\/site\/fome-afeta-795-milhoes-de-pessoas-no-mundo-mostra-relatorio-da-onu\/","title":{"rendered":"Fome afeta 795 mi de pessoas no mundo, mostra relat\u00f3rio da ONU"},"content":{"rendered":"<p>A crise econ\u00f4mica prejudicou o combate \u00e0 fome, que afeta 795 milh\u00f5es de pessoas, segundo um relat\u00f3rio anual da Organiza\u00e7\u00e3o das Na\u00e7\u00f5es Unidas (ONU) divulgado hoje (27), e que registou queda nos n\u00fameros globais.<\/p>\n<p>De acordo com a \u00faltima edi\u00e7\u00e3o do relat\u00f3rio da ONU <em>O Estado da Inseguran\u00e7a Alimentar no Mundo 2015<\/em>, estima-se que caiu para 795 milh\u00f5es o n\u00famero de pessoas com fome no mundo, 10 milh\u00f5es a menos do que o registrado no ano passado e 167 milh\u00f5es a menos do que na d\u00e9cada passada.<\/p>\n<blockquote><p>A situa\u00e7\u00e3o melhorou nas regi\u00f5es em desenvolvimento, onde a taxa de desnutri\u00e7\u00e3o \u2013 que mede a propor\u00e7\u00e3o de pessoas incapazes de consumir alimentos suficientes para uma vida ativa e saud\u00e1vel &#8211; diminuiu para 12,9% da popula\u00e7\u00e3o, contra 23,3% h\u00e1 25 anos.<\/p><\/blockquote>\n<p>Ainda assim, na \u00c1frica Subsariana, 23,2% dos habitantes passam fome e 24 pa\u00edses africanos enfrentam atualmente crises alimentares \u2013 o dobro do que em 1990, indica o relat\u00f3rio, publicado hoje pela Organiza\u00e7\u00e3o das Na\u00e7\u00f5es Unidas para Agricultura e Alimenta\u00e7\u00e3o (FAO), Fundo Internacional de Desenvolvimento Agr\u00edcola (Fida) e Programa Mundial de Alimentos (PMA).<\/p>\n<p>O diretor-geral da FAO, Jos\u00e9 Graziano da Silva, mostrou-se otimista pelo fato de a maioria \u2013 72 entre 129 dos pa\u00edses monitorizados \u2013 terem atingido a meta do Objetivo de Desenvolvimento do Mil\u00eanio de reduzir para a metade a preval\u00eancia de desnutri\u00e7\u00e3o em 2015, enquanto as regi\u00f5es em desenvolvimento falharam por uma margem reduzida.<\/p>\n<p>Outros 29 pa\u00edses ter\u00e3o cumprido a meta definida na Cimeira Mundial da Alimenta\u00e7\u00e3o em 1996, quando os governos se comprometeram a reduzir para a metade o n\u00famero absoluto de pessoas subnutridas at\u00e9 2015.<\/p>\n<blockquote><p>&#8220;O quase cumprimento das metas mostra que podemos realmente eliminar o flagelo da fome durante esta gera\u00e7\u00e3o. N\u00f3s devemos ser a gera\u00e7\u00e3o Fome Zero. Esse objetivo deve ser integrado em todas as interven\u00e7\u00f5es pol\u00edticas e no cora\u00e7\u00e3o da nova agenda de desenvolvimento sustent\u00e1vel a ser criada este ano&#8221;, defendeu.<\/p><\/blockquote>\n<p>Segundo o documento, a crise econ\u00f4mica dos \u00faltimos anos prejudicou os progressos no combate \u00e0 fome, juntando-se a outras causas como desastres naturais, fen\u00f4menos meteorol\u00f3gicos graves, instabilidade pol\u00edtica e conflitos civis.<\/p>\n<p>O relat\u00f3rio indica que, ao longo dos \u00faltimos 30 anos, as crises t\u00eam evolu\u00eddo de eventos catastr\u00f3ficos, curtos, agudos e de grande visibilidade at\u00e9 situa\u00e7\u00f5es prolongadas, devido a uma combina\u00e7\u00e3o de fatores, especialmente os desastres naturais e conflitos, com as mudan\u00e7as clim\u00e1ticas, crises de pre\u00e7os e financeiras frequentemente entre os fatores agravantes.<\/p>\n","protected":false},"excerpt":{"rendered":"<p>A crise econ\u00f4mica prejudicou o combate \u00e0 fome, que afeta 795 milh\u00f5es de pessoas, segundo um relat\u00f3rio anual da Organiza\u00e7\u00e3o das Na\u00e7\u00f5es Unidas (ONU) divulgado hoje (27), e que registou queda nos n\u00fameros globais. De acordo com a \u00faltima edi\u00e7\u00e3o do relat\u00f3rio da ONU O Estado da Inseguran\u00e7a Alimentar no Mundo 2015, estima-se que caiu [&hellip;]<\/p>\n","protected":false},"author":1,"featured_media":50737,"comment_status":"open","ping_status":"closed","sticky":false,"template":"","format":"standard","meta":{"_acf_changed":false,"footnotes":""},"categories":[17],"tags":[],"class_list":["post-50736","post","type-post","status-publish","format-standard","has-post-thumbnail","hentry","category-mundo"],"acf":[],"yoast_head":"<!-- This site is optimized with the Yoast SEO plugin v27.2 - https:\/\/yoast.com\/product\/yoast-seo-wordpress\/ -->\n<title>Fome afeta 795 mi de pessoas no mundo, mostra relat\u00f3rio da ONU - Notibras<\/title>\n<meta name=\"robots\" content=\"index, follow, max-snippet:-1, max-image-preview:large, max-video-preview:-1\" \/>\n<link rel=\"canonical\" href=\"https:\/\/www.notibras.com\/site\/fome-afeta-795-milhoes-de-pessoas-no-mundo-mostra-relatorio-da-onu\/\" \/>\n<meta property=\"og:locale\" content=\"pt_BR\" \/>\n<meta property=\"og:type\" content=\"article\" \/>\n<meta property=\"og:title\" content=\"Fome afeta 795 mi de pessoas no mundo, mostra relat\u00f3rio da ONU - Notibras\" \/>\n<meta property=\"og:description\" content=\"A crise econ\u00f4mica prejudicou o combate \u00e0 fome, que afeta 795 milh\u00f5es de pessoas, segundo um relat\u00f3rio anual da Organiza\u00e7\u00e3o das Na\u00e7\u00f5es Unidas (ONU) divulgado hoje (27), e que registou queda nos n\u00fameros globais. De acordo com a \u00faltima edi\u00e7\u00e3o do relat\u00f3rio da ONU O Estado da Inseguran\u00e7a Alimentar no Mundo 2015, estima-se que caiu [&hellip;]\" \/>\n<meta property=\"og:url\" content=\"https:\/\/www.notibras.com\/site\/fome-afeta-795-milhoes-de-pessoas-no-mundo-mostra-relatorio-da-onu\/\" \/>\n<meta property=\"og:site_name\" content=\"Notibras\" \/>\n<meta property=\"article:publisher\" content=\"https:\/\/www.facebook.com\/notibras\/\" \/>\n<meta property=\"article:published_time\" content=\"2015-05-27T12:21:03+00:00\" \/>\n<meta property=\"article:modified_time\" content=\"2015-05-27T12:54:18+00:00\" \/>\n<meta property=\"og:image\" content=\"https:\/\/www.notibras.com\/site\/wp-content\/uploads\/2015\/05\/Sem-t\u00edtulo-1116.jpg\" \/>\n\t<meta property=\"og:image:width\" content=\"500\" \/>\n\t<meta property=\"og:image:height\" content=\"314\" \/>\n\t<meta property=\"og:image:type\" content=\"image\/jpeg\" \/>\n<meta name=\"author\" content=\"Reda\u00e7\u00e3o\" \/>\n<meta name=\"twitter:card\" content=\"summary_large_image\" \/>\n<meta name=\"twitter:creator\" content=\"@Notibras\" \/>\n<meta name=\"twitter:site\" content=\"@Notibras\" \/>\n<meta name=\"twitter:label1\" content=\"Escrito por\" \/>\n\t<meta name=\"twitter:data1\" content=\"Reda\u00e7\u00e3o\" \/>\n\t<meta name=\"twitter:label2\" content=\"Est. tempo de leitura\" \/>\n\t<meta name=\"twitter:data2\" content=\"2 minutos\" \/>\n<script type=\"application\/ld+json\" class=\"yoast-schema-graph\">{\"@context\":\"https:\/\/schema.org\",\"@graph\":[{\"@type\":\"Article\",\"@id\":\"https:\/\/www.notibras.com\/site\/fome-afeta-795-milhoes-de-pessoas-no-mundo-mostra-relatorio-da-onu\/#article\",\"isPartOf\":{\"@id\":\"https:\/\/www.notibras.com\/site\/fome-afeta-795-milhoes-de-pessoas-no-mundo-mostra-relatorio-da-onu\/\"},\"author\":{\"name\":\"Reda\u00e7\u00e3o\",\"@id\":\"https:\/\/www.notibras.com\/site\/#\/schema\/person\/00b8e1aa08f9ef6563e878c5159d01cf\"},\"headline\":\"Fome afeta 795 mi de pessoas no mundo, mostra relat\u00f3rio da ONU\",\"datePublished\":\"2015-05-27T12:21:03+00:00\",\"dateModified\":\"2015-05-27T12:54:18+00:00\",\"mainEntityOfPage\":{\"@id\":\"https:\/\/www.notibras.com\/site\/fome-afeta-795-milhoes-de-pessoas-no-mundo-mostra-relatorio-da-onu\/\"},\"wordCount\":441,\"commentCount\":0,\"publisher\":{\"@id\":\"https:\/\/www.notibras.com\/site\/#organization\"},\"image\":{\"@id\":\"https:\/\/www.notibras.com\/site\/fome-afeta-795-milhoes-de-pessoas-no-mundo-mostra-relatorio-da-onu\/#primaryimage\"},\"thumbnailUrl\":\"https:\/\/www.notibras.com\/site\/wp-content\/uploads\/2015\/05\/Sem-t\u00edtulo-1116.jpg\",\"articleSection\":[\"Mundo\"],\"inLanguage\":\"pt-BR\",\"potentialAction\":[{\"@type\":\"CommentAction\",\"name\":\"Comment\",\"target\":[\"https:\/\/www.notibras.com\/site\/fome-afeta-795-milhoes-de-pessoas-no-mundo-mostra-relatorio-da-onu\/#respond\"]}]},{\"@type\":\"WebPage\",\"@id\":\"https:\/\/www.notibras.com\/site\/fome-afeta-795-milhoes-de-pessoas-no-mundo-mostra-relatorio-da-onu\/\",\"url\":\"https:\/\/www.notibras.com\/site\/fome-afeta-795-milhoes-de-pessoas-no-mundo-mostra-relatorio-da-onu\/\",\"name\":\"Fome afeta 795 mi de pessoas no mundo, mostra relat\u00f3rio da ONU - Notibras\",\"isPartOf\":{\"@id\":\"https:\/\/www.notibras.com\/site\/#website\"},\"primaryImageOfPage\":{\"@id\":\"https:\/\/www.notibras.com\/site\/fome-afeta-795-milhoes-de-pessoas-no-mundo-mostra-relatorio-da-onu\/#primaryimage\"},\"image\":{\"@id\":\"https:\/\/www.notibras.com\/site\/fome-afeta-795-milhoes-de-pessoas-no-mundo-mostra-relatorio-da-onu\/#primaryimage\"},\"thumbnailUrl\":\"https:\/\/www.notibras.com\/site\/wp-content\/uploads\/2015\/05\/Sem-t\u00edtulo-1116.jpg\",\"datePublished\":\"2015-05-27T12:21:03+00:00\",\"dateModified\":\"2015-05-27T12:54:18+00:00\",\"breadcrumb\":{\"@id\":\"https:\/\/www.notibras.com\/site\/fome-afeta-795-milhoes-de-pessoas-no-mundo-mostra-relatorio-da-onu\/#breadcrumb\"},\"inLanguage\":\"pt-BR\",\"potentialAction\":[{\"@type\":\"ReadAction\",\"target\":[\"https:\/\/www.notibras.com\/site\/fome-afeta-795-milhoes-de-pessoas-no-mundo-mostra-relatorio-da-onu\/\"]}]},{\"@type\":\"ImageObject\",\"inLanguage\":\"pt-BR\",\"@id\":\"https:\/\/www.notibras.com\/site\/fome-afeta-795-milhoes-de-pessoas-no-mundo-mostra-relatorio-da-onu\/#primaryimage\",\"url\":\"https:\/\/www.notibras.com\/site\/wp-content\/uploads\/2015\/05\/Sem-t\u00edtulo-1116.jpg\",\"contentUrl\":\"https:\/\/www.notibras.com\/site\/wp-content\/uploads\/2015\/05\/Sem-t\u00edtulo-1116.jpg\",\"width\":500,\"height\":314},{\"@type\":\"BreadcrumbList\",\"@id\":\"https:\/\/www.notibras.com\/site\/fome-afeta-795-milhoes-de-pessoas-no-mundo-mostra-relatorio-da-onu\/#breadcrumb\",\"itemListElement\":[{\"@type\":\"ListItem\",\"position\":1,\"name\":\"In\u00edcio\",\"item\":\"https:\/\/www.notibras.com\/site\/\"},{\"@type\":\"ListItem\",\"position\":2,\"name\":\"Fome afeta 795 mi de pessoas no mundo, mostra relat\u00f3rio da ONU\"}]},{\"@type\":\"WebSite\",\"@id\":\"https:\/\/www.notibras.com\/site\/#website\",\"url\":\"https:\/\/www.notibras.com\/site\/\",\"name\":\"Notibras\",\"description\":\"Not\u00edcias de Bras\u00edlia, do Brasil e do Mundo\",\"publisher\":{\"@id\":\"https:\/\/www.notibras.com\/site\/#organization\"},\"potentialAction\":[{\"@type\":\"SearchAction\",\"target\":{\"@type\":\"EntryPoint\",\"urlTemplate\":\"https:\/\/www.notibras.com\/site\/?s={search_term_string}\"},\"query-input\":{\"@type\":\"PropertyValueSpecification\",\"valueRequired\":true,\"valueName\":\"search_term_string\"}}],\"inLanguage\":\"pt-BR\"},{\"@type\":\"Organization\",\"@id\":\"https:\/\/www.notibras.com\/site\/#organization\",\"name\":\"Grupo Notibras de Comunica\u00e7\u00e3o\",\"url\":\"https:\/\/www.notibras.com\/site\/\",\"logo\":{\"@type\":\"ImageObject\",\"inLanguage\":\"pt-BR\",\"@id\":\"https:\/\/www.notibras.com\/site\/#\/schema\/logo\/image\/\",\"url\":\"https:\/\/www.notibras.com\/site\/wp-content\/uploads\/2023\/01\/notibras23.png\",\"contentUrl\":\"https:\/\/www.notibras.com\/site\/wp-content\/uploads\/2023\/01\/notibras23.png\",\"width\":350,\"height\":87,\"caption\":\"Grupo Notibras de Comunica\u00e7\u00e3o\"},\"image\":{\"@id\":\"https:\/\/www.notibras.com\/site\/#\/schema\/logo\/image\/\"},\"sameAs\":[\"https:\/\/www.facebook.com\/notibras\/\",\"https:\/\/x.com\/Notibras\",\"https:\/\/www.instagram.com\/notibras\/\"]},{\"@type\":\"Person\",\"@id\":\"https:\/\/www.notibras.com\/site\/#\/schema\/person\/00b8e1aa08f9ef6563e878c5159d01cf\",\"name\":\"Reda\u00e7\u00e3o\",\"image\":{\"@type\":\"ImageObject\",\"inLanguage\":\"pt-BR\",\"@id\":\"https:\/\/secure.gravatar.com\/avatar\/ac5a707d5b47784a5ed426c6e213e201423c750890f64e4c379114dade67dfb9?s=96&d=mm&r=g\",\"url\":\"https:\/\/secure.gravatar.com\/avatar\/ac5a707d5b47784a5ed426c6e213e201423c750890f64e4c379114dade67dfb9?s=96&d=mm&r=g\",\"contentUrl\":\"https:\/\/secure.gravatar.com\/avatar\/ac5a707d5b47784a5ed426c6e213e201423c750890f64e4c379114dade67dfb9?s=96&d=mm&r=g\",\"caption\":\"Reda\u00e7\u00e3o\"}}]}<\/script>\n<!-- \/ Yoast SEO plugin. -->","yoast_head_json":{"title":"Fome afeta 795 mi de pessoas no mundo, mostra relat\u00f3rio da ONU - Notibras","robots":{"index":"index","follow":"follow","max-snippet":"max-snippet:-1","max-image-preview":"max-image-preview:large","max-video-preview":"max-video-preview:-1"},"canonical":"https:\/\/www.notibras.com\/site\/fome-afeta-795-milhoes-de-pessoas-no-mundo-mostra-relatorio-da-onu\/","og_locale":"pt_BR","og_type":"article","og_title":"Fome afeta 795 mi de pessoas no mundo, mostra relat\u00f3rio da ONU - Notibras","og_description":"A crise econ\u00f4mica prejudicou o combate \u00e0 fome, que afeta 795 milh\u00f5es de pessoas, segundo um relat\u00f3rio anual da Organiza\u00e7\u00e3o das Na\u00e7\u00f5es Unidas (ONU) divulgado hoje (27), e que registou queda nos n\u00fameros globais. De acordo com a \u00faltima edi\u00e7\u00e3o do relat\u00f3rio da ONU O Estado da Inseguran\u00e7a Alimentar no Mundo 2015, estima-se que caiu [&hellip;]","og_url":"https:\/\/www.notibras.com\/site\/fome-afeta-795-milhoes-de-pessoas-no-mundo-mostra-relatorio-da-onu\/","og_site_name":"Notibras","article_publisher":"https:\/\/www.facebook.com\/notibras\/","article_published_time":"2015-05-27T12:21:03+00:00","article_modified_time":"2015-05-27T12:54:18+00:00","og_image":[{"width":500,"height":314,"url":"https:\/\/www.notibras.com\/site\/wp-content\/uploads\/2015\/05\/Sem-t\u00edtulo-1116.jpg","type":"image\/jpeg"}],"author":"Reda\u00e7\u00e3o","twitter_card":"summary_large_image","twitter_creator":"@Notibras","twitter_site":"@Notibras","twitter_misc":{"Escrito por":"Reda\u00e7\u00e3o","Est. tempo de leitura":"2 minutos"},"schema":{"@context":"https:\/\/schema.org","@graph":[{"@type":"Article","@id":"https:\/\/www.notibras.com\/site\/fome-afeta-795-milhoes-de-pessoas-no-mundo-mostra-relatorio-da-onu\/#article","isPartOf":{"@id":"https:\/\/www.notibras.com\/site\/fome-afeta-795-milhoes-de-pessoas-no-mundo-mostra-relatorio-da-onu\/"},"author":{"name":"Reda\u00e7\u00e3o","@id":"https:\/\/www.notibras.com\/site\/#\/schema\/person\/00b8e1aa08f9ef6563e878c5159d01cf"},"headline":"Fome afeta 795 mi de pessoas no mundo, mostra relat\u00f3rio da ONU","datePublished":"2015-05-27T12:21:03+00:00","dateModified":"2015-05-27T12:54:18+00:00","mainEntityOfPage":{"@id":"https:\/\/www.notibras.com\/site\/fome-afeta-795-milhoes-de-pessoas-no-mundo-mostra-relatorio-da-onu\/"},"wordCount":441,"commentCount":0,"publisher":{"@id":"https:\/\/www.notibras.com\/site\/#organization"},"image":{"@id":"https:\/\/www.notibras.com\/site\/fome-afeta-795-milhoes-de-pessoas-no-mundo-mostra-relatorio-da-onu\/#primaryimage"},"thumbnailUrl":"https:\/\/www.notibras.com\/site\/wp-content\/uploads\/2015\/05\/Sem-t\u00edtulo-1116.jpg","articleSection":["Mundo"],"inLanguage":"pt-BR","potentialAction":[{"@type":"CommentAction","name":"Comment","target":["https:\/\/www.notibras.com\/site\/fome-afeta-795-milhoes-de-pessoas-no-mundo-mostra-relatorio-da-onu\/#respond"]}]},{"@type":"WebPage","@id":"https:\/\/www.notibras.com\/site\/fome-afeta-795-milhoes-de-pessoas-no-mundo-mostra-relatorio-da-onu\/","url":"https:\/\/www.notibras.com\/site\/fome-afeta-795-milhoes-de-pessoas-no-mundo-mostra-relatorio-da-onu\/","name":"Fome afeta 795 mi de pessoas no mundo, mostra relat\u00f3rio da ONU - Notibras","isPartOf":{"@id":"https:\/\/www.notibras.com\/site\/#website"},"primaryImageOfPage":{"@id":"https:\/\/www.notibras.com\/site\/fome-afeta-795-milhoes-de-pessoas-no-mundo-mostra-relatorio-da-onu\/#primaryimage"},"image":{"@id":"https:\/\/www.notibras.com\/site\/fome-afeta-795-milhoes-de-pessoas-no-mundo-mostra-relatorio-da-onu\/#primaryimage"},"thumbnailUrl":"https:\/\/www.notibras.com\/site\/wp-content\/uploads\/2015\/05\/Sem-t\u00edtulo-1116.jpg","datePublished":"2015-05-27T12:21:03+00:00","dateModified":"2015-05-27T12:54:18+00:00","breadcrumb":{"@id":"https:\/\/www.notibras.com\/site\/fome-afeta-795-milhoes-de-pessoas-no-mundo-mostra-relatorio-da-onu\/#breadcrumb"},"inLanguage":"pt-BR","potentialAction":[{"@type":"ReadAction","target":["https:\/\/www.notibras.com\/site\/fome-afeta-795-milhoes-de-pessoas-no-mundo-mostra-relatorio-da-onu\/"]}]},{"@type":"ImageObject","inLanguage":"pt-BR","@id":"https:\/\/www.notibras.com\/site\/fome-afeta-795-milhoes-de-pessoas-no-mundo-mostra-relatorio-da-onu\/#primaryimage","url":"https:\/\/www.notibras.com\/site\/wp-content\/uploads\/2015\/05\/Sem-t\u00edtulo-1116.jpg","contentUrl":"https:\/\/www.notibras.com\/site\/wp-content\/uploads\/2015\/05\/Sem-t\u00edtulo-1116.jpg","width":500,"height":314},{"@type":"BreadcrumbList","@id":"https:\/\/www.notibras.com\/site\/fome-afeta-795-milhoes-de-pessoas-no-mundo-mostra-relatorio-da-onu\/#breadcrumb","itemListElement":[{"@type":"ListItem","position":1,"name":"In\u00edcio","item":"https:\/\/www.notibras.com\/site\/"},{"@type":"ListItem","position":2,"name":"Fome afeta 795 mi de pessoas no mundo, mostra relat\u00f3rio da ONU"}]},{"@type":"WebSite","@id":"https:\/\/www.notibras.com\/site\/#website","url":"https:\/\/www.notibras.com\/site\/","name":"Notibras","description":"Not\u00edcias de Bras\u00edlia, do Brasil e do Mundo","publisher":{"@id":"https:\/\/www.notibras.com\/site\/#organization"},"potentialAction":[{"@type":"SearchAction","target":{"@type":"EntryPoint","urlTemplate":"https:\/\/www.notibras.com\/site\/?s={search_term_string}"},"query-input":{"@type":"PropertyValueSpecification","valueRequired":true,"valueName":"search_term_string"}}],"inLanguage":"pt-BR"},{"@type":"Organization","@id":"https:\/\/www.notibras.com\/site\/#organization","name":"Grupo Notibras de Comunica\u00e7\u00e3o","url":"https:\/\/www.notibras.com\/site\/","logo":{"@type":"ImageObject","inLanguage":"pt-BR","@id":"https:\/\/www.notibras.com\/site\/#\/schema\/logo\/image\/","url":"https:\/\/www.notibras.com\/site\/wp-content\/uploads\/2023\/01\/notibras23.png","contentUrl":"https:\/\/www.notibras.com\/site\/wp-content\/uploads\/2023\/01\/notibras23.png","width":350,"height":87,"caption":"Grupo Notibras de Comunica\u00e7\u00e3o"},"image":{"@id":"https:\/\/www.notibras.com\/site\/#\/schema\/logo\/image\/"},"sameAs":["https:\/\/www.facebook.com\/notibras\/","https:\/\/x.com\/Notibras","https:\/\/www.instagram.com\/notibras\/"]},{"@type":"Person","@id":"https:\/\/www.notibras.com\/site\/#\/schema\/person\/00b8e1aa08f9ef6563e878c5159d01cf","name":"Reda\u00e7\u00e3o","image":{"@type":"ImageObject","inLanguage":"pt-BR","@id":"https:\/\/secure.gravatar.com\/avatar\/ac5a707d5b47784a5ed426c6e213e201423c750890f64e4c379114dade67dfb9?s=96&d=mm&r=g","url":"https:\/\/secure.gravatar.com\/avatar\/ac5a707d5b47784a5ed426c6e213e201423c750890f64e4c379114dade67dfb9?s=96&d=mm&r=g","contentUrl":"https:\/\/secure.gravatar.com\/avatar\/ac5a707d5b47784a5ed426c6e213e201423c750890f64e4c379114dade67dfb9?s=96&d=mm&r=g","caption":"Reda\u00e7\u00e3o"}}]}},"amp_enabled":true,"_links":{"self":[{"href":"https:\/\/www.notibras.com\/site\/wp-json\/wp\/v2\/posts\/50736","targetHints":{"allow":["GET"]}}],"collection":[{"href":"https:\/\/www.notibras.com\/site\/wp-json\/wp\/v2\/posts"}],"about":[{"href":"https:\/\/www.notibras.com\/site\/wp-json\/wp\/v2\/types\/post"}],"author":[{"embeddable":true,"href":"https:\/\/www.notibras.com\/site\/wp-json\/wp\/v2\/users\/1"}],"replies":[{"embeddable":true,"href":"https:\/\/www.notibras.com\/site\/wp-json\/wp\/v2\/comments?post=50736"}],"version-history":[{"count":0,"href":"https:\/\/www.notibras.com\/site\/wp-json\/wp\/v2\/posts\/50736\/revisions"}],"wp:featuredmedia":[{"embeddable":true,"href":"https:\/\/www.notibras.com\/site\/wp-json\/wp\/v2\/media\/50737"}],"wp:attachment":[{"href":"https:\/\/www.notibras.com\/site\/wp-json\/wp\/v2\/media?parent=50736"}],"wp:term":[{"taxonomy":"category","embeddable":true,"href":"https:\/\/www.notibras.com\/site\/wp-json\/wp\/v2\/categories?post=50736"},{"taxonomy":"post_tag","embeddable":true,"href":"https:\/\/www.notibras.com\/site\/wp-json\/wp\/v2\/tags?post=50736"}],"curies":[{"name":"wp","href":"https:\/\/api.w.org\/{rel}","templated":true}]}}