{"id":50783,"date":"2015-05-27T10:28:01","date_gmt":"2015-05-27T13:28:01","guid":{"rendered":"http:\/\/www.notibras.com\/site\/?p=50783"},"modified":"2015-05-27T11:33:22","modified_gmt":"2015-05-27T14:33:22","slug":"ajuste-penalizara-pobres-e-esvaziara-municipios-diz-renan","status":"publish","type":"post","link":"https:\/\/www.notibras.com\/site\/ajuste-penalizara-pobres-e-esvaziara-municipios-diz-renan\/","title":{"rendered":"Renan diz que ajuste penalizar\u00e1 pobres e esvaziar\u00e1 munic\u00edpios"},"content":{"rendered":"<p>O presidente do Senado, Renan Calheiros, voltou a criticar nesta quarta-feira\u00a0(27) o ajuste fiscal do governo dizendo que as medidas penalizar\u00e3o os mais pobres e v\u00e3o provocar o esvaziamento dos munic\u00edpios. Discursando para uma plateia de prefeitos e vereadores que participam da 18\u00aa Marcha dos Prefeitos, em Bras\u00edlia, Renan defendeu mudan\u00e7as no pacto federativo como forma de descentralizar a divis\u00e3o de recursos entre todos os entes.<\/p>\n<p>\u201cOntem (26) votamos a primeira medida provis\u00f3ria do ajuste fiscal que sequer podemos chamar de ajuste fiscal, mas facilmente poderia ser chamado de empuxo fiscal, porque penaliza o pobre, porque desmonta a renda, os sal\u00e1rios\u201d, discursou o presidente do Senado.<\/p>\n<p>Segundo o peemedebista, as medidas do governo ter\u00e3o impacto negativo, sobretudo, nos pequenos munic\u00edpios, que dependem dos recursos da Previd\u00eancia e dos programas socais. \u201cN\u00e3o tenho nenhuma d\u00favida que esse corte trabalhista, que esse corte previdenci\u00e1rio vai, sobretudo, punir o bolso do trabalhador, os mais pobres e esvaziar os munic\u00edpios que n\u00e3o t\u00eam receitas pr\u00f3prias e ter\u00e3o mais dificuldades para sobreviver\u201d.<\/p>\n<blockquote><p>Para o presidente do Senado, o ajuste fiscal deveria \u201ccortar na pr\u00f3pria carne\u201d, diminuindo o n\u00famero de minist\u00e9rios e de cargos comissionais. \u201cPrecisamos de um ajuste fiscal que diminua o tamanho do Estado, que acabe com essa excresc\u00eancia de ter 39 minist\u00e9rios esvaziados, sem recursos e mais de 100 mil cargos comissionados, enquanto os programas s\u00e3o atrasados e muito deles n\u00e3o s\u00e3o repassados.\u201d<\/p><\/blockquote>\n<p>Ao lado do presidente da C\u00e2mara, deputado Eduardo Cunha (PMDB-RJ), Renan criticou a centraliza\u00e7\u00e3o de poder da Uni\u00e3o e defendeu o fortalecimento do Poder Legislativo como forma de valorizar o pacto federativo.<\/p>\n<p>\u201cEstamos vivendo nesse momento o fortalecimento do Poder Legislativo, que tem como consequ\u00eancia o fortalecimento da federa\u00e7\u00e3o e a invers\u00e3o do que est\u00e1 acontecendo que \u00e9 o esvaziamento dos munic\u00edpios que, do ponto de vista das sua economias, est\u00e3o cada vez mais esvaziados, porque h\u00e1 um centralismo absurdo do poder central que quer abocanhar os recursos e os investimentos dos munic\u00edpios.\u201d<\/p>\n<p><strong>Ivan Richard, ABr<\/strong><\/p>\n","protected":false},"excerpt":{"rendered":"<p>O presidente do Senado, Renan Calheiros, voltou a criticar nesta quarta-feira\u00a0(27) o ajuste fiscal do governo dizendo que as medidas penalizar\u00e3o os mais pobres e v\u00e3o provocar o esvaziamento dos munic\u00edpios. Discursando para uma plateia de prefeitos e vereadores que participam da 18\u00aa Marcha dos Prefeitos, em Bras\u00edlia, Renan defendeu mudan\u00e7as no pacto federativo como [&hellip;]<\/p>\n","protected":false},"author":1,"featured_media":50784,"comment_status":"open","ping_status":"closed","sticky":false,"template":"","format":"standard","meta":{"_acf_changed":false,"footnotes":""},"categories":[16],"tags":[],"class_list":["post-50783","post","type-post","status-publish","format-standard","has-post-thumbnail","hentry","category-brasil"],"acf":[],"yoast_head":"<!-- This site is optimized with the Yoast SEO plugin v27.2 - https:\/\/yoast.com\/product\/yoast-seo-wordpress\/ -->\n<title>Renan diz que ajuste penalizar\u00e1 pobres e esvaziar\u00e1 munic\u00edpios - Notibras<\/title>\n<meta name=\"robots\" content=\"index, follow, max-snippet:-1, max-image-preview:large, max-video-preview:-1\" \/>\n<link rel=\"canonical\" href=\"https:\/\/www.notibras.com\/site\/ajuste-penalizara-pobres-e-esvaziara-municipios-diz-renan\/\" \/>\n<meta property=\"og:locale\" content=\"pt_BR\" \/>\n<meta property=\"og:type\" content=\"article\" \/>\n<meta property=\"og:title\" content=\"Renan diz que ajuste penalizar\u00e1 pobres e esvaziar\u00e1 munic\u00edpios - Notibras\" \/>\n<meta property=\"og:description\" content=\"O presidente do Senado, Renan Calheiros, voltou a criticar nesta quarta-feira\u00a0(27) o ajuste fiscal do governo dizendo que as medidas penalizar\u00e3o os mais pobres e v\u00e3o provocar o esvaziamento dos munic\u00edpios. Discursando para uma plateia de prefeitos e vereadores que participam da 18\u00aa Marcha dos Prefeitos, em Bras\u00edlia, Renan defendeu mudan\u00e7as no pacto federativo como [&hellip;]\" \/>\n<meta property=\"og:url\" content=\"https:\/\/www.notibras.com\/site\/ajuste-penalizara-pobres-e-esvaziara-municipios-diz-renan\/\" \/>\n<meta property=\"og:site_name\" content=\"Notibras\" \/>\n<meta property=\"article:publisher\" content=\"https:\/\/www.facebook.com\/notibras\/\" \/>\n<meta property=\"article:published_time\" content=\"2015-05-27T13:28:01+00:00\" \/>\n<meta property=\"article:modified_time\" content=\"2015-05-27T14:33:22+00:00\" \/>\n<meta property=\"og:image\" content=\"https:\/\/www.notibras.com\/site\/wp-content\/uploads\/2015\/05\/Sem-t\u00edtulo-1123.jpg\" \/>\n\t<meta property=\"og:image:width\" content=\"400\" \/>\n\t<meta property=\"og:image:height\" content=\"265\" \/>\n\t<meta property=\"og:image:type\" content=\"image\/jpeg\" \/>\n<meta name=\"author\" content=\"Reda\u00e7\u00e3o\" \/>\n<meta name=\"twitter:card\" content=\"summary_large_image\" \/>\n<meta name=\"twitter:creator\" content=\"@Notibras\" \/>\n<meta name=\"twitter:site\" content=\"@Notibras\" \/>\n<meta name=\"twitter:label1\" content=\"Escrito por\" \/>\n\t<meta name=\"twitter:data1\" content=\"Reda\u00e7\u00e3o\" \/>\n\t<meta name=\"twitter:label2\" content=\"Est. tempo de leitura\" \/>\n\t<meta name=\"twitter:data2\" content=\"2 minutos\" \/>\n<script type=\"application\/ld+json\" class=\"yoast-schema-graph\">{\"@context\":\"https:\/\/schema.org\",\"@graph\":[{\"@type\":\"Article\",\"@id\":\"https:\/\/www.notibras.com\/site\/ajuste-penalizara-pobres-e-esvaziara-municipios-diz-renan\/#article\",\"isPartOf\":{\"@id\":\"https:\/\/www.notibras.com\/site\/ajuste-penalizara-pobres-e-esvaziara-municipios-diz-renan\/\"},\"author\":{\"name\":\"Reda\u00e7\u00e3o\",\"@id\":\"https:\/\/www.notibras.com\/site\/#\/schema\/person\/00b8e1aa08f9ef6563e878c5159d01cf\"},\"headline\":\"Renan diz que ajuste penalizar\u00e1 pobres e esvaziar\u00e1 munic\u00edpios\",\"datePublished\":\"2015-05-27T13:28:01+00:00\",\"dateModified\":\"2015-05-27T14:33:22+00:00\",\"mainEntityOfPage\":{\"@id\":\"https:\/\/www.notibras.com\/site\/ajuste-penalizara-pobres-e-esvaziara-municipios-diz-renan\/\"},\"wordCount\":367,\"commentCount\":0,\"publisher\":{\"@id\":\"https:\/\/www.notibras.com\/site\/#organization\"},\"image\":{\"@id\":\"https:\/\/www.notibras.com\/site\/ajuste-penalizara-pobres-e-esvaziara-municipios-diz-renan\/#primaryimage\"},\"thumbnailUrl\":\"https:\/\/www.notibras.com\/site\/wp-content\/uploads\/2015\/05\/Sem-t\u00edtulo-1123.jpg\",\"articleSection\":[\"Brasil\"],\"inLanguage\":\"pt-BR\",\"potentialAction\":[{\"@type\":\"CommentAction\",\"name\":\"Comment\",\"target\":[\"https:\/\/www.notibras.com\/site\/ajuste-penalizara-pobres-e-esvaziara-municipios-diz-renan\/#respond\"]}]},{\"@type\":\"WebPage\",\"@id\":\"https:\/\/www.notibras.com\/site\/ajuste-penalizara-pobres-e-esvaziara-municipios-diz-renan\/\",\"url\":\"https:\/\/www.notibras.com\/site\/ajuste-penalizara-pobres-e-esvaziara-municipios-diz-renan\/\",\"name\":\"Renan diz que ajuste penalizar\u00e1 pobres e esvaziar\u00e1 munic\u00edpios - Notibras\",\"isPartOf\":{\"@id\":\"https:\/\/www.notibras.com\/site\/#website\"},\"primaryImageOfPage\":{\"@id\":\"https:\/\/www.notibras.com\/site\/ajuste-penalizara-pobres-e-esvaziara-municipios-diz-renan\/#primaryimage\"},\"image\":{\"@id\":\"https:\/\/www.notibras.com\/site\/ajuste-penalizara-pobres-e-esvaziara-municipios-diz-renan\/#primaryimage\"},\"thumbnailUrl\":\"https:\/\/www.notibras.com\/site\/wp-content\/uploads\/2015\/05\/Sem-t\u00edtulo-1123.jpg\",\"datePublished\":\"2015-05-27T13:28:01+00:00\",\"dateModified\":\"2015-05-27T14:33:22+00:00\",\"breadcrumb\":{\"@id\":\"https:\/\/www.notibras.com\/site\/ajuste-penalizara-pobres-e-esvaziara-municipios-diz-renan\/#breadcrumb\"},\"inLanguage\":\"pt-BR\",\"potentialAction\":[{\"@type\":\"ReadAction\",\"target\":[\"https:\/\/www.notibras.com\/site\/ajuste-penalizara-pobres-e-esvaziara-municipios-diz-renan\/\"]}]},{\"@type\":\"ImageObject\",\"inLanguage\":\"pt-BR\",\"@id\":\"https:\/\/www.notibras.com\/site\/ajuste-penalizara-pobres-e-esvaziara-municipios-diz-renan\/#primaryimage\",\"url\":\"https:\/\/www.notibras.com\/site\/wp-content\/uploads\/2015\/05\/Sem-t\u00edtulo-1123.jpg\",\"contentUrl\":\"https:\/\/www.notibras.com\/site\/wp-content\/uploads\/2015\/05\/Sem-t\u00edtulo-1123.jpg\",\"width\":400,\"height\":265},{\"@type\":\"BreadcrumbList\",\"@id\":\"https:\/\/www.notibras.com\/site\/ajuste-penalizara-pobres-e-esvaziara-municipios-diz-renan\/#breadcrumb\",\"itemListElement\":[{\"@type\":\"ListItem\",\"position\":1,\"name\":\"In\u00edcio\",\"item\":\"https:\/\/www.notibras.com\/site\/\"},{\"@type\":\"ListItem\",\"position\":2,\"name\":\"Renan diz que ajuste penalizar\u00e1 pobres e esvaziar\u00e1 munic\u00edpios\"}]},{\"@type\":\"WebSite\",\"@id\":\"https:\/\/www.notibras.com\/site\/#website\",\"url\":\"https:\/\/www.notibras.com\/site\/\",\"name\":\"Notibras\",\"description\":\"Not\u00edcias de Bras\u00edlia, do Brasil e do Mundo\",\"publisher\":{\"@id\":\"https:\/\/www.notibras.com\/site\/#organization\"},\"potentialAction\":[{\"@type\":\"SearchAction\",\"target\":{\"@type\":\"EntryPoint\",\"urlTemplate\":\"https:\/\/www.notibras.com\/site\/?s={search_term_string}\"},\"query-input\":{\"@type\":\"PropertyValueSpecification\",\"valueRequired\":true,\"valueName\":\"search_term_string\"}}],\"inLanguage\":\"pt-BR\"},{\"@type\":\"Organization\",\"@id\":\"https:\/\/www.notibras.com\/site\/#organization\",\"name\":\"Grupo Notibras de Comunica\u00e7\u00e3o\",\"url\":\"https:\/\/www.notibras.com\/site\/\",\"logo\":{\"@type\":\"ImageObject\",\"inLanguage\":\"pt-BR\",\"@id\":\"https:\/\/www.notibras.com\/site\/#\/schema\/logo\/image\/\",\"url\":\"https:\/\/www.notibras.com\/site\/wp-content\/uploads\/2023\/01\/notibras23.png\",\"contentUrl\":\"https:\/\/www.notibras.com\/site\/wp-content\/uploads\/2023\/01\/notibras23.png\",\"width\":350,\"height\":87,\"caption\":\"Grupo Notibras de Comunica\u00e7\u00e3o\"},\"image\":{\"@id\":\"https:\/\/www.notibras.com\/site\/#\/schema\/logo\/image\/\"},\"sameAs\":[\"https:\/\/www.facebook.com\/notibras\/\",\"https:\/\/x.com\/Notibras\",\"https:\/\/www.instagram.com\/notibras\/\"]},{\"@type\":\"Person\",\"@id\":\"https:\/\/www.notibras.com\/site\/#\/schema\/person\/00b8e1aa08f9ef6563e878c5159d01cf\",\"name\":\"Reda\u00e7\u00e3o\",\"image\":{\"@type\":\"ImageObject\",\"inLanguage\":\"pt-BR\",\"@id\":\"https:\/\/secure.gravatar.com\/avatar\/ac5a707d5b47784a5ed426c6e213e201423c750890f64e4c379114dade67dfb9?s=96&d=mm&r=g\",\"url\":\"https:\/\/secure.gravatar.com\/avatar\/ac5a707d5b47784a5ed426c6e213e201423c750890f64e4c379114dade67dfb9?s=96&d=mm&r=g\",\"contentUrl\":\"https:\/\/secure.gravatar.com\/avatar\/ac5a707d5b47784a5ed426c6e213e201423c750890f64e4c379114dade67dfb9?s=96&d=mm&r=g\",\"caption\":\"Reda\u00e7\u00e3o\"}}]}<\/script>\n<!-- \/ Yoast SEO plugin. -->","yoast_head_json":{"title":"Renan diz que ajuste penalizar\u00e1 pobres e esvaziar\u00e1 munic\u00edpios - Notibras","robots":{"index":"index","follow":"follow","max-snippet":"max-snippet:-1","max-image-preview":"max-image-preview:large","max-video-preview":"max-video-preview:-1"},"canonical":"https:\/\/www.notibras.com\/site\/ajuste-penalizara-pobres-e-esvaziara-municipios-diz-renan\/","og_locale":"pt_BR","og_type":"article","og_title":"Renan diz que ajuste penalizar\u00e1 pobres e esvaziar\u00e1 munic\u00edpios - Notibras","og_description":"O presidente do Senado, Renan Calheiros, voltou a criticar nesta quarta-feira\u00a0(27) o ajuste fiscal do governo dizendo que as medidas penalizar\u00e3o os mais pobres e v\u00e3o provocar o esvaziamento dos munic\u00edpios. Discursando para uma plateia de prefeitos e vereadores que participam da 18\u00aa Marcha dos Prefeitos, em Bras\u00edlia, Renan defendeu mudan\u00e7as no pacto federativo como [&hellip;]","og_url":"https:\/\/www.notibras.com\/site\/ajuste-penalizara-pobres-e-esvaziara-municipios-diz-renan\/","og_site_name":"Notibras","article_publisher":"https:\/\/www.facebook.com\/notibras\/","article_published_time":"2015-05-27T13:28:01+00:00","article_modified_time":"2015-05-27T14:33:22+00:00","og_image":[{"width":400,"height":265,"url":"https:\/\/www.notibras.com\/site\/wp-content\/uploads\/2015\/05\/Sem-t\u00edtulo-1123.jpg","type":"image\/jpeg"}],"author":"Reda\u00e7\u00e3o","twitter_card":"summary_large_image","twitter_creator":"@Notibras","twitter_site":"@Notibras","twitter_misc":{"Escrito por":"Reda\u00e7\u00e3o","Est. tempo de leitura":"2 minutos"},"schema":{"@context":"https:\/\/schema.org","@graph":[{"@type":"Article","@id":"https:\/\/www.notibras.com\/site\/ajuste-penalizara-pobres-e-esvaziara-municipios-diz-renan\/#article","isPartOf":{"@id":"https:\/\/www.notibras.com\/site\/ajuste-penalizara-pobres-e-esvaziara-municipios-diz-renan\/"},"author":{"name":"Reda\u00e7\u00e3o","@id":"https:\/\/www.notibras.com\/site\/#\/schema\/person\/00b8e1aa08f9ef6563e878c5159d01cf"},"headline":"Renan diz que ajuste penalizar\u00e1 pobres e esvaziar\u00e1 munic\u00edpios","datePublished":"2015-05-27T13:28:01+00:00","dateModified":"2015-05-27T14:33:22+00:00","mainEntityOfPage":{"@id":"https:\/\/www.notibras.com\/site\/ajuste-penalizara-pobres-e-esvaziara-municipios-diz-renan\/"},"wordCount":367,"commentCount":0,"publisher":{"@id":"https:\/\/www.notibras.com\/site\/#organization"},"image":{"@id":"https:\/\/www.notibras.com\/site\/ajuste-penalizara-pobres-e-esvaziara-municipios-diz-renan\/#primaryimage"},"thumbnailUrl":"https:\/\/www.notibras.com\/site\/wp-content\/uploads\/2015\/05\/Sem-t\u00edtulo-1123.jpg","articleSection":["Brasil"],"inLanguage":"pt-BR","potentialAction":[{"@type":"CommentAction","name":"Comment","target":["https:\/\/www.notibras.com\/site\/ajuste-penalizara-pobres-e-esvaziara-municipios-diz-renan\/#respond"]}]},{"@type":"WebPage","@id":"https:\/\/www.notibras.com\/site\/ajuste-penalizara-pobres-e-esvaziara-municipios-diz-renan\/","url":"https:\/\/www.notibras.com\/site\/ajuste-penalizara-pobres-e-esvaziara-municipios-diz-renan\/","name":"Renan diz que ajuste penalizar\u00e1 pobres e esvaziar\u00e1 munic\u00edpios - Notibras","isPartOf":{"@id":"https:\/\/www.notibras.com\/site\/#website"},"primaryImageOfPage":{"@id":"https:\/\/www.notibras.com\/site\/ajuste-penalizara-pobres-e-esvaziara-municipios-diz-renan\/#primaryimage"},"image":{"@id":"https:\/\/www.notibras.com\/site\/ajuste-penalizara-pobres-e-esvaziara-municipios-diz-renan\/#primaryimage"},"thumbnailUrl":"https:\/\/www.notibras.com\/site\/wp-content\/uploads\/2015\/05\/Sem-t\u00edtulo-1123.jpg","datePublished":"2015-05-27T13:28:01+00:00","dateModified":"2015-05-27T14:33:22+00:00","breadcrumb":{"@id":"https:\/\/www.notibras.com\/site\/ajuste-penalizara-pobres-e-esvaziara-municipios-diz-renan\/#breadcrumb"},"inLanguage":"pt-BR","potentialAction":[{"@type":"ReadAction","target":["https:\/\/www.notibras.com\/site\/ajuste-penalizara-pobres-e-esvaziara-municipios-diz-renan\/"]}]},{"@type":"ImageObject","inLanguage":"pt-BR","@id":"https:\/\/www.notibras.com\/site\/ajuste-penalizara-pobres-e-esvaziara-municipios-diz-renan\/#primaryimage","url":"https:\/\/www.notibras.com\/site\/wp-content\/uploads\/2015\/05\/Sem-t\u00edtulo-1123.jpg","contentUrl":"https:\/\/www.notibras.com\/site\/wp-content\/uploads\/2015\/05\/Sem-t\u00edtulo-1123.jpg","width":400,"height":265},{"@type":"BreadcrumbList","@id":"https:\/\/www.notibras.com\/site\/ajuste-penalizara-pobres-e-esvaziara-municipios-diz-renan\/#breadcrumb","itemListElement":[{"@type":"ListItem","position":1,"name":"In\u00edcio","item":"https:\/\/www.notibras.com\/site\/"},{"@type":"ListItem","position":2,"name":"Renan diz que ajuste penalizar\u00e1 pobres e esvaziar\u00e1 munic\u00edpios"}]},{"@type":"WebSite","@id":"https:\/\/www.notibras.com\/site\/#website","url":"https:\/\/www.notibras.com\/site\/","name":"Notibras","description":"Not\u00edcias de Bras\u00edlia, do Brasil e do Mundo","publisher":{"@id":"https:\/\/www.notibras.com\/site\/#organization"},"potentialAction":[{"@type":"SearchAction","target":{"@type":"EntryPoint","urlTemplate":"https:\/\/www.notibras.com\/site\/?s={search_term_string}"},"query-input":{"@type":"PropertyValueSpecification","valueRequired":true,"valueName":"search_term_string"}}],"inLanguage":"pt-BR"},{"@type":"Organization","@id":"https:\/\/www.notibras.com\/site\/#organization","name":"Grupo Notibras de Comunica\u00e7\u00e3o","url":"https:\/\/www.notibras.com\/site\/","logo":{"@type":"ImageObject","inLanguage":"pt-BR","@id":"https:\/\/www.notibras.com\/site\/#\/schema\/logo\/image\/","url":"https:\/\/www.notibras.com\/site\/wp-content\/uploads\/2023\/01\/notibras23.png","contentUrl":"https:\/\/www.notibras.com\/site\/wp-content\/uploads\/2023\/01\/notibras23.png","width":350,"height":87,"caption":"Grupo Notibras de Comunica\u00e7\u00e3o"},"image":{"@id":"https:\/\/www.notibras.com\/site\/#\/schema\/logo\/image\/"},"sameAs":["https:\/\/www.facebook.com\/notibras\/","https:\/\/x.com\/Notibras","https:\/\/www.instagram.com\/notibras\/"]},{"@type":"Person","@id":"https:\/\/www.notibras.com\/site\/#\/schema\/person\/00b8e1aa08f9ef6563e878c5159d01cf","name":"Reda\u00e7\u00e3o","image":{"@type":"ImageObject","inLanguage":"pt-BR","@id":"https:\/\/secure.gravatar.com\/avatar\/ac5a707d5b47784a5ed426c6e213e201423c750890f64e4c379114dade67dfb9?s=96&d=mm&r=g","url":"https:\/\/secure.gravatar.com\/avatar\/ac5a707d5b47784a5ed426c6e213e201423c750890f64e4c379114dade67dfb9?s=96&d=mm&r=g","contentUrl":"https:\/\/secure.gravatar.com\/avatar\/ac5a707d5b47784a5ed426c6e213e201423c750890f64e4c379114dade67dfb9?s=96&d=mm&r=g","caption":"Reda\u00e7\u00e3o"}}]}},"amp_enabled":true,"_links":{"self":[{"href":"https:\/\/www.notibras.com\/site\/wp-json\/wp\/v2\/posts\/50783","targetHints":{"allow":["GET"]}}],"collection":[{"href":"https:\/\/www.notibras.com\/site\/wp-json\/wp\/v2\/posts"}],"about":[{"href":"https:\/\/www.notibras.com\/site\/wp-json\/wp\/v2\/types\/post"}],"author":[{"embeddable":true,"href":"https:\/\/www.notibras.com\/site\/wp-json\/wp\/v2\/users\/1"}],"replies":[{"embeddable":true,"href":"https:\/\/www.notibras.com\/site\/wp-json\/wp\/v2\/comments?post=50783"}],"version-history":[{"count":0,"href":"https:\/\/www.notibras.com\/site\/wp-json\/wp\/v2\/posts\/50783\/revisions"}],"wp:featuredmedia":[{"embeddable":true,"href":"https:\/\/www.notibras.com\/site\/wp-json\/wp\/v2\/media\/50784"}],"wp:attachment":[{"href":"https:\/\/www.notibras.com\/site\/wp-json\/wp\/v2\/media?parent=50783"}],"wp:term":[{"taxonomy":"category","embeddable":true,"href":"https:\/\/www.notibras.com\/site\/wp-json\/wp\/v2\/categories?post=50783"},{"taxonomy":"post_tag","embeddable":true,"href":"https:\/\/www.notibras.com\/site\/wp-json\/wp\/v2\/tags?post=50783"}],"curies":[{"name":"wp","href":"https:\/\/api.w.org\/{rel}","templated":true}]}}