{"id":50809,"date":"2015-05-27T12:24:55","date_gmt":"2015-05-27T15:24:55","guid":{"rendered":"http:\/\/www.notibras.com\/site\/?p=50809"},"modified":"2015-05-27T12:28:50","modified_gmt":"2015-05-27T15:28:50","slug":"romario-diz-que-prisao-de-jose-maria-marin-e-inicio-de-mudancas-no-futebol","status":"publish","type":"post","link":"https:\/\/www.notibras.com\/site\/romario-diz-que-prisao-de-jose-maria-marin-e-inicio-de-mudancas-no-futebol\/","title":{"rendered":"Rom\u00e1rio diz que pris\u00e3o de Marin \u00e9 in\u00edcio de mudan\u00e7as no futebol"},"content":{"rendered":"<p>O senador Rom\u00e1rio (PSB-RJ) comemorou nesta quarta\u00a0(27) a pris\u00e3o do ex-presidente da Confedera\u00e7\u00e3o Brasileira de Futebol (CBF) Jos\u00e9 Maria Marin, na Su\u00ed\u00e7a. Cr\u00edtico das a\u00e7\u00f5es do dirigente na confedera\u00e7\u00e3o, o parlamentar destacou que a a\u00e7\u00e3o da pol\u00edcia, em Zurique (Su\u00ed\u00e7a), pode significar o in\u00edcio de mudan\u00e7as no futebol brasileiro.<\/p>\n<blockquote><p>&#8220;Corruptos e ladr\u00f5es que fazem mal ao futebol foram presos, inclusive Jos\u00e9 Maria Marin. Ladr\u00e3o tem que ir para cadeia. Parab\u00e9ns ao FBI [Pol\u00edcia Federal norte-americana]. Infelizmente n\u00e3o foi a gente [pol\u00edcia brasileira] quem prendeu&#8221;, disse em audi\u00eancia p\u00fablica na Comiss\u00e3o de Educa\u00e7\u00e3o do Senado que debate a situa\u00e7\u00e3o do futebol feminino no pa\u00eds.<\/p><\/blockquote>\n<p>Rom\u00e1rio disse ainda que o futebol est\u00e1 desse jeito por causa de pessoas que n\u00e3o est\u00e3o interessadas em ajudar, mas s\u00f3 em dinheiro, e chamou de &#8220;ladr\u00e3o, safado e ordin\u00e1rio&#8221; o atual presidente da CBF, Marco Polo Del Nero. &#8220;Suas contas fora do pa\u00eds est\u00e3o recheadas&#8221;, afirmou.<\/p>\n<p>Al\u00e9m de Marin, seis altos dirigentes da Fifa foram detidos na manh\u00e3 desta quarta-feira (27) pela pol\u00edcia de Zurique a pedido das autoridades dos Estados Unidos. A lista de 14 investigados por um tribunal de Nova York, por corrup\u00e7\u00e3o, tem outros dois brasileiros, Jos\u00e9 Hawilla, dono da empresa de <em>marketing<\/em> esportivo Traffic, e Jos\u00e9 Margulies, dirigente da empresa Valente Corp. and Somerton.<\/p>\n","protected":false},"excerpt":{"rendered":"<p>O senador Rom\u00e1rio (PSB-RJ) comemorou nesta quarta\u00a0(27) a pris\u00e3o do ex-presidente da Confedera\u00e7\u00e3o Brasileira de Futebol (CBF) Jos\u00e9 Maria Marin, na Su\u00ed\u00e7a. Cr\u00edtico das a\u00e7\u00f5es do dirigente na confedera\u00e7\u00e3o, o parlamentar destacou que a a\u00e7\u00e3o da pol\u00edcia, em Zurique (Su\u00ed\u00e7a), pode significar o in\u00edcio de mudan\u00e7as no futebol brasileiro. &#8220;Corruptos e ladr\u00f5es que fazem mal [&hellip;]<\/p>\n","protected":false},"author":1,"featured_media":50810,"comment_status":"open","ping_status":"closed","sticky":false,"template":"","format":"standard","meta":{"_acf_changed":false,"footnotes":""},"categories":[29],"tags":[],"class_list":["post-50809","post","type-post","status-publish","format-standard","has-post-thumbnail","hentry","category-futebol"],"acf":[],"yoast_head":"<!-- This site is optimized with the Yoast SEO plugin v27.2 - https:\/\/yoast.com\/product\/yoast-seo-wordpress\/ -->\n<title>Rom\u00e1rio diz que pris\u00e3o de Marin \u00e9 in\u00edcio de mudan\u00e7as no futebol - Notibras<\/title>\n<meta name=\"robots\" content=\"index, follow, max-snippet:-1, max-image-preview:large, max-video-preview:-1\" \/>\n<link rel=\"canonical\" href=\"https:\/\/www.notibras.com\/site\/romario-diz-que-prisao-de-jose-maria-marin-e-inicio-de-mudancas-no-futebol\/\" \/>\n<meta property=\"og:locale\" content=\"pt_BR\" \/>\n<meta property=\"og:type\" content=\"article\" \/>\n<meta property=\"og:title\" content=\"Rom\u00e1rio diz que pris\u00e3o de Marin \u00e9 in\u00edcio de mudan\u00e7as no futebol - Notibras\" \/>\n<meta property=\"og:description\" content=\"O senador Rom\u00e1rio (PSB-RJ) comemorou nesta quarta\u00a0(27) a pris\u00e3o do ex-presidente da Confedera\u00e7\u00e3o Brasileira de Futebol (CBF) Jos\u00e9 Maria Marin, na Su\u00ed\u00e7a. Cr\u00edtico das a\u00e7\u00f5es do dirigente na confedera\u00e7\u00e3o, o parlamentar destacou que a a\u00e7\u00e3o da pol\u00edcia, em Zurique (Su\u00ed\u00e7a), pode significar o in\u00edcio de mudan\u00e7as no futebol brasileiro. &#8220;Corruptos e ladr\u00f5es que fazem mal [&hellip;]\" \/>\n<meta property=\"og:url\" content=\"https:\/\/www.notibras.com\/site\/romario-diz-que-prisao-de-jose-maria-marin-e-inicio-de-mudancas-no-futebol\/\" \/>\n<meta property=\"og:site_name\" content=\"Notibras\" \/>\n<meta property=\"article:publisher\" content=\"https:\/\/www.facebook.com\/notibras\/\" \/>\n<meta property=\"article:published_time\" content=\"2015-05-27T15:24:55+00:00\" \/>\n<meta property=\"article:modified_time\" content=\"2015-05-27T15:28:50+00:00\" \/>\n<meta property=\"og:image\" content=\"https:\/\/www.notibras.com\/site\/wp-content\/uploads\/2015\/05\/Sem-t\u00edtulo-1125.jpg\" \/>\n\t<meta property=\"og:image:width\" content=\"580\" \/>\n\t<meta property=\"og:image:height\" content=\"388\" \/>\n\t<meta property=\"og:image:type\" content=\"image\/jpeg\" \/>\n<meta name=\"author\" content=\"Reda\u00e7\u00e3o\" \/>\n<meta name=\"twitter:card\" content=\"summary_large_image\" \/>\n<meta name=\"twitter:creator\" content=\"@Notibras\" \/>\n<meta name=\"twitter:site\" content=\"@Notibras\" \/>\n<meta name=\"twitter:label1\" content=\"Escrito por\" \/>\n\t<meta name=\"twitter:data1\" content=\"Reda\u00e7\u00e3o\" \/>\n\t<meta name=\"twitter:label2\" content=\"Est. tempo de leitura\" \/>\n\t<meta name=\"twitter:data2\" content=\"1 minuto\" \/>\n<script type=\"application\/ld+json\" class=\"yoast-schema-graph\">{\"@context\":\"https:\/\/schema.org\",\"@graph\":[{\"@type\":\"Article\",\"@id\":\"https:\/\/www.notibras.com\/site\/romario-diz-que-prisao-de-jose-maria-marin-e-inicio-de-mudancas-no-futebol\/#article\",\"isPartOf\":{\"@id\":\"https:\/\/www.notibras.com\/site\/romario-diz-que-prisao-de-jose-maria-marin-e-inicio-de-mudancas-no-futebol\/\"},\"author\":{\"name\":\"Reda\u00e7\u00e3o\",\"@id\":\"https:\/\/www.notibras.com\/site\/#\/schema\/person\/00b8e1aa08f9ef6563e878c5159d01cf\"},\"headline\":\"Rom\u00e1rio diz que pris\u00e3o de Marin \u00e9 in\u00edcio de mudan\u00e7as no futebol\",\"datePublished\":\"2015-05-27T15:24:55+00:00\",\"dateModified\":\"2015-05-27T15:28:50+00:00\",\"mainEntityOfPage\":{\"@id\":\"https:\/\/www.notibras.com\/site\/romario-diz-que-prisao-de-jose-maria-marin-e-inicio-de-mudancas-no-futebol\/\"},\"wordCount\":259,\"commentCount\":0,\"publisher\":{\"@id\":\"https:\/\/www.notibras.com\/site\/#organization\"},\"image\":{\"@id\":\"https:\/\/www.notibras.com\/site\/romario-diz-que-prisao-de-jose-maria-marin-e-inicio-de-mudancas-no-futebol\/#primaryimage\"},\"thumbnailUrl\":\"https:\/\/www.notibras.com\/site\/wp-content\/uploads\/2015\/05\/Sem-t\u00edtulo-1125.jpg\",\"articleSection\":[\"Futebol\"],\"inLanguage\":\"pt-BR\",\"potentialAction\":[{\"@type\":\"CommentAction\",\"name\":\"Comment\",\"target\":[\"https:\/\/www.notibras.com\/site\/romario-diz-que-prisao-de-jose-maria-marin-e-inicio-de-mudancas-no-futebol\/#respond\"]}]},{\"@type\":\"WebPage\",\"@id\":\"https:\/\/www.notibras.com\/site\/romario-diz-que-prisao-de-jose-maria-marin-e-inicio-de-mudancas-no-futebol\/\",\"url\":\"https:\/\/www.notibras.com\/site\/romario-diz-que-prisao-de-jose-maria-marin-e-inicio-de-mudancas-no-futebol\/\",\"name\":\"Rom\u00e1rio diz que pris\u00e3o de Marin \u00e9 in\u00edcio de mudan\u00e7as no futebol - Notibras\",\"isPartOf\":{\"@id\":\"https:\/\/www.notibras.com\/site\/#website\"},\"primaryImageOfPage\":{\"@id\":\"https:\/\/www.notibras.com\/site\/romario-diz-que-prisao-de-jose-maria-marin-e-inicio-de-mudancas-no-futebol\/#primaryimage\"},\"image\":{\"@id\":\"https:\/\/www.notibras.com\/site\/romario-diz-que-prisao-de-jose-maria-marin-e-inicio-de-mudancas-no-futebol\/#primaryimage\"},\"thumbnailUrl\":\"https:\/\/www.notibras.com\/site\/wp-content\/uploads\/2015\/05\/Sem-t\u00edtulo-1125.jpg\",\"datePublished\":\"2015-05-27T15:24:55+00:00\",\"dateModified\":\"2015-05-27T15:28:50+00:00\",\"breadcrumb\":{\"@id\":\"https:\/\/www.notibras.com\/site\/romario-diz-que-prisao-de-jose-maria-marin-e-inicio-de-mudancas-no-futebol\/#breadcrumb\"},\"inLanguage\":\"pt-BR\",\"potentialAction\":[{\"@type\":\"ReadAction\",\"target\":[\"https:\/\/www.notibras.com\/site\/romario-diz-que-prisao-de-jose-maria-marin-e-inicio-de-mudancas-no-futebol\/\"]}]},{\"@type\":\"ImageObject\",\"inLanguage\":\"pt-BR\",\"@id\":\"https:\/\/www.notibras.com\/site\/romario-diz-que-prisao-de-jose-maria-marin-e-inicio-de-mudancas-no-futebol\/#primaryimage\",\"url\":\"https:\/\/www.notibras.com\/site\/wp-content\/uploads\/2015\/05\/Sem-t\u00edtulo-1125.jpg\",\"contentUrl\":\"https:\/\/www.notibras.com\/site\/wp-content\/uploads\/2015\/05\/Sem-t\u00edtulo-1125.jpg\",\"width\":580,\"height\":388},{\"@type\":\"BreadcrumbList\",\"@id\":\"https:\/\/www.notibras.com\/site\/romario-diz-que-prisao-de-jose-maria-marin-e-inicio-de-mudancas-no-futebol\/#breadcrumb\",\"itemListElement\":[{\"@type\":\"ListItem\",\"position\":1,\"name\":\"In\u00edcio\",\"item\":\"https:\/\/www.notibras.com\/site\/\"},{\"@type\":\"ListItem\",\"position\":2,\"name\":\"Rom\u00e1rio diz que pris\u00e3o de Marin \u00e9 in\u00edcio de mudan\u00e7as no futebol\"}]},{\"@type\":\"WebSite\",\"@id\":\"https:\/\/www.notibras.com\/site\/#website\",\"url\":\"https:\/\/www.notibras.com\/site\/\",\"name\":\"Notibras\",\"description\":\"Not\u00edcias de Bras\u00edlia, do Brasil e do Mundo\",\"publisher\":{\"@id\":\"https:\/\/www.notibras.com\/site\/#organization\"},\"potentialAction\":[{\"@type\":\"SearchAction\",\"target\":{\"@type\":\"EntryPoint\",\"urlTemplate\":\"https:\/\/www.notibras.com\/site\/?s={search_term_string}\"},\"query-input\":{\"@type\":\"PropertyValueSpecification\",\"valueRequired\":true,\"valueName\":\"search_term_string\"}}],\"inLanguage\":\"pt-BR\"},{\"@type\":\"Organization\",\"@id\":\"https:\/\/www.notibras.com\/site\/#organization\",\"name\":\"Grupo Notibras de Comunica\u00e7\u00e3o\",\"url\":\"https:\/\/www.notibras.com\/site\/\",\"logo\":{\"@type\":\"ImageObject\",\"inLanguage\":\"pt-BR\",\"@id\":\"https:\/\/www.notibras.com\/site\/#\/schema\/logo\/image\/\",\"url\":\"https:\/\/www.notibras.com\/site\/wp-content\/uploads\/2023\/01\/notibras23.png\",\"contentUrl\":\"https:\/\/www.notibras.com\/site\/wp-content\/uploads\/2023\/01\/notibras23.png\",\"width\":350,\"height\":87,\"caption\":\"Grupo Notibras de Comunica\u00e7\u00e3o\"},\"image\":{\"@id\":\"https:\/\/www.notibras.com\/site\/#\/schema\/logo\/image\/\"},\"sameAs\":[\"https:\/\/www.facebook.com\/notibras\/\",\"https:\/\/x.com\/Notibras\",\"https:\/\/www.instagram.com\/notibras\/\"]},{\"@type\":\"Person\",\"@id\":\"https:\/\/www.notibras.com\/site\/#\/schema\/person\/00b8e1aa08f9ef6563e878c5159d01cf\",\"name\":\"Reda\u00e7\u00e3o\",\"image\":{\"@type\":\"ImageObject\",\"inLanguage\":\"pt-BR\",\"@id\":\"https:\/\/secure.gravatar.com\/avatar\/ac5a707d5b47784a5ed426c6e213e201423c750890f64e4c379114dade67dfb9?s=96&d=mm&r=g\",\"url\":\"https:\/\/secure.gravatar.com\/avatar\/ac5a707d5b47784a5ed426c6e213e201423c750890f64e4c379114dade67dfb9?s=96&d=mm&r=g\",\"contentUrl\":\"https:\/\/secure.gravatar.com\/avatar\/ac5a707d5b47784a5ed426c6e213e201423c750890f64e4c379114dade67dfb9?s=96&d=mm&r=g\",\"caption\":\"Reda\u00e7\u00e3o\"}}]}<\/script>\n<!-- \/ Yoast SEO plugin. -->","yoast_head_json":{"title":"Rom\u00e1rio diz que pris\u00e3o de Marin \u00e9 in\u00edcio de mudan\u00e7as no futebol - Notibras","robots":{"index":"index","follow":"follow","max-snippet":"max-snippet:-1","max-image-preview":"max-image-preview:large","max-video-preview":"max-video-preview:-1"},"canonical":"https:\/\/www.notibras.com\/site\/romario-diz-que-prisao-de-jose-maria-marin-e-inicio-de-mudancas-no-futebol\/","og_locale":"pt_BR","og_type":"article","og_title":"Rom\u00e1rio diz que pris\u00e3o de Marin \u00e9 in\u00edcio de mudan\u00e7as no futebol - Notibras","og_description":"O senador Rom\u00e1rio (PSB-RJ) comemorou nesta quarta\u00a0(27) a pris\u00e3o do ex-presidente da Confedera\u00e7\u00e3o Brasileira de Futebol (CBF) Jos\u00e9 Maria Marin, na Su\u00ed\u00e7a. Cr\u00edtico das a\u00e7\u00f5es do dirigente na confedera\u00e7\u00e3o, o parlamentar destacou que a a\u00e7\u00e3o da pol\u00edcia, em Zurique (Su\u00ed\u00e7a), pode significar o in\u00edcio de mudan\u00e7as no futebol brasileiro. &#8220;Corruptos e ladr\u00f5es que fazem mal [&hellip;]","og_url":"https:\/\/www.notibras.com\/site\/romario-diz-que-prisao-de-jose-maria-marin-e-inicio-de-mudancas-no-futebol\/","og_site_name":"Notibras","article_publisher":"https:\/\/www.facebook.com\/notibras\/","article_published_time":"2015-05-27T15:24:55+00:00","article_modified_time":"2015-05-27T15:28:50+00:00","og_image":[{"width":580,"height":388,"url":"https:\/\/www.notibras.com\/site\/wp-content\/uploads\/2015\/05\/Sem-t\u00edtulo-1125.jpg","type":"image\/jpeg"}],"author":"Reda\u00e7\u00e3o","twitter_card":"summary_large_image","twitter_creator":"@Notibras","twitter_site":"@Notibras","twitter_misc":{"Escrito por":"Reda\u00e7\u00e3o","Est. tempo de leitura":"1 minuto"},"schema":{"@context":"https:\/\/schema.org","@graph":[{"@type":"Article","@id":"https:\/\/www.notibras.com\/site\/romario-diz-que-prisao-de-jose-maria-marin-e-inicio-de-mudancas-no-futebol\/#article","isPartOf":{"@id":"https:\/\/www.notibras.com\/site\/romario-diz-que-prisao-de-jose-maria-marin-e-inicio-de-mudancas-no-futebol\/"},"author":{"name":"Reda\u00e7\u00e3o","@id":"https:\/\/www.notibras.com\/site\/#\/schema\/person\/00b8e1aa08f9ef6563e878c5159d01cf"},"headline":"Rom\u00e1rio diz que pris\u00e3o de Marin \u00e9 in\u00edcio de mudan\u00e7as no futebol","datePublished":"2015-05-27T15:24:55+00:00","dateModified":"2015-05-27T15:28:50+00:00","mainEntityOfPage":{"@id":"https:\/\/www.notibras.com\/site\/romario-diz-que-prisao-de-jose-maria-marin-e-inicio-de-mudancas-no-futebol\/"},"wordCount":259,"commentCount":0,"publisher":{"@id":"https:\/\/www.notibras.com\/site\/#organization"},"image":{"@id":"https:\/\/www.notibras.com\/site\/romario-diz-que-prisao-de-jose-maria-marin-e-inicio-de-mudancas-no-futebol\/#primaryimage"},"thumbnailUrl":"https:\/\/www.notibras.com\/site\/wp-content\/uploads\/2015\/05\/Sem-t\u00edtulo-1125.jpg","articleSection":["Futebol"],"inLanguage":"pt-BR","potentialAction":[{"@type":"CommentAction","name":"Comment","target":["https:\/\/www.notibras.com\/site\/romario-diz-que-prisao-de-jose-maria-marin-e-inicio-de-mudancas-no-futebol\/#respond"]}]},{"@type":"WebPage","@id":"https:\/\/www.notibras.com\/site\/romario-diz-que-prisao-de-jose-maria-marin-e-inicio-de-mudancas-no-futebol\/","url":"https:\/\/www.notibras.com\/site\/romario-diz-que-prisao-de-jose-maria-marin-e-inicio-de-mudancas-no-futebol\/","name":"Rom\u00e1rio diz que pris\u00e3o de Marin \u00e9 in\u00edcio de mudan\u00e7as no futebol - Notibras","isPartOf":{"@id":"https:\/\/www.notibras.com\/site\/#website"},"primaryImageOfPage":{"@id":"https:\/\/www.notibras.com\/site\/romario-diz-que-prisao-de-jose-maria-marin-e-inicio-de-mudancas-no-futebol\/#primaryimage"},"image":{"@id":"https:\/\/www.notibras.com\/site\/romario-diz-que-prisao-de-jose-maria-marin-e-inicio-de-mudancas-no-futebol\/#primaryimage"},"thumbnailUrl":"https:\/\/www.notibras.com\/site\/wp-content\/uploads\/2015\/05\/Sem-t\u00edtulo-1125.jpg","datePublished":"2015-05-27T15:24:55+00:00","dateModified":"2015-05-27T15:28:50+00:00","breadcrumb":{"@id":"https:\/\/www.notibras.com\/site\/romario-diz-que-prisao-de-jose-maria-marin-e-inicio-de-mudancas-no-futebol\/#breadcrumb"},"inLanguage":"pt-BR","potentialAction":[{"@type":"ReadAction","target":["https:\/\/www.notibras.com\/site\/romario-diz-que-prisao-de-jose-maria-marin-e-inicio-de-mudancas-no-futebol\/"]}]},{"@type":"ImageObject","inLanguage":"pt-BR","@id":"https:\/\/www.notibras.com\/site\/romario-diz-que-prisao-de-jose-maria-marin-e-inicio-de-mudancas-no-futebol\/#primaryimage","url":"https:\/\/www.notibras.com\/site\/wp-content\/uploads\/2015\/05\/Sem-t\u00edtulo-1125.jpg","contentUrl":"https:\/\/www.notibras.com\/site\/wp-content\/uploads\/2015\/05\/Sem-t\u00edtulo-1125.jpg","width":580,"height":388},{"@type":"BreadcrumbList","@id":"https:\/\/www.notibras.com\/site\/romario-diz-que-prisao-de-jose-maria-marin-e-inicio-de-mudancas-no-futebol\/#breadcrumb","itemListElement":[{"@type":"ListItem","position":1,"name":"In\u00edcio","item":"https:\/\/www.notibras.com\/site\/"},{"@type":"ListItem","position":2,"name":"Rom\u00e1rio diz que pris\u00e3o de Marin \u00e9 in\u00edcio de mudan\u00e7as no futebol"}]},{"@type":"WebSite","@id":"https:\/\/www.notibras.com\/site\/#website","url":"https:\/\/www.notibras.com\/site\/","name":"Notibras","description":"Not\u00edcias de Bras\u00edlia, do Brasil e do Mundo","publisher":{"@id":"https:\/\/www.notibras.com\/site\/#organization"},"potentialAction":[{"@type":"SearchAction","target":{"@type":"EntryPoint","urlTemplate":"https:\/\/www.notibras.com\/site\/?s={search_term_string}"},"query-input":{"@type":"PropertyValueSpecification","valueRequired":true,"valueName":"search_term_string"}}],"inLanguage":"pt-BR"},{"@type":"Organization","@id":"https:\/\/www.notibras.com\/site\/#organization","name":"Grupo Notibras de Comunica\u00e7\u00e3o","url":"https:\/\/www.notibras.com\/site\/","logo":{"@type":"ImageObject","inLanguage":"pt-BR","@id":"https:\/\/www.notibras.com\/site\/#\/schema\/logo\/image\/","url":"https:\/\/www.notibras.com\/site\/wp-content\/uploads\/2023\/01\/notibras23.png","contentUrl":"https:\/\/www.notibras.com\/site\/wp-content\/uploads\/2023\/01\/notibras23.png","width":350,"height":87,"caption":"Grupo Notibras de Comunica\u00e7\u00e3o"},"image":{"@id":"https:\/\/www.notibras.com\/site\/#\/schema\/logo\/image\/"},"sameAs":["https:\/\/www.facebook.com\/notibras\/","https:\/\/x.com\/Notibras","https:\/\/www.instagram.com\/notibras\/"]},{"@type":"Person","@id":"https:\/\/www.notibras.com\/site\/#\/schema\/person\/00b8e1aa08f9ef6563e878c5159d01cf","name":"Reda\u00e7\u00e3o","image":{"@type":"ImageObject","inLanguage":"pt-BR","@id":"https:\/\/secure.gravatar.com\/avatar\/ac5a707d5b47784a5ed426c6e213e201423c750890f64e4c379114dade67dfb9?s=96&d=mm&r=g","url":"https:\/\/secure.gravatar.com\/avatar\/ac5a707d5b47784a5ed426c6e213e201423c750890f64e4c379114dade67dfb9?s=96&d=mm&r=g","contentUrl":"https:\/\/secure.gravatar.com\/avatar\/ac5a707d5b47784a5ed426c6e213e201423c750890f64e4c379114dade67dfb9?s=96&d=mm&r=g","caption":"Reda\u00e7\u00e3o"}}]}},"amp_enabled":true,"_links":{"self":[{"href":"https:\/\/www.notibras.com\/site\/wp-json\/wp\/v2\/posts\/50809","targetHints":{"allow":["GET"]}}],"collection":[{"href":"https:\/\/www.notibras.com\/site\/wp-json\/wp\/v2\/posts"}],"about":[{"href":"https:\/\/www.notibras.com\/site\/wp-json\/wp\/v2\/types\/post"}],"author":[{"embeddable":true,"href":"https:\/\/www.notibras.com\/site\/wp-json\/wp\/v2\/users\/1"}],"replies":[{"embeddable":true,"href":"https:\/\/www.notibras.com\/site\/wp-json\/wp\/v2\/comments?post=50809"}],"version-history":[{"count":0,"href":"https:\/\/www.notibras.com\/site\/wp-json\/wp\/v2\/posts\/50809\/revisions"}],"wp:featuredmedia":[{"embeddable":true,"href":"https:\/\/www.notibras.com\/site\/wp-json\/wp\/v2\/media\/50810"}],"wp:attachment":[{"href":"https:\/\/www.notibras.com\/site\/wp-json\/wp\/v2\/media?parent=50809"}],"wp:term":[{"taxonomy":"category","embeddable":true,"href":"https:\/\/www.notibras.com\/site\/wp-json\/wp\/v2\/categories?post=50809"},{"taxonomy":"post_tag","embeddable":true,"href":"https:\/\/www.notibras.com\/site\/wp-json\/wp\/v2\/tags?post=50809"}],"curies":[{"name":"wp","href":"https:\/\/api.w.org\/{rel}","templated":true}]}}