{"id":50823,"date":"2015-05-27T12:47:31","date_gmt":"2015-05-27T15:47:31","guid":{"rendered":"http:\/\/www.notibras.com\/site\/?p=50823"},"modified":"2015-05-27T12:50:31","modified_gmt":"2015-05-27T15:50:31","slug":"delegados-e-senadores-vao-trabalhar-juntos-para-investigar-carf","status":"publish","type":"post","link":"https:\/\/www.notibras.com\/site\/delegados-e-senadores-vao-trabalhar-juntos-para-investigar-carf\/","title":{"rendered":"Delegados e senadores v\u00e3o trabalhar juntos para investigar Carf"},"content":{"rendered":"<p>Delegados da Pol\u00edcia Federal se reuniram nesta quarta\u00a0(27) com integrantes da Comiss\u00e3o Parlamentar de Inqu\u00e9rito (CPI) que investiga atividades do Conselho Administrativo de Recursos Federais (Carf). De acordo com o presidente da CPI, senador Ata\u00eddes Oliveira (PSDB-TO), os delegados e os senadores firmaram o compromisso de cooperarem nos trabalhos de investiga\u00e7\u00f5es. A CPI\u00a0foi instalada no Senado no \u00faltimo dia 19.<\/p>\n<p>O senador Ata\u00eddes Oliveira se restringiu a dizer que os tr\u00eas delegados passaram informa\u00e7\u00f5es sobre o que j\u00e1 foi descoberto na opera\u00e7\u00e3o e sobre o que ainda ser\u00e1 investigado. \u201cA presen\u00e7a dos delegados foi de grande valia pelas informa\u00e7\u00f5es e pelo inqu\u00e9rito que dever\u00e1 chegar em nossas m\u00e3os muito em breve. Eles est\u00e3o quil\u00f4metros a nossa frente nesse processo da Opera\u00e7\u00e3o Zelotes e vamos trabalhar compartilhando informa\u00e7\u00f5es\u201d, disse Oliveira.<\/p>\n<blockquote><p>A relatora da CPI, senadora Vanessa Grazziotin (PCdoB-AM), e o senador Otto Alencar (PSD-BA) tamb\u00e9m participaram da reuni\u00e3o com tr\u00eas delegados da Pol\u00edcia Federal, entre eles Marlon Oliveira Cajado, da Divis\u00e3o de Repress\u00e3o a Crimes Fazend\u00e1rios da Pol\u00edcia Federal.<\/p><\/blockquote>\n<p>O senador Otto Alencar disse entender que existia dentro do Carf uma a\u00e7\u00e3o conjunta de escrit\u00f3rios de advocacia e conselheiros que atuavam combinando decis\u00f5es contra o governo. Segundo ele, \u00e9 preciso que haja puni\u00e7\u00e3o pelas irregularidades que causaram preju\u00edzos aos cofres p\u00fablicos. \u201cA CPI vai aprofundar investiga\u00e7\u00f5es, ouvir os envolvidos e oferecer um relat\u00f3rio que possa servir de par\u00e2metro para que a Justi\u00e7a Federal tome provid\u00eancias para punir os que enriqueceram \u00e0s custas dos recursos que deveriam ser depositados para o governo federal\u201d.<\/p>\n<p>Otto Alencar defendeu a discuss\u00e3o de uma legisla\u00e7\u00e3o que d\u00ea mais autonomia a Pol\u00edcia Federal para investigar crimes tribut\u00e1rios. \u201cAcho que o Congresso deveria de alguma forma rever a atual legisla\u00e7\u00e3o tribut\u00e1ria que \u00e9 quase impeditiva de que a Pol\u00edcia Federal possa investigar desvios que tratam de sonega\u00e7\u00e3o fiscal e fazer uma legisla\u00e7\u00e3o que desse mais autonomia \u00e0 PF\u201d.<\/p>\n<p>Uma reuni\u00e3o da CPI ser\u00e1 realizada hoje \u00e0s 15h e o senador Otto Alencar informou que vai apresentar um requerimento para que o Carf informe a rela\u00e7\u00e3o das empresas que tem d\u00e9bitos com o er\u00e1rio.<\/p>\n<blockquote><p>Ontem (26), os parlamentares se reuniram com o procurador federal Frederico Paiva, respons\u00e1vel pelas investiga\u00e7\u00f5es da Opera\u00e7\u00e3o Zelotes. Paiva disse que o Minist\u00e9rio P\u00fablico Federal e a CPI v\u00e3o trabalhar em uma via de m\u00e3o dupla nas investiga\u00e7\u00f5es e o Senado ter\u00e1 o papel de buscar provas para responsabilizar os envolvidos e discutir o atual modelo do Carf.<\/p><\/blockquote>\n<p>A CPI foi motivada pela Opera\u00e7\u00e3o Zelotes da Pol\u00edcia Federal, que apontou casos de corrup\u00e7\u00e3o no conselho respons\u00e1vel por decidir sobre recursos na \u00e1rea tribut\u00e1ria. O conselho pode modificar multas aplicadas pela Receita Federal ou at\u00e9 determinar a anula\u00e7\u00e3o delas. O Carf \u00e9 vinculado ao Minist\u00e9rio da Fazenda.<\/p>\n","protected":false},"excerpt":{"rendered":"<p>Delegados da Pol\u00edcia Federal se reuniram nesta quarta\u00a0(27) com integrantes da Comiss\u00e3o Parlamentar de Inqu\u00e9rito (CPI) que investiga atividades do Conselho Administrativo de Recursos Federais (Carf). De acordo com o presidente da CPI, senador Ata\u00eddes Oliveira (PSDB-TO), os delegados e os senadores firmaram o compromisso de cooperarem nos trabalhos de investiga\u00e7\u00f5es. A CPI\u00a0foi instalada no [&hellip;]<\/p>\n","protected":false},"author":1,"featured_media":50824,"comment_status":"open","ping_status":"closed","sticky":false,"template":"","format":"standard","meta":{"_acf_changed":false,"footnotes":""},"categories":[16],"tags":[],"class_list":["post-50823","post","type-post","status-publish","format-standard","has-post-thumbnail","hentry","category-brasil"],"acf":[],"yoast_head":"<!-- This site is optimized with the Yoast SEO plugin v27.2 - https:\/\/yoast.com\/product\/yoast-seo-wordpress\/ -->\n<title>Delegados e senadores v\u00e3o trabalhar juntos para investigar Carf - Notibras<\/title>\n<meta name=\"robots\" content=\"index, follow, max-snippet:-1, max-image-preview:large, max-video-preview:-1\" \/>\n<link rel=\"canonical\" href=\"https:\/\/www.notibras.com\/site\/delegados-e-senadores-vao-trabalhar-juntos-para-investigar-carf\/\" \/>\n<meta property=\"og:locale\" content=\"pt_BR\" \/>\n<meta property=\"og:type\" content=\"article\" \/>\n<meta property=\"og:title\" content=\"Delegados e senadores v\u00e3o trabalhar juntos para investigar Carf - Notibras\" \/>\n<meta property=\"og:description\" content=\"Delegados da Pol\u00edcia Federal se reuniram nesta quarta\u00a0(27) com integrantes da Comiss\u00e3o Parlamentar de Inqu\u00e9rito (CPI) que investiga atividades do Conselho Administrativo de Recursos Federais (Carf). De acordo com o presidente da CPI, senador Ata\u00eddes Oliveira (PSDB-TO), os delegados e os senadores firmaram o compromisso de cooperarem nos trabalhos de investiga\u00e7\u00f5es. A CPI\u00a0foi instalada no [&hellip;]\" \/>\n<meta property=\"og:url\" content=\"https:\/\/www.notibras.com\/site\/delegados-e-senadores-vao-trabalhar-juntos-para-investigar-carf\/\" \/>\n<meta property=\"og:site_name\" content=\"Notibras\" \/>\n<meta property=\"article:publisher\" content=\"https:\/\/www.facebook.com\/notibras\/\" \/>\n<meta property=\"article:published_time\" content=\"2015-05-27T15:47:31+00:00\" \/>\n<meta property=\"article:modified_time\" content=\"2015-05-27T15:50:31+00:00\" \/>\n<meta property=\"og:image\" content=\"https:\/\/www.notibras.com\/site\/wp-content\/uploads\/2015\/05\/Sem-t\u00edtulo-1127.jpg\" \/>\n\t<meta property=\"og:image:width\" content=\"500\" \/>\n\t<meta property=\"og:image:height\" content=\"298\" \/>\n\t<meta property=\"og:image:type\" content=\"image\/jpeg\" \/>\n<meta name=\"author\" content=\"Reda\u00e7\u00e3o\" \/>\n<meta name=\"twitter:card\" content=\"summary_large_image\" \/>\n<meta name=\"twitter:creator\" content=\"@Notibras\" \/>\n<meta name=\"twitter:site\" content=\"@Notibras\" \/>\n<meta name=\"twitter:label1\" content=\"Escrito por\" \/>\n\t<meta name=\"twitter:data1\" content=\"Reda\u00e7\u00e3o\" \/>\n\t<meta name=\"twitter:label2\" content=\"Est. tempo de leitura\" \/>\n\t<meta name=\"twitter:data2\" content=\"3 minutos\" \/>\n<script type=\"application\/ld+json\" class=\"yoast-schema-graph\">{\"@context\":\"https:\/\/schema.org\",\"@graph\":[{\"@type\":\"Article\",\"@id\":\"https:\/\/www.notibras.com\/site\/delegados-e-senadores-vao-trabalhar-juntos-para-investigar-carf\/#article\",\"isPartOf\":{\"@id\":\"https:\/\/www.notibras.com\/site\/delegados-e-senadores-vao-trabalhar-juntos-para-investigar-carf\/\"},\"author\":{\"name\":\"Reda\u00e7\u00e3o\",\"@id\":\"https:\/\/www.notibras.com\/site\/#\/schema\/person\/00b8e1aa08f9ef6563e878c5159d01cf\"},\"headline\":\"Delegados e senadores v\u00e3o trabalhar juntos para investigar Carf\",\"datePublished\":\"2015-05-27T15:47:31+00:00\",\"dateModified\":\"2015-05-27T15:50:31+00:00\",\"mainEntityOfPage\":{\"@id\":\"https:\/\/www.notibras.com\/site\/delegados-e-senadores-vao-trabalhar-juntos-para-investigar-carf\/\"},\"wordCount\":520,\"commentCount\":0,\"publisher\":{\"@id\":\"https:\/\/www.notibras.com\/site\/#organization\"},\"image\":{\"@id\":\"https:\/\/www.notibras.com\/site\/delegados-e-senadores-vao-trabalhar-juntos-para-investigar-carf\/#primaryimage\"},\"thumbnailUrl\":\"https:\/\/www.notibras.com\/site\/wp-content\/uploads\/2015\/05\/Sem-t\u00edtulo-1127.jpg\",\"articleSection\":[\"Brasil\"],\"inLanguage\":\"pt-BR\",\"potentialAction\":[{\"@type\":\"CommentAction\",\"name\":\"Comment\",\"target\":[\"https:\/\/www.notibras.com\/site\/delegados-e-senadores-vao-trabalhar-juntos-para-investigar-carf\/#respond\"]}]},{\"@type\":\"WebPage\",\"@id\":\"https:\/\/www.notibras.com\/site\/delegados-e-senadores-vao-trabalhar-juntos-para-investigar-carf\/\",\"url\":\"https:\/\/www.notibras.com\/site\/delegados-e-senadores-vao-trabalhar-juntos-para-investigar-carf\/\",\"name\":\"Delegados e senadores v\u00e3o trabalhar juntos para investigar Carf - Notibras\",\"isPartOf\":{\"@id\":\"https:\/\/www.notibras.com\/site\/#website\"},\"primaryImageOfPage\":{\"@id\":\"https:\/\/www.notibras.com\/site\/delegados-e-senadores-vao-trabalhar-juntos-para-investigar-carf\/#primaryimage\"},\"image\":{\"@id\":\"https:\/\/www.notibras.com\/site\/delegados-e-senadores-vao-trabalhar-juntos-para-investigar-carf\/#primaryimage\"},\"thumbnailUrl\":\"https:\/\/www.notibras.com\/site\/wp-content\/uploads\/2015\/05\/Sem-t\u00edtulo-1127.jpg\",\"datePublished\":\"2015-05-27T15:47:31+00:00\",\"dateModified\":\"2015-05-27T15:50:31+00:00\",\"breadcrumb\":{\"@id\":\"https:\/\/www.notibras.com\/site\/delegados-e-senadores-vao-trabalhar-juntos-para-investigar-carf\/#breadcrumb\"},\"inLanguage\":\"pt-BR\",\"potentialAction\":[{\"@type\":\"ReadAction\",\"target\":[\"https:\/\/www.notibras.com\/site\/delegados-e-senadores-vao-trabalhar-juntos-para-investigar-carf\/\"]}]},{\"@type\":\"ImageObject\",\"inLanguage\":\"pt-BR\",\"@id\":\"https:\/\/www.notibras.com\/site\/delegados-e-senadores-vao-trabalhar-juntos-para-investigar-carf\/#primaryimage\",\"url\":\"https:\/\/www.notibras.com\/site\/wp-content\/uploads\/2015\/05\/Sem-t\u00edtulo-1127.jpg\",\"contentUrl\":\"https:\/\/www.notibras.com\/site\/wp-content\/uploads\/2015\/05\/Sem-t\u00edtulo-1127.jpg\",\"width\":500,\"height\":298},{\"@type\":\"BreadcrumbList\",\"@id\":\"https:\/\/www.notibras.com\/site\/delegados-e-senadores-vao-trabalhar-juntos-para-investigar-carf\/#breadcrumb\",\"itemListElement\":[{\"@type\":\"ListItem\",\"position\":1,\"name\":\"In\u00edcio\",\"item\":\"https:\/\/www.notibras.com\/site\/\"},{\"@type\":\"ListItem\",\"position\":2,\"name\":\"Delegados e senadores v\u00e3o trabalhar juntos para investigar Carf\"}]},{\"@type\":\"WebSite\",\"@id\":\"https:\/\/www.notibras.com\/site\/#website\",\"url\":\"https:\/\/www.notibras.com\/site\/\",\"name\":\"Notibras\",\"description\":\"Not\u00edcias de Bras\u00edlia, do Brasil e do Mundo\",\"publisher\":{\"@id\":\"https:\/\/www.notibras.com\/site\/#organization\"},\"potentialAction\":[{\"@type\":\"SearchAction\",\"target\":{\"@type\":\"EntryPoint\",\"urlTemplate\":\"https:\/\/www.notibras.com\/site\/?s={search_term_string}\"},\"query-input\":{\"@type\":\"PropertyValueSpecification\",\"valueRequired\":true,\"valueName\":\"search_term_string\"}}],\"inLanguage\":\"pt-BR\"},{\"@type\":\"Organization\",\"@id\":\"https:\/\/www.notibras.com\/site\/#organization\",\"name\":\"Grupo Notibras de Comunica\u00e7\u00e3o\",\"url\":\"https:\/\/www.notibras.com\/site\/\",\"logo\":{\"@type\":\"ImageObject\",\"inLanguage\":\"pt-BR\",\"@id\":\"https:\/\/www.notibras.com\/site\/#\/schema\/logo\/image\/\",\"url\":\"https:\/\/www.notibras.com\/site\/wp-content\/uploads\/2023\/01\/notibras23.png\",\"contentUrl\":\"https:\/\/www.notibras.com\/site\/wp-content\/uploads\/2023\/01\/notibras23.png\",\"width\":350,\"height\":87,\"caption\":\"Grupo Notibras de Comunica\u00e7\u00e3o\"},\"image\":{\"@id\":\"https:\/\/www.notibras.com\/site\/#\/schema\/logo\/image\/\"},\"sameAs\":[\"https:\/\/www.facebook.com\/notibras\/\",\"https:\/\/x.com\/Notibras\",\"https:\/\/www.instagram.com\/notibras\/\"]},{\"@type\":\"Person\",\"@id\":\"https:\/\/www.notibras.com\/site\/#\/schema\/person\/00b8e1aa08f9ef6563e878c5159d01cf\",\"name\":\"Reda\u00e7\u00e3o\",\"image\":{\"@type\":\"ImageObject\",\"inLanguage\":\"pt-BR\",\"@id\":\"https:\/\/secure.gravatar.com\/avatar\/ac5a707d5b47784a5ed426c6e213e201423c750890f64e4c379114dade67dfb9?s=96&d=mm&r=g\",\"url\":\"https:\/\/secure.gravatar.com\/avatar\/ac5a707d5b47784a5ed426c6e213e201423c750890f64e4c379114dade67dfb9?s=96&d=mm&r=g\",\"contentUrl\":\"https:\/\/secure.gravatar.com\/avatar\/ac5a707d5b47784a5ed426c6e213e201423c750890f64e4c379114dade67dfb9?s=96&d=mm&r=g\",\"caption\":\"Reda\u00e7\u00e3o\"}}]}<\/script>\n<!-- \/ Yoast SEO plugin. -->","yoast_head_json":{"title":"Delegados e senadores v\u00e3o trabalhar juntos para investigar Carf - Notibras","robots":{"index":"index","follow":"follow","max-snippet":"max-snippet:-1","max-image-preview":"max-image-preview:large","max-video-preview":"max-video-preview:-1"},"canonical":"https:\/\/www.notibras.com\/site\/delegados-e-senadores-vao-trabalhar-juntos-para-investigar-carf\/","og_locale":"pt_BR","og_type":"article","og_title":"Delegados e senadores v\u00e3o trabalhar juntos para investigar Carf - Notibras","og_description":"Delegados da Pol\u00edcia Federal se reuniram nesta quarta\u00a0(27) com integrantes da Comiss\u00e3o Parlamentar de Inqu\u00e9rito (CPI) que investiga atividades do Conselho Administrativo de Recursos Federais (Carf). De acordo com o presidente da CPI, senador Ata\u00eddes Oliveira (PSDB-TO), os delegados e os senadores firmaram o compromisso de cooperarem nos trabalhos de investiga\u00e7\u00f5es. A CPI\u00a0foi instalada no [&hellip;]","og_url":"https:\/\/www.notibras.com\/site\/delegados-e-senadores-vao-trabalhar-juntos-para-investigar-carf\/","og_site_name":"Notibras","article_publisher":"https:\/\/www.facebook.com\/notibras\/","article_published_time":"2015-05-27T15:47:31+00:00","article_modified_time":"2015-05-27T15:50:31+00:00","og_image":[{"width":500,"height":298,"url":"https:\/\/www.notibras.com\/site\/wp-content\/uploads\/2015\/05\/Sem-t\u00edtulo-1127.jpg","type":"image\/jpeg"}],"author":"Reda\u00e7\u00e3o","twitter_card":"summary_large_image","twitter_creator":"@Notibras","twitter_site":"@Notibras","twitter_misc":{"Escrito por":"Reda\u00e7\u00e3o","Est. tempo de leitura":"3 minutos"},"schema":{"@context":"https:\/\/schema.org","@graph":[{"@type":"Article","@id":"https:\/\/www.notibras.com\/site\/delegados-e-senadores-vao-trabalhar-juntos-para-investigar-carf\/#article","isPartOf":{"@id":"https:\/\/www.notibras.com\/site\/delegados-e-senadores-vao-trabalhar-juntos-para-investigar-carf\/"},"author":{"name":"Reda\u00e7\u00e3o","@id":"https:\/\/www.notibras.com\/site\/#\/schema\/person\/00b8e1aa08f9ef6563e878c5159d01cf"},"headline":"Delegados e senadores v\u00e3o trabalhar juntos para investigar Carf","datePublished":"2015-05-27T15:47:31+00:00","dateModified":"2015-05-27T15:50:31+00:00","mainEntityOfPage":{"@id":"https:\/\/www.notibras.com\/site\/delegados-e-senadores-vao-trabalhar-juntos-para-investigar-carf\/"},"wordCount":520,"commentCount":0,"publisher":{"@id":"https:\/\/www.notibras.com\/site\/#organization"},"image":{"@id":"https:\/\/www.notibras.com\/site\/delegados-e-senadores-vao-trabalhar-juntos-para-investigar-carf\/#primaryimage"},"thumbnailUrl":"https:\/\/www.notibras.com\/site\/wp-content\/uploads\/2015\/05\/Sem-t\u00edtulo-1127.jpg","articleSection":["Brasil"],"inLanguage":"pt-BR","potentialAction":[{"@type":"CommentAction","name":"Comment","target":["https:\/\/www.notibras.com\/site\/delegados-e-senadores-vao-trabalhar-juntos-para-investigar-carf\/#respond"]}]},{"@type":"WebPage","@id":"https:\/\/www.notibras.com\/site\/delegados-e-senadores-vao-trabalhar-juntos-para-investigar-carf\/","url":"https:\/\/www.notibras.com\/site\/delegados-e-senadores-vao-trabalhar-juntos-para-investigar-carf\/","name":"Delegados e senadores v\u00e3o trabalhar juntos para investigar Carf - Notibras","isPartOf":{"@id":"https:\/\/www.notibras.com\/site\/#website"},"primaryImageOfPage":{"@id":"https:\/\/www.notibras.com\/site\/delegados-e-senadores-vao-trabalhar-juntos-para-investigar-carf\/#primaryimage"},"image":{"@id":"https:\/\/www.notibras.com\/site\/delegados-e-senadores-vao-trabalhar-juntos-para-investigar-carf\/#primaryimage"},"thumbnailUrl":"https:\/\/www.notibras.com\/site\/wp-content\/uploads\/2015\/05\/Sem-t\u00edtulo-1127.jpg","datePublished":"2015-05-27T15:47:31+00:00","dateModified":"2015-05-27T15:50:31+00:00","breadcrumb":{"@id":"https:\/\/www.notibras.com\/site\/delegados-e-senadores-vao-trabalhar-juntos-para-investigar-carf\/#breadcrumb"},"inLanguage":"pt-BR","potentialAction":[{"@type":"ReadAction","target":["https:\/\/www.notibras.com\/site\/delegados-e-senadores-vao-trabalhar-juntos-para-investigar-carf\/"]}]},{"@type":"ImageObject","inLanguage":"pt-BR","@id":"https:\/\/www.notibras.com\/site\/delegados-e-senadores-vao-trabalhar-juntos-para-investigar-carf\/#primaryimage","url":"https:\/\/www.notibras.com\/site\/wp-content\/uploads\/2015\/05\/Sem-t\u00edtulo-1127.jpg","contentUrl":"https:\/\/www.notibras.com\/site\/wp-content\/uploads\/2015\/05\/Sem-t\u00edtulo-1127.jpg","width":500,"height":298},{"@type":"BreadcrumbList","@id":"https:\/\/www.notibras.com\/site\/delegados-e-senadores-vao-trabalhar-juntos-para-investigar-carf\/#breadcrumb","itemListElement":[{"@type":"ListItem","position":1,"name":"In\u00edcio","item":"https:\/\/www.notibras.com\/site\/"},{"@type":"ListItem","position":2,"name":"Delegados e senadores v\u00e3o trabalhar juntos para investigar Carf"}]},{"@type":"WebSite","@id":"https:\/\/www.notibras.com\/site\/#website","url":"https:\/\/www.notibras.com\/site\/","name":"Notibras","description":"Not\u00edcias de Bras\u00edlia, do Brasil e do Mundo","publisher":{"@id":"https:\/\/www.notibras.com\/site\/#organization"},"potentialAction":[{"@type":"SearchAction","target":{"@type":"EntryPoint","urlTemplate":"https:\/\/www.notibras.com\/site\/?s={search_term_string}"},"query-input":{"@type":"PropertyValueSpecification","valueRequired":true,"valueName":"search_term_string"}}],"inLanguage":"pt-BR"},{"@type":"Organization","@id":"https:\/\/www.notibras.com\/site\/#organization","name":"Grupo Notibras de Comunica\u00e7\u00e3o","url":"https:\/\/www.notibras.com\/site\/","logo":{"@type":"ImageObject","inLanguage":"pt-BR","@id":"https:\/\/www.notibras.com\/site\/#\/schema\/logo\/image\/","url":"https:\/\/www.notibras.com\/site\/wp-content\/uploads\/2023\/01\/notibras23.png","contentUrl":"https:\/\/www.notibras.com\/site\/wp-content\/uploads\/2023\/01\/notibras23.png","width":350,"height":87,"caption":"Grupo Notibras de Comunica\u00e7\u00e3o"},"image":{"@id":"https:\/\/www.notibras.com\/site\/#\/schema\/logo\/image\/"},"sameAs":["https:\/\/www.facebook.com\/notibras\/","https:\/\/x.com\/Notibras","https:\/\/www.instagram.com\/notibras\/"]},{"@type":"Person","@id":"https:\/\/www.notibras.com\/site\/#\/schema\/person\/00b8e1aa08f9ef6563e878c5159d01cf","name":"Reda\u00e7\u00e3o","image":{"@type":"ImageObject","inLanguage":"pt-BR","@id":"https:\/\/secure.gravatar.com\/avatar\/ac5a707d5b47784a5ed426c6e213e201423c750890f64e4c379114dade67dfb9?s=96&d=mm&r=g","url":"https:\/\/secure.gravatar.com\/avatar\/ac5a707d5b47784a5ed426c6e213e201423c750890f64e4c379114dade67dfb9?s=96&d=mm&r=g","contentUrl":"https:\/\/secure.gravatar.com\/avatar\/ac5a707d5b47784a5ed426c6e213e201423c750890f64e4c379114dade67dfb9?s=96&d=mm&r=g","caption":"Reda\u00e7\u00e3o"}}]}},"amp_enabled":true,"_links":{"self":[{"href":"https:\/\/www.notibras.com\/site\/wp-json\/wp\/v2\/posts\/50823","targetHints":{"allow":["GET"]}}],"collection":[{"href":"https:\/\/www.notibras.com\/site\/wp-json\/wp\/v2\/posts"}],"about":[{"href":"https:\/\/www.notibras.com\/site\/wp-json\/wp\/v2\/types\/post"}],"author":[{"embeddable":true,"href":"https:\/\/www.notibras.com\/site\/wp-json\/wp\/v2\/users\/1"}],"replies":[{"embeddable":true,"href":"https:\/\/www.notibras.com\/site\/wp-json\/wp\/v2\/comments?post=50823"}],"version-history":[{"count":0,"href":"https:\/\/www.notibras.com\/site\/wp-json\/wp\/v2\/posts\/50823\/revisions"}],"wp:featuredmedia":[{"embeddable":true,"href":"https:\/\/www.notibras.com\/site\/wp-json\/wp\/v2\/media\/50824"}],"wp:attachment":[{"href":"https:\/\/www.notibras.com\/site\/wp-json\/wp\/v2\/media?parent=50823"}],"wp:term":[{"taxonomy":"category","embeddable":true,"href":"https:\/\/www.notibras.com\/site\/wp-json\/wp\/v2\/categories?post=50823"},{"taxonomy":"post_tag","embeddable":true,"href":"https:\/\/www.notibras.com\/site\/wp-json\/wp\/v2\/tags?post=50823"}],"curies":[{"name":"wp","href":"https:\/\/api.w.org\/{rel}","templated":true}]}}