{"id":50940,"date":"2015-05-28T04:31:59","date_gmt":"2015-05-28T07:31:59","guid":{"rendered":"http:\/\/www.notibras.com\/site\/?p=50940"},"modified":"2015-05-28T04:31:59","modified_gmt":"2015-05-28T07:31:59","slug":"palmeiras-domina-cria-nao-marca-e-torcida-vaia-novo-0-a-0","status":"publish","type":"post","link":"https:\/\/www.notibras.com\/site\/palmeiras-domina-cria-nao-marca-e-torcida-vaia-novo-0-a-0\/","title":{"rendered":"Palmeiras domina, cria, n\u00e3o marca e torcida vaia novo 0 a 0"},"content":{"rendered":"<p>Aconteceu no \u00faltimo domingo, diante do Goi\u00e1s, e novamente nesta quarta-feira, contra o ASA, pela Copa do Brasil: a bola do Palmeiras teima em n\u00e3o entrar. Mais uma vez, o alviverde teve controle do jogo, criou chances (principalmente no primeiro tempo) mas mostrou muitas dificuldades em marcar um gol. Dessa vez, acabou empatando em 0 a 0 e deixando o Allianz Parque sob sonoras vaias.<\/p>\n<p>A atua\u00e7\u00e3o foi um pouco pior do que a de domingo, quando o Palmeiras deu 17 chutes no gol; o resultado, um pouco melhor. Com isso, a segunda partida do confronto entre os paulistas e os alagoanos come\u00e7ar\u00e1 em igualdade de condi\u00e7\u00f5es e com risco de uma repeti\u00e7\u00e3o da zebra de 2002.<\/p>\n<p>No pr\u00f3ximo domingo o alviverde ter\u00e1 uma partida fundamental: enfrenta o Corinthians, no Itaquer\u00e3o, pelo Brasileiro. Com dois empates e uma derrota no campeonato, o time comandado por Oswaldo de Oliveira precisa se recuperar. Contra o rival, a dificuldade em fazer gols pode custar caro.<\/p>\n<p>O Palmeiras teve dom\u00ednio absoluto sobre o primeiro tempo: sem a bola pressionou no campo de ataque; com ela, tentou criar chances com muita movimenta\u00e7\u00e3o. Faltou balan\u00e7ar as redes.<\/p>\n<blockquote><p>As duas chances mais claras foram na primeira metade da etapa inicial: Cristaldo recebeu dentro da \u00e1rea de Eg\u00eddio mas finalizou sem for\u00e7a, nas m\u00e3os de Pedro Henrique. O goleiro do ASA fez boa defesa depois em cabe\u00e7ada de Alan Patrick, que tentou aproveitar cruzamento de Lucas.<\/p><\/blockquote>\n<p>Quem esteve apagado foi Valdivia, que pouco participou das jogadas mais agudas. Cercado no meio da defesa do ASA, Cristaldo tamb\u00e9m teve dificuldades. Ao longo dos primeiros 45 minutos, os alagoanos n\u00e3o chegaram a assustar nenhuma vez. A falta de gols, por\u00e9m, gerou gritos da torcida contra Oswaldo de Oliveira j\u00e1 no intervalo.<\/p>\n<p>O alviverde voltou bem pior para a segunda etapa, deixando espa\u00e7os e permitindo que o ASA jogasse mais. A partida ficou mais morna, sem chances em nenhum dos lados.<\/p>\n<p>Para tentar mudar a situa\u00e7\u00e3o, Oswaldo de Oliveira lan\u00e7ou Leandro Pereira, Z\u00e9 Roberto e Cleiton Xavier. Continuou com mais posse de bola, mas na medida em que o tempo passou, as chances foram ficando cada vez menos agudas.<\/p>\n<p>Aos 38 minutos veio a t\u00e3o esperada grande oportunidade: Egidio acertou um cruzamento a\u00e7ucarado, mas ningu\u00e9m apareceu para finalizar. Os minutos finais tiveram o Palmeiras se lan\u00e7ando ao ataque na base do desespero: metralhadora de chances com Leandro Pereira e Z\u00e9 Roberto; Pedro Henrique defendeu as duas. O gol n\u00e3o saiu.<\/p>\n<p>Ainda deu tempo para um troco do ASA em dois chutes de fora da \u00e1rea. Depois de controlar o jogo quase inteiro, Palmeiras s\u00f3 n\u00e3o saiu derrotado gra\u00e7as a Fernando Prass. Uma chuva de vaias cobriu o treinador Oswaldo de Oliveira no apito final.<\/p>\n","protected":false},"excerpt":{"rendered":"<p>Aconteceu no \u00faltimo domingo, diante do Goi\u00e1s, e novamente nesta quarta-feira, contra o ASA, pela Copa do Brasil: a bola do Palmeiras teima em n\u00e3o entrar. Mais uma vez, o alviverde teve controle do jogo, criou chances (principalmente no primeiro tempo) mas mostrou muitas dificuldades em marcar um gol. Dessa vez, acabou empatando em 0 [&hellip;]<\/p>\n","protected":false},"author":2,"featured_media":50941,"comment_status":"open","ping_status":"closed","sticky":false,"template":"","format":"standard","meta":{"_acf_changed":false,"footnotes":""},"categories":[19,29],"tags":[],"class_list":["post-50940","post","type-post","status-publish","format-standard","has-post-thumbnail","hentry","category-esportes","category-futebol"],"acf":[],"yoast_head":"<!-- This site is optimized with the Yoast SEO plugin v27.2 - https:\/\/yoast.com\/product\/yoast-seo-wordpress\/ -->\n<title>Palmeiras domina, cria, n\u00e3o marca e torcida vaia novo 0 a 0 - Notibras<\/title>\n<meta name=\"robots\" content=\"index, follow, max-snippet:-1, max-image-preview:large, max-video-preview:-1\" \/>\n<link rel=\"canonical\" href=\"https:\/\/www.notibras.com\/site\/palmeiras-domina-cria-nao-marca-e-torcida-vaia-novo-0-a-0\/\" \/>\n<meta property=\"og:locale\" content=\"pt_BR\" \/>\n<meta property=\"og:type\" content=\"article\" \/>\n<meta property=\"og:title\" content=\"Palmeiras domina, cria, n\u00e3o marca e torcida vaia novo 0 a 0 - Notibras\" \/>\n<meta property=\"og:description\" content=\"Aconteceu no \u00faltimo domingo, diante do Goi\u00e1s, e novamente nesta quarta-feira, contra o ASA, pela Copa do Brasil: a bola do Palmeiras teima em n\u00e3o entrar. Mais uma vez, o alviverde teve controle do jogo, criou chances (principalmente no primeiro tempo) mas mostrou muitas dificuldades em marcar um gol. Dessa vez, acabou empatando em 0 [&hellip;]\" \/>\n<meta property=\"og:url\" content=\"https:\/\/www.notibras.com\/site\/palmeiras-domina-cria-nao-marca-e-torcida-vaia-novo-0-a-0\/\" \/>\n<meta property=\"og:site_name\" content=\"Notibras\" \/>\n<meta property=\"article:publisher\" content=\"https:\/\/www.facebook.com\/notibras\/\" \/>\n<meta property=\"article:published_time\" content=\"2015-05-28T07:31:59+00:00\" \/>\n<meta property=\"og:image\" content=\"https:\/\/www.notibras.com\/site\/wp-content\/uploads\/2015\/05\/04valdiviapreguicaolhamarcosbezerrafp.jpg\" \/>\n\t<meta property=\"og:image:width\" content=\"940\" \/>\n\t<meta property=\"og:image:height\" content=\"627\" \/>\n\t<meta property=\"og:image:type\" content=\"image\/jpeg\" \/>\n<meta name=\"author\" content=\"Reda\u00e7\u00e3o\" \/>\n<meta name=\"twitter:card\" content=\"summary_large_image\" \/>\n<meta name=\"twitter:creator\" content=\"@Notibras\" \/>\n<meta name=\"twitter:site\" content=\"@Notibras\" \/>\n<meta name=\"twitter:label1\" content=\"Escrito por\" \/>\n\t<meta name=\"twitter:data1\" content=\"Reda\u00e7\u00e3o\" \/>\n\t<meta name=\"twitter:label2\" content=\"Est. tempo de leitura\" \/>\n\t<meta name=\"twitter:data2\" content=\"2 minutos\" \/>\n<script type=\"application\/ld+json\" class=\"yoast-schema-graph\">{\"@context\":\"https:\/\/schema.org\",\"@graph\":[{\"@type\":\"Article\",\"@id\":\"https:\/\/www.notibras.com\/site\/palmeiras-domina-cria-nao-marca-e-torcida-vaia-novo-0-a-0\/#article\",\"isPartOf\":{\"@id\":\"https:\/\/www.notibras.com\/site\/palmeiras-domina-cria-nao-marca-e-torcida-vaia-novo-0-a-0\/\"},\"author\":{\"name\":\"Reda\u00e7\u00e3o\",\"@id\":\"https:\/\/www.notibras.com\/site\/#\/schema\/person\/36ab0979449956132d3e5b517ea76ac8\"},\"headline\":\"Palmeiras domina, cria, n\u00e3o marca e torcida vaia novo 0 a 0\",\"datePublished\":\"2015-05-28T07:31:59+00:00\",\"mainEntityOfPage\":{\"@id\":\"https:\/\/www.notibras.com\/site\/palmeiras-domina-cria-nao-marca-e-torcida-vaia-novo-0-a-0\/\"},\"wordCount\":486,\"commentCount\":0,\"publisher\":{\"@id\":\"https:\/\/www.notibras.com\/site\/#organization\"},\"image\":{\"@id\":\"https:\/\/www.notibras.com\/site\/palmeiras-domina-cria-nao-marca-e-torcida-vaia-novo-0-a-0\/#primaryimage\"},\"thumbnailUrl\":\"https:\/\/www.notibras.com\/site\/wp-content\/uploads\/2015\/05\/04valdiviapreguicaolhamarcosbezerrafp.jpg\",\"articleSection\":[\"Esportes\",\"Futebol\"],\"inLanguage\":\"pt-BR\",\"potentialAction\":[{\"@type\":\"CommentAction\",\"name\":\"Comment\",\"target\":[\"https:\/\/www.notibras.com\/site\/palmeiras-domina-cria-nao-marca-e-torcida-vaia-novo-0-a-0\/#respond\"]}]},{\"@type\":\"WebPage\",\"@id\":\"https:\/\/www.notibras.com\/site\/palmeiras-domina-cria-nao-marca-e-torcida-vaia-novo-0-a-0\/\",\"url\":\"https:\/\/www.notibras.com\/site\/palmeiras-domina-cria-nao-marca-e-torcida-vaia-novo-0-a-0\/\",\"name\":\"Palmeiras domina, cria, n\u00e3o marca e torcida vaia novo 0 a 0 - Notibras\",\"isPartOf\":{\"@id\":\"https:\/\/www.notibras.com\/site\/#website\"},\"primaryImageOfPage\":{\"@id\":\"https:\/\/www.notibras.com\/site\/palmeiras-domina-cria-nao-marca-e-torcida-vaia-novo-0-a-0\/#primaryimage\"},\"image\":{\"@id\":\"https:\/\/www.notibras.com\/site\/palmeiras-domina-cria-nao-marca-e-torcida-vaia-novo-0-a-0\/#primaryimage\"},\"thumbnailUrl\":\"https:\/\/www.notibras.com\/site\/wp-content\/uploads\/2015\/05\/04valdiviapreguicaolhamarcosbezerrafp.jpg\",\"datePublished\":\"2015-05-28T07:31:59+00:00\",\"breadcrumb\":{\"@id\":\"https:\/\/www.notibras.com\/site\/palmeiras-domina-cria-nao-marca-e-torcida-vaia-novo-0-a-0\/#breadcrumb\"},\"inLanguage\":\"pt-BR\",\"potentialAction\":[{\"@type\":\"ReadAction\",\"target\":[\"https:\/\/www.notibras.com\/site\/palmeiras-domina-cria-nao-marca-e-torcida-vaia-novo-0-a-0\/\"]}]},{\"@type\":\"ImageObject\",\"inLanguage\":\"pt-BR\",\"@id\":\"https:\/\/www.notibras.com\/site\/palmeiras-domina-cria-nao-marca-e-torcida-vaia-novo-0-a-0\/#primaryimage\",\"url\":\"https:\/\/www.notibras.com\/site\/wp-content\/uploads\/2015\/05\/04valdiviapreguicaolhamarcosbezerrafp.jpg\",\"contentUrl\":\"https:\/\/www.notibras.com\/site\/wp-content\/uploads\/2015\/05\/04valdiviapreguicaolhamarcosbezerrafp.jpg\",\"width\":940,\"height\":627,\"caption\":\"O jogador Vald\u00edvia do Palmeiras durante partida entre Palmeiras x Asa de Arapiraca, em partida v\u00e1lida pela Copa do Brasil 2015, no est\u00e1dio Arena Palmeiras em S\u00e3o Paulo, SP, nesta quarta-feira (27). Marcos Bezerra\/Futura Press\"},{\"@type\":\"BreadcrumbList\",\"@id\":\"https:\/\/www.notibras.com\/site\/palmeiras-domina-cria-nao-marca-e-torcida-vaia-novo-0-a-0\/#breadcrumb\",\"itemListElement\":[{\"@type\":\"ListItem\",\"position\":1,\"name\":\"In\u00edcio\",\"item\":\"https:\/\/www.notibras.com\/site\/\"},{\"@type\":\"ListItem\",\"position\":2,\"name\":\"Palmeiras domina, cria, n\u00e3o marca e torcida vaia novo 0 a 0\"}]},{\"@type\":\"WebSite\",\"@id\":\"https:\/\/www.notibras.com\/site\/#website\",\"url\":\"https:\/\/www.notibras.com\/site\/\",\"name\":\"Notibras\",\"description\":\"Not\u00edcias de Bras\u00edlia, do Brasil e do Mundo\",\"publisher\":{\"@id\":\"https:\/\/www.notibras.com\/site\/#organization\"},\"potentialAction\":[{\"@type\":\"SearchAction\",\"target\":{\"@type\":\"EntryPoint\",\"urlTemplate\":\"https:\/\/www.notibras.com\/site\/?s={search_term_string}\"},\"query-input\":{\"@type\":\"PropertyValueSpecification\",\"valueRequired\":true,\"valueName\":\"search_term_string\"}}],\"inLanguage\":\"pt-BR\"},{\"@type\":\"Organization\",\"@id\":\"https:\/\/www.notibras.com\/site\/#organization\",\"name\":\"Grupo Notibras de Comunica\u00e7\u00e3o\",\"url\":\"https:\/\/www.notibras.com\/site\/\",\"logo\":{\"@type\":\"ImageObject\",\"inLanguage\":\"pt-BR\",\"@id\":\"https:\/\/www.notibras.com\/site\/#\/schema\/logo\/image\/\",\"url\":\"https:\/\/www.notibras.com\/site\/wp-content\/uploads\/2023\/01\/notibras23.png\",\"contentUrl\":\"https:\/\/www.notibras.com\/site\/wp-content\/uploads\/2023\/01\/notibras23.png\",\"width\":350,\"height\":87,\"caption\":\"Grupo Notibras de Comunica\u00e7\u00e3o\"},\"image\":{\"@id\":\"https:\/\/www.notibras.com\/site\/#\/schema\/logo\/image\/\"},\"sameAs\":[\"https:\/\/www.facebook.com\/notibras\/\",\"https:\/\/x.com\/Notibras\",\"https:\/\/www.instagram.com\/notibras\/\"]},{\"@type\":\"Person\",\"@id\":\"https:\/\/www.notibras.com\/site\/#\/schema\/person\/36ab0979449956132d3e5b517ea76ac8\",\"name\":\"Reda\u00e7\u00e3o\",\"image\":{\"@type\":\"ImageObject\",\"inLanguage\":\"pt-BR\",\"@id\":\"https:\/\/secure.gravatar.com\/avatar\/e0a867bdedb85fd243eadf09663511f96fc81e0720a4a42581f334ad4303aa6b?s=96&d=mm&r=g\",\"url\":\"https:\/\/secure.gravatar.com\/avatar\/e0a867bdedb85fd243eadf09663511f96fc81e0720a4a42581f334ad4303aa6b?s=96&d=mm&r=g\",\"contentUrl\":\"https:\/\/secure.gravatar.com\/avatar\/e0a867bdedb85fd243eadf09663511f96fc81e0720a4a42581f334ad4303aa6b?s=96&d=mm&r=g\",\"caption\":\"Reda\u00e7\u00e3o\"}}]}<\/script>\n<!-- \/ Yoast SEO plugin. -->","yoast_head_json":{"title":"Palmeiras domina, cria, n\u00e3o marca e torcida vaia novo 0 a 0 - Notibras","robots":{"index":"index","follow":"follow","max-snippet":"max-snippet:-1","max-image-preview":"max-image-preview:large","max-video-preview":"max-video-preview:-1"},"canonical":"https:\/\/www.notibras.com\/site\/palmeiras-domina-cria-nao-marca-e-torcida-vaia-novo-0-a-0\/","og_locale":"pt_BR","og_type":"article","og_title":"Palmeiras domina, cria, n\u00e3o marca e torcida vaia novo 0 a 0 - Notibras","og_description":"Aconteceu no \u00faltimo domingo, diante do Goi\u00e1s, e novamente nesta quarta-feira, contra o ASA, pela Copa do Brasil: a bola do Palmeiras teima em n\u00e3o entrar. Mais uma vez, o alviverde teve controle do jogo, criou chances (principalmente no primeiro tempo) mas mostrou muitas dificuldades em marcar um gol. Dessa vez, acabou empatando em 0 [&hellip;]","og_url":"https:\/\/www.notibras.com\/site\/palmeiras-domina-cria-nao-marca-e-torcida-vaia-novo-0-a-0\/","og_site_name":"Notibras","article_publisher":"https:\/\/www.facebook.com\/notibras\/","article_published_time":"2015-05-28T07:31:59+00:00","og_image":[{"width":940,"height":627,"url":"https:\/\/www.notibras.com\/site\/wp-content\/uploads\/2015\/05\/04valdiviapreguicaolhamarcosbezerrafp.jpg","type":"image\/jpeg"}],"author":"Reda\u00e7\u00e3o","twitter_card":"summary_large_image","twitter_creator":"@Notibras","twitter_site":"@Notibras","twitter_misc":{"Escrito por":"Reda\u00e7\u00e3o","Est. tempo de leitura":"2 minutos"},"schema":{"@context":"https:\/\/schema.org","@graph":[{"@type":"Article","@id":"https:\/\/www.notibras.com\/site\/palmeiras-domina-cria-nao-marca-e-torcida-vaia-novo-0-a-0\/#article","isPartOf":{"@id":"https:\/\/www.notibras.com\/site\/palmeiras-domina-cria-nao-marca-e-torcida-vaia-novo-0-a-0\/"},"author":{"name":"Reda\u00e7\u00e3o","@id":"https:\/\/www.notibras.com\/site\/#\/schema\/person\/36ab0979449956132d3e5b517ea76ac8"},"headline":"Palmeiras domina, cria, n\u00e3o marca e torcida vaia novo 0 a 0","datePublished":"2015-05-28T07:31:59+00:00","mainEntityOfPage":{"@id":"https:\/\/www.notibras.com\/site\/palmeiras-domina-cria-nao-marca-e-torcida-vaia-novo-0-a-0\/"},"wordCount":486,"commentCount":0,"publisher":{"@id":"https:\/\/www.notibras.com\/site\/#organization"},"image":{"@id":"https:\/\/www.notibras.com\/site\/palmeiras-domina-cria-nao-marca-e-torcida-vaia-novo-0-a-0\/#primaryimage"},"thumbnailUrl":"https:\/\/www.notibras.com\/site\/wp-content\/uploads\/2015\/05\/04valdiviapreguicaolhamarcosbezerrafp.jpg","articleSection":["Esportes","Futebol"],"inLanguage":"pt-BR","potentialAction":[{"@type":"CommentAction","name":"Comment","target":["https:\/\/www.notibras.com\/site\/palmeiras-domina-cria-nao-marca-e-torcida-vaia-novo-0-a-0\/#respond"]}]},{"@type":"WebPage","@id":"https:\/\/www.notibras.com\/site\/palmeiras-domina-cria-nao-marca-e-torcida-vaia-novo-0-a-0\/","url":"https:\/\/www.notibras.com\/site\/palmeiras-domina-cria-nao-marca-e-torcida-vaia-novo-0-a-0\/","name":"Palmeiras domina, cria, n\u00e3o marca e torcida vaia novo 0 a 0 - Notibras","isPartOf":{"@id":"https:\/\/www.notibras.com\/site\/#website"},"primaryImageOfPage":{"@id":"https:\/\/www.notibras.com\/site\/palmeiras-domina-cria-nao-marca-e-torcida-vaia-novo-0-a-0\/#primaryimage"},"image":{"@id":"https:\/\/www.notibras.com\/site\/palmeiras-domina-cria-nao-marca-e-torcida-vaia-novo-0-a-0\/#primaryimage"},"thumbnailUrl":"https:\/\/www.notibras.com\/site\/wp-content\/uploads\/2015\/05\/04valdiviapreguicaolhamarcosbezerrafp.jpg","datePublished":"2015-05-28T07:31:59+00:00","breadcrumb":{"@id":"https:\/\/www.notibras.com\/site\/palmeiras-domina-cria-nao-marca-e-torcida-vaia-novo-0-a-0\/#breadcrumb"},"inLanguage":"pt-BR","potentialAction":[{"@type":"ReadAction","target":["https:\/\/www.notibras.com\/site\/palmeiras-domina-cria-nao-marca-e-torcida-vaia-novo-0-a-0\/"]}]},{"@type":"ImageObject","inLanguage":"pt-BR","@id":"https:\/\/www.notibras.com\/site\/palmeiras-domina-cria-nao-marca-e-torcida-vaia-novo-0-a-0\/#primaryimage","url":"https:\/\/www.notibras.com\/site\/wp-content\/uploads\/2015\/05\/04valdiviapreguicaolhamarcosbezerrafp.jpg","contentUrl":"https:\/\/www.notibras.com\/site\/wp-content\/uploads\/2015\/05\/04valdiviapreguicaolhamarcosbezerrafp.jpg","width":940,"height":627,"caption":"O jogador Vald\u00edvia do Palmeiras durante partida entre Palmeiras x Asa de Arapiraca, em partida v\u00e1lida pela Copa do Brasil 2015, no est\u00e1dio Arena Palmeiras em S\u00e3o Paulo, SP, nesta quarta-feira (27). Marcos Bezerra\/Futura Press"},{"@type":"BreadcrumbList","@id":"https:\/\/www.notibras.com\/site\/palmeiras-domina-cria-nao-marca-e-torcida-vaia-novo-0-a-0\/#breadcrumb","itemListElement":[{"@type":"ListItem","position":1,"name":"In\u00edcio","item":"https:\/\/www.notibras.com\/site\/"},{"@type":"ListItem","position":2,"name":"Palmeiras domina, cria, n\u00e3o marca e torcida vaia novo 0 a 0"}]},{"@type":"WebSite","@id":"https:\/\/www.notibras.com\/site\/#website","url":"https:\/\/www.notibras.com\/site\/","name":"Notibras","description":"Not\u00edcias de Bras\u00edlia, do Brasil e do Mundo","publisher":{"@id":"https:\/\/www.notibras.com\/site\/#organization"},"potentialAction":[{"@type":"SearchAction","target":{"@type":"EntryPoint","urlTemplate":"https:\/\/www.notibras.com\/site\/?s={search_term_string}"},"query-input":{"@type":"PropertyValueSpecification","valueRequired":true,"valueName":"search_term_string"}}],"inLanguage":"pt-BR"},{"@type":"Organization","@id":"https:\/\/www.notibras.com\/site\/#organization","name":"Grupo Notibras de Comunica\u00e7\u00e3o","url":"https:\/\/www.notibras.com\/site\/","logo":{"@type":"ImageObject","inLanguage":"pt-BR","@id":"https:\/\/www.notibras.com\/site\/#\/schema\/logo\/image\/","url":"https:\/\/www.notibras.com\/site\/wp-content\/uploads\/2023\/01\/notibras23.png","contentUrl":"https:\/\/www.notibras.com\/site\/wp-content\/uploads\/2023\/01\/notibras23.png","width":350,"height":87,"caption":"Grupo Notibras de Comunica\u00e7\u00e3o"},"image":{"@id":"https:\/\/www.notibras.com\/site\/#\/schema\/logo\/image\/"},"sameAs":["https:\/\/www.facebook.com\/notibras\/","https:\/\/x.com\/Notibras","https:\/\/www.instagram.com\/notibras\/"]},{"@type":"Person","@id":"https:\/\/www.notibras.com\/site\/#\/schema\/person\/36ab0979449956132d3e5b517ea76ac8","name":"Reda\u00e7\u00e3o","image":{"@type":"ImageObject","inLanguage":"pt-BR","@id":"https:\/\/secure.gravatar.com\/avatar\/e0a867bdedb85fd243eadf09663511f96fc81e0720a4a42581f334ad4303aa6b?s=96&d=mm&r=g","url":"https:\/\/secure.gravatar.com\/avatar\/e0a867bdedb85fd243eadf09663511f96fc81e0720a4a42581f334ad4303aa6b?s=96&d=mm&r=g","contentUrl":"https:\/\/secure.gravatar.com\/avatar\/e0a867bdedb85fd243eadf09663511f96fc81e0720a4a42581f334ad4303aa6b?s=96&d=mm&r=g","caption":"Reda\u00e7\u00e3o"}}]}},"amp_enabled":true,"_links":{"self":[{"href":"https:\/\/www.notibras.com\/site\/wp-json\/wp\/v2\/posts\/50940","targetHints":{"allow":["GET"]}}],"collection":[{"href":"https:\/\/www.notibras.com\/site\/wp-json\/wp\/v2\/posts"}],"about":[{"href":"https:\/\/www.notibras.com\/site\/wp-json\/wp\/v2\/types\/post"}],"author":[{"embeddable":true,"href":"https:\/\/www.notibras.com\/site\/wp-json\/wp\/v2\/users\/2"}],"replies":[{"embeddable":true,"href":"https:\/\/www.notibras.com\/site\/wp-json\/wp\/v2\/comments?post=50940"}],"version-history":[{"count":0,"href":"https:\/\/www.notibras.com\/site\/wp-json\/wp\/v2\/posts\/50940\/revisions"}],"wp:featuredmedia":[{"embeddable":true,"href":"https:\/\/www.notibras.com\/site\/wp-json\/wp\/v2\/media\/50941"}],"wp:attachment":[{"href":"https:\/\/www.notibras.com\/site\/wp-json\/wp\/v2\/media?parent=50940"}],"wp:term":[{"taxonomy":"category","embeddable":true,"href":"https:\/\/www.notibras.com\/site\/wp-json\/wp\/v2\/categories?post=50940"},{"taxonomy":"post_tag","embeddable":true,"href":"https:\/\/www.notibras.com\/site\/wp-json\/wp\/v2\/tags?post=50940"}],"curies":[{"name":"wp","href":"https:\/\/api.w.org\/{rel}","templated":true}]}}