{"id":50943,"date":"2015-05-28T04:37:14","date_gmt":"2015-05-28T07:37:14","guid":{"rendered":"http:\/\/www.notibras.com\/site\/?p=50943"},"modified":"2015-05-28T04:37:14","modified_gmt":"2015-05-28T07:37:14","slug":"garra-tecnica-e-torcida-garantem-vitoria-do-inter-contra-santa-fe","status":"publish","type":"post","link":"https:\/\/www.notibras.com\/site\/garra-tecnica-e-torcida-garantem-vitoria-do-inter-contra-santa-fe\/","title":{"rendered":"Garra, t\u00e9cnica e torcida garantem vit\u00f3ria do Inter contra Santa Fe"},"content":{"rendered":"<p>A derrota em Bogot\u00e1 foi devolvida pelo Internacional ao Santa Fe no Beira-Rio. Aos 42 minutos do segundo tempo, o Colorado marcou o segundo gol e eliminou o time colombiano em um Beira-Rio com novo recorde de p\u00fablico. A atua\u00e7\u00e3o n\u00e3o foi aquela dos sonhos, mas suficiente para Juan e Rafael Moura colocarem a equipe dirigida por Diego Aguirre na semifinal da Copa Libertadores. O jogo foi tenso, teve dois cart\u00f5es vermelhos para os visitantes &#8211; Mosquera e Anchico, contudo sempre esteve mais acess\u00edvel aos donos da casa.<\/p>\n<p>Na Col\u00f4mbia, o Inter perdeu com um gol marcado aos 46 minutos. Em Porto Alegre, o Independiente Santa Fe chegou a ter mais posse de bola, mas n\u00e3o resistiu a press\u00e3o do Colorado no segundo tempo. O lance que terminou com o gol de Rafael Moura gerou protesto por um erro da arbitragem. A bola bateu por \u00faltimo em Lisandro L\u00f3pez e assim, n\u00e3o seria escanteio e sim tiro de meta. A bronca do time colombiano gerou press\u00e3o no \u00e1rbitro ap\u00f3s o apito final. O triunfo teve como destaque o zagueiro Juan, de atua\u00e7\u00e3o impec\u00e1vel, e a entrega de Lisandro L\u00f3pez. Rafael Moura, que chegou a ser colocado na lista de negoci\u00e1veis, foi vital ao marcar de cabe\u00e7a.<\/p>\n<p>Na semifinal, o Internacional pega Tigres-MEX, que eliminou o Emelec. O Cruzeiro at\u00e9 poderia cruzar o caminho do Colorado, por conta da regra que impede final entre times do mesmo pa\u00eds, mas o River Plate despachou o atual bicampe\u00e3o brasileiro com um sonoro 3 a 0 em pleno Mineir\u00e3o. Assim sendo, o chaveamento original se confirma e o time ga\u00facho reencontrar\u00e1 Rafael S\u00f3bis (\u00eddolo e bicampe\u00e3o da Am\u00e9rica em 2006 e 2010) na pr\u00f3xima fase.<\/p>\n<p>O come\u00e7o do jogo teve um come\u00e7o promissor, mas aos poucos ficou para l\u00e1 de tenso. O gol de Juan logo aos 2 minutos, ap\u00f3s escanteio da esquerda, liquidou com qualquer margem de erro do Santa Fe. Mas o m\u00e9rito do Inter na bola parada n\u00e3o se comprovou com ela rolando no restante da primeira etapa. Ao contr\u00e1rio das melhores partidas do time no ano at\u00e9 aqui, n\u00e3o houve marca\u00e7\u00e3o press\u00e3o. A aplica\u00e7\u00e3o t\u00e1tica, contudo, foi levada ao p\u00e9 da letra.<\/p>\n<blockquote><p>D&#8217;Alessandro quase na bandeirinha de escanteio da defesa, Lisandro L\u00f3pez dando carrinho na intermedi\u00e1ria e um Ar\u00e1nguiz incans\u00e1vel no meio-campo ajudaram o Inter a brecar o Santa Fe. A equipe colombiana, por\u00e9m, ficou mais com a bola no p\u00e9 girou muito em busca de espa\u00e7os \u2013 que n\u00e3o apareceram.<\/p><\/blockquote>\n<p>Se o futebol n\u00e3o apareceu como se esperava, houve catimba e bate-boca. D&#8217;Alessandro e Mina se enroscaram fora do lance e o capit\u00e3o do Colorado reclamou de agress\u00e3o. Na sequ\u00eancia, levou um tapa no ouvido de Morelo e se irritou ainda mais. Antes do intervalo, houve espa\u00e7o para Alisson errar duas sa\u00eddas de bola e dar chance ao time colombiano chegar. Os dois foram para o intervalo empatados na posse de bola, 50% para cada lado, segundo estat\u00edstica oficial da Conmebol. E com apenas uma finaliza\u00e7\u00e3o. Sorte do Inter que a sua conclus\u00e3o entrou.<\/p>\n<p>No vesti\u00e1rio, Gustavo Costas tirou Luis P\u00e1ez e colocou Rivera. A entrada dele deixou o Santa Fe mais veloz e motivou o time visitante a tentar al\u00e9m do que j\u00e1 tinha feito. Reflexo disso, o Inter teve espa\u00e7os e fez uma press\u00e3o com direito a quatro escanteios em s\u00e9rie. D&#8217;Alessandro obrigou Castellanos a fazer boa defesa em cobran\u00e7a de falta e Vald\u00edvia, pouco antes, tamb\u00e9m for\u00e7ou o goleiro a agir em chute rasteiro. Mas n\u00e3o foi s\u00f3 Rivera que mudou o jogo. Mosquera e Anchico tamb\u00e9m ajudaram. O camisa seis gerou a expuls\u00e3o de Diego Aguirre, que invadiu o campo para pedir um segundo cart\u00e3o amarelo, e pouco depois derrubou Nilmar. \u00c9 bem verdade que o atacante do Inter procurou o contato, mas o choque foi t\u00e3o feito que o camisa sete do Inter teve de ser substitu\u00eddo. E o lateral levou cart\u00e3o vermelho. O n\u00famero cinco foi expulso aos 38 e deixou o jogo em ataque contra defesa por quase 10 minutos.<\/p>\n<p>Aos 42 minutos, no d\u00e9cimo quarto escanteio do Inter na partida, D&#8217;Alessandro achou Rafael Moura. No primeiro poste, o centroavante desviou e colocou o Colorado na semifinal.<\/p>\n","protected":false},"excerpt":{"rendered":"<p>A derrota em Bogot\u00e1 foi devolvida pelo Internacional ao Santa Fe no Beira-Rio. Aos 42 minutos do segundo tempo, o Colorado marcou o segundo gol e eliminou o time colombiano em um Beira-Rio com novo recorde de p\u00fablico. A atua\u00e7\u00e3o n\u00e3o foi aquela dos sonhos, mas suficiente para Juan e Rafael Moura colocarem a equipe [&hellip;]<\/p>\n","protected":false},"author":2,"featured_media":50944,"comment_status":"open","ping_status":"closed","sticky":false,"template":"","format":"standard","meta":{"_acf_changed":false,"footnotes":""},"categories":[19,29],"tags":[],"class_list":["post-50943","post","type-post","status-publish","format-standard","has-post-thumbnail","hentry","category-esportes","category-futebol"],"acf":[],"yoast_head":"<!-- This site is optimized with the Yoast SEO plugin v27.2 - https:\/\/yoast.com\/product\/yoast-seo-wordpress\/ -->\n<title>Garra, t\u00e9cnica e torcida garantem vit\u00f3ria do Inter contra Santa Fe - Notibras<\/title>\n<meta name=\"robots\" content=\"index, follow, max-snippet:-1, max-image-preview:large, max-video-preview:-1\" \/>\n<link rel=\"canonical\" href=\"https:\/\/www.notibras.com\/site\/garra-tecnica-e-torcida-garantem-vitoria-do-inter-contra-santa-fe\/\" \/>\n<meta property=\"og:locale\" content=\"pt_BR\" \/>\n<meta property=\"og:type\" content=\"article\" \/>\n<meta property=\"og:title\" content=\"Garra, t\u00e9cnica e torcida garantem vit\u00f3ria do Inter contra Santa Fe - Notibras\" \/>\n<meta property=\"og:description\" content=\"A derrota em Bogot\u00e1 foi devolvida pelo Internacional ao Santa Fe no Beira-Rio. Aos 42 minutos do segundo tempo, o Colorado marcou o segundo gol e eliminou o time colombiano em um Beira-Rio com novo recorde de p\u00fablico. A atua\u00e7\u00e3o n\u00e3o foi aquela dos sonhos, mas suficiente para Juan e Rafael Moura colocarem a equipe [&hellip;]\" \/>\n<meta property=\"og:url\" content=\"https:\/\/www.notibras.com\/site\/garra-tecnica-e-torcida-garantem-vitoria-do-inter-contra-santa-fe\/\" \/>\n<meta property=\"og:site_name\" content=\"Notibras\" \/>\n<meta property=\"article:publisher\" content=\"https:\/\/www.facebook.com\/notibras\/\" \/>\n<meta property=\"article:published_time\" content=\"2015-05-28T07:37:14+00:00\" \/>\n<meta property=\"og:image\" content=\"https:\/\/www.notibras.com\/site\/wp-content\/uploads\/2015\/05\/inter2goljeffersonbernardesafp.jpg\" \/>\n\t<meta property=\"og:image:width\" content=\"940\" \/>\n\t<meta property=\"og:image:height\" content=\"665\" \/>\n\t<meta property=\"og:image:type\" content=\"image\/jpeg\" \/>\n<meta name=\"author\" content=\"Reda\u00e7\u00e3o\" \/>\n<meta name=\"twitter:card\" content=\"summary_large_image\" \/>\n<meta name=\"twitter:creator\" content=\"@Notibras\" \/>\n<meta name=\"twitter:site\" content=\"@Notibras\" \/>\n<meta name=\"twitter:label1\" content=\"Escrito por\" \/>\n\t<meta name=\"twitter:data1\" content=\"Reda\u00e7\u00e3o\" \/>\n\t<meta name=\"twitter:label2\" content=\"Est. tempo de leitura\" \/>\n\t<meta name=\"twitter:data2\" content=\"4 minutos\" \/>\n<script type=\"application\/ld+json\" class=\"yoast-schema-graph\">{\"@context\":\"https:\/\/schema.org\",\"@graph\":[{\"@type\":\"Article\",\"@id\":\"https:\/\/www.notibras.com\/site\/garra-tecnica-e-torcida-garantem-vitoria-do-inter-contra-santa-fe\/#article\",\"isPartOf\":{\"@id\":\"https:\/\/www.notibras.com\/site\/garra-tecnica-e-torcida-garantem-vitoria-do-inter-contra-santa-fe\/\"},\"author\":{\"name\":\"Reda\u00e7\u00e3o\",\"@id\":\"https:\/\/www.notibras.com\/site\/#\/schema\/person\/36ab0979449956132d3e5b517ea76ac8\"},\"headline\":\"Garra, t\u00e9cnica e torcida garantem vit\u00f3ria do Inter contra Santa Fe\",\"datePublished\":\"2015-05-28T07:37:14+00:00\",\"mainEntityOfPage\":{\"@id\":\"https:\/\/www.notibras.com\/site\/garra-tecnica-e-torcida-garantem-vitoria-do-inter-contra-santa-fe\/\"},\"wordCount\":766,\"commentCount\":0,\"publisher\":{\"@id\":\"https:\/\/www.notibras.com\/site\/#organization\"},\"image\":{\"@id\":\"https:\/\/www.notibras.com\/site\/garra-tecnica-e-torcida-garantem-vitoria-do-inter-contra-santa-fe\/#primaryimage\"},\"thumbnailUrl\":\"https:\/\/www.notibras.com\/site\/wp-content\/uploads\/2015\/05\/inter2goljeffersonbernardesafp.jpg\",\"articleSection\":[\"Esportes\",\"Futebol\"],\"inLanguage\":\"pt-BR\",\"potentialAction\":[{\"@type\":\"CommentAction\",\"name\":\"Comment\",\"target\":[\"https:\/\/www.notibras.com\/site\/garra-tecnica-e-torcida-garantem-vitoria-do-inter-contra-santa-fe\/#respond\"]}]},{\"@type\":\"WebPage\",\"@id\":\"https:\/\/www.notibras.com\/site\/garra-tecnica-e-torcida-garantem-vitoria-do-inter-contra-santa-fe\/\",\"url\":\"https:\/\/www.notibras.com\/site\/garra-tecnica-e-torcida-garantem-vitoria-do-inter-contra-santa-fe\/\",\"name\":\"Garra, t\u00e9cnica e torcida garantem vit\u00f3ria do Inter contra Santa Fe - Notibras\",\"isPartOf\":{\"@id\":\"https:\/\/www.notibras.com\/site\/#website\"},\"primaryImageOfPage\":{\"@id\":\"https:\/\/www.notibras.com\/site\/garra-tecnica-e-torcida-garantem-vitoria-do-inter-contra-santa-fe\/#primaryimage\"},\"image\":{\"@id\":\"https:\/\/www.notibras.com\/site\/garra-tecnica-e-torcida-garantem-vitoria-do-inter-contra-santa-fe\/#primaryimage\"},\"thumbnailUrl\":\"https:\/\/www.notibras.com\/site\/wp-content\/uploads\/2015\/05\/inter2goljeffersonbernardesafp.jpg\",\"datePublished\":\"2015-05-28T07:37:14+00:00\",\"breadcrumb\":{\"@id\":\"https:\/\/www.notibras.com\/site\/garra-tecnica-e-torcida-garantem-vitoria-do-inter-contra-santa-fe\/#breadcrumb\"},\"inLanguage\":\"pt-BR\",\"potentialAction\":[{\"@type\":\"ReadAction\",\"target\":[\"https:\/\/www.notibras.com\/site\/garra-tecnica-e-torcida-garantem-vitoria-do-inter-contra-santa-fe\/\"]}]},{\"@type\":\"ImageObject\",\"inLanguage\":\"pt-BR\",\"@id\":\"https:\/\/www.notibras.com\/site\/garra-tecnica-e-torcida-garantem-vitoria-do-inter-contra-santa-fe\/#primaryimage\",\"url\":\"https:\/\/www.notibras.com\/site\/wp-content\/uploads\/2015\/05\/inter2goljeffersonbernardesafp.jpg\",\"contentUrl\":\"https:\/\/www.notibras.com\/site\/wp-content\/uploads\/2015\/05\/inter2goljeffersonbernardesafp.jpg\",\"width\":940,\"height\":665},{\"@type\":\"BreadcrumbList\",\"@id\":\"https:\/\/www.notibras.com\/site\/garra-tecnica-e-torcida-garantem-vitoria-do-inter-contra-santa-fe\/#breadcrumb\",\"itemListElement\":[{\"@type\":\"ListItem\",\"position\":1,\"name\":\"In\u00edcio\",\"item\":\"https:\/\/www.notibras.com\/site\/\"},{\"@type\":\"ListItem\",\"position\":2,\"name\":\"Garra, t\u00e9cnica e torcida garantem vit\u00f3ria do Inter contra Santa Fe\"}]},{\"@type\":\"WebSite\",\"@id\":\"https:\/\/www.notibras.com\/site\/#website\",\"url\":\"https:\/\/www.notibras.com\/site\/\",\"name\":\"Notibras\",\"description\":\"Not\u00edcias de Bras\u00edlia, do Brasil e do Mundo\",\"publisher\":{\"@id\":\"https:\/\/www.notibras.com\/site\/#organization\"},\"potentialAction\":[{\"@type\":\"SearchAction\",\"target\":{\"@type\":\"EntryPoint\",\"urlTemplate\":\"https:\/\/www.notibras.com\/site\/?s={search_term_string}\"},\"query-input\":{\"@type\":\"PropertyValueSpecification\",\"valueRequired\":true,\"valueName\":\"search_term_string\"}}],\"inLanguage\":\"pt-BR\"},{\"@type\":\"Organization\",\"@id\":\"https:\/\/www.notibras.com\/site\/#organization\",\"name\":\"Grupo Notibras de Comunica\u00e7\u00e3o\",\"url\":\"https:\/\/www.notibras.com\/site\/\",\"logo\":{\"@type\":\"ImageObject\",\"inLanguage\":\"pt-BR\",\"@id\":\"https:\/\/www.notibras.com\/site\/#\/schema\/logo\/image\/\",\"url\":\"https:\/\/www.notibras.com\/site\/wp-content\/uploads\/2023\/01\/notibras23.png\",\"contentUrl\":\"https:\/\/www.notibras.com\/site\/wp-content\/uploads\/2023\/01\/notibras23.png\",\"width\":350,\"height\":87,\"caption\":\"Grupo Notibras de Comunica\u00e7\u00e3o\"},\"image\":{\"@id\":\"https:\/\/www.notibras.com\/site\/#\/schema\/logo\/image\/\"},\"sameAs\":[\"https:\/\/www.facebook.com\/notibras\/\",\"https:\/\/x.com\/Notibras\",\"https:\/\/www.instagram.com\/notibras\/\"]},{\"@type\":\"Person\",\"@id\":\"https:\/\/www.notibras.com\/site\/#\/schema\/person\/36ab0979449956132d3e5b517ea76ac8\",\"name\":\"Reda\u00e7\u00e3o\",\"image\":{\"@type\":\"ImageObject\",\"inLanguage\":\"pt-BR\",\"@id\":\"https:\/\/secure.gravatar.com\/avatar\/e0a867bdedb85fd243eadf09663511f96fc81e0720a4a42581f334ad4303aa6b?s=96&d=mm&r=g\",\"url\":\"https:\/\/secure.gravatar.com\/avatar\/e0a867bdedb85fd243eadf09663511f96fc81e0720a4a42581f334ad4303aa6b?s=96&d=mm&r=g\",\"contentUrl\":\"https:\/\/secure.gravatar.com\/avatar\/e0a867bdedb85fd243eadf09663511f96fc81e0720a4a42581f334ad4303aa6b?s=96&d=mm&r=g\",\"caption\":\"Reda\u00e7\u00e3o\"}}]}<\/script>\n<!-- \/ Yoast SEO plugin. -->","yoast_head_json":{"title":"Garra, t\u00e9cnica e torcida garantem vit\u00f3ria do Inter contra Santa Fe - Notibras","robots":{"index":"index","follow":"follow","max-snippet":"max-snippet:-1","max-image-preview":"max-image-preview:large","max-video-preview":"max-video-preview:-1"},"canonical":"https:\/\/www.notibras.com\/site\/garra-tecnica-e-torcida-garantem-vitoria-do-inter-contra-santa-fe\/","og_locale":"pt_BR","og_type":"article","og_title":"Garra, t\u00e9cnica e torcida garantem vit\u00f3ria do Inter contra Santa Fe - Notibras","og_description":"A derrota em Bogot\u00e1 foi devolvida pelo Internacional ao Santa Fe no Beira-Rio. Aos 42 minutos do segundo tempo, o Colorado marcou o segundo gol e eliminou o time colombiano em um Beira-Rio com novo recorde de p\u00fablico. A atua\u00e7\u00e3o n\u00e3o foi aquela dos sonhos, mas suficiente para Juan e Rafael Moura colocarem a equipe [&hellip;]","og_url":"https:\/\/www.notibras.com\/site\/garra-tecnica-e-torcida-garantem-vitoria-do-inter-contra-santa-fe\/","og_site_name":"Notibras","article_publisher":"https:\/\/www.facebook.com\/notibras\/","article_published_time":"2015-05-28T07:37:14+00:00","og_image":[{"width":940,"height":665,"url":"https:\/\/www.notibras.com\/site\/wp-content\/uploads\/2015\/05\/inter2goljeffersonbernardesafp.jpg","type":"image\/jpeg"}],"author":"Reda\u00e7\u00e3o","twitter_card":"summary_large_image","twitter_creator":"@Notibras","twitter_site":"@Notibras","twitter_misc":{"Escrito por":"Reda\u00e7\u00e3o","Est. tempo de leitura":"4 minutos"},"schema":{"@context":"https:\/\/schema.org","@graph":[{"@type":"Article","@id":"https:\/\/www.notibras.com\/site\/garra-tecnica-e-torcida-garantem-vitoria-do-inter-contra-santa-fe\/#article","isPartOf":{"@id":"https:\/\/www.notibras.com\/site\/garra-tecnica-e-torcida-garantem-vitoria-do-inter-contra-santa-fe\/"},"author":{"name":"Reda\u00e7\u00e3o","@id":"https:\/\/www.notibras.com\/site\/#\/schema\/person\/36ab0979449956132d3e5b517ea76ac8"},"headline":"Garra, t\u00e9cnica e torcida garantem vit\u00f3ria do Inter contra Santa Fe","datePublished":"2015-05-28T07:37:14+00:00","mainEntityOfPage":{"@id":"https:\/\/www.notibras.com\/site\/garra-tecnica-e-torcida-garantem-vitoria-do-inter-contra-santa-fe\/"},"wordCount":766,"commentCount":0,"publisher":{"@id":"https:\/\/www.notibras.com\/site\/#organization"},"image":{"@id":"https:\/\/www.notibras.com\/site\/garra-tecnica-e-torcida-garantem-vitoria-do-inter-contra-santa-fe\/#primaryimage"},"thumbnailUrl":"https:\/\/www.notibras.com\/site\/wp-content\/uploads\/2015\/05\/inter2goljeffersonbernardesafp.jpg","articleSection":["Esportes","Futebol"],"inLanguage":"pt-BR","potentialAction":[{"@type":"CommentAction","name":"Comment","target":["https:\/\/www.notibras.com\/site\/garra-tecnica-e-torcida-garantem-vitoria-do-inter-contra-santa-fe\/#respond"]}]},{"@type":"WebPage","@id":"https:\/\/www.notibras.com\/site\/garra-tecnica-e-torcida-garantem-vitoria-do-inter-contra-santa-fe\/","url":"https:\/\/www.notibras.com\/site\/garra-tecnica-e-torcida-garantem-vitoria-do-inter-contra-santa-fe\/","name":"Garra, t\u00e9cnica e torcida garantem vit\u00f3ria do Inter contra Santa Fe - Notibras","isPartOf":{"@id":"https:\/\/www.notibras.com\/site\/#website"},"primaryImageOfPage":{"@id":"https:\/\/www.notibras.com\/site\/garra-tecnica-e-torcida-garantem-vitoria-do-inter-contra-santa-fe\/#primaryimage"},"image":{"@id":"https:\/\/www.notibras.com\/site\/garra-tecnica-e-torcida-garantem-vitoria-do-inter-contra-santa-fe\/#primaryimage"},"thumbnailUrl":"https:\/\/www.notibras.com\/site\/wp-content\/uploads\/2015\/05\/inter2goljeffersonbernardesafp.jpg","datePublished":"2015-05-28T07:37:14+00:00","breadcrumb":{"@id":"https:\/\/www.notibras.com\/site\/garra-tecnica-e-torcida-garantem-vitoria-do-inter-contra-santa-fe\/#breadcrumb"},"inLanguage":"pt-BR","potentialAction":[{"@type":"ReadAction","target":["https:\/\/www.notibras.com\/site\/garra-tecnica-e-torcida-garantem-vitoria-do-inter-contra-santa-fe\/"]}]},{"@type":"ImageObject","inLanguage":"pt-BR","@id":"https:\/\/www.notibras.com\/site\/garra-tecnica-e-torcida-garantem-vitoria-do-inter-contra-santa-fe\/#primaryimage","url":"https:\/\/www.notibras.com\/site\/wp-content\/uploads\/2015\/05\/inter2goljeffersonbernardesafp.jpg","contentUrl":"https:\/\/www.notibras.com\/site\/wp-content\/uploads\/2015\/05\/inter2goljeffersonbernardesafp.jpg","width":940,"height":665},{"@type":"BreadcrumbList","@id":"https:\/\/www.notibras.com\/site\/garra-tecnica-e-torcida-garantem-vitoria-do-inter-contra-santa-fe\/#breadcrumb","itemListElement":[{"@type":"ListItem","position":1,"name":"In\u00edcio","item":"https:\/\/www.notibras.com\/site\/"},{"@type":"ListItem","position":2,"name":"Garra, t\u00e9cnica e torcida garantem vit\u00f3ria do Inter contra Santa Fe"}]},{"@type":"WebSite","@id":"https:\/\/www.notibras.com\/site\/#website","url":"https:\/\/www.notibras.com\/site\/","name":"Notibras","description":"Not\u00edcias de Bras\u00edlia, do Brasil e do Mundo","publisher":{"@id":"https:\/\/www.notibras.com\/site\/#organization"},"potentialAction":[{"@type":"SearchAction","target":{"@type":"EntryPoint","urlTemplate":"https:\/\/www.notibras.com\/site\/?s={search_term_string}"},"query-input":{"@type":"PropertyValueSpecification","valueRequired":true,"valueName":"search_term_string"}}],"inLanguage":"pt-BR"},{"@type":"Organization","@id":"https:\/\/www.notibras.com\/site\/#organization","name":"Grupo Notibras de Comunica\u00e7\u00e3o","url":"https:\/\/www.notibras.com\/site\/","logo":{"@type":"ImageObject","inLanguage":"pt-BR","@id":"https:\/\/www.notibras.com\/site\/#\/schema\/logo\/image\/","url":"https:\/\/www.notibras.com\/site\/wp-content\/uploads\/2023\/01\/notibras23.png","contentUrl":"https:\/\/www.notibras.com\/site\/wp-content\/uploads\/2023\/01\/notibras23.png","width":350,"height":87,"caption":"Grupo Notibras de Comunica\u00e7\u00e3o"},"image":{"@id":"https:\/\/www.notibras.com\/site\/#\/schema\/logo\/image\/"},"sameAs":["https:\/\/www.facebook.com\/notibras\/","https:\/\/x.com\/Notibras","https:\/\/www.instagram.com\/notibras\/"]},{"@type":"Person","@id":"https:\/\/www.notibras.com\/site\/#\/schema\/person\/36ab0979449956132d3e5b517ea76ac8","name":"Reda\u00e7\u00e3o","image":{"@type":"ImageObject","inLanguage":"pt-BR","@id":"https:\/\/secure.gravatar.com\/avatar\/e0a867bdedb85fd243eadf09663511f96fc81e0720a4a42581f334ad4303aa6b?s=96&d=mm&r=g","url":"https:\/\/secure.gravatar.com\/avatar\/e0a867bdedb85fd243eadf09663511f96fc81e0720a4a42581f334ad4303aa6b?s=96&d=mm&r=g","contentUrl":"https:\/\/secure.gravatar.com\/avatar\/e0a867bdedb85fd243eadf09663511f96fc81e0720a4a42581f334ad4303aa6b?s=96&d=mm&r=g","caption":"Reda\u00e7\u00e3o"}}]}},"amp_enabled":true,"_links":{"self":[{"href":"https:\/\/www.notibras.com\/site\/wp-json\/wp\/v2\/posts\/50943","targetHints":{"allow":["GET"]}}],"collection":[{"href":"https:\/\/www.notibras.com\/site\/wp-json\/wp\/v2\/posts"}],"about":[{"href":"https:\/\/www.notibras.com\/site\/wp-json\/wp\/v2\/types\/post"}],"author":[{"embeddable":true,"href":"https:\/\/www.notibras.com\/site\/wp-json\/wp\/v2\/users\/2"}],"replies":[{"embeddable":true,"href":"https:\/\/www.notibras.com\/site\/wp-json\/wp\/v2\/comments?post=50943"}],"version-history":[{"count":0,"href":"https:\/\/www.notibras.com\/site\/wp-json\/wp\/v2\/posts\/50943\/revisions"}],"wp:featuredmedia":[{"embeddable":true,"href":"https:\/\/www.notibras.com\/site\/wp-json\/wp\/v2\/media\/50944"}],"wp:attachment":[{"href":"https:\/\/www.notibras.com\/site\/wp-json\/wp\/v2\/media?parent=50943"}],"wp:term":[{"taxonomy":"category","embeddable":true,"href":"https:\/\/www.notibras.com\/site\/wp-json\/wp\/v2\/categories?post=50943"},{"taxonomy":"post_tag","embeddable":true,"href":"https:\/\/www.notibras.com\/site\/wp-json\/wp\/v2\/tags?post=50943"}],"curies":[{"name":"wp","href":"https:\/\/api.w.org\/{rel}","templated":true}]}}