{"id":50986,"date":"2015-05-28T06:38:26","date_gmt":"2015-05-28T09:38:26","guid":{"rendered":"http:\/\/www.notibras.com\/site\/?p=50986"},"modified":"2015-05-28T06:38:26","modified_gmt":"2015-05-28T09:38:26","slug":"sem-publicidade-caminho-e-o-do-inferno-sem-purgatorio","status":"publish","type":"post","link":"https:\/\/www.notibras.com\/site\/sem-publicidade-caminho-e-o-do-inferno-sem-purgatorio\/","title":{"rendered":"Sem publicidade, caminho \u00e9 o do inferno, sem purgat\u00f3rio"},"content":{"rendered":"<p>Maio de 2014, a euforia da Copa do mundo crescia em todo o Pa\u00eds. O atraso nas obras n\u00e3o assustava porque ao final tudo daria certo, como, aos trancos e barrancos, acabou dando.<\/p>\n<p>As vendas de carros e de im\u00f3veis cresciam, com filas no &#8220;Minha casa, Minha vida&#8221;. A Petrobras dava orgulho a todos os brasileiros, com a produ\u00e7\u00e3o aumentando e a descoberta da camada do pr\u00e9-sal.<\/p>\n<p>Neste maio de 2014, &#8220;lava jato&#8221; era o nome dado aos postos de gasolina que limpavam seu carro rapidamente.<\/p>\n<blockquote><p>Os \u00edndices de aprova\u00e7\u00e3o da Presidente Dilma estavam bastante elevados.<\/p><\/blockquote>\n<p>Alguns jornalistas econ\u00f4micos de oposi\u00e7\u00e3o torciam o nariz para os bons \u00edndices de desenvolvimento do Pa\u00eds, que diminu\u00edam a possibilidade de elei\u00e7\u00e3o dos candidatos da oposi\u00e7\u00e3o.<\/p>\n<p>Quando as elei\u00e7\u00f5es se aproximaram, o centro e a direita do Brasil se uniram e apostaram num candidato de direita que quase saiu vitorioso.<\/p>\n<p>Passadas as elei\u00e7\u00f5es, os brasileiros come\u00e7aram a conhecer todas as dificuldades econ\u00f4micas que o Pa\u00eds iria viver.<\/p>\n<blockquote><p>O Brasil estava saindo do c\u00e9u para o inferno diretamente.<\/p><\/blockquote>\n<p>Um erro, porque o Pa\u00eds ainda est\u00e1 no purgat\u00f3rio. Mas, na percep\u00e7\u00e3o da popula\u00e7\u00e3o de um modo geral, estamos vivendo uma crise profunda. O que n\u00e3o \u00e9 uma plena verdade.<\/p>\n<p>Os economistas de televis\u00e3o, anunciam n\u00fameros poss\u00edveis de infla\u00e7\u00e3o de 9%, como se isso fosse uma cat\u00e1strofe. N\u00e3o olham para a Argentina e para a Venezuela, com \u00edndices de infla\u00e7\u00e3o pr\u00f3ximos a 100%, como era no Brasil de 25 anos passados.<\/p>\n<p>Junto a isso, assume o Ministro da Economia, Joaquim Levy com a determina\u00e7\u00e3o clara de que, para o Brasil voltar a crescer, necessita fazer uma conten\u00e7\u00e3o e reduzir muito os investimentos no Pa\u00eds.<\/p>\n<p>E o Poder Legislativo decidiu, atrav\u00e9s dos Presidentes da C\u00e2mara e do Senado, ganhar o seu lugar nos holofotes da m\u00eddia.<\/p>\n<p>Para assustar ainda mais os brasileiros, chega a Opera\u00e7\u00e3o Lava Jato, que mostra como a Petrobras, que tanto nos orgulhava, foi uma grande v\u00edtima, durante anos,<\/p>\n<p>de diretores e pol\u00edticos que, atrav\u00e9s da propina, apropriaram-se de milh\u00f5es de d\u00f3lares.<\/p>\n<p>Pronto. Todos estes ingredientes somados levaram o Pa\u00eds direto para o inferno na cabe\u00e7a dos brasileiros. E \u00e9 a\u00ed que est\u00e1 o grande erro.<\/p>\n<blockquote><p>O Brasil n\u00e3o vive uma profunda crise. Apresentadores de televis\u00e3o anunciam quedas do trimestre de 2015 em rela\u00e7\u00e3o a 2014 de 3% nas vendas de determinado produto, como se fosse o caos.<\/p><\/blockquote>\n<p>N\u00e3o estamos vivendo esta crise desesperadora que insistem em anunciar. As pessoas continuam consumindo. E uma grande parte dos anunciantes, assustada, foge da m\u00eddia.<\/p>\n<p>E a televis\u00e3o, com sua enorme penetra\u00e7\u00e3o, que tem o poder de refor\u00e7ar o problema que temos na economia, v\u00ea os seus intervalos de publicidade com &#8220;calhaus&#8221; (este \u00e9 o termo que usamos em comunica\u00e7\u00e3o para nos referir \u00e0queles comerciais de pe\u00e7as de teatro, de discos que est\u00e3o sendo utilizados ou, at\u00e9 mesmo, chamadas de utilidade p\u00fablica. Eles est\u00e3o ali para completar os tr\u00eas minutos do intervalo de toda a rede da televis\u00e3o).<\/p>\n<p>\u00c9 numa hora como esta que o anunciante n\u00e3o pode se esconder, desaparecer do consumidor. E as ag\u00eancias n\u00e3o podem sumir dos clientes porque, mesmo sem recursos, ele precisa das suas ideias para promover sua marca e seus produtos.<\/p>\n<blockquote><p>Este \u00e9 o momento em que o anunciante, de qualquer porte, pode se perguntar: esta ag\u00eancia est\u00e1 comigo ou &#8220;estava&#8221; com o dinheiro que eu investia em publicidade?<\/p><\/blockquote>\n<p><strong>Agnelo Pacheco<\/strong><\/p>\n","protected":false},"excerpt":{"rendered":"<p>Maio de 2014, a euforia da Copa do mundo crescia em todo o Pa\u00eds. O atraso nas obras n\u00e3o assustava porque ao final tudo daria certo, como, aos trancos e barrancos, acabou dando. As vendas de carros e de im\u00f3veis cresciam, com filas no &#8220;Minha casa, Minha vida&#8221;. A Petrobras dava orgulho a todos os [&hellip;]<\/p>\n","protected":false},"author":2,"featured_media":50987,"comment_status":"open","ping_status":"closed","sticky":false,"template":"","format":"standard","meta":{"_acf_changed":false,"footnotes":""},"categories":[25],"tags":[],"class_list":["post-50986","post","type-post","status-publish","format-standard","has-post-thumbnail","hentry","category-opina-ai"],"acf":[],"yoast_head":"<!-- This site is optimized with the Yoast SEO plugin v27.2 - https:\/\/yoast.com\/product\/yoast-seo-wordpress\/ -->\n<title>Sem publicidade, caminho \u00e9 o do inferno, sem purgat\u00f3rio - Notibras<\/title>\n<meta name=\"robots\" content=\"index, follow, max-snippet:-1, max-image-preview:large, max-video-preview:-1\" \/>\n<link rel=\"canonical\" href=\"https:\/\/www.notibras.com\/site\/sem-publicidade-caminho-e-o-do-inferno-sem-purgatorio\/\" \/>\n<meta property=\"og:locale\" content=\"pt_BR\" \/>\n<meta property=\"og:type\" content=\"article\" \/>\n<meta property=\"og:title\" content=\"Sem publicidade, caminho \u00e9 o do inferno, sem purgat\u00f3rio - Notibras\" \/>\n<meta property=\"og:description\" content=\"Maio de 2014, a euforia da Copa do mundo crescia em todo o Pa\u00eds. O atraso nas obras n\u00e3o assustava porque ao final tudo daria certo, como, aos trancos e barrancos, acabou dando. As vendas de carros e de im\u00f3veis cresciam, com filas no &#8220;Minha casa, Minha vida&#8221;. A Petrobras dava orgulho a todos os [&hellip;]\" \/>\n<meta property=\"og:url\" content=\"https:\/\/www.notibras.com\/site\/sem-publicidade-caminho-e-o-do-inferno-sem-purgatorio\/\" \/>\n<meta property=\"og:site_name\" content=\"Notibras\" \/>\n<meta property=\"article:publisher\" content=\"https:\/\/www.facebook.com\/notibras\/\" \/>\n<meta property=\"article:published_time\" content=\"2015-05-28T09:38:26+00:00\" \/>\n<meta property=\"og:image\" content=\"https:\/\/www.notibras.com\/site\/wp-content\/uploads\/2015\/05\/Business-161.jpg\" \/>\n\t<meta property=\"og:image:width\" content=\"950\" \/>\n\t<meta property=\"og:image:height\" content=\"630\" \/>\n\t<meta property=\"og:image:type\" content=\"image\/jpeg\" \/>\n<meta name=\"author\" content=\"Reda\u00e7\u00e3o\" \/>\n<meta name=\"twitter:card\" content=\"summary_large_image\" \/>\n<meta name=\"twitter:creator\" content=\"@Notibras\" \/>\n<meta name=\"twitter:site\" content=\"@Notibras\" \/>\n<meta name=\"twitter:label1\" content=\"Escrito por\" \/>\n\t<meta name=\"twitter:data1\" content=\"Reda\u00e7\u00e3o\" \/>\n\t<meta name=\"twitter:label2\" content=\"Est. tempo de leitura\" \/>\n\t<meta name=\"twitter:data2\" content=\"3 minutos\" \/>\n<script type=\"application\/ld+json\" class=\"yoast-schema-graph\">{\"@context\":\"https:\/\/schema.org\",\"@graph\":[{\"@type\":\"Article\",\"@id\":\"https:\/\/www.notibras.com\/site\/sem-publicidade-caminho-e-o-do-inferno-sem-purgatorio\/#article\",\"isPartOf\":{\"@id\":\"https:\/\/www.notibras.com\/site\/sem-publicidade-caminho-e-o-do-inferno-sem-purgatorio\/\"},\"author\":{\"name\":\"Reda\u00e7\u00e3o\",\"@id\":\"https:\/\/www.notibras.com\/site\/#\/schema\/person\/36ab0979449956132d3e5b517ea76ac8\"},\"headline\":\"Sem publicidade, caminho \u00e9 o do inferno, sem purgat\u00f3rio\",\"datePublished\":\"2015-05-28T09:38:26+00:00\",\"mainEntityOfPage\":{\"@id\":\"https:\/\/www.notibras.com\/site\/sem-publicidade-caminho-e-o-do-inferno-sem-purgatorio\/\"},\"wordCount\":619,\"commentCount\":0,\"publisher\":{\"@id\":\"https:\/\/www.notibras.com\/site\/#organization\"},\"image\":{\"@id\":\"https:\/\/www.notibras.com\/site\/sem-publicidade-caminho-e-o-do-inferno-sem-purgatorio\/#primaryimage\"},\"thumbnailUrl\":\"https:\/\/www.notibras.com\/site\/wp-content\/uploads\/2015\/05\/Business-161.jpg\",\"articleSection\":[\"Opina a\u00ed\"],\"inLanguage\":\"pt-BR\",\"potentialAction\":[{\"@type\":\"CommentAction\",\"name\":\"Comment\",\"target\":[\"https:\/\/www.notibras.com\/site\/sem-publicidade-caminho-e-o-do-inferno-sem-purgatorio\/#respond\"]}]},{\"@type\":\"WebPage\",\"@id\":\"https:\/\/www.notibras.com\/site\/sem-publicidade-caminho-e-o-do-inferno-sem-purgatorio\/\",\"url\":\"https:\/\/www.notibras.com\/site\/sem-publicidade-caminho-e-o-do-inferno-sem-purgatorio\/\",\"name\":\"Sem publicidade, caminho \u00e9 o do inferno, sem purgat\u00f3rio - Notibras\",\"isPartOf\":{\"@id\":\"https:\/\/www.notibras.com\/site\/#website\"},\"primaryImageOfPage\":{\"@id\":\"https:\/\/www.notibras.com\/site\/sem-publicidade-caminho-e-o-do-inferno-sem-purgatorio\/#primaryimage\"},\"image\":{\"@id\":\"https:\/\/www.notibras.com\/site\/sem-publicidade-caminho-e-o-do-inferno-sem-purgatorio\/#primaryimage\"},\"thumbnailUrl\":\"https:\/\/www.notibras.com\/site\/wp-content\/uploads\/2015\/05\/Business-161.jpg\",\"datePublished\":\"2015-05-28T09:38:26+00:00\",\"breadcrumb\":{\"@id\":\"https:\/\/www.notibras.com\/site\/sem-publicidade-caminho-e-o-do-inferno-sem-purgatorio\/#breadcrumb\"},\"inLanguage\":\"pt-BR\",\"potentialAction\":[{\"@type\":\"ReadAction\",\"target\":[\"https:\/\/www.notibras.com\/site\/sem-publicidade-caminho-e-o-do-inferno-sem-purgatorio\/\"]}]},{\"@type\":\"ImageObject\",\"inLanguage\":\"pt-BR\",\"@id\":\"https:\/\/www.notibras.com\/site\/sem-publicidade-caminho-e-o-do-inferno-sem-purgatorio\/#primaryimage\",\"url\":\"https:\/\/www.notibras.com\/site\/wp-content\/uploads\/2015\/05\/Business-161.jpg\",\"contentUrl\":\"https:\/\/www.notibras.com\/site\/wp-content\/uploads\/2015\/05\/Business-161.jpg\",\"width\":950,\"height\":630},{\"@type\":\"BreadcrumbList\",\"@id\":\"https:\/\/www.notibras.com\/site\/sem-publicidade-caminho-e-o-do-inferno-sem-purgatorio\/#breadcrumb\",\"itemListElement\":[{\"@type\":\"ListItem\",\"position\":1,\"name\":\"In\u00edcio\",\"item\":\"https:\/\/www.notibras.com\/site\/\"},{\"@type\":\"ListItem\",\"position\":2,\"name\":\"Sem publicidade, caminho \u00e9 o do inferno, sem purgat\u00f3rio\"}]},{\"@type\":\"WebSite\",\"@id\":\"https:\/\/www.notibras.com\/site\/#website\",\"url\":\"https:\/\/www.notibras.com\/site\/\",\"name\":\"Notibras\",\"description\":\"Not\u00edcias de Bras\u00edlia, do Brasil e do Mundo\",\"publisher\":{\"@id\":\"https:\/\/www.notibras.com\/site\/#organization\"},\"potentialAction\":[{\"@type\":\"SearchAction\",\"target\":{\"@type\":\"EntryPoint\",\"urlTemplate\":\"https:\/\/www.notibras.com\/site\/?s={search_term_string}\"},\"query-input\":{\"@type\":\"PropertyValueSpecification\",\"valueRequired\":true,\"valueName\":\"search_term_string\"}}],\"inLanguage\":\"pt-BR\"},{\"@type\":\"Organization\",\"@id\":\"https:\/\/www.notibras.com\/site\/#organization\",\"name\":\"Grupo Notibras de Comunica\u00e7\u00e3o\",\"url\":\"https:\/\/www.notibras.com\/site\/\",\"logo\":{\"@type\":\"ImageObject\",\"inLanguage\":\"pt-BR\",\"@id\":\"https:\/\/www.notibras.com\/site\/#\/schema\/logo\/image\/\",\"url\":\"https:\/\/www.notibras.com\/site\/wp-content\/uploads\/2023\/01\/notibras23.png\",\"contentUrl\":\"https:\/\/www.notibras.com\/site\/wp-content\/uploads\/2023\/01\/notibras23.png\",\"width\":350,\"height\":87,\"caption\":\"Grupo Notibras de Comunica\u00e7\u00e3o\"},\"image\":{\"@id\":\"https:\/\/www.notibras.com\/site\/#\/schema\/logo\/image\/\"},\"sameAs\":[\"https:\/\/www.facebook.com\/notibras\/\",\"https:\/\/x.com\/Notibras\",\"https:\/\/www.instagram.com\/notibras\/\"]},{\"@type\":\"Person\",\"@id\":\"https:\/\/www.notibras.com\/site\/#\/schema\/person\/36ab0979449956132d3e5b517ea76ac8\",\"name\":\"Reda\u00e7\u00e3o\",\"image\":{\"@type\":\"ImageObject\",\"inLanguage\":\"pt-BR\",\"@id\":\"https:\/\/secure.gravatar.com\/avatar\/e0a867bdedb85fd243eadf09663511f96fc81e0720a4a42581f334ad4303aa6b?s=96&d=mm&r=g\",\"url\":\"https:\/\/secure.gravatar.com\/avatar\/e0a867bdedb85fd243eadf09663511f96fc81e0720a4a42581f334ad4303aa6b?s=96&d=mm&r=g\",\"contentUrl\":\"https:\/\/secure.gravatar.com\/avatar\/e0a867bdedb85fd243eadf09663511f96fc81e0720a4a42581f334ad4303aa6b?s=96&d=mm&r=g\",\"caption\":\"Reda\u00e7\u00e3o\"}}]}<\/script>\n<!-- \/ Yoast SEO plugin. -->","yoast_head_json":{"title":"Sem publicidade, caminho \u00e9 o do inferno, sem purgat\u00f3rio - Notibras","robots":{"index":"index","follow":"follow","max-snippet":"max-snippet:-1","max-image-preview":"max-image-preview:large","max-video-preview":"max-video-preview:-1"},"canonical":"https:\/\/www.notibras.com\/site\/sem-publicidade-caminho-e-o-do-inferno-sem-purgatorio\/","og_locale":"pt_BR","og_type":"article","og_title":"Sem publicidade, caminho \u00e9 o do inferno, sem purgat\u00f3rio - Notibras","og_description":"Maio de 2014, a euforia da Copa do mundo crescia em todo o Pa\u00eds. O atraso nas obras n\u00e3o assustava porque ao final tudo daria certo, como, aos trancos e barrancos, acabou dando. As vendas de carros e de im\u00f3veis cresciam, com filas no &#8220;Minha casa, Minha vida&#8221;. A Petrobras dava orgulho a todos os [&hellip;]","og_url":"https:\/\/www.notibras.com\/site\/sem-publicidade-caminho-e-o-do-inferno-sem-purgatorio\/","og_site_name":"Notibras","article_publisher":"https:\/\/www.facebook.com\/notibras\/","article_published_time":"2015-05-28T09:38:26+00:00","og_image":[{"width":950,"height":630,"url":"https:\/\/www.notibras.com\/site\/wp-content\/uploads\/2015\/05\/Business-161.jpg","type":"image\/jpeg"}],"author":"Reda\u00e7\u00e3o","twitter_card":"summary_large_image","twitter_creator":"@Notibras","twitter_site":"@Notibras","twitter_misc":{"Escrito por":"Reda\u00e7\u00e3o","Est. tempo de leitura":"3 minutos"},"schema":{"@context":"https:\/\/schema.org","@graph":[{"@type":"Article","@id":"https:\/\/www.notibras.com\/site\/sem-publicidade-caminho-e-o-do-inferno-sem-purgatorio\/#article","isPartOf":{"@id":"https:\/\/www.notibras.com\/site\/sem-publicidade-caminho-e-o-do-inferno-sem-purgatorio\/"},"author":{"name":"Reda\u00e7\u00e3o","@id":"https:\/\/www.notibras.com\/site\/#\/schema\/person\/36ab0979449956132d3e5b517ea76ac8"},"headline":"Sem publicidade, caminho \u00e9 o do inferno, sem purgat\u00f3rio","datePublished":"2015-05-28T09:38:26+00:00","mainEntityOfPage":{"@id":"https:\/\/www.notibras.com\/site\/sem-publicidade-caminho-e-o-do-inferno-sem-purgatorio\/"},"wordCount":619,"commentCount":0,"publisher":{"@id":"https:\/\/www.notibras.com\/site\/#organization"},"image":{"@id":"https:\/\/www.notibras.com\/site\/sem-publicidade-caminho-e-o-do-inferno-sem-purgatorio\/#primaryimage"},"thumbnailUrl":"https:\/\/www.notibras.com\/site\/wp-content\/uploads\/2015\/05\/Business-161.jpg","articleSection":["Opina a\u00ed"],"inLanguage":"pt-BR","potentialAction":[{"@type":"CommentAction","name":"Comment","target":["https:\/\/www.notibras.com\/site\/sem-publicidade-caminho-e-o-do-inferno-sem-purgatorio\/#respond"]}]},{"@type":"WebPage","@id":"https:\/\/www.notibras.com\/site\/sem-publicidade-caminho-e-o-do-inferno-sem-purgatorio\/","url":"https:\/\/www.notibras.com\/site\/sem-publicidade-caminho-e-o-do-inferno-sem-purgatorio\/","name":"Sem publicidade, caminho \u00e9 o do inferno, sem purgat\u00f3rio - Notibras","isPartOf":{"@id":"https:\/\/www.notibras.com\/site\/#website"},"primaryImageOfPage":{"@id":"https:\/\/www.notibras.com\/site\/sem-publicidade-caminho-e-o-do-inferno-sem-purgatorio\/#primaryimage"},"image":{"@id":"https:\/\/www.notibras.com\/site\/sem-publicidade-caminho-e-o-do-inferno-sem-purgatorio\/#primaryimage"},"thumbnailUrl":"https:\/\/www.notibras.com\/site\/wp-content\/uploads\/2015\/05\/Business-161.jpg","datePublished":"2015-05-28T09:38:26+00:00","breadcrumb":{"@id":"https:\/\/www.notibras.com\/site\/sem-publicidade-caminho-e-o-do-inferno-sem-purgatorio\/#breadcrumb"},"inLanguage":"pt-BR","potentialAction":[{"@type":"ReadAction","target":["https:\/\/www.notibras.com\/site\/sem-publicidade-caminho-e-o-do-inferno-sem-purgatorio\/"]}]},{"@type":"ImageObject","inLanguage":"pt-BR","@id":"https:\/\/www.notibras.com\/site\/sem-publicidade-caminho-e-o-do-inferno-sem-purgatorio\/#primaryimage","url":"https:\/\/www.notibras.com\/site\/wp-content\/uploads\/2015\/05\/Business-161.jpg","contentUrl":"https:\/\/www.notibras.com\/site\/wp-content\/uploads\/2015\/05\/Business-161.jpg","width":950,"height":630},{"@type":"BreadcrumbList","@id":"https:\/\/www.notibras.com\/site\/sem-publicidade-caminho-e-o-do-inferno-sem-purgatorio\/#breadcrumb","itemListElement":[{"@type":"ListItem","position":1,"name":"In\u00edcio","item":"https:\/\/www.notibras.com\/site\/"},{"@type":"ListItem","position":2,"name":"Sem publicidade, caminho \u00e9 o do inferno, sem purgat\u00f3rio"}]},{"@type":"WebSite","@id":"https:\/\/www.notibras.com\/site\/#website","url":"https:\/\/www.notibras.com\/site\/","name":"Notibras","description":"Not\u00edcias de Bras\u00edlia, do Brasil e do Mundo","publisher":{"@id":"https:\/\/www.notibras.com\/site\/#organization"},"potentialAction":[{"@type":"SearchAction","target":{"@type":"EntryPoint","urlTemplate":"https:\/\/www.notibras.com\/site\/?s={search_term_string}"},"query-input":{"@type":"PropertyValueSpecification","valueRequired":true,"valueName":"search_term_string"}}],"inLanguage":"pt-BR"},{"@type":"Organization","@id":"https:\/\/www.notibras.com\/site\/#organization","name":"Grupo Notibras de Comunica\u00e7\u00e3o","url":"https:\/\/www.notibras.com\/site\/","logo":{"@type":"ImageObject","inLanguage":"pt-BR","@id":"https:\/\/www.notibras.com\/site\/#\/schema\/logo\/image\/","url":"https:\/\/www.notibras.com\/site\/wp-content\/uploads\/2023\/01\/notibras23.png","contentUrl":"https:\/\/www.notibras.com\/site\/wp-content\/uploads\/2023\/01\/notibras23.png","width":350,"height":87,"caption":"Grupo Notibras de Comunica\u00e7\u00e3o"},"image":{"@id":"https:\/\/www.notibras.com\/site\/#\/schema\/logo\/image\/"},"sameAs":["https:\/\/www.facebook.com\/notibras\/","https:\/\/x.com\/Notibras","https:\/\/www.instagram.com\/notibras\/"]},{"@type":"Person","@id":"https:\/\/www.notibras.com\/site\/#\/schema\/person\/36ab0979449956132d3e5b517ea76ac8","name":"Reda\u00e7\u00e3o","image":{"@type":"ImageObject","inLanguage":"pt-BR","@id":"https:\/\/secure.gravatar.com\/avatar\/e0a867bdedb85fd243eadf09663511f96fc81e0720a4a42581f334ad4303aa6b?s=96&d=mm&r=g","url":"https:\/\/secure.gravatar.com\/avatar\/e0a867bdedb85fd243eadf09663511f96fc81e0720a4a42581f334ad4303aa6b?s=96&d=mm&r=g","contentUrl":"https:\/\/secure.gravatar.com\/avatar\/e0a867bdedb85fd243eadf09663511f96fc81e0720a4a42581f334ad4303aa6b?s=96&d=mm&r=g","caption":"Reda\u00e7\u00e3o"}}]}},"amp_enabled":true,"_links":{"self":[{"href":"https:\/\/www.notibras.com\/site\/wp-json\/wp\/v2\/posts\/50986","targetHints":{"allow":["GET"]}}],"collection":[{"href":"https:\/\/www.notibras.com\/site\/wp-json\/wp\/v2\/posts"}],"about":[{"href":"https:\/\/www.notibras.com\/site\/wp-json\/wp\/v2\/types\/post"}],"author":[{"embeddable":true,"href":"https:\/\/www.notibras.com\/site\/wp-json\/wp\/v2\/users\/2"}],"replies":[{"embeddable":true,"href":"https:\/\/www.notibras.com\/site\/wp-json\/wp\/v2\/comments?post=50986"}],"version-history":[{"count":0,"href":"https:\/\/www.notibras.com\/site\/wp-json\/wp\/v2\/posts\/50986\/revisions"}],"wp:featuredmedia":[{"embeddable":true,"href":"https:\/\/www.notibras.com\/site\/wp-json\/wp\/v2\/media\/50987"}],"wp:attachment":[{"href":"https:\/\/www.notibras.com\/site\/wp-json\/wp\/v2\/media?parent=50986"}],"wp:term":[{"taxonomy":"category","embeddable":true,"href":"https:\/\/www.notibras.com\/site\/wp-json\/wp\/v2\/categories?post=50986"},{"taxonomy":"post_tag","embeddable":true,"href":"https:\/\/www.notibras.com\/site\/wp-json\/wp\/v2\/tags?post=50986"}],"curies":[{"name":"wp","href":"https:\/\/api.w.org\/{rel}","templated":true}]}}