{"id":51106,"date":"2015-05-28T20:59:37","date_gmt":"2015-05-28T23:59:37","guid":{"rendered":"http:\/\/www.notibras.com\/site\/?p=51106"},"modified":"2015-05-28T21:03:34","modified_gmt":"2015-05-29T00:03:34","slug":"esse-cara-vendo-video-porno-na-camara-sou-eu","status":"publish","type":"post","link":"https:\/\/www.notibras.com\/site\/esse-cara-vendo-video-porno-na-camara-sou-eu\/","title":{"rendered":"&#8216;Esse cara (vendo v\u00eddeo porn\u00f4 e fotos er\u00f3ticas na C\u00e2mara) sou eu&#8230;&#8217;"},"content":{"rendered":"<p>O epis\u00f3dio, realmente cinematogr\u00e1fico, foi essa semana, no Plen\u00e1rio da C\u00e2mara. Enquanto parlamentares debatiam e votavam trechos da reforma pol\u00edtica, o deputado catarinense Jo\u00e3o Rodrigues (PSD) foi flagrado por uma c\u00e2mera indiscreta do SBT assistindo, no celular, um v\u00eddeo pornogr\u00e1fico.<\/p>\n<p>Na reportagem levada ao ar pela emissora de S\u00edlvio Santos, Jo\u00e3o Rodrigues\u00a0aparece de costas. Al\u00e9m do filme porn\u00f4, tamb\u00e9m estaria supostamente se deliciando com fotos \u00edntimas de algumas mulheres.<\/p>\n<p>Na quinta-feira 28, o deputado se defendeu. \u201cNesses grupos de WhatsApp que eu tenho, todo mundo tem, tem muitos amigos que mandam muita sacanagem\u201d, informou Jo\u00e3o Rodrigues, 48 anos, casado e pai de duas filhas.<\/p>\n<p>&#8211; \u00c9 um amigo de WhatsApp e \u00e9 frequente isso. Na verdade, quando s\u00e3o coisas impr\u00f3prias, eu abro para ver do que se trata e vou apagando. Quando abri o WhatsApp, realmente tinham postado uma imagem impr\u00f3pria. Cutuquei o deputado do lado e mostrei pra ele: \u2018Olha que merda que mandaram\u2019. Ele olhou, riu, e eu apaguei. Porque quando eu chego\u00a0em casa eu tenho uma filha de 10 anos que pega meu celular para brincar\u201d, acrescentou.<\/p>\n<p>Nas imagens, o deputado aparece de costas. Mas assume que \u00e9 ele. Tanto, que emitiu a seguinte nota \u00e0 Imprensa:<\/p>\n<blockquote><p>\u201cGente amiga de Santa Catarina. Essa semana foi veiculada uma reportagem por uma emissora de Bras\u00edlia com 25 segundos onde um deputado federal aparece assistindo alguns v\u00eddeos impr\u00f3prios dentro do plen\u00e1rio da C\u00e2mara dos Deputados.O deputado aparece de costas e a reportagem n\u00e3o cita o nome. Mas eu cito: o deputado de costas sou eu, Jo\u00e3o Rodrigues.E pra tudo tem uma explica\u00e7\u00e3o: Eu participo de quase uma centena de grupos no whatsapp e durante o dia vou olhando e separando o joio do trigo. O que me interessa eu arquivo ou reenvio uma resposta e o que n\u00e3o me interessa eu apago. Era justamente isso que eu estava fazendo. Apagando o joio: conte\u00fado qualquer que n\u00e3o me interessa como parlamentar. Foi justamente nesta hora que um cinegrafista do SBT Bras\u00edlia captou as imagens. N\u00e3o s\u00f3 apaguei como exclui esse contato, que na falta do que fazer, fica enviando esses conte\u00fados impr\u00f3prios n\u00e3o s\u00f3 pra mim, como para milhares de pessoas. Se algu\u00e9m ficou incomodado com aquela imagem, esse algu\u00e9m sou eu\u201d.<\/p><\/blockquote>\n","protected":false},"excerpt":{"rendered":"<p>O epis\u00f3dio, realmente cinematogr\u00e1fico, foi essa semana, no Plen\u00e1rio da C\u00e2mara. Enquanto parlamentares debatiam e votavam trechos da reforma pol\u00edtica, o deputado catarinense Jo\u00e3o Rodrigues (PSD) foi flagrado por uma c\u00e2mera indiscreta do SBT assistindo, no celular, um v\u00eddeo pornogr\u00e1fico. Na reportagem levada ao ar pela emissora de S\u00edlvio Santos, Jo\u00e3o Rodrigues\u00a0aparece de costas. Al\u00e9m [&hellip;]<\/p>\n","protected":false},"author":2,"featured_media":51108,"comment_status":"open","ping_status":"closed","sticky":false,"template":"","format":"standard","meta":{"_acf_changed":false,"footnotes":""},"categories":[16],"tags":[],"class_list":["post-51106","post","type-post","status-publish","format-standard","has-post-thumbnail","hentry","category-brasil"],"acf":[],"yoast_head":"<!-- This site is optimized with the Yoast SEO plugin v27.2 - https:\/\/yoast.com\/product\/yoast-seo-wordpress\/ -->\n<title>&#039;Esse cara (vendo v\u00eddeo porn\u00f4 e fotos er\u00f3ticas na C\u00e2mara) sou eu...&#039; - Notibras<\/title>\n<meta name=\"robots\" content=\"index, follow, max-snippet:-1, max-image-preview:large, max-video-preview:-1\" \/>\n<link rel=\"canonical\" href=\"https:\/\/www.notibras.com\/site\/esse-cara-vendo-video-porno-na-camara-sou-eu\/\" \/>\n<meta property=\"og:locale\" content=\"pt_BR\" \/>\n<meta property=\"og:type\" content=\"article\" \/>\n<meta property=\"og:title\" content=\"&#039;Esse cara (vendo v\u00eddeo porn\u00f4 e fotos er\u00f3ticas na C\u00e2mara) sou eu...&#039; - Notibras\" \/>\n<meta property=\"og:description\" content=\"O epis\u00f3dio, realmente cinematogr\u00e1fico, foi essa semana, no Plen\u00e1rio da C\u00e2mara. Enquanto parlamentares debatiam e votavam trechos da reforma pol\u00edtica, o deputado catarinense Jo\u00e3o Rodrigues (PSD) foi flagrado por uma c\u00e2mera indiscreta do SBT assistindo, no celular, um v\u00eddeo pornogr\u00e1fico. Na reportagem levada ao ar pela emissora de S\u00edlvio Santos, Jo\u00e3o Rodrigues\u00a0aparece de costas. Al\u00e9m [&hellip;]\" \/>\n<meta property=\"og:url\" content=\"https:\/\/www.notibras.com\/site\/esse-cara-vendo-video-porno-na-camara-sou-eu\/\" \/>\n<meta property=\"og:site_name\" content=\"Notibras\" \/>\n<meta property=\"article:publisher\" content=\"https:\/\/www.facebook.com\/notibras\/\" \/>\n<meta property=\"article:published_time\" content=\"2015-05-28T23:59:37+00:00\" \/>\n<meta property=\"article:modified_time\" content=\"2015-05-29T00:03:34+00:00\" \/>\n<meta property=\"og:image\" content=\"https:\/\/www.notibras.com\/site\/wp-content\/uploads\/2015\/05\/5e67c683-7ec6-4321-a12d-a5c10c382f30.jpeg\" \/>\n\t<meta property=\"og:image:width\" content=\"768\" \/>\n\t<meta property=\"og:image:height\" content=\"512\" \/>\n\t<meta property=\"og:image:type\" content=\"image\/jpeg\" \/>\n<meta name=\"author\" content=\"Reda\u00e7\u00e3o\" \/>\n<meta name=\"twitter:card\" content=\"summary_large_image\" \/>\n<meta name=\"twitter:creator\" content=\"@Notibras\" \/>\n<meta name=\"twitter:site\" content=\"@Notibras\" \/>\n<meta name=\"twitter:label1\" content=\"Escrito por\" \/>\n\t<meta name=\"twitter:data1\" content=\"Reda\u00e7\u00e3o\" \/>\n\t<meta name=\"twitter:label2\" content=\"Est. tempo de leitura\" \/>\n\t<meta name=\"twitter:data2\" content=\"2 minutos\" \/>\n<script type=\"application\/ld+json\" class=\"yoast-schema-graph\">{\"@context\":\"https:\/\/schema.org\",\"@graph\":[{\"@type\":\"Article\",\"@id\":\"https:\/\/www.notibras.com\/site\/esse-cara-vendo-video-porno-na-camara-sou-eu\/#article\",\"isPartOf\":{\"@id\":\"https:\/\/www.notibras.com\/site\/esse-cara-vendo-video-porno-na-camara-sou-eu\/\"},\"author\":{\"name\":\"Reda\u00e7\u00e3o\",\"@id\":\"https:\/\/www.notibras.com\/site\/#\/schema\/person\/36ab0979449956132d3e5b517ea76ac8\"},\"headline\":\"&#8216;Esse cara (vendo v\u00eddeo porn\u00f4 e fotos er\u00f3ticas na C\u00e2mara) sou eu&#8230;&#8217;\",\"datePublished\":\"2015-05-28T23:59:37+00:00\",\"dateModified\":\"2015-05-29T00:03:34+00:00\",\"mainEntityOfPage\":{\"@id\":\"https:\/\/www.notibras.com\/site\/esse-cara-vendo-video-porno-na-camara-sou-eu\/\"},\"wordCount\":418,\"commentCount\":0,\"publisher\":{\"@id\":\"https:\/\/www.notibras.com\/site\/#organization\"},\"image\":{\"@id\":\"https:\/\/www.notibras.com\/site\/esse-cara-vendo-video-porno-na-camara-sou-eu\/#primaryimage\"},\"thumbnailUrl\":\"https:\/\/www.notibras.com\/site\/wp-content\/uploads\/2015\/05\/5e67c683-7ec6-4321-a12d-a5c10c382f30.jpeg\",\"articleSection\":[\"Brasil\"],\"inLanguage\":\"pt-BR\",\"potentialAction\":[{\"@type\":\"CommentAction\",\"name\":\"Comment\",\"target\":[\"https:\/\/www.notibras.com\/site\/esse-cara-vendo-video-porno-na-camara-sou-eu\/#respond\"]}]},{\"@type\":\"WebPage\",\"@id\":\"https:\/\/www.notibras.com\/site\/esse-cara-vendo-video-porno-na-camara-sou-eu\/\",\"url\":\"https:\/\/www.notibras.com\/site\/esse-cara-vendo-video-porno-na-camara-sou-eu\/\",\"name\":\"'Esse cara (vendo v\u00eddeo porn\u00f4 e fotos er\u00f3ticas na C\u00e2mara) sou eu...' - Notibras\",\"isPartOf\":{\"@id\":\"https:\/\/www.notibras.com\/site\/#website\"},\"primaryImageOfPage\":{\"@id\":\"https:\/\/www.notibras.com\/site\/esse-cara-vendo-video-porno-na-camara-sou-eu\/#primaryimage\"},\"image\":{\"@id\":\"https:\/\/www.notibras.com\/site\/esse-cara-vendo-video-porno-na-camara-sou-eu\/#primaryimage\"},\"thumbnailUrl\":\"https:\/\/www.notibras.com\/site\/wp-content\/uploads\/2015\/05\/5e67c683-7ec6-4321-a12d-a5c10c382f30.jpeg\",\"datePublished\":\"2015-05-28T23:59:37+00:00\",\"dateModified\":\"2015-05-29T00:03:34+00:00\",\"breadcrumb\":{\"@id\":\"https:\/\/www.notibras.com\/site\/esse-cara-vendo-video-porno-na-camara-sou-eu\/#breadcrumb\"},\"inLanguage\":\"pt-BR\",\"potentialAction\":[{\"@type\":\"ReadAction\",\"target\":[\"https:\/\/www.notibras.com\/site\/esse-cara-vendo-video-porno-na-camara-sou-eu\/\"]}]},{\"@type\":\"ImageObject\",\"inLanguage\":\"pt-BR\",\"@id\":\"https:\/\/www.notibras.com\/site\/esse-cara-vendo-video-porno-na-camara-sou-eu\/#primaryimage\",\"url\":\"https:\/\/www.notibras.com\/site\/wp-content\/uploads\/2015\/05\/5e67c683-7ec6-4321-a12d-a5c10c382f30.jpeg\",\"contentUrl\":\"https:\/\/www.notibras.com\/site\/wp-content\/uploads\/2015\/05\/5e67c683-7ec6-4321-a12d-a5c10c382f30.jpeg\",\"width\":768,\"height\":512},{\"@type\":\"BreadcrumbList\",\"@id\":\"https:\/\/www.notibras.com\/site\/esse-cara-vendo-video-porno-na-camara-sou-eu\/#breadcrumb\",\"itemListElement\":[{\"@type\":\"ListItem\",\"position\":1,\"name\":\"In\u00edcio\",\"item\":\"https:\/\/www.notibras.com\/site\/\"},{\"@type\":\"ListItem\",\"position\":2,\"name\":\"&#8216;Esse cara (vendo v\u00eddeo porn\u00f4 e fotos er\u00f3ticas na C\u00e2mara) sou eu&#8230;&#8217;\"}]},{\"@type\":\"WebSite\",\"@id\":\"https:\/\/www.notibras.com\/site\/#website\",\"url\":\"https:\/\/www.notibras.com\/site\/\",\"name\":\"Notibras\",\"description\":\"Not\u00edcias de Bras\u00edlia, do Brasil e do Mundo\",\"publisher\":{\"@id\":\"https:\/\/www.notibras.com\/site\/#organization\"},\"potentialAction\":[{\"@type\":\"SearchAction\",\"target\":{\"@type\":\"EntryPoint\",\"urlTemplate\":\"https:\/\/www.notibras.com\/site\/?s={search_term_string}\"},\"query-input\":{\"@type\":\"PropertyValueSpecification\",\"valueRequired\":true,\"valueName\":\"search_term_string\"}}],\"inLanguage\":\"pt-BR\"},{\"@type\":\"Organization\",\"@id\":\"https:\/\/www.notibras.com\/site\/#organization\",\"name\":\"Grupo Notibras de Comunica\u00e7\u00e3o\",\"url\":\"https:\/\/www.notibras.com\/site\/\",\"logo\":{\"@type\":\"ImageObject\",\"inLanguage\":\"pt-BR\",\"@id\":\"https:\/\/www.notibras.com\/site\/#\/schema\/logo\/image\/\",\"url\":\"https:\/\/www.notibras.com\/site\/wp-content\/uploads\/2023\/01\/notibras23.png\",\"contentUrl\":\"https:\/\/www.notibras.com\/site\/wp-content\/uploads\/2023\/01\/notibras23.png\",\"width\":350,\"height\":87,\"caption\":\"Grupo Notibras de Comunica\u00e7\u00e3o\"},\"image\":{\"@id\":\"https:\/\/www.notibras.com\/site\/#\/schema\/logo\/image\/\"},\"sameAs\":[\"https:\/\/www.facebook.com\/notibras\/\",\"https:\/\/x.com\/Notibras\",\"https:\/\/www.instagram.com\/notibras\/\"]},{\"@type\":\"Person\",\"@id\":\"https:\/\/www.notibras.com\/site\/#\/schema\/person\/36ab0979449956132d3e5b517ea76ac8\",\"name\":\"Reda\u00e7\u00e3o\",\"image\":{\"@type\":\"ImageObject\",\"inLanguage\":\"pt-BR\",\"@id\":\"https:\/\/secure.gravatar.com\/avatar\/e0a867bdedb85fd243eadf09663511f96fc81e0720a4a42581f334ad4303aa6b?s=96&d=mm&r=g\",\"url\":\"https:\/\/secure.gravatar.com\/avatar\/e0a867bdedb85fd243eadf09663511f96fc81e0720a4a42581f334ad4303aa6b?s=96&d=mm&r=g\",\"contentUrl\":\"https:\/\/secure.gravatar.com\/avatar\/e0a867bdedb85fd243eadf09663511f96fc81e0720a4a42581f334ad4303aa6b?s=96&d=mm&r=g\",\"caption\":\"Reda\u00e7\u00e3o\"}}]}<\/script>\n<!-- \/ Yoast SEO plugin. -->","yoast_head_json":{"title":"'Esse cara (vendo v\u00eddeo porn\u00f4 e fotos er\u00f3ticas na C\u00e2mara) sou eu...' - Notibras","robots":{"index":"index","follow":"follow","max-snippet":"max-snippet:-1","max-image-preview":"max-image-preview:large","max-video-preview":"max-video-preview:-1"},"canonical":"https:\/\/www.notibras.com\/site\/esse-cara-vendo-video-porno-na-camara-sou-eu\/","og_locale":"pt_BR","og_type":"article","og_title":"'Esse cara (vendo v\u00eddeo porn\u00f4 e fotos er\u00f3ticas na C\u00e2mara) sou eu...' - Notibras","og_description":"O epis\u00f3dio, realmente cinematogr\u00e1fico, foi essa semana, no Plen\u00e1rio da C\u00e2mara. Enquanto parlamentares debatiam e votavam trechos da reforma pol\u00edtica, o deputado catarinense Jo\u00e3o Rodrigues (PSD) foi flagrado por uma c\u00e2mera indiscreta do SBT assistindo, no celular, um v\u00eddeo pornogr\u00e1fico. Na reportagem levada ao ar pela emissora de S\u00edlvio Santos, Jo\u00e3o Rodrigues\u00a0aparece de costas. Al\u00e9m [&hellip;]","og_url":"https:\/\/www.notibras.com\/site\/esse-cara-vendo-video-porno-na-camara-sou-eu\/","og_site_name":"Notibras","article_publisher":"https:\/\/www.facebook.com\/notibras\/","article_published_time":"2015-05-28T23:59:37+00:00","article_modified_time":"2015-05-29T00:03:34+00:00","og_image":[{"width":768,"height":512,"url":"https:\/\/www.notibras.com\/site\/wp-content\/uploads\/2015\/05\/5e67c683-7ec6-4321-a12d-a5c10c382f30.jpeg","type":"image\/jpeg"}],"author":"Reda\u00e7\u00e3o","twitter_card":"summary_large_image","twitter_creator":"@Notibras","twitter_site":"@Notibras","twitter_misc":{"Escrito por":"Reda\u00e7\u00e3o","Est. tempo de leitura":"2 minutos"},"schema":{"@context":"https:\/\/schema.org","@graph":[{"@type":"Article","@id":"https:\/\/www.notibras.com\/site\/esse-cara-vendo-video-porno-na-camara-sou-eu\/#article","isPartOf":{"@id":"https:\/\/www.notibras.com\/site\/esse-cara-vendo-video-porno-na-camara-sou-eu\/"},"author":{"name":"Reda\u00e7\u00e3o","@id":"https:\/\/www.notibras.com\/site\/#\/schema\/person\/36ab0979449956132d3e5b517ea76ac8"},"headline":"&#8216;Esse cara (vendo v\u00eddeo porn\u00f4 e fotos er\u00f3ticas na C\u00e2mara) sou eu&#8230;&#8217;","datePublished":"2015-05-28T23:59:37+00:00","dateModified":"2015-05-29T00:03:34+00:00","mainEntityOfPage":{"@id":"https:\/\/www.notibras.com\/site\/esse-cara-vendo-video-porno-na-camara-sou-eu\/"},"wordCount":418,"commentCount":0,"publisher":{"@id":"https:\/\/www.notibras.com\/site\/#organization"},"image":{"@id":"https:\/\/www.notibras.com\/site\/esse-cara-vendo-video-porno-na-camara-sou-eu\/#primaryimage"},"thumbnailUrl":"https:\/\/www.notibras.com\/site\/wp-content\/uploads\/2015\/05\/5e67c683-7ec6-4321-a12d-a5c10c382f30.jpeg","articleSection":["Brasil"],"inLanguage":"pt-BR","potentialAction":[{"@type":"CommentAction","name":"Comment","target":["https:\/\/www.notibras.com\/site\/esse-cara-vendo-video-porno-na-camara-sou-eu\/#respond"]}]},{"@type":"WebPage","@id":"https:\/\/www.notibras.com\/site\/esse-cara-vendo-video-porno-na-camara-sou-eu\/","url":"https:\/\/www.notibras.com\/site\/esse-cara-vendo-video-porno-na-camara-sou-eu\/","name":"'Esse cara (vendo v\u00eddeo porn\u00f4 e fotos er\u00f3ticas na C\u00e2mara) sou eu...' - Notibras","isPartOf":{"@id":"https:\/\/www.notibras.com\/site\/#website"},"primaryImageOfPage":{"@id":"https:\/\/www.notibras.com\/site\/esse-cara-vendo-video-porno-na-camara-sou-eu\/#primaryimage"},"image":{"@id":"https:\/\/www.notibras.com\/site\/esse-cara-vendo-video-porno-na-camara-sou-eu\/#primaryimage"},"thumbnailUrl":"https:\/\/www.notibras.com\/site\/wp-content\/uploads\/2015\/05\/5e67c683-7ec6-4321-a12d-a5c10c382f30.jpeg","datePublished":"2015-05-28T23:59:37+00:00","dateModified":"2015-05-29T00:03:34+00:00","breadcrumb":{"@id":"https:\/\/www.notibras.com\/site\/esse-cara-vendo-video-porno-na-camara-sou-eu\/#breadcrumb"},"inLanguage":"pt-BR","potentialAction":[{"@type":"ReadAction","target":["https:\/\/www.notibras.com\/site\/esse-cara-vendo-video-porno-na-camara-sou-eu\/"]}]},{"@type":"ImageObject","inLanguage":"pt-BR","@id":"https:\/\/www.notibras.com\/site\/esse-cara-vendo-video-porno-na-camara-sou-eu\/#primaryimage","url":"https:\/\/www.notibras.com\/site\/wp-content\/uploads\/2015\/05\/5e67c683-7ec6-4321-a12d-a5c10c382f30.jpeg","contentUrl":"https:\/\/www.notibras.com\/site\/wp-content\/uploads\/2015\/05\/5e67c683-7ec6-4321-a12d-a5c10c382f30.jpeg","width":768,"height":512},{"@type":"BreadcrumbList","@id":"https:\/\/www.notibras.com\/site\/esse-cara-vendo-video-porno-na-camara-sou-eu\/#breadcrumb","itemListElement":[{"@type":"ListItem","position":1,"name":"In\u00edcio","item":"https:\/\/www.notibras.com\/site\/"},{"@type":"ListItem","position":2,"name":"&#8216;Esse cara (vendo v\u00eddeo porn\u00f4 e fotos er\u00f3ticas na C\u00e2mara) sou eu&#8230;&#8217;"}]},{"@type":"WebSite","@id":"https:\/\/www.notibras.com\/site\/#website","url":"https:\/\/www.notibras.com\/site\/","name":"Notibras","description":"Not\u00edcias de Bras\u00edlia, do Brasil e do Mundo","publisher":{"@id":"https:\/\/www.notibras.com\/site\/#organization"},"potentialAction":[{"@type":"SearchAction","target":{"@type":"EntryPoint","urlTemplate":"https:\/\/www.notibras.com\/site\/?s={search_term_string}"},"query-input":{"@type":"PropertyValueSpecification","valueRequired":true,"valueName":"search_term_string"}}],"inLanguage":"pt-BR"},{"@type":"Organization","@id":"https:\/\/www.notibras.com\/site\/#organization","name":"Grupo Notibras de Comunica\u00e7\u00e3o","url":"https:\/\/www.notibras.com\/site\/","logo":{"@type":"ImageObject","inLanguage":"pt-BR","@id":"https:\/\/www.notibras.com\/site\/#\/schema\/logo\/image\/","url":"https:\/\/www.notibras.com\/site\/wp-content\/uploads\/2023\/01\/notibras23.png","contentUrl":"https:\/\/www.notibras.com\/site\/wp-content\/uploads\/2023\/01\/notibras23.png","width":350,"height":87,"caption":"Grupo Notibras de Comunica\u00e7\u00e3o"},"image":{"@id":"https:\/\/www.notibras.com\/site\/#\/schema\/logo\/image\/"},"sameAs":["https:\/\/www.facebook.com\/notibras\/","https:\/\/x.com\/Notibras","https:\/\/www.instagram.com\/notibras\/"]},{"@type":"Person","@id":"https:\/\/www.notibras.com\/site\/#\/schema\/person\/36ab0979449956132d3e5b517ea76ac8","name":"Reda\u00e7\u00e3o","image":{"@type":"ImageObject","inLanguage":"pt-BR","@id":"https:\/\/secure.gravatar.com\/avatar\/e0a867bdedb85fd243eadf09663511f96fc81e0720a4a42581f334ad4303aa6b?s=96&d=mm&r=g","url":"https:\/\/secure.gravatar.com\/avatar\/e0a867bdedb85fd243eadf09663511f96fc81e0720a4a42581f334ad4303aa6b?s=96&d=mm&r=g","contentUrl":"https:\/\/secure.gravatar.com\/avatar\/e0a867bdedb85fd243eadf09663511f96fc81e0720a4a42581f334ad4303aa6b?s=96&d=mm&r=g","caption":"Reda\u00e7\u00e3o"}}]}},"amp_enabled":true,"_links":{"self":[{"href":"https:\/\/www.notibras.com\/site\/wp-json\/wp\/v2\/posts\/51106","targetHints":{"allow":["GET"]}}],"collection":[{"href":"https:\/\/www.notibras.com\/site\/wp-json\/wp\/v2\/posts"}],"about":[{"href":"https:\/\/www.notibras.com\/site\/wp-json\/wp\/v2\/types\/post"}],"author":[{"embeddable":true,"href":"https:\/\/www.notibras.com\/site\/wp-json\/wp\/v2\/users\/2"}],"replies":[{"embeddable":true,"href":"https:\/\/www.notibras.com\/site\/wp-json\/wp\/v2\/comments?post=51106"}],"version-history":[{"count":0,"href":"https:\/\/www.notibras.com\/site\/wp-json\/wp\/v2\/posts\/51106\/revisions"}],"wp:featuredmedia":[{"embeddable":true,"href":"https:\/\/www.notibras.com\/site\/wp-json\/wp\/v2\/media\/51108"}],"wp:attachment":[{"href":"https:\/\/www.notibras.com\/site\/wp-json\/wp\/v2\/media?parent=51106"}],"wp:term":[{"taxonomy":"category","embeddable":true,"href":"https:\/\/www.notibras.com\/site\/wp-json\/wp\/v2\/categories?post=51106"},{"taxonomy":"post_tag","embeddable":true,"href":"https:\/\/www.notibras.com\/site\/wp-json\/wp\/v2\/tags?post=51106"}],"curies":[{"name":"wp","href":"https:\/\/api.w.org\/{rel}","templated":true}]}}