{"id":51155,"date":"2015-05-29T08:38:14","date_gmt":"2015-05-29T11:38:14","guid":{"rendered":"http:\/\/www.notibras.com\/site\/?p=51155"},"modified":"2015-05-29T08:38:14","modified_gmt":"2015-05-29T11:38:14","slug":"responda-com-franqueza-vale-a-pena-viver-em-condominio-fechado","status":"publish","type":"post","link":"https:\/\/www.notibras.com\/site\/responda-com-franqueza-vale-a-pena-viver-em-condominio-fechado\/","title":{"rendered":"Responda com franqueza. Vale a pena viver em condom\u00ednio fechado?"},"content":{"rendered":"<p>Com o aparecimento dos primeiros condom\u00ednios [ditos fechados], inicialmente no Rio de Janeiro e em S\u00e3o Paulo na d\u00e9cada de 70 seus residentes passaram a viver dentro de uma falsa sensa\u00e7\u00e3o de seguran\u00e7a em enclaves fortificados que levaram, na mesma propor\u00e7\u00e3o, ao surgimento e o crescimento dos shopping centers.<\/p>\n<p>Essa tentativa de isolamento, motivada por uma busca fren\u00e9tica por mais seguran\u00e7a conduziu a uma distor\u00e7\u00e3o do real e verdadeiro sentido da realidade urbana com um consequente afastamento de muitos dos espa\u00e7os p\u00fablicos, em detrimento de uma esperan\u00e7a de alcan\u00e7ar uma melhor conviv\u00eancia social e familiar nas cidades.<\/p>\n<p>Em princ\u00edpio, n\u00e3o se pode deixar de contestar o tipo de vida que \u00e9 aquele propiciado nos condom\u00ednios fechados, onde a no\u00e7\u00e3o de casa, em seu princ\u00edpio basilar, n\u00e3o existe porque ela s\u00f3 pode ser entendida na real dimens\u00e3o de uma cidade, atrav\u00e9s da exist\u00eancia do fornecimento de energia el\u00e9trica, da exist\u00eancia de servi\u00e7o de saneamento b\u00e1sico e da pr\u00f3pria liga\u00e7\u00e3o com os demais elementos de uma cidade, para que de fato seja uma unidade insepar\u00e1vel de um todo urbano. Caso contr\u00e1rio, estaremos diante de uma vis\u00e3o, em que a casa \u00e9 meramente um abrigo, e n\u00e3o um bem coletivo do qual a fam\u00edlia usufrui.<\/p>\n<p>N\u00e3o \u00e9 poss\u00edvel contestar que a partir da d\u00e9cada de 1980, com o surgimento e o aumento destes bunkers fortificados, deparamos- nos com uma febre de moradias em edif\u00edcios e grandes lotes fechados, imitada por muitos outros pr\u00e9dios, que abandonaram uma melhor concep\u00e7\u00e3o inicial, a de integra\u00e7\u00e3o com o espa\u00e7o p\u00fablico, para tamb\u00e9m passarem a se fechar.<\/p>\n<blockquote><p>Para tanto, contribuiu uma forte campanha de marketing que, de forma falsa, buscou associar a vida nesses lugares com um ideal de felicidade, o que nunca foi real. Justificaram-se tais campanhas em raz\u00e3o de uma histeria provocada pela m\u00eddia, Jornais, R\u00e1dios e canais de TV que enfatizavam a viol\u00eancia metropolitana, divulgando-a de forma sensacionalista com, quase sempre, o acompanhamento de an\u00e1lises distorcidas e simpl\u00f3rias sobre este fen\u00f4meno.<\/p><\/blockquote>\n<p>Junte-se a essa vis\u00e3o equivocada a falta de organiza\u00e7\u00e3o das grandes cidades e metr\u00f3poles e teremos a verdadeira raz\u00e3o para t\u00e3o elevada e desenfreada multiplica\u00e7\u00e3o desses condom\u00ednios fechados.<\/p>\n<p>Estat\u00edsticas confi\u00e1veis revelam que somente no eixo RIO-SP contaremos em 2015 com mais de 800 edifica\u00e7\u00f5es desse tipo, segundo levantamentos feitos por \u00f3rg\u00e3os representativos dos condom\u00ednios.<\/p>\n<p>Cabe a pergunta: n\u00e3o \u00e9 este mito da seguran\u00e7a que alimenta a prolifera\u00e7\u00e3o de shoppings e de condom\u00ednios fechados na cidade? N\u00e3o ser\u00e1 que ao se criar essa s\u00edndrome da inseguran\u00e7a o que se pretendeu e se conseguiu foi vender a \u201cind\u00fastria da seguran\u00e7a\u201d, levando seres humanos e tantas fam\u00edlias a viverem blindadas, dentro de condom\u00ednios fechados?<\/p>\n<p>Essa ind\u00fastria movimenta valores que a maioria desconhece e emprega na atualidade em todo o Brasil mais de 500.000 agentes, muitos deles sem nenhuma qualifica\u00e7\u00e3o sendo que a maioria \u00e9 desprovida de condi\u00e7\u00f5es profissionais elementares ideais que os tornem aptos ao seu mister.<\/p>\n<p>Para quem de fato aprecia analisar e refletir sobre a nossa sociedade \u00e9 f\u00e1cil de entender que a op\u00e7\u00e3o de viver em espa\u00e7os enclausurados, onde a sociedade est\u00e1 sob um maior controle, nos faz recordar realidades hist\u00f3ricas j\u00e1 vividas e vivenciadas pelo Homem. Lembremos que na \u00e9poca medieval, os indiv\u00edduos considerados indesej\u00e1veis, leprosos, deficientes mentais, aleijados e miser\u00e1veis eram jogados em locais distantes onde eram confinados, atrav\u00e9s da dor e da disciplina, para serem &#8220;ajustados \u00e0 conduta daquelas sociedades&#8221;.<\/p>\n<p>Nessas sociedades sob controle, cada indiv\u00edduo, com receio do outro, estava e cada vez mais est\u00e1 a controlar a conduta daquele pr\u00f3ximo, atrav\u00e9s dos mais diversos aparatos tecnol\u00f3gicos e da restri\u00e7\u00e3o consciente de sua liberdade individual, bem como a dos demais. Em uma sociedade, onde se busca implantar este tipo de &#8220;controle&#8221; de forma progressiva em nossas cidades, o \u00edcone principal \u00e9 a c\u00e2mera de seguran\u00e7a para que se possa exercer em per\u00edmetros largos uma total e plena vigil\u00e2ncia.<\/p>\n<p>Junte-se a tais distor\u00e7\u00f5es a cren\u00e7a, por parte de muitos indiv\u00edduos, que comprando uma resid\u00eancia em um certo conjunto residencial, ele e a sua fam\u00edlia ter\u00e3o uma vida segura, vigiada por tais c\u00e2meras. Pior: que ela ser\u00e1 tranquila e pac\u00edfica, porque controlada atrav\u00e9s de regras pr\u00e9-estabelecidas por pessoas com o mesmo poder aquisitivo e de um mesmo n\u00edvel cultural, econ\u00f4mico e social.<\/p>\n<p>A prolifera\u00e7\u00e3o dos shoppings nas grandes cidades e metr\u00f3poles ( acredita-se que hoje em todo o Brasil totalizem cerca de 1 200) une-se \u00e0quela dos enclaves fortificados. Mas, para gaudio daqueles que defendem outros princ\u00edpios de conviv\u00eancia familiar e social, muitos edif\u00edcios ainda buscam uma saud\u00e1vel conviv\u00eancia de seus condom\u00ednios com o espa\u00e7o p\u00fablico demonstrando que \u00e9 vi\u00e1vel e poss\u00edvel um conv\u00edvio social entre os diferentes.<\/p>\n<p>Esse conv\u00edvio certamente implicar\u00e1 numa maior responsabilidade social no planejamento urbano de nossas cidades e numa maior integra\u00e7\u00e3o desses condom\u00ednios fechados com aqueles que continuam abertos ao contr\u00e1rio do que ocorre no presente, onde o caos urbano cada dia se acentua mais e mais, levando muitos a se exclu\u00edrem do conjunto de seu bairro e da sua cidade.<\/p>\n<p>A cidade fechada em condom\u00ednios e shoppings lembra aquilo que o escritor portugu\u00eas Jos\u00e9 Saramago aponta, em O Ensaio sobre a Cegueira, quando menciona que a nossa sociedade perdeu a bondade e generosidade e que todos, sem exce\u00e7\u00e3o, tornaram-se v\u00edtimas de uma cegueira branca.<\/p>\n<p>De fato se n\u00e3o percebemos que antes da cria\u00e7\u00e3o dos grandes e majestosos planos de urbanismo temos que cultivar o sentido de urbanidade, onde deve existir um &#8221; gostar dos outros e um querer bem ao seu vizinho &#8221; n\u00e3o chegaremos a lugar nenhum.<\/p>\n<p>Sim, com a aus\u00eancia de uma melhor conviv\u00eancia social a vida se tornar\u00e1 cada vez mais uma prisioneira de bunkers e de pris\u00f5es com c\u00e3es, guardas armados e c\u00e2meras de vigil\u00e2ncia que controlar\u00e3o cada vez mais cada ser humano.<\/p>\n<p>Ser\u00e1 essa a f\u00f3rmula m\u00e1gica para se viver bem?<\/p>\n<p><strong>Roberto Romanelli Maia<\/strong><\/p>\n","protected":false},"excerpt":{"rendered":"<p>Com o aparecimento dos primeiros condom\u00ednios [ditos fechados], inicialmente no Rio de Janeiro e em S\u00e3o Paulo na d\u00e9cada de 70 seus residentes passaram a viver dentro de uma falsa sensa\u00e7\u00e3o de seguran\u00e7a em enclaves fortificados que levaram, na mesma propor\u00e7\u00e3o, ao surgimento e o crescimento dos shopping centers. Essa tentativa de isolamento, motivada por [&hellip;]<\/p>\n","protected":false},"author":2,"featured_media":51156,"comment_status":"open","ping_status":"closed","sticky":false,"template":"","format":"standard","meta":{"_acf_changed":false,"footnotes":""},"categories":[25],"tags":[],"class_list":["post-51155","post","type-post","status-publish","format-standard","has-post-thumbnail","hentry","category-opina-ai"],"acf":[],"yoast_head":"<!-- This site is optimized with the Yoast SEO plugin v27.5 - https:\/\/yoast.com\/product\/yoast-seo-wordpress\/ -->\n<title>Responda com franqueza. Vale a pena viver em condom\u00ednio fechado? - Notibras<\/title>\n<meta name=\"robots\" content=\"index, follow, max-snippet:-1, max-image-preview:large, max-video-preview:-1\" \/>\n<link rel=\"canonical\" href=\"https:\/\/www.notibras.com\/site\/responda-com-franqueza-vale-a-pena-viver-em-condominio-fechado\/\" \/>\n<meta property=\"og:locale\" content=\"pt_BR\" \/>\n<meta property=\"og:type\" content=\"article\" \/>\n<meta property=\"og:title\" content=\"Responda com franqueza. Vale a pena viver em condom\u00ednio fechado? - Notibras\" \/>\n<meta property=\"og:description\" content=\"Com o aparecimento dos primeiros condom\u00ednios [ditos fechados], inicialmente no Rio de Janeiro e em S\u00e3o Paulo na d\u00e9cada de 70 seus residentes passaram a viver dentro de uma falsa sensa\u00e7\u00e3o de seguran\u00e7a em enclaves fortificados que levaram, na mesma propor\u00e7\u00e3o, ao surgimento e o crescimento dos shopping centers. Essa tentativa de isolamento, motivada por [&hellip;]\" \/>\n<meta property=\"og:url\" content=\"https:\/\/www.notibras.com\/site\/responda-com-franqueza-vale-a-pena-viver-em-condominio-fechado\/\" \/>\n<meta property=\"og:site_name\" content=\"Notibras\" \/>\n<meta property=\"article:publisher\" content=\"https:\/\/www.facebook.com\/notibras\/\" \/>\n<meta property=\"article:published_time\" content=\"2015-05-29T11:38:14+00:00\" \/>\n<meta property=\"og:image\" content=\"https:\/\/www.notibras.com\/site\/wp-content\/uploads\/2015\/05\/casas-em-condominio-fechado-15.jpg\" \/>\n\t<meta property=\"og:image:width\" content=\"400\" \/>\n\t<meta property=\"og:image:height\" content=\"300\" \/>\n\t<meta property=\"og:image:type\" content=\"image\/jpeg\" \/>\n<meta name=\"author\" content=\"Reda\u00e7\u00e3o\" \/>\n<meta name=\"twitter:card\" content=\"summary_large_image\" \/>\n<meta name=\"twitter:creator\" content=\"@Notibras\" \/>\n<meta name=\"twitter:site\" content=\"@Notibras\" \/>\n<meta name=\"twitter:label1\" content=\"Escrito por\" \/>\n\t<meta name=\"twitter:data1\" content=\"Reda\u00e7\u00e3o\" \/>\n\t<meta name=\"twitter:label2\" content=\"Est. tempo de leitura\" \/>\n\t<meta name=\"twitter:data2\" content=\"5 minutos\" \/>\n<script type=\"application\/ld+json\" class=\"yoast-schema-graph\">{\"@context\":\"https:\\\/\\\/schema.org\",\"@graph\":[{\"@type\":\"Article\",\"@id\":\"https:\\\/\\\/www.notibras.com\\\/site\\\/responda-com-franqueza-vale-a-pena-viver-em-condominio-fechado\\\/#article\",\"isPartOf\":{\"@id\":\"https:\\\/\\\/www.notibras.com\\\/site\\\/responda-com-franqueza-vale-a-pena-viver-em-condominio-fechado\\\/\"},\"author\":{\"name\":\"Reda\u00e7\u00e3o\",\"@id\":\"https:\\\/\\\/www.notibras.com\\\/site\\\/#\\\/schema\\\/person\\\/36ab0979449956132d3e5b517ea76ac8\"},\"headline\":\"Responda com franqueza. Vale a pena viver em condom\u00ednio fechado?\",\"datePublished\":\"2015-05-29T11:38:14+00:00\",\"mainEntityOfPage\":{\"@id\":\"https:\\\/\\\/www.notibras.com\\\/site\\\/responda-com-franqueza-vale-a-pena-viver-em-condominio-fechado\\\/\"},\"wordCount\":1095,\"commentCount\":0,\"publisher\":{\"@id\":\"https:\\\/\\\/www.notibras.com\\\/site\\\/#organization\"},\"image\":{\"@id\":\"https:\\\/\\\/www.notibras.com\\\/site\\\/responda-com-franqueza-vale-a-pena-viver-em-condominio-fechado\\\/#primaryimage\"},\"thumbnailUrl\":\"https:\\\/\\\/www.notibras.com\\\/site\\\/wp-content\\\/uploads\\\/2015\\\/05\\\/casas-em-condominio-fechado-15.jpg\",\"articleSection\":[\"Opina a\u00ed\"],\"inLanguage\":\"pt-BR\",\"potentialAction\":[{\"@type\":\"CommentAction\",\"name\":\"Comment\",\"target\":[\"https:\\\/\\\/www.notibras.com\\\/site\\\/responda-com-franqueza-vale-a-pena-viver-em-condominio-fechado\\\/#respond\"]}]},{\"@type\":\"WebPage\",\"@id\":\"https:\\\/\\\/www.notibras.com\\\/site\\\/responda-com-franqueza-vale-a-pena-viver-em-condominio-fechado\\\/\",\"url\":\"https:\\\/\\\/www.notibras.com\\\/site\\\/responda-com-franqueza-vale-a-pena-viver-em-condominio-fechado\\\/\",\"name\":\"Responda com franqueza. Vale a pena viver em condom\u00ednio fechado? - Notibras\",\"isPartOf\":{\"@id\":\"https:\\\/\\\/www.notibras.com\\\/site\\\/#website\"},\"primaryImageOfPage\":{\"@id\":\"https:\\\/\\\/www.notibras.com\\\/site\\\/responda-com-franqueza-vale-a-pena-viver-em-condominio-fechado\\\/#primaryimage\"},\"image\":{\"@id\":\"https:\\\/\\\/www.notibras.com\\\/site\\\/responda-com-franqueza-vale-a-pena-viver-em-condominio-fechado\\\/#primaryimage\"},\"thumbnailUrl\":\"https:\\\/\\\/www.notibras.com\\\/site\\\/wp-content\\\/uploads\\\/2015\\\/05\\\/casas-em-condominio-fechado-15.jpg\",\"datePublished\":\"2015-05-29T11:38:14+00:00\",\"breadcrumb\":{\"@id\":\"https:\\\/\\\/www.notibras.com\\\/site\\\/responda-com-franqueza-vale-a-pena-viver-em-condominio-fechado\\\/#breadcrumb\"},\"inLanguage\":\"pt-BR\",\"potentialAction\":[{\"@type\":\"ReadAction\",\"target\":[\"https:\\\/\\\/www.notibras.com\\\/site\\\/responda-com-franqueza-vale-a-pena-viver-em-condominio-fechado\\\/\"]}]},{\"@type\":\"ImageObject\",\"inLanguage\":\"pt-BR\",\"@id\":\"https:\\\/\\\/www.notibras.com\\\/site\\\/responda-com-franqueza-vale-a-pena-viver-em-condominio-fechado\\\/#primaryimage\",\"url\":\"https:\\\/\\\/www.notibras.com\\\/site\\\/wp-content\\\/uploads\\\/2015\\\/05\\\/casas-em-condominio-fechado-15.jpg\",\"contentUrl\":\"https:\\\/\\\/www.notibras.com\\\/site\\\/wp-content\\\/uploads\\\/2015\\\/05\\\/casas-em-condominio-fechado-15.jpg\",\"width\":400,\"height\":300},{\"@type\":\"BreadcrumbList\",\"@id\":\"https:\\\/\\\/www.notibras.com\\\/site\\\/responda-com-franqueza-vale-a-pena-viver-em-condominio-fechado\\\/#breadcrumb\",\"itemListElement\":[{\"@type\":\"ListItem\",\"position\":1,\"name\":\"In\u00edcio\",\"item\":\"https:\\\/\\\/www.notibras.com\\\/site\\\/\"},{\"@type\":\"ListItem\",\"position\":2,\"name\":\"Responda com franqueza. Vale a pena viver em condom\u00ednio fechado?\"}]},{\"@type\":\"WebSite\",\"@id\":\"https:\\\/\\\/www.notibras.com\\\/site\\\/#website\",\"url\":\"https:\\\/\\\/www.notibras.com\\\/site\\\/\",\"name\":\"Notibras\",\"description\":\"Not\u00edcias de Bras\u00edlia, do Brasil e do Mundo\",\"publisher\":{\"@id\":\"https:\\\/\\\/www.notibras.com\\\/site\\\/#organization\"},\"potentialAction\":[{\"@type\":\"SearchAction\",\"target\":{\"@type\":\"EntryPoint\",\"urlTemplate\":\"https:\\\/\\\/www.notibras.com\\\/site\\\/?s={search_term_string}\"},\"query-input\":{\"@type\":\"PropertyValueSpecification\",\"valueRequired\":true,\"valueName\":\"search_term_string\"}}],\"inLanguage\":\"pt-BR\"},{\"@type\":\"Organization\",\"@id\":\"https:\\\/\\\/www.notibras.com\\\/site\\\/#organization\",\"name\":\"Grupo Notibras de Comunica\u00e7\u00e3o\",\"url\":\"https:\\\/\\\/www.notibras.com\\\/site\\\/\",\"logo\":{\"@type\":\"ImageObject\",\"inLanguage\":\"pt-BR\",\"@id\":\"https:\\\/\\\/www.notibras.com\\\/site\\\/#\\\/schema\\\/logo\\\/image\\\/\",\"url\":\"https:\\\/\\\/www.notibras.com\\\/site\\\/wp-content\\\/uploads\\\/2023\\\/01\\\/notibras23.png\",\"contentUrl\":\"https:\\\/\\\/www.notibras.com\\\/site\\\/wp-content\\\/uploads\\\/2023\\\/01\\\/notibras23.png\",\"width\":350,\"height\":87,\"caption\":\"Grupo Notibras de Comunica\u00e7\u00e3o\"},\"image\":{\"@id\":\"https:\\\/\\\/www.notibras.com\\\/site\\\/#\\\/schema\\\/logo\\\/image\\\/\"},\"sameAs\":[\"https:\\\/\\\/www.facebook.com\\\/notibras\\\/\",\"https:\\\/\\\/x.com\\\/Notibras\",\"https:\\\/\\\/www.instagram.com\\\/notibras\\\/\"]},{\"@type\":\"Person\",\"@id\":\"https:\\\/\\\/www.notibras.com\\\/site\\\/#\\\/schema\\\/person\\\/36ab0979449956132d3e5b517ea76ac8\",\"name\":\"Reda\u00e7\u00e3o\",\"image\":{\"@type\":\"ImageObject\",\"inLanguage\":\"pt-BR\",\"@id\":\"https:\\\/\\\/secure.gravatar.com\\\/avatar\\\/e0a867bdedb85fd243eadf09663511f96fc81e0720a4a42581f334ad4303aa6b?s=96&d=mm&r=g\",\"url\":\"https:\\\/\\\/secure.gravatar.com\\\/avatar\\\/e0a867bdedb85fd243eadf09663511f96fc81e0720a4a42581f334ad4303aa6b?s=96&d=mm&r=g\",\"contentUrl\":\"https:\\\/\\\/secure.gravatar.com\\\/avatar\\\/e0a867bdedb85fd243eadf09663511f96fc81e0720a4a42581f334ad4303aa6b?s=96&d=mm&r=g\",\"caption\":\"Reda\u00e7\u00e3o\"}}]}<\/script>\n<!-- \/ Yoast SEO plugin. -->","yoast_head_json":{"title":"Responda com franqueza. Vale a pena viver em condom\u00ednio fechado? - Notibras","robots":{"index":"index","follow":"follow","max-snippet":"max-snippet:-1","max-image-preview":"max-image-preview:large","max-video-preview":"max-video-preview:-1"},"canonical":"https:\/\/www.notibras.com\/site\/responda-com-franqueza-vale-a-pena-viver-em-condominio-fechado\/","og_locale":"pt_BR","og_type":"article","og_title":"Responda com franqueza. Vale a pena viver em condom\u00ednio fechado? - Notibras","og_description":"Com o aparecimento dos primeiros condom\u00ednios [ditos fechados], inicialmente no Rio de Janeiro e em S\u00e3o Paulo na d\u00e9cada de 70 seus residentes passaram a viver dentro de uma falsa sensa\u00e7\u00e3o de seguran\u00e7a em enclaves fortificados que levaram, na mesma propor\u00e7\u00e3o, ao surgimento e o crescimento dos shopping centers. Essa tentativa de isolamento, motivada por [&hellip;]","og_url":"https:\/\/www.notibras.com\/site\/responda-com-franqueza-vale-a-pena-viver-em-condominio-fechado\/","og_site_name":"Notibras","article_publisher":"https:\/\/www.facebook.com\/notibras\/","article_published_time":"2015-05-29T11:38:14+00:00","og_image":[{"width":400,"height":300,"url":"https:\/\/www.notibras.com\/site\/wp-content\/uploads\/2015\/05\/casas-em-condominio-fechado-15.jpg","type":"image\/jpeg"}],"author":"Reda\u00e7\u00e3o","twitter_card":"summary_large_image","twitter_creator":"@Notibras","twitter_site":"@Notibras","twitter_misc":{"Escrito por":"Reda\u00e7\u00e3o","Est. tempo de leitura":"5 minutos"},"schema":{"@context":"https:\/\/schema.org","@graph":[{"@type":"Article","@id":"https:\/\/www.notibras.com\/site\/responda-com-franqueza-vale-a-pena-viver-em-condominio-fechado\/#article","isPartOf":{"@id":"https:\/\/www.notibras.com\/site\/responda-com-franqueza-vale-a-pena-viver-em-condominio-fechado\/"},"author":{"name":"Reda\u00e7\u00e3o","@id":"https:\/\/www.notibras.com\/site\/#\/schema\/person\/36ab0979449956132d3e5b517ea76ac8"},"headline":"Responda com franqueza. Vale a pena viver em condom\u00ednio fechado?","datePublished":"2015-05-29T11:38:14+00:00","mainEntityOfPage":{"@id":"https:\/\/www.notibras.com\/site\/responda-com-franqueza-vale-a-pena-viver-em-condominio-fechado\/"},"wordCount":1095,"commentCount":0,"publisher":{"@id":"https:\/\/www.notibras.com\/site\/#organization"},"image":{"@id":"https:\/\/www.notibras.com\/site\/responda-com-franqueza-vale-a-pena-viver-em-condominio-fechado\/#primaryimage"},"thumbnailUrl":"https:\/\/www.notibras.com\/site\/wp-content\/uploads\/2015\/05\/casas-em-condominio-fechado-15.jpg","articleSection":["Opina a\u00ed"],"inLanguage":"pt-BR","potentialAction":[{"@type":"CommentAction","name":"Comment","target":["https:\/\/www.notibras.com\/site\/responda-com-franqueza-vale-a-pena-viver-em-condominio-fechado\/#respond"]}]},{"@type":"WebPage","@id":"https:\/\/www.notibras.com\/site\/responda-com-franqueza-vale-a-pena-viver-em-condominio-fechado\/","url":"https:\/\/www.notibras.com\/site\/responda-com-franqueza-vale-a-pena-viver-em-condominio-fechado\/","name":"Responda com franqueza. Vale a pena viver em condom\u00ednio fechado? - Notibras","isPartOf":{"@id":"https:\/\/www.notibras.com\/site\/#website"},"primaryImageOfPage":{"@id":"https:\/\/www.notibras.com\/site\/responda-com-franqueza-vale-a-pena-viver-em-condominio-fechado\/#primaryimage"},"image":{"@id":"https:\/\/www.notibras.com\/site\/responda-com-franqueza-vale-a-pena-viver-em-condominio-fechado\/#primaryimage"},"thumbnailUrl":"https:\/\/www.notibras.com\/site\/wp-content\/uploads\/2015\/05\/casas-em-condominio-fechado-15.jpg","datePublished":"2015-05-29T11:38:14+00:00","breadcrumb":{"@id":"https:\/\/www.notibras.com\/site\/responda-com-franqueza-vale-a-pena-viver-em-condominio-fechado\/#breadcrumb"},"inLanguage":"pt-BR","potentialAction":[{"@type":"ReadAction","target":["https:\/\/www.notibras.com\/site\/responda-com-franqueza-vale-a-pena-viver-em-condominio-fechado\/"]}]},{"@type":"ImageObject","inLanguage":"pt-BR","@id":"https:\/\/www.notibras.com\/site\/responda-com-franqueza-vale-a-pena-viver-em-condominio-fechado\/#primaryimage","url":"https:\/\/www.notibras.com\/site\/wp-content\/uploads\/2015\/05\/casas-em-condominio-fechado-15.jpg","contentUrl":"https:\/\/www.notibras.com\/site\/wp-content\/uploads\/2015\/05\/casas-em-condominio-fechado-15.jpg","width":400,"height":300},{"@type":"BreadcrumbList","@id":"https:\/\/www.notibras.com\/site\/responda-com-franqueza-vale-a-pena-viver-em-condominio-fechado\/#breadcrumb","itemListElement":[{"@type":"ListItem","position":1,"name":"In\u00edcio","item":"https:\/\/www.notibras.com\/site\/"},{"@type":"ListItem","position":2,"name":"Responda com franqueza. Vale a pena viver em condom\u00ednio fechado?"}]},{"@type":"WebSite","@id":"https:\/\/www.notibras.com\/site\/#website","url":"https:\/\/www.notibras.com\/site\/","name":"Notibras","description":"Not\u00edcias de Bras\u00edlia, do Brasil e do Mundo","publisher":{"@id":"https:\/\/www.notibras.com\/site\/#organization"},"potentialAction":[{"@type":"SearchAction","target":{"@type":"EntryPoint","urlTemplate":"https:\/\/www.notibras.com\/site\/?s={search_term_string}"},"query-input":{"@type":"PropertyValueSpecification","valueRequired":true,"valueName":"search_term_string"}}],"inLanguage":"pt-BR"},{"@type":"Organization","@id":"https:\/\/www.notibras.com\/site\/#organization","name":"Grupo Notibras de Comunica\u00e7\u00e3o","url":"https:\/\/www.notibras.com\/site\/","logo":{"@type":"ImageObject","inLanguage":"pt-BR","@id":"https:\/\/www.notibras.com\/site\/#\/schema\/logo\/image\/","url":"https:\/\/www.notibras.com\/site\/wp-content\/uploads\/2023\/01\/notibras23.png","contentUrl":"https:\/\/www.notibras.com\/site\/wp-content\/uploads\/2023\/01\/notibras23.png","width":350,"height":87,"caption":"Grupo Notibras de Comunica\u00e7\u00e3o"},"image":{"@id":"https:\/\/www.notibras.com\/site\/#\/schema\/logo\/image\/"},"sameAs":["https:\/\/www.facebook.com\/notibras\/","https:\/\/x.com\/Notibras","https:\/\/www.instagram.com\/notibras\/"]},{"@type":"Person","@id":"https:\/\/www.notibras.com\/site\/#\/schema\/person\/36ab0979449956132d3e5b517ea76ac8","name":"Reda\u00e7\u00e3o","image":{"@type":"ImageObject","inLanguage":"pt-BR","@id":"https:\/\/secure.gravatar.com\/avatar\/e0a867bdedb85fd243eadf09663511f96fc81e0720a4a42581f334ad4303aa6b?s=96&d=mm&r=g","url":"https:\/\/secure.gravatar.com\/avatar\/e0a867bdedb85fd243eadf09663511f96fc81e0720a4a42581f334ad4303aa6b?s=96&d=mm&r=g","contentUrl":"https:\/\/secure.gravatar.com\/avatar\/e0a867bdedb85fd243eadf09663511f96fc81e0720a4a42581f334ad4303aa6b?s=96&d=mm&r=g","caption":"Reda\u00e7\u00e3o"}}]}},"amp_enabled":true,"_links":{"self":[{"href":"https:\/\/www.notibras.com\/site\/wp-json\/wp\/v2\/posts\/51155","targetHints":{"allow":["GET"]}}],"collection":[{"href":"https:\/\/www.notibras.com\/site\/wp-json\/wp\/v2\/posts"}],"about":[{"href":"https:\/\/www.notibras.com\/site\/wp-json\/wp\/v2\/types\/post"}],"author":[{"embeddable":true,"href":"https:\/\/www.notibras.com\/site\/wp-json\/wp\/v2\/users\/2"}],"replies":[{"embeddable":true,"href":"https:\/\/www.notibras.com\/site\/wp-json\/wp\/v2\/comments?post=51155"}],"version-history":[{"count":0,"href":"https:\/\/www.notibras.com\/site\/wp-json\/wp\/v2\/posts\/51155\/revisions"}],"wp:featuredmedia":[{"embeddable":true,"href":"https:\/\/www.notibras.com\/site\/wp-json\/wp\/v2\/media\/51156"}],"wp:attachment":[{"href":"https:\/\/www.notibras.com\/site\/wp-json\/wp\/v2\/media?parent=51155"}],"wp:term":[{"taxonomy":"category","embeddable":true,"href":"https:\/\/www.notibras.com\/site\/wp-json\/wp\/v2\/categories?post=51155"},{"taxonomy":"post_tag","embeddable":true,"href":"https:\/\/www.notibras.com\/site\/wp-json\/wp\/v2\/tags?post=51155"}],"curies":[{"name":"wp","href":"https:\/\/api.w.org\/{rel}","templated":true}]}}