{"id":51305,"date":"2015-05-30T05:55:48","date_gmt":"2015-05-30T08:55:48","guid":{"rendered":"http:\/\/www.notibras.com\/site\/?p=51305"},"modified":"2015-05-30T05:55:48","modified_gmt":"2015-05-30T08:55:48","slug":"lago-paranoa-tem-agua-para-beber-mas-ate-quando","status":"publish","type":"post","link":"https:\/\/www.notibras.com\/site\/lago-paranoa-tem-agua-para-beber-mas-ate-quando\/","title":{"rendered":"Lago Parano\u00e1 tem \u00e1gua para beber, mas at\u00e9 quando?"},"content":{"rendered":"<p>A discuss\u00e3o sobre a proposta de capta\u00e7\u00e3o de \u00e1gua do Lago Parano\u00e1 para consumo humano \u00e9 importante, sobretudo, para que possamos discutir os reflexos da ocupa\u00e7\u00e3o urbana desordenada, da expans\u00e3o da mancha urbana e da fragilidade de pol\u00edticas dedicadas ao setor.<\/p>\n<p>No DF, muitos n\u00facleos urbanos ocuparam \u00e1reas de prote\u00e7\u00e3o ambiental e zonas rurais, sob a batuta de interesses escusos que exploraram o leg\u00edtimo anseio por moradia sem que houvesse preocupa\u00e7\u00e3o com a ordem urban\u00edstica ou com a viabilidade ambiental. Onde imperou a l\u00f3gica do lucro f\u00e1cil patrocinada por grileiros, emergiram impactos ambientais e sociais, como viol\u00eancia, completa aus\u00eancia de servi\u00e7os p\u00fablicos e impactos ambientais significativos, como constru\u00e7\u00e3o em \u00e1reas de preserva\u00e7\u00e3o permanente, assoreamento de cursos d&#8217;\u00e1gua e compacta\u00e7\u00e3o de nascentes.<\/p>\n<p>Chama aten\u00e7\u00e3o a l\u00f3gica de produ\u00e7\u00e3o informal do espa\u00e7o, a despeito de tudo que os instrumentos de planejamento urbano e ambiental preconizavam ao longo das d\u00e9cadas. A \u00e1rea reservada \u00e0 barragem de S\u00e3o Bartolomeu, por exemplo, na regi\u00e3o norte, infelizmente, foi parcelada e ocupada. O lago utilizaria as fontes oriundas do Rio S\u00e3o Bartolomeu, dos Ribeir\u00f5es Mestre D&#8217;Armas e Sobradinho, al\u00e9m dos Rios Parano\u00e1 e Pipiripau para a constru\u00e7\u00e3o de um reservat\u00f3rio tr\u00eas vezes maior do que o Lago Parano\u00e1, segundo dados da Universidade de Bras\u00edlia, o que permitiria o abastecimento de boa parte da popula\u00e7\u00e3o. Entretanto, o espa\u00e7o est\u00e1 comprometido com a ocupa\u00e7\u00e3o urbana.<\/p>\n<blockquote><p>Somado ao quadro de ocupa\u00e7\u00e3o desordenada, o novo Plano Diretor de Ordenamento Territorial &#8211; PDOT cont\u00e9m projeto de expans\u00e3o urbana de grande impacto: trata-se da constru\u00e7\u00e3o de uma grande cidade, de extens\u00e3o superior ao Plano Piloto, em terras, outrora rurais, que se estendem de S\u00e3o Sebasti\u00e3o a Santa Maria, ao longo da DF 140. O projeto, que possui forte apelo comercial e fundi\u00e1rio ainda \u00e9 pouco conhecido, por\u00e9m h\u00e1 grande preocupa\u00e7\u00e3o com seus impactos n\u00e3o somente sobre o nosso finito estoque de terras quanto em rela\u00e7\u00e3o ao abastecimento de \u00e1gua.<\/p><\/blockquote>\n<p>Feitas essas considera\u00e7\u00f5es, entendo que deve haver total transpar\u00eancia nas informa\u00e7\u00f5es relativas \u00e0 pol\u00edtica de gest\u00e3o dos recursos h\u00eddricos no Distrito Federal.<\/p>\n<p>Devemos conhecer a real viabilidade de utiliza\u00e7\u00e3o das \u00e1guas do Parano\u00e1 para consumo humano, comprovada por estudos criteriosos, uma vez que h\u00e1 duas esta\u00e7\u00f5es de tratamento de esgoto ao longo de suas \u00e1guas. \u00c9 preciso implementar medidas que promovam uma eficiente prote\u00e7\u00e3o dos tribut\u00e1rios do Lago Parano\u00e1, por onde chega lixo, fertilizantes e esgoto em seu leito, al\u00e9m da recupera\u00e7\u00e3o das \u00e1reas degradadas em suas margens. A capta\u00e7\u00e3o de \u00e1gua para consumo exige a aplica\u00e7\u00e3o de investimentos na conserva\u00e7\u00e3o das condi\u00e7\u00f5es ambientais do lago e na qualidade das \u00e1guas em toda a sua extens\u00e3o.<\/p>\n<p>Devem ser disponibilizadas, do mesmo modo, \u00e0 consulta e controle social e parlamentar, informa\u00e7\u00f5es sobre o monitoramento das fontes de capta\u00e7\u00e3o; pol\u00edtica de combate ao desperd\u00edcio e uso clandestino do len\u00e7ol fre\u00e1tico, com metas objetivas, volume de investimentos dedicados \u00e0 preserva\u00e7\u00e3o ambiental e est\u00edmulos \u00e0 economia de \u00e1gua.<\/p>\n<p>\u00c9 poss\u00edvel e desej\u00e1vel que o DF avance tamb\u00e9m em pol\u00edticas de aproveitamento de \u00e1guas cinza e \u00e1guas pluviais, que permitam a shoppings-centers, postos de gasolina, etc., bem como aos novos edif\u00edcios, condi\u00e7\u00f5es econ\u00f4micas de individualizarem hidr\u00f4metros, constru\u00edrem tanques de capta\u00e7\u00e3o e armazenamento de \u00e1gua da chuva.<\/p>\n<p>N\u00e3o devemos esquecer, por derradeiro, que o DF investiu recursos p\u00fablicos de grande monta na capta\u00e7\u00e3o em Corumb\u00e1-IV e que essa ideia foi vendida para a sociedade do Distrito Federal como a solu\u00e7\u00e3o dos problemas de abastecimento para os pr\u00f3ximos cem anos. A sociedade precisa conhecer os resultados desses investimentos.<\/p>\n<p>Esperamos que as experi\u00eancias vividas por S\u00e3o Paulo, que passa por um per\u00edodo de estresse h\u00eddrico acentuado, o que vem comprometendo o abastecimento de moradias e prejudicando atividades produtivas, sirvam de inspira\u00e7\u00e3o para que possamos construir uma realidade diferente no Distrito Federal.<\/p>\n<p><strong>Chico Leite<\/strong><\/p>\n","protected":false},"excerpt":{"rendered":"<p>A discuss\u00e3o sobre a proposta de capta\u00e7\u00e3o de \u00e1gua do Lago Parano\u00e1 para consumo humano \u00e9 importante, sobretudo, para que possamos discutir os reflexos da ocupa\u00e7\u00e3o urbana desordenada, da expans\u00e3o da mancha urbana e da fragilidade de pol\u00edticas dedicadas ao setor. No DF, muitos n\u00facleos urbanos ocuparam \u00e1reas de prote\u00e7\u00e3o ambiental e zonas rurais, sob [&hellip;]<\/p>\n","protected":false},"author":2,"featured_media":51308,"comment_status":"open","ping_status":"closed","sticky":false,"template":"","format":"standard","meta":{"_acf_changed":false,"footnotes":""},"categories":[25],"tags":[],"class_list":["post-51305","post","type-post","status-publish","format-standard","has-post-thumbnail","hentry","category-opina-ai"],"acf":[],"yoast_head":"<!-- This site is optimized with the Yoast SEO plugin v27.2 - https:\/\/yoast.com\/product\/yoast-seo-wordpress\/ -->\n<title>Lago Parano\u00e1 tem \u00e1gua para beber, mas at\u00e9 quando? - Notibras<\/title>\n<meta name=\"robots\" content=\"index, follow, max-snippet:-1, max-image-preview:large, max-video-preview:-1\" \/>\n<link rel=\"canonical\" href=\"https:\/\/www.notibras.com\/site\/lago-paranoa-tem-agua-para-beber-mas-ate-quando\/\" \/>\n<meta property=\"og:locale\" content=\"pt_BR\" \/>\n<meta property=\"og:type\" content=\"article\" \/>\n<meta property=\"og:title\" content=\"Lago Parano\u00e1 tem \u00e1gua para beber, mas at\u00e9 quando? - Notibras\" \/>\n<meta property=\"og:description\" content=\"A discuss\u00e3o sobre a proposta de capta\u00e7\u00e3o de \u00e1gua do Lago Parano\u00e1 para consumo humano \u00e9 importante, sobretudo, para que possamos discutir os reflexos da ocupa\u00e7\u00e3o urbana desordenada, da expans\u00e3o da mancha urbana e da fragilidade de pol\u00edticas dedicadas ao setor. No DF, muitos n\u00facleos urbanos ocuparam \u00e1reas de prote\u00e7\u00e3o ambiental e zonas rurais, sob [&hellip;]\" \/>\n<meta property=\"og:url\" content=\"https:\/\/www.notibras.com\/site\/lago-paranoa-tem-agua-para-beber-mas-ate-quando\/\" \/>\n<meta property=\"og:site_name\" content=\"Notibras\" \/>\n<meta property=\"article:publisher\" content=\"https:\/\/www.facebook.com\/notibras\/\" \/>\n<meta property=\"article:published_time\" content=\"2015-05-30T08:55:48+00:00\" \/>\n<meta property=\"og:image\" content=\"https:\/\/www.notibras.com\/site\/wp-content\/uploads\/2015\/05\/lp.jpg\" \/>\n\t<meta property=\"og:image:width\" content=\"600\" \/>\n\t<meta property=\"og:image:height\" content=\"429\" \/>\n\t<meta property=\"og:image:type\" content=\"image\/jpeg\" \/>\n<meta name=\"author\" content=\"Reda\u00e7\u00e3o\" \/>\n<meta name=\"twitter:card\" content=\"summary_large_image\" \/>\n<meta name=\"twitter:creator\" content=\"@Notibras\" \/>\n<meta name=\"twitter:site\" content=\"@Notibras\" \/>\n<meta name=\"twitter:label1\" content=\"Escrito por\" \/>\n\t<meta name=\"twitter:data1\" content=\"Reda\u00e7\u00e3o\" \/>\n\t<meta name=\"twitter:label2\" content=\"Est. tempo de leitura\" \/>\n\t<meta name=\"twitter:data2\" content=\"4 minutos\" \/>\n<script type=\"application\/ld+json\" class=\"yoast-schema-graph\">{\"@context\":\"https:\/\/schema.org\",\"@graph\":[{\"@type\":\"Article\",\"@id\":\"https:\/\/www.notibras.com\/site\/lago-paranoa-tem-agua-para-beber-mas-ate-quando\/#article\",\"isPartOf\":{\"@id\":\"https:\/\/www.notibras.com\/site\/lago-paranoa-tem-agua-para-beber-mas-ate-quando\/\"},\"author\":{\"name\":\"Reda\u00e7\u00e3o\",\"@id\":\"https:\/\/www.notibras.com\/site\/#\/schema\/person\/36ab0979449956132d3e5b517ea76ac8\"},\"headline\":\"Lago Parano\u00e1 tem \u00e1gua para beber, mas at\u00e9 quando?\",\"datePublished\":\"2015-05-30T08:55:48+00:00\",\"mainEntityOfPage\":{\"@id\":\"https:\/\/www.notibras.com\/site\/lago-paranoa-tem-agua-para-beber-mas-ate-quando\/\"},\"wordCount\":715,\"commentCount\":0,\"publisher\":{\"@id\":\"https:\/\/www.notibras.com\/site\/#organization\"},\"image\":{\"@id\":\"https:\/\/www.notibras.com\/site\/lago-paranoa-tem-agua-para-beber-mas-ate-quando\/#primaryimage\"},\"thumbnailUrl\":\"https:\/\/www.notibras.com\/site\/wp-content\/uploads\/2015\/05\/lp.jpg\",\"articleSection\":[\"Opina a\u00ed\"],\"inLanguage\":\"pt-BR\",\"potentialAction\":[{\"@type\":\"CommentAction\",\"name\":\"Comment\",\"target\":[\"https:\/\/www.notibras.com\/site\/lago-paranoa-tem-agua-para-beber-mas-ate-quando\/#respond\"]}]},{\"@type\":\"WebPage\",\"@id\":\"https:\/\/www.notibras.com\/site\/lago-paranoa-tem-agua-para-beber-mas-ate-quando\/\",\"url\":\"https:\/\/www.notibras.com\/site\/lago-paranoa-tem-agua-para-beber-mas-ate-quando\/\",\"name\":\"Lago Parano\u00e1 tem \u00e1gua para beber, mas at\u00e9 quando? - Notibras\",\"isPartOf\":{\"@id\":\"https:\/\/www.notibras.com\/site\/#website\"},\"primaryImageOfPage\":{\"@id\":\"https:\/\/www.notibras.com\/site\/lago-paranoa-tem-agua-para-beber-mas-ate-quando\/#primaryimage\"},\"image\":{\"@id\":\"https:\/\/www.notibras.com\/site\/lago-paranoa-tem-agua-para-beber-mas-ate-quando\/#primaryimage\"},\"thumbnailUrl\":\"https:\/\/www.notibras.com\/site\/wp-content\/uploads\/2015\/05\/lp.jpg\",\"datePublished\":\"2015-05-30T08:55:48+00:00\",\"breadcrumb\":{\"@id\":\"https:\/\/www.notibras.com\/site\/lago-paranoa-tem-agua-para-beber-mas-ate-quando\/#breadcrumb\"},\"inLanguage\":\"pt-BR\",\"potentialAction\":[{\"@type\":\"ReadAction\",\"target\":[\"https:\/\/www.notibras.com\/site\/lago-paranoa-tem-agua-para-beber-mas-ate-quando\/\"]}]},{\"@type\":\"ImageObject\",\"inLanguage\":\"pt-BR\",\"@id\":\"https:\/\/www.notibras.com\/site\/lago-paranoa-tem-agua-para-beber-mas-ate-quando\/#primaryimage\",\"url\":\"https:\/\/www.notibras.com\/site\/wp-content\/uploads\/2015\/05\/lp.jpg\",\"contentUrl\":\"https:\/\/www.notibras.com\/site\/wp-content\/uploads\/2015\/05\/lp.jpg\",\"width\":600,\"height\":429},{\"@type\":\"BreadcrumbList\",\"@id\":\"https:\/\/www.notibras.com\/site\/lago-paranoa-tem-agua-para-beber-mas-ate-quando\/#breadcrumb\",\"itemListElement\":[{\"@type\":\"ListItem\",\"position\":1,\"name\":\"In\u00edcio\",\"item\":\"https:\/\/www.notibras.com\/site\/\"},{\"@type\":\"ListItem\",\"position\":2,\"name\":\"Lago Parano\u00e1 tem \u00e1gua para beber, mas at\u00e9 quando?\"}]},{\"@type\":\"WebSite\",\"@id\":\"https:\/\/www.notibras.com\/site\/#website\",\"url\":\"https:\/\/www.notibras.com\/site\/\",\"name\":\"Notibras\",\"description\":\"Not\u00edcias de Bras\u00edlia, do Brasil e do Mundo\",\"publisher\":{\"@id\":\"https:\/\/www.notibras.com\/site\/#organization\"},\"potentialAction\":[{\"@type\":\"SearchAction\",\"target\":{\"@type\":\"EntryPoint\",\"urlTemplate\":\"https:\/\/www.notibras.com\/site\/?s={search_term_string}\"},\"query-input\":{\"@type\":\"PropertyValueSpecification\",\"valueRequired\":true,\"valueName\":\"search_term_string\"}}],\"inLanguage\":\"pt-BR\"},{\"@type\":\"Organization\",\"@id\":\"https:\/\/www.notibras.com\/site\/#organization\",\"name\":\"Grupo Notibras de Comunica\u00e7\u00e3o\",\"url\":\"https:\/\/www.notibras.com\/site\/\",\"logo\":{\"@type\":\"ImageObject\",\"inLanguage\":\"pt-BR\",\"@id\":\"https:\/\/www.notibras.com\/site\/#\/schema\/logo\/image\/\",\"url\":\"https:\/\/www.notibras.com\/site\/wp-content\/uploads\/2023\/01\/notibras23.png\",\"contentUrl\":\"https:\/\/www.notibras.com\/site\/wp-content\/uploads\/2023\/01\/notibras23.png\",\"width\":350,\"height\":87,\"caption\":\"Grupo Notibras de Comunica\u00e7\u00e3o\"},\"image\":{\"@id\":\"https:\/\/www.notibras.com\/site\/#\/schema\/logo\/image\/\"},\"sameAs\":[\"https:\/\/www.facebook.com\/notibras\/\",\"https:\/\/x.com\/Notibras\",\"https:\/\/www.instagram.com\/notibras\/\"]},{\"@type\":\"Person\",\"@id\":\"https:\/\/www.notibras.com\/site\/#\/schema\/person\/36ab0979449956132d3e5b517ea76ac8\",\"name\":\"Reda\u00e7\u00e3o\",\"image\":{\"@type\":\"ImageObject\",\"inLanguage\":\"pt-BR\",\"@id\":\"https:\/\/secure.gravatar.com\/avatar\/e0a867bdedb85fd243eadf09663511f96fc81e0720a4a42581f334ad4303aa6b?s=96&d=mm&r=g\",\"url\":\"https:\/\/secure.gravatar.com\/avatar\/e0a867bdedb85fd243eadf09663511f96fc81e0720a4a42581f334ad4303aa6b?s=96&d=mm&r=g\",\"contentUrl\":\"https:\/\/secure.gravatar.com\/avatar\/e0a867bdedb85fd243eadf09663511f96fc81e0720a4a42581f334ad4303aa6b?s=96&d=mm&r=g\",\"caption\":\"Reda\u00e7\u00e3o\"}}]}<\/script>\n<!-- \/ Yoast SEO plugin. -->","yoast_head_json":{"title":"Lago Parano\u00e1 tem \u00e1gua para beber, mas at\u00e9 quando? - Notibras","robots":{"index":"index","follow":"follow","max-snippet":"max-snippet:-1","max-image-preview":"max-image-preview:large","max-video-preview":"max-video-preview:-1"},"canonical":"https:\/\/www.notibras.com\/site\/lago-paranoa-tem-agua-para-beber-mas-ate-quando\/","og_locale":"pt_BR","og_type":"article","og_title":"Lago Parano\u00e1 tem \u00e1gua para beber, mas at\u00e9 quando? - Notibras","og_description":"A discuss\u00e3o sobre a proposta de capta\u00e7\u00e3o de \u00e1gua do Lago Parano\u00e1 para consumo humano \u00e9 importante, sobretudo, para que possamos discutir os reflexos da ocupa\u00e7\u00e3o urbana desordenada, da expans\u00e3o da mancha urbana e da fragilidade de pol\u00edticas dedicadas ao setor. No DF, muitos n\u00facleos urbanos ocuparam \u00e1reas de prote\u00e7\u00e3o ambiental e zonas rurais, sob [&hellip;]","og_url":"https:\/\/www.notibras.com\/site\/lago-paranoa-tem-agua-para-beber-mas-ate-quando\/","og_site_name":"Notibras","article_publisher":"https:\/\/www.facebook.com\/notibras\/","article_published_time":"2015-05-30T08:55:48+00:00","og_image":[{"width":600,"height":429,"url":"https:\/\/www.notibras.com\/site\/wp-content\/uploads\/2015\/05\/lp.jpg","type":"image\/jpeg"}],"author":"Reda\u00e7\u00e3o","twitter_card":"summary_large_image","twitter_creator":"@Notibras","twitter_site":"@Notibras","twitter_misc":{"Escrito por":"Reda\u00e7\u00e3o","Est. tempo de leitura":"4 minutos"},"schema":{"@context":"https:\/\/schema.org","@graph":[{"@type":"Article","@id":"https:\/\/www.notibras.com\/site\/lago-paranoa-tem-agua-para-beber-mas-ate-quando\/#article","isPartOf":{"@id":"https:\/\/www.notibras.com\/site\/lago-paranoa-tem-agua-para-beber-mas-ate-quando\/"},"author":{"name":"Reda\u00e7\u00e3o","@id":"https:\/\/www.notibras.com\/site\/#\/schema\/person\/36ab0979449956132d3e5b517ea76ac8"},"headline":"Lago Parano\u00e1 tem \u00e1gua para beber, mas at\u00e9 quando?","datePublished":"2015-05-30T08:55:48+00:00","mainEntityOfPage":{"@id":"https:\/\/www.notibras.com\/site\/lago-paranoa-tem-agua-para-beber-mas-ate-quando\/"},"wordCount":715,"commentCount":0,"publisher":{"@id":"https:\/\/www.notibras.com\/site\/#organization"},"image":{"@id":"https:\/\/www.notibras.com\/site\/lago-paranoa-tem-agua-para-beber-mas-ate-quando\/#primaryimage"},"thumbnailUrl":"https:\/\/www.notibras.com\/site\/wp-content\/uploads\/2015\/05\/lp.jpg","articleSection":["Opina a\u00ed"],"inLanguage":"pt-BR","potentialAction":[{"@type":"CommentAction","name":"Comment","target":["https:\/\/www.notibras.com\/site\/lago-paranoa-tem-agua-para-beber-mas-ate-quando\/#respond"]}]},{"@type":"WebPage","@id":"https:\/\/www.notibras.com\/site\/lago-paranoa-tem-agua-para-beber-mas-ate-quando\/","url":"https:\/\/www.notibras.com\/site\/lago-paranoa-tem-agua-para-beber-mas-ate-quando\/","name":"Lago Parano\u00e1 tem \u00e1gua para beber, mas at\u00e9 quando? - Notibras","isPartOf":{"@id":"https:\/\/www.notibras.com\/site\/#website"},"primaryImageOfPage":{"@id":"https:\/\/www.notibras.com\/site\/lago-paranoa-tem-agua-para-beber-mas-ate-quando\/#primaryimage"},"image":{"@id":"https:\/\/www.notibras.com\/site\/lago-paranoa-tem-agua-para-beber-mas-ate-quando\/#primaryimage"},"thumbnailUrl":"https:\/\/www.notibras.com\/site\/wp-content\/uploads\/2015\/05\/lp.jpg","datePublished":"2015-05-30T08:55:48+00:00","breadcrumb":{"@id":"https:\/\/www.notibras.com\/site\/lago-paranoa-tem-agua-para-beber-mas-ate-quando\/#breadcrumb"},"inLanguage":"pt-BR","potentialAction":[{"@type":"ReadAction","target":["https:\/\/www.notibras.com\/site\/lago-paranoa-tem-agua-para-beber-mas-ate-quando\/"]}]},{"@type":"ImageObject","inLanguage":"pt-BR","@id":"https:\/\/www.notibras.com\/site\/lago-paranoa-tem-agua-para-beber-mas-ate-quando\/#primaryimage","url":"https:\/\/www.notibras.com\/site\/wp-content\/uploads\/2015\/05\/lp.jpg","contentUrl":"https:\/\/www.notibras.com\/site\/wp-content\/uploads\/2015\/05\/lp.jpg","width":600,"height":429},{"@type":"BreadcrumbList","@id":"https:\/\/www.notibras.com\/site\/lago-paranoa-tem-agua-para-beber-mas-ate-quando\/#breadcrumb","itemListElement":[{"@type":"ListItem","position":1,"name":"In\u00edcio","item":"https:\/\/www.notibras.com\/site\/"},{"@type":"ListItem","position":2,"name":"Lago Parano\u00e1 tem \u00e1gua para beber, mas at\u00e9 quando?"}]},{"@type":"WebSite","@id":"https:\/\/www.notibras.com\/site\/#website","url":"https:\/\/www.notibras.com\/site\/","name":"Notibras","description":"Not\u00edcias de Bras\u00edlia, do Brasil e do Mundo","publisher":{"@id":"https:\/\/www.notibras.com\/site\/#organization"},"potentialAction":[{"@type":"SearchAction","target":{"@type":"EntryPoint","urlTemplate":"https:\/\/www.notibras.com\/site\/?s={search_term_string}"},"query-input":{"@type":"PropertyValueSpecification","valueRequired":true,"valueName":"search_term_string"}}],"inLanguage":"pt-BR"},{"@type":"Organization","@id":"https:\/\/www.notibras.com\/site\/#organization","name":"Grupo Notibras de Comunica\u00e7\u00e3o","url":"https:\/\/www.notibras.com\/site\/","logo":{"@type":"ImageObject","inLanguage":"pt-BR","@id":"https:\/\/www.notibras.com\/site\/#\/schema\/logo\/image\/","url":"https:\/\/www.notibras.com\/site\/wp-content\/uploads\/2023\/01\/notibras23.png","contentUrl":"https:\/\/www.notibras.com\/site\/wp-content\/uploads\/2023\/01\/notibras23.png","width":350,"height":87,"caption":"Grupo Notibras de Comunica\u00e7\u00e3o"},"image":{"@id":"https:\/\/www.notibras.com\/site\/#\/schema\/logo\/image\/"},"sameAs":["https:\/\/www.facebook.com\/notibras\/","https:\/\/x.com\/Notibras","https:\/\/www.instagram.com\/notibras\/"]},{"@type":"Person","@id":"https:\/\/www.notibras.com\/site\/#\/schema\/person\/36ab0979449956132d3e5b517ea76ac8","name":"Reda\u00e7\u00e3o","image":{"@type":"ImageObject","inLanguage":"pt-BR","@id":"https:\/\/secure.gravatar.com\/avatar\/e0a867bdedb85fd243eadf09663511f96fc81e0720a4a42581f334ad4303aa6b?s=96&d=mm&r=g","url":"https:\/\/secure.gravatar.com\/avatar\/e0a867bdedb85fd243eadf09663511f96fc81e0720a4a42581f334ad4303aa6b?s=96&d=mm&r=g","contentUrl":"https:\/\/secure.gravatar.com\/avatar\/e0a867bdedb85fd243eadf09663511f96fc81e0720a4a42581f334ad4303aa6b?s=96&d=mm&r=g","caption":"Reda\u00e7\u00e3o"}}]}},"amp_enabled":true,"_links":{"self":[{"href":"https:\/\/www.notibras.com\/site\/wp-json\/wp\/v2\/posts\/51305","targetHints":{"allow":["GET"]}}],"collection":[{"href":"https:\/\/www.notibras.com\/site\/wp-json\/wp\/v2\/posts"}],"about":[{"href":"https:\/\/www.notibras.com\/site\/wp-json\/wp\/v2\/types\/post"}],"author":[{"embeddable":true,"href":"https:\/\/www.notibras.com\/site\/wp-json\/wp\/v2\/users\/2"}],"replies":[{"embeddable":true,"href":"https:\/\/www.notibras.com\/site\/wp-json\/wp\/v2\/comments?post=51305"}],"version-history":[{"count":0,"href":"https:\/\/www.notibras.com\/site\/wp-json\/wp\/v2\/posts\/51305\/revisions"}],"wp:featuredmedia":[{"embeddable":true,"href":"https:\/\/www.notibras.com\/site\/wp-json\/wp\/v2\/media\/51308"}],"wp:attachment":[{"href":"https:\/\/www.notibras.com\/site\/wp-json\/wp\/v2\/media?parent=51305"}],"wp:term":[{"taxonomy":"category","embeddable":true,"href":"https:\/\/www.notibras.com\/site\/wp-json\/wp\/v2\/categories?post=51305"},{"taxonomy":"post_tag","embeddable":true,"href":"https:\/\/www.notibras.com\/site\/wp-json\/wp\/v2\/tags?post=51305"}],"curies":[{"name":"wp","href":"https:\/\/api.w.org\/{rel}","templated":true}]}}