{"id":51391,"date":"2015-05-30T20:00:27","date_gmt":"2015-05-30T23:00:27","guid":{"rendered":"http:\/\/www.notibras.com\/site\/?p=51391"},"modified":"2015-05-30T20:00:27","modified_gmt":"2015-05-30T23:00:27","slug":"abc-vai-ao-recife-e-ensina-ao-santa-cruz-o-beaba-da-vitoria","status":"publish","type":"post","link":"https:\/\/www.notibras.com\/site\/abc-vai-ao-recife-e-ensina-ao-santa-cruz-o-beaba-da-vitoria\/","title":{"rendered":"ABC vai ao Recife e ensina ao Santa Cruz o beab\u00e1 da vit\u00f3ria"},"content":{"rendered":"<p>Na noite desta sexta-feira, Gilmar Dal Pozzo estreou com o p\u00e9 direito no comando do ABC. Em partida v\u00e1lida pela quarta rodada da S\u00e9rie B, o t\u00e9cnico fez a forma\u00e7\u00e3o de Natal triunfar sobre o Santa Cruz, em pleno Arruda, por 1 a 0. O gol visitante foi anotado por Kayke, aos 26min\u00a0do primeiro tempo.<\/p>\n<p class=\"text\">O ABC ainda atuou boa parte do confronto com um homem a menos, j\u00e1 que Ronaldo Mendes, gar\u00e7om do tento, acabou expulso quando o rel\u00f3gio apontou a marca dos 18 do per\u00edodo final.<\/p>\n<blockquote>\n<p class=\"text\">Com o bom resultado conquistado fora de casa, o clube chega aos sete pontos. Os potiguares j\u00e1 haviam aprontado longe do Rio Grande do Norte diante do Crici\u00fama\u00a0(2 a 0), ainda sob o comando de Josu\u00e9 Teixeira. O time tricolor, por sua vez, estaciona nos tr\u00eas pontos e flerta com a zona de rebaixamento.<\/p>\n<\/blockquote>\n<p class=\"text\">O pr\u00f3ximo desafio abecedista ocorre no dia 2 de junho, na ter\u00e7a, \u00e0s 19h30 (de Bras\u00edlia), diante do Bragantino, no Frasqueir\u00e3o. J\u00e1 a representa\u00e7\u00e3o recifense, no mesmo dia e hor\u00e1rio, mede for\u00e7as com o Paysandu, na acanhada Curuzu, em Bel\u00e9m-PA.<\/p>\n","protected":false},"excerpt":{"rendered":"<p>Na noite desta sexta-feira, Gilmar Dal Pozzo estreou com o p\u00e9 direito no comando do ABC. Em partida v\u00e1lida pela quarta rodada da S\u00e9rie B, o t\u00e9cnico fez a forma\u00e7\u00e3o de Natal triunfar sobre o Santa Cruz, em pleno Arruda, por 1 a 0. O gol visitante foi anotado por Kayke, aos 26min\u00a0do primeiro tempo. [&hellip;]<\/p>\n","protected":false},"author":2,"featured_media":51392,"comment_status":"open","ping_status":"closed","sticky":false,"template":"","format":"standard","meta":{"_acf_changed":false,"footnotes":""},"categories":[19,29],"tags":[],"class_list":["post-51391","post","type-post","status-publish","format-standard","has-post-thumbnail","hentry","category-esportes","category-futebol"],"acf":[],"yoast_head":"<!-- This site is optimized with the Yoast SEO plugin v27.2 - https:\/\/yoast.com\/product\/yoast-seo-wordpress\/ -->\n<title>ABC vai ao Recife e ensina ao Santa Cruz o beab\u00e1 da vit\u00f3ria - Notibras<\/title>\n<meta name=\"robots\" content=\"index, follow, max-snippet:-1, max-image-preview:large, max-video-preview:-1\" \/>\n<link rel=\"canonical\" href=\"https:\/\/www.notibras.com\/site\/abc-vai-ao-recife-e-ensina-ao-santa-cruz-o-beaba-da-vitoria\/\" \/>\n<meta property=\"og:locale\" content=\"pt_BR\" \/>\n<meta property=\"og:type\" content=\"article\" \/>\n<meta property=\"og:title\" content=\"ABC vai ao Recife e ensina ao Santa Cruz o beab\u00e1 da vit\u00f3ria - Notibras\" \/>\n<meta property=\"og:description\" content=\"Na noite desta sexta-feira, Gilmar Dal Pozzo estreou com o p\u00e9 direito no comando do ABC. Em partida v\u00e1lida pela quarta rodada da S\u00e9rie B, o t\u00e9cnico fez a forma\u00e7\u00e3o de Natal triunfar sobre o Santa Cruz, em pleno Arruda, por 1 a 0. O gol visitante foi anotado por Kayke, aos 26min\u00a0do primeiro tempo. [&hellip;]\" \/>\n<meta property=\"og:url\" content=\"https:\/\/www.notibras.com\/site\/abc-vai-ao-recife-e-ensina-ao-santa-cruz-o-beaba-da-vitoria\/\" \/>\n<meta property=\"og:site_name\" content=\"Notibras\" \/>\n<meta property=\"article:publisher\" content=\"https:\/\/www.facebook.com\/notibras\/\" \/>\n<meta property=\"article:published_time\" content=\"2015-05-30T23:00:27+00:00\" \/>\n<meta property=\"og:image\" content=\"https:\/\/www.notibras.com\/site\/wp-content\/uploads\/2015\/05\/abcfestagolmarloncostafp.jpg\" \/>\n\t<meta property=\"og:image:width\" content=\"940\" \/>\n\t<meta property=\"og:image:height\" content=\"627\" \/>\n\t<meta property=\"og:image:type\" content=\"image\/jpeg\" \/>\n<meta name=\"author\" content=\"Reda\u00e7\u00e3o\" \/>\n<meta name=\"twitter:card\" content=\"summary_large_image\" \/>\n<meta name=\"twitter:creator\" content=\"@Notibras\" \/>\n<meta name=\"twitter:site\" content=\"@Notibras\" \/>\n<meta name=\"twitter:label1\" content=\"Escrito por\" \/>\n\t<meta name=\"twitter:data1\" content=\"Reda\u00e7\u00e3o\" \/>\n\t<meta name=\"twitter:label2\" content=\"Est. tempo de leitura\" \/>\n\t<meta name=\"twitter:data2\" content=\"1 minuto\" \/>\n<script type=\"application\/ld+json\" class=\"yoast-schema-graph\">{\"@context\":\"https:\/\/schema.org\",\"@graph\":[{\"@type\":\"Article\",\"@id\":\"https:\/\/www.notibras.com\/site\/abc-vai-ao-recife-e-ensina-ao-santa-cruz-o-beaba-da-vitoria\/#article\",\"isPartOf\":{\"@id\":\"https:\/\/www.notibras.com\/site\/abc-vai-ao-recife-e-ensina-ao-santa-cruz-o-beaba-da-vitoria\/\"},\"author\":{\"name\":\"Reda\u00e7\u00e3o\",\"@id\":\"https:\/\/www.notibras.com\/site\/#\/schema\/person\/36ab0979449956132d3e5b517ea76ac8\"},\"headline\":\"ABC vai ao Recife e ensina ao Santa Cruz o beab\u00e1 da vit\u00f3ria\",\"datePublished\":\"2015-05-30T23:00:27+00:00\",\"mainEntityOfPage\":{\"@id\":\"https:\/\/www.notibras.com\/site\/abc-vai-ao-recife-e-ensina-ao-santa-cruz-o-beaba-da-vitoria\/\"},\"wordCount\":209,\"commentCount\":0,\"publisher\":{\"@id\":\"https:\/\/www.notibras.com\/site\/#organization\"},\"image\":{\"@id\":\"https:\/\/www.notibras.com\/site\/abc-vai-ao-recife-e-ensina-ao-santa-cruz-o-beaba-da-vitoria\/#primaryimage\"},\"thumbnailUrl\":\"https:\/\/www.notibras.com\/site\/wp-content\/uploads\/2015\/05\/abcfestagolmarloncostafp.jpg\",\"articleSection\":[\"Esportes\",\"Futebol\"],\"inLanguage\":\"pt-BR\",\"potentialAction\":[{\"@type\":\"CommentAction\",\"name\":\"Comment\",\"target\":[\"https:\/\/www.notibras.com\/site\/abc-vai-ao-recife-e-ensina-ao-santa-cruz-o-beaba-da-vitoria\/#respond\"]}]},{\"@type\":\"WebPage\",\"@id\":\"https:\/\/www.notibras.com\/site\/abc-vai-ao-recife-e-ensina-ao-santa-cruz-o-beaba-da-vitoria\/\",\"url\":\"https:\/\/www.notibras.com\/site\/abc-vai-ao-recife-e-ensina-ao-santa-cruz-o-beaba-da-vitoria\/\",\"name\":\"ABC vai ao Recife e ensina ao Santa Cruz o beab\u00e1 da vit\u00f3ria - Notibras\",\"isPartOf\":{\"@id\":\"https:\/\/www.notibras.com\/site\/#website\"},\"primaryImageOfPage\":{\"@id\":\"https:\/\/www.notibras.com\/site\/abc-vai-ao-recife-e-ensina-ao-santa-cruz-o-beaba-da-vitoria\/#primaryimage\"},\"image\":{\"@id\":\"https:\/\/www.notibras.com\/site\/abc-vai-ao-recife-e-ensina-ao-santa-cruz-o-beaba-da-vitoria\/#primaryimage\"},\"thumbnailUrl\":\"https:\/\/www.notibras.com\/site\/wp-content\/uploads\/2015\/05\/abcfestagolmarloncostafp.jpg\",\"datePublished\":\"2015-05-30T23:00:27+00:00\",\"breadcrumb\":{\"@id\":\"https:\/\/www.notibras.com\/site\/abc-vai-ao-recife-e-ensina-ao-santa-cruz-o-beaba-da-vitoria\/#breadcrumb\"},\"inLanguage\":\"pt-BR\",\"potentialAction\":[{\"@type\":\"ReadAction\",\"target\":[\"https:\/\/www.notibras.com\/site\/abc-vai-ao-recife-e-ensina-ao-santa-cruz-o-beaba-da-vitoria\/\"]}]},{\"@type\":\"ImageObject\",\"inLanguage\":\"pt-BR\",\"@id\":\"https:\/\/www.notibras.com\/site\/abc-vai-ao-recife-e-ensina-ao-santa-cruz-o-beaba-da-vitoria\/#primaryimage\",\"url\":\"https:\/\/www.notibras.com\/site\/wp-content\/uploads\/2015\/05\/abcfestagolmarloncostafp.jpg\",\"contentUrl\":\"https:\/\/www.notibras.com\/site\/wp-content\/uploads\/2015\/05\/abcfestagolmarloncostafp.jpg\",\"width\":940,\"height\":627,\"caption\":\"Marlon Costa\"},{\"@type\":\"BreadcrumbList\",\"@id\":\"https:\/\/www.notibras.com\/site\/abc-vai-ao-recife-e-ensina-ao-santa-cruz-o-beaba-da-vitoria\/#breadcrumb\",\"itemListElement\":[{\"@type\":\"ListItem\",\"position\":1,\"name\":\"In\u00edcio\",\"item\":\"https:\/\/www.notibras.com\/site\/\"},{\"@type\":\"ListItem\",\"position\":2,\"name\":\"ABC vai ao Recife e ensina ao Santa Cruz o beab\u00e1 da vit\u00f3ria\"}]},{\"@type\":\"WebSite\",\"@id\":\"https:\/\/www.notibras.com\/site\/#website\",\"url\":\"https:\/\/www.notibras.com\/site\/\",\"name\":\"Notibras\",\"description\":\"Not\u00edcias de Bras\u00edlia, do Brasil e do Mundo\",\"publisher\":{\"@id\":\"https:\/\/www.notibras.com\/site\/#organization\"},\"potentialAction\":[{\"@type\":\"SearchAction\",\"target\":{\"@type\":\"EntryPoint\",\"urlTemplate\":\"https:\/\/www.notibras.com\/site\/?s={search_term_string}\"},\"query-input\":{\"@type\":\"PropertyValueSpecification\",\"valueRequired\":true,\"valueName\":\"search_term_string\"}}],\"inLanguage\":\"pt-BR\"},{\"@type\":\"Organization\",\"@id\":\"https:\/\/www.notibras.com\/site\/#organization\",\"name\":\"Grupo Notibras de Comunica\u00e7\u00e3o\",\"url\":\"https:\/\/www.notibras.com\/site\/\",\"logo\":{\"@type\":\"ImageObject\",\"inLanguage\":\"pt-BR\",\"@id\":\"https:\/\/www.notibras.com\/site\/#\/schema\/logo\/image\/\",\"url\":\"https:\/\/www.notibras.com\/site\/wp-content\/uploads\/2023\/01\/notibras23.png\",\"contentUrl\":\"https:\/\/www.notibras.com\/site\/wp-content\/uploads\/2023\/01\/notibras23.png\",\"width\":350,\"height\":87,\"caption\":\"Grupo Notibras de Comunica\u00e7\u00e3o\"},\"image\":{\"@id\":\"https:\/\/www.notibras.com\/site\/#\/schema\/logo\/image\/\"},\"sameAs\":[\"https:\/\/www.facebook.com\/notibras\/\",\"https:\/\/x.com\/Notibras\",\"https:\/\/www.instagram.com\/notibras\/\"]},{\"@type\":\"Person\",\"@id\":\"https:\/\/www.notibras.com\/site\/#\/schema\/person\/36ab0979449956132d3e5b517ea76ac8\",\"name\":\"Reda\u00e7\u00e3o\",\"image\":{\"@type\":\"ImageObject\",\"inLanguage\":\"pt-BR\",\"@id\":\"https:\/\/secure.gravatar.com\/avatar\/e0a867bdedb85fd243eadf09663511f96fc81e0720a4a42581f334ad4303aa6b?s=96&d=mm&r=g\",\"url\":\"https:\/\/secure.gravatar.com\/avatar\/e0a867bdedb85fd243eadf09663511f96fc81e0720a4a42581f334ad4303aa6b?s=96&d=mm&r=g\",\"contentUrl\":\"https:\/\/secure.gravatar.com\/avatar\/e0a867bdedb85fd243eadf09663511f96fc81e0720a4a42581f334ad4303aa6b?s=96&d=mm&r=g\",\"caption\":\"Reda\u00e7\u00e3o\"}}]}<\/script>\n<!-- \/ Yoast SEO plugin. -->","yoast_head_json":{"title":"ABC vai ao Recife e ensina ao Santa Cruz o beab\u00e1 da vit\u00f3ria - Notibras","robots":{"index":"index","follow":"follow","max-snippet":"max-snippet:-1","max-image-preview":"max-image-preview:large","max-video-preview":"max-video-preview:-1"},"canonical":"https:\/\/www.notibras.com\/site\/abc-vai-ao-recife-e-ensina-ao-santa-cruz-o-beaba-da-vitoria\/","og_locale":"pt_BR","og_type":"article","og_title":"ABC vai ao Recife e ensina ao Santa Cruz o beab\u00e1 da vit\u00f3ria - Notibras","og_description":"Na noite desta sexta-feira, Gilmar Dal Pozzo estreou com o p\u00e9 direito no comando do ABC. Em partida v\u00e1lida pela quarta rodada da S\u00e9rie B, o t\u00e9cnico fez a forma\u00e7\u00e3o de Natal triunfar sobre o Santa Cruz, em pleno Arruda, por 1 a 0. O gol visitante foi anotado por Kayke, aos 26min\u00a0do primeiro tempo. [&hellip;]","og_url":"https:\/\/www.notibras.com\/site\/abc-vai-ao-recife-e-ensina-ao-santa-cruz-o-beaba-da-vitoria\/","og_site_name":"Notibras","article_publisher":"https:\/\/www.facebook.com\/notibras\/","article_published_time":"2015-05-30T23:00:27+00:00","og_image":[{"width":940,"height":627,"url":"https:\/\/www.notibras.com\/site\/wp-content\/uploads\/2015\/05\/abcfestagolmarloncostafp.jpg","type":"image\/jpeg"}],"author":"Reda\u00e7\u00e3o","twitter_card":"summary_large_image","twitter_creator":"@Notibras","twitter_site":"@Notibras","twitter_misc":{"Escrito por":"Reda\u00e7\u00e3o","Est. tempo de leitura":"1 minuto"},"schema":{"@context":"https:\/\/schema.org","@graph":[{"@type":"Article","@id":"https:\/\/www.notibras.com\/site\/abc-vai-ao-recife-e-ensina-ao-santa-cruz-o-beaba-da-vitoria\/#article","isPartOf":{"@id":"https:\/\/www.notibras.com\/site\/abc-vai-ao-recife-e-ensina-ao-santa-cruz-o-beaba-da-vitoria\/"},"author":{"name":"Reda\u00e7\u00e3o","@id":"https:\/\/www.notibras.com\/site\/#\/schema\/person\/36ab0979449956132d3e5b517ea76ac8"},"headline":"ABC vai ao Recife e ensina ao Santa Cruz o beab\u00e1 da vit\u00f3ria","datePublished":"2015-05-30T23:00:27+00:00","mainEntityOfPage":{"@id":"https:\/\/www.notibras.com\/site\/abc-vai-ao-recife-e-ensina-ao-santa-cruz-o-beaba-da-vitoria\/"},"wordCount":209,"commentCount":0,"publisher":{"@id":"https:\/\/www.notibras.com\/site\/#organization"},"image":{"@id":"https:\/\/www.notibras.com\/site\/abc-vai-ao-recife-e-ensina-ao-santa-cruz-o-beaba-da-vitoria\/#primaryimage"},"thumbnailUrl":"https:\/\/www.notibras.com\/site\/wp-content\/uploads\/2015\/05\/abcfestagolmarloncostafp.jpg","articleSection":["Esportes","Futebol"],"inLanguage":"pt-BR","potentialAction":[{"@type":"CommentAction","name":"Comment","target":["https:\/\/www.notibras.com\/site\/abc-vai-ao-recife-e-ensina-ao-santa-cruz-o-beaba-da-vitoria\/#respond"]}]},{"@type":"WebPage","@id":"https:\/\/www.notibras.com\/site\/abc-vai-ao-recife-e-ensina-ao-santa-cruz-o-beaba-da-vitoria\/","url":"https:\/\/www.notibras.com\/site\/abc-vai-ao-recife-e-ensina-ao-santa-cruz-o-beaba-da-vitoria\/","name":"ABC vai ao Recife e ensina ao Santa Cruz o beab\u00e1 da vit\u00f3ria - Notibras","isPartOf":{"@id":"https:\/\/www.notibras.com\/site\/#website"},"primaryImageOfPage":{"@id":"https:\/\/www.notibras.com\/site\/abc-vai-ao-recife-e-ensina-ao-santa-cruz-o-beaba-da-vitoria\/#primaryimage"},"image":{"@id":"https:\/\/www.notibras.com\/site\/abc-vai-ao-recife-e-ensina-ao-santa-cruz-o-beaba-da-vitoria\/#primaryimage"},"thumbnailUrl":"https:\/\/www.notibras.com\/site\/wp-content\/uploads\/2015\/05\/abcfestagolmarloncostafp.jpg","datePublished":"2015-05-30T23:00:27+00:00","breadcrumb":{"@id":"https:\/\/www.notibras.com\/site\/abc-vai-ao-recife-e-ensina-ao-santa-cruz-o-beaba-da-vitoria\/#breadcrumb"},"inLanguage":"pt-BR","potentialAction":[{"@type":"ReadAction","target":["https:\/\/www.notibras.com\/site\/abc-vai-ao-recife-e-ensina-ao-santa-cruz-o-beaba-da-vitoria\/"]}]},{"@type":"ImageObject","inLanguage":"pt-BR","@id":"https:\/\/www.notibras.com\/site\/abc-vai-ao-recife-e-ensina-ao-santa-cruz-o-beaba-da-vitoria\/#primaryimage","url":"https:\/\/www.notibras.com\/site\/wp-content\/uploads\/2015\/05\/abcfestagolmarloncostafp.jpg","contentUrl":"https:\/\/www.notibras.com\/site\/wp-content\/uploads\/2015\/05\/abcfestagolmarloncostafp.jpg","width":940,"height":627,"caption":"Marlon Costa"},{"@type":"BreadcrumbList","@id":"https:\/\/www.notibras.com\/site\/abc-vai-ao-recife-e-ensina-ao-santa-cruz-o-beaba-da-vitoria\/#breadcrumb","itemListElement":[{"@type":"ListItem","position":1,"name":"In\u00edcio","item":"https:\/\/www.notibras.com\/site\/"},{"@type":"ListItem","position":2,"name":"ABC vai ao Recife e ensina ao Santa Cruz o beab\u00e1 da vit\u00f3ria"}]},{"@type":"WebSite","@id":"https:\/\/www.notibras.com\/site\/#website","url":"https:\/\/www.notibras.com\/site\/","name":"Notibras","description":"Not\u00edcias de Bras\u00edlia, do Brasil e do Mundo","publisher":{"@id":"https:\/\/www.notibras.com\/site\/#organization"},"potentialAction":[{"@type":"SearchAction","target":{"@type":"EntryPoint","urlTemplate":"https:\/\/www.notibras.com\/site\/?s={search_term_string}"},"query-input":{"@type":"PropertyValueSpecification","valueRequired":true,"valueName":"search_term_string"}}],"inLanguage":"pt-BR"},{"@type":"Organization","@id":"https:\/\/www.notibras.com\/site\/#organization","name":"Grupo Notibras de Comunica\u00e7\u00e3o","url":"https:\/\/www.notibras.com\/site\/","logo":{"@type":"ImageObject","inLanguage":"pt-BR","@id":"https:\/\/www.notibras.com\/site\/#\/schema\/logo\/image\/","url":"https:\/\/www.notibras.com\/site\/wp-content\/uploads\/2023\/01\/notibras23.png","contentUrl":"https:\/\/www.notibras.com\/site\/wp-content\/uploads\/2023\/01\/notibras23.png","width":350,"height":87,"caption":"Grupo Notibras de Comunica\u00e7\u00e3o"},"image":{"@id":"https:\/\/www.notibras.com\/site\/#\/schema\/logo\/image\/"},"sameAs":["https:\/\/www.facebook.com\/notibras\/","https:\/\/x.com\/Notibras","https:\/\/www.instagram.com\/notibras\/"]},{"@type":"Person","@id":"https:\/\/www.notibras.com\/site\/#\/schema\/person\/36ab0979449956132d3e5b517ea76ac8","name":"Reda\u00e7\u00e3o","image":{"@type":"ImageObject","inLanguage":"pt-BR","@id":"https:\/\/secure.gravatar.com\/avatar\/e0a867bdedb85fd243eadf09663511f96fc81e0720a4a42581f334ad4303aa6b?s=96&d=mm&r=g","url":"https:\/\/secure.gravatar.com\/avatar\/e0a867bdedb85fd243eadf09663511f96fc81e0720a4a42581f334ad4303aa6b?s=96&d=mm&r=g","contentUrl":"https:\/\/secure.gravatar.com\/avatar\/e0a867bdedb85fd243eadf09663511f96fc81e0720a4a42581f334ad4303aa6b?s=96&d=mm&r=g","caption":"Reda\u00e7\u00e3o"}}]}},"amp_enabled":true,"_links":{"self":[{"href":"https:\/\/www.notibras.com\/site\/wp-json\/wp\/v2\/posts\/51391","targetHints":{"allow":["GET"]}}],"collection":[{"href":"https:\/\/www.notibras.com\/site\/wp-json\/wp\/v2\/posts"}],"about":[{"href":"https:\/\/www.notibras.com\/site\/wp-json\/wp\/v2\/types\/post"}],"author":[{"embeddable":true,"href":"https:\/\/www.notibras.com\/site\/wp-json\/wp\/v2\/users\/2"}],"replies":[{"embeddable":true,"href":"https:\/\/www.notibras.com\/site\/wp-json\/wp\/v2\/comments?post=51391"}],"version-history":[{"count":0,"href":"https:\/\/www.notibras.com\/site\/wp-json\/wp\/v2\/posts\/51391\/revisions"}],"wp:featuredmedia":[{"embeddable":true,"href":"https:\/\/www.notibras.com\/site\/wp-json\/wp\/v2\/media\/51392"}],"wp:attachment":[{"href":"https:\/\/www.notibras.com\/site\/wp-json\/wp\/v2\/media?parent=51391"}],"wp:term":[{"taxonomy":"category","embeddable":true,"href":"https:\/\/www.notibras.com\/site\/wp-json\/wp\/v2\/categories?post=51391"},{"taxonomy":"post_tag","embeddable":true,"href":"https:\/\/www.notibras.com\/site\/wp-json\/wp\/v2\/tags?post=51391"}],"curies":[{"name":"wp","href":"https:\/\/api.w.org\/{rel}","templated":true}]}}