{"id":51428,"date":"2015-05-31T12:14:08","date_gmt":"2015-05-31T15:14:08","guid":{"rendered":"http:\/\/www.notibras.com\/site\/?p=51428"},"modified":"2015-05-31T12:14:08","modified_gmt":"2015-05-31T15:14:08","slug":"audiencia-de-custodia-um-tema-que-merece-reflexao-da-sociedade","status":"publish","type":"post","link":"https:\/\/www.notibras.com\/site\/audiencia-de-custodia-um-tema-que-merece-reflexao-da-sociedade\/","title":{"rendered":"Audi\u00eancia de cust\u00f3dia, um tema que merece reflex\u00e3o da sociedade"},"content":{"rendered":"<p>Em 15 de abril passado o escriv\u00e3o de pol\u00edcia Weder Grassi escreveu-me a prop\u00f3sito da chamada audi\u00eancia de cust\u00f3dia, que est\u00e1 sendo agora institu\u00edda. No e-mail ele disse que fui o precursor desta ideia. Isto porque determinei h\u00e1 muitos anos, atrav\u00e9s de portaria, que todo indiv\u00edduo preso, no territ\u00f3rio de minha comarca, fosse imediatamente trazido ao f\u00f3rum.<\/p>\n<p>A Constitui\u00e7\u00e3o Federal ent\u00e3o vigente determinava que a pris\u00e3o fosse comunicada ao juiz. Raciocinei que seria um aperfei\u00e7oamento da norma constitucional que, ao fazer a comunica\u00e7\u00e3o da pris\u00e3o, a Pol\u00edcia apresentasse o detido.<\/p>\n<p>Por ocasi\u00e3o da Assembleia Nacional Constituinte, propus que fosse estabelecida como norma constitucional o que eu j\u00e1 fazia no Esp\u00edrito Santo, ou seja, que a Constitui\u00e7\u00e3o Federal determinasse a obriga\u00e7\u00e3o de ser, n\u00e3o apenas comunicada a pris\u00e3o ao juiz, pela autoridade que a efetuou, mas que houvesse ato cont\u00ednuo a apresenta\u00e7\u00e3o f\u00edsica do preso. Uma deputada por Pernambuco apresentou emenda neste sentido, mas a emenda n\u00e3o foi aprovada. Este fato foi registrado no site da Associa\u00e7\u00e3o dos Magistrados Brasileiros.<\/p>\n<p>A respeito do assunto \u201cpresos\u201d escrevi muitos textos em A Gazeta. Nem sempre fui entendido nesta const\u00e2ncia de abordar o tema. Fui apodado de defensor de bandidos, mas este ep\u00edteto n\u00e3o me incomodou. S\u00f3 me incomodaria trair a consci\u00eancia.<\/p>\n<p>Em tempos de muita viol\u00eancia, o discurso da repress\u00e3o ganha novos adeptos.<\/p>\n<blockquote><p>Crescem as estat\u00edsticas de apoiadores para teses como: redu\u00e7\u00e3o da maioridade penal; agravamento das penas em geral com as devidas altera\u00e7\u00f5es no C\u00f3digo Penal; introdu\u00e7\u00e3o da pena de morte; maior rigor dos ju\u00edzes para aplicar as penas j\u00e1 previstas; abandono do princ\u00edpio da presun\u00e7\u00e3o de inoc\u00eancia; ado\u00e7\u00e3o ampla do encarceramento e redu\u00e7\u00e3o dr\u00e1stica de alternativas como liberdade vigiada, presta\u00e7\u00e3o de servi\u00e7os \u00e0 comunidade, multas; revoga\u00e7\u00e3o do dispositivo legal que permite aos condenados recorrer de senten\u00e7as condenat\u00f3rias em liberdade etc.<\/p><\/blockquote>\n<p>Sob a \u00f3tica do leigo estas ideias parecem eficazes para reduzir a criminalidade. Entretanto, \u00e0 luz das pesquisas cient\u00edficas, sob o olhar do cientista do Direito, esses aparentes avan\u00e7os: ou contribuem para aumentar as taxas de incid\u00eancia criminal, ou n\u00e3o alteram em nada os \u00edndices anteriormente apurados.<\/p>\n<p>\u00c9 lament\u00e1vel que alguns juristas endossem o discurso repressivo. Duas hip\u00f3teses: a) ou n\u00e3o gostam de ler e, consequentemente, desconhecem as pesquisas que hoje circulam at\u00e9 pela internet; b) ou conhecem a verdade cient\u00edfica mas embarcam no discurso da m\u00e3o pesada por subservi\u00eancia \u00e0 opini\u00e3o da maioria.<\/p>\n<p><strong>Jo\u00e3o Baptista Herkenhoff<\/strong><\/p>\n","protected":false},"excerpt":{"rendered":"<p>Em 15 de abril passado o escriv\u00e3o de pol\u00edcia Weder Grassi escreveu-me a prop\u00f3sito da chamada audi\u00eancia de cust\u00f3dia, que est\u00e1 sendo agora institu\u00edda. No e-mail ele disse que fui o precursor desta ideia. Isto porque determinei h\u00e1 muitos anos, atrav\u00e9s de portaria, que todo indiv\u00edduo preso, no territ\u00f3rio de minha comarca, fosse imediatamente trazido [&hellip;]<\/p>\n","protected":false},"author":2,"featured_media":51429,"comment_status":"open","ping_status":"closed","sticky":false,"template":"","format":"standard","meta":{"_acf_changed":false,"footnotes":""},"categories":[25],"tags":[],"class_list":["post-51428","post","type-post","status-publish","format-standard","has-post-thumbnail","hentry","category-opina-ai"],"acf":[],"yoast_head":"<!-- This site is optimized with the Yoast SEO plugin v27.2 - https:\/\/yoast.com\/product\/yoast-seo-wordpress\/ -->\n<title>Audi\u00eancia de cust\u00f3dia, um tema que merece reflex\u00e3o da sociedade - Notibras<\/title>\n<meta name=\"robots\" content=\"index, follow, max-snippet:-1, max-image-preview:large, max-video-preview:-1\" \/>\n<link rel=\"canonical\" href=\"https:\/\/www.notibras.com\/site\/audiencia-de-custodia-um-tema-que-merece-reflexao-da-sociedade\/\" \/>\n<meta property=\"og:locale\" content=\"pt_BR\" \/>\n<meta property=\"og:type\" content=\"article\" \/>\n<meta property=\"og:title\" content=\"Audi\u00eancia de cust\u00f3dia, um tema que merece reflex\u00e3o da sociedade - Notibras\" \/>\n<meta property=\"og:description\" content=\"Em 15 de abril passado o escriv\u00e3o de pol\u00edcia Weder Grassi escreveu-me a prop\u00f3sito da chamada audi\u00eancia de cust\u00f3dia, que est\u00e1 sendo agora institu\u00edda. No e-mail ele disse que fui o precursor desta ideia. Isto porque determinei h\u00e1 muitos anos, atrav\u00e9s de portaria, que todo indiv\u00edduo preso, no territ\u00f3rio de minha comarca, fosse imediatamente trazido [&hellip;]\" \/>\n<meta property=\"og:url\" content=\"https:\/\/www.notibras.com\/site\/audiencia-de-custodia-um-tema-que-merece-reflexao-da-sociedade\/\" \/>\n<meta property=\"og:site_name\" content=\"Notibras\" \/>\n<meta property=\"article:publisher\" content=\"https:\/\/www.facebook.com\/notibras\/\" \/>\n<meta property=\"article:published_time\" content=\"2015-05-31T15:14:08+00:00\" \/>\n<meta property=\"og:image\" content=\"https:\/\/www.notibras.com\/site\/wp-content\/uploads\/2015\/05\/ad.jpg\" \/>\n\t<meta property=\"og:image:width\" content=\"600\" \/>\n\t<meta property=\"og:image:height\" content=\"400\" \/>\n\t<meta property=\"og:image:type\" content=\"image\/jpeg\" \/>\n<meta name=\"author\" content=\"Reda\u00e7\u00e3o\" \/>\n<meta name=\"twitter:card\" content=\"summary_large_image\" \/>\n<meta name=\"twitter:creator\" content=\"@Notibras\" \/>\n<meta name=\"twitter:site\" content=\"@Notibras\" \/>\n<meta name=\"twitter:label1\" content=\"Escrito por\" \/>\n\t<meta name=\"twitter:data1\" content=\"Reda\u00e7\u00e3o\" \/>\n\t<meta name=\"twitter:label2\" content=\"Est. tempo de leitura\" \/>\n\t<meta name=\"twitter:data2\" content=\"2 minutos\" \/>\n<script type=\"application\/ld+json\" class=\"yoast-schema-graph\">{\"@context\":\"https:\/\/schema.org\",\"@graph\":[{\"@type\":\"Article\",\"@id\":\"https:\/\/www.notibras.com\/site\/audiencia-de-custodia-um-tema-que-merece-reflexao-da-sociedade\/#article\",\"isPartOf\":{\"@id\":\"https:\/\/www.notibras.com\/site\/audiencia-de-custodia-um-tema-que-merece-reflexao-da-sociedade\/\"},\"author\":{\"name\":\"Reda\u00e7\u00e3o\",\"@id\":\"https:\/\/www.notibras.com\/site\/#\/schema\/person\/36ab0979449956132d3e5b517ea76ac8\"},\"headline\":\"Audi\u00eancia de cust\u00f3dia, um tema que merece reflex\u00e3o da sociedade\",\"datePublished\":\"2015-05-31T15:14:08+00:00\",\"mainEntityOfPage\":{\"@id\":\"https:\/\/www.notibras.com\/site\/audiencia-de-custodia-um-tema-que-merece-reflexao-da-sociedade\/\"},\"wordCount\":467,\"commentCount\":0,\"publisher\":{\"@id\":\"https:\/\/www.notibras.com\/site\/#organization\"},\"image\":{\"@id\":\"https:\/\/www.notibras.com\/site\/audiencia-de-custodia-um-tema-que-merece-reflexao-da-sociedade\/#primaryimage\"},\"thumbnailUrl\":\"https:\/\/www.notibras.com\/site\/wp-content\/uploads\/2015\/05\/ad.jpg\",\"articleSection\":[\"Opina a\u00ed\"],\"inLanguage\":\"pt-BR\",\"potentialAction\":[{\"@type\":\"CommentAction\",\"name\":\"Comment\",\"target\":[\"https:\/\/www.notibras.com\/site\/audiencia-de-custodia-um-tema-que-merece-reflexao-da-sociedade\/#respond\"]}]},{\"@type\":\"WebPage\",\"@id\":\"https:\/\/www.notibras.com\/site\/audiencia-de-custodia-um-tema-que-merece-reflexao-da-sociedade\/\",\"url\":\"https:\/\/www.notibras.com\/site\/audiencia-de-custodia-um-tema-que-merece-reflexao-da-sociedade\/\",\"name\":\"Audi\u00eancia de cust\u00f3dia, um tema que merece reflex\u00e3o da sociedade - Notibras\",\"isPartOf\":{\"@id\":\"https:\/\/www.notibras.com\/site\/#website\"},\"primaryImageOfPage\":{\"@id\":\"https:\/\/www.notibras.com\/site\/audiencia-de-custodia-um-tema-que-merece-reflexao-da-sociedade\/#primaryimage\"},\"image\":{\"@id\":\"https:\/\/www.notibras.com\/site\/audiencia-de-custodia-um-tema-que-merece-reflexao-da-sociedade\/#primaryimage\"},\"thumbnailUrl\":\"https:\/\/www.notibras.com\/site\/wp-content\/uploads\/2015\/05\/ad.jpg\",\"datePublished\":\"2015-05-31T15:14:08+00:00\",\"breadcrumb\":{\"@id\":\"https:\/\/www.notibras.com\/site\/audiencia-de-custodia-um-tema-que-merece-reflexao-da-sociedade\/#breadcrumb\"},\"inLanguage\":\"pt-BR\",\"potentialAction\":[{\"@type\":\"ReadAction\",\"target\":[\"https:\/\/www.notibras.com\/site\/audiencia-de-custodia-um-tema-que-merece-reflexao-da-sociedade\/\"]}]},{\"@type\":\"ImageObject\",\"inLanguage\":\"pt-BR\",\"@id\":\"https:\/\/www.notibras.com\/site\/audiencia-de-custodia-um-tema-que-merece-reflexao-da-sociedade\/#primaryimage\",\"url\":\"https:\/\/www.notibras.com\/site\/wp-content\/uploads\/2015\/05\/ad.jpg\",\"contentUrl\":\"https:\/\/www.notibras.com\/site\/wp-content\/uploads\/2015\/05\/ad.jpg\",\"width\":600,\"height\":400},{\"@type\":\"BreadcrumbList\",\"@id\":\"https:\/\/www.notibras.com\/site\/audiencia-de-custodia-um-tema-que-merece-reflexao-da-sociedade\/#breadcrumb\",\"itemListElement\":[{\"@type\":\"ListItem\",\"position\":1,\"name\":\"In\u00edcio\",\"item\":\"https:\/\/www.notibras.com\/site\/\"},{\"@type\":\"ListItem\",\"position\":2,\"name\":\"Audi\u00eancia de cust\u00f3dia, um tema que merece reflex\u00e3o da sociedade\"}]},{\"@type\":\"WebSite\",\"@id\":\"https:\/\/www.notibras.com\/site\/#website\",\"url\":\"https:\/\/www.notibras.com\/site\/\",\"name\":\"Notibras\",\"description\":\"Not\u00edcias de Bras\u00edlia, do Brasil e do Mundo\",\"publisher\":{\"@id\":\"https:\/\/www.notibras.com\/site\/#organization\"},\"potentialAction\":[{\"@type\":\"SearchAction\",\"target\":{\"@type\":\"EntryPoint\",\"urlTemplate\":\"https:\/\/www.notibras.com\/site\/?s={search_term_string}\"},\"query-input\":{\"@type\":\"PropertyValueSpecification\",\"valueRequired\":true,\"valueName\":\"search_term_string\"}}],\"inLanguage\":\"pt-BR\"},{\"@type\":\"Organization\",\"@id\":\"https:\/\/www.notibras.com\/site\/#organization\",\"name\":\"Grupo Notibras de Comunica\u00e7\u00e3o\",\"url\":\"https:\/\/www.notibras.com\/site\/\",\"logo\":{\"@type\":\"ImageObject\",\"inLanguage\":\"pt-BR\",\"@id\":\"https:\/\/www.notibras.com\/site\/#\/schema\/logo\/image\/\",\"url\":\"https:\/\/www.notibras.com\/site\/wp-content\/uploads\/2023\/01\/notibras23.png\",\"contentUrl\":\"https:\/\/www.notibras.com\/site\/wp-content\/uploads\/2023\/01\/notibras23.png\",\"width\":350,\"height\":87,\"caption\":\"Grupo Notibras de Comunica\u00e7\u00e3o\"},\"image\":{\"@id\":\"https:\/\/www.notibras.com\/site\/#\/schema\/logo\/image\/\"},\"sameAs\":[\"https:\/\/www.facebook.com\/notibras\/\",\"https:\/\/x.com\/Notibras\",\"https:\/\/www.instagram.com\/notibras\/\"]},{\"@type\":\"Person\",\"@id\":\"https:\/\/www.notibras.com\/site\/#\/schema\/person\/36ab0979449956132d3e5b517ea76ac8\",\"name\":\"Reda\u00e7\u00e3o\",\"image\":{\"@type\":\"ImageObject\",\"inLanguage\":\"pt-BR\",\"@id\":\"https:\/\/secure.gravatar.com\/avatar\/e0a867bdedb85fd243eadf09663511f96fc81e0720a4a42581f334ad4303aa6b?s=96&d=mm&r=g\",\"url\":\"https:\/\/secure.gravatar.com\/avatar\/e0a867bdedb85fd243eadf09663511f96fc81e0720a4a42581f334ad4303aa6b?s=96&d=mm&r=g\",\"contentUrl\":\"https:\/\/secure.gravatar.com\/avatar\/e0a867bdedb85fd243eadf09663511f96fc81e0720a4a42581f334ad4303aa6b?s=96&d=mm&r=g\",\"caption\":\"Reda\u00e7\u00e3o\"}}]}<\/script>\n<!-- \/ Yoast SEO plugin. -->","yoast_head_json":{"title":"Audi\u00eancia de cust\u00f3dia, um tema que merece reflex\u00e3o da sociedade - Notibras","robots":{"index":"index","follow":"follow","max-snippet":"max-snippet:-1","max-image-preview":"max-image-preview:large","max-video-preview":"max-video-preview:-1"},"canonical":"https:\/\/www.notibras.com\/site\/audiencia-de-custodia-um-tema-que-merece-reflexao-da-sociedade\/","og_locale":"pt_BR","og_type":"article","og_title":"Audi\u00eancia de cust\u00f3dia, um tema que merece reflex\u00e3o da sociedade - Notibras","og_description":"Em 15 de abril passado o escriv\u00e3o de pol\u00edcia Weder Grassi escreveu-me a prop\u00f3sito da chamada audi\u00eancia de cust\u00f3dia, que est\u00e1 sendo agora institu\u00edda. No e-mail ele disse que fui o precursor desta ideia. Isto porque determinei h\u00e1 muitos anos, atrav\u00e9s de portaria, que todo indiv\u00edduo preso, no territ\u00f3rio de minha comarca, fosse imediatamente trazido [&hellip;]","og_url":"https:\/\/www.notibras.com\/site\/audiencia-de-custodia-um-tema-que-merece-reflexao-da-sociedade\/","og_site_name":"Notibras","article_publisher":"https:\/\/www.facebook.com\/notibras\/","article_published_time":"2015-05-31T15:14:08+00:00","og_image":[{"width":600,"height":400,"url":"https:\/\/www.notibras.com\/site\/wp-content\/uploads\/2015\/05\/ad.jpg","type":"image\/jpeg"}],"author":"Reda\u00e7\u00e3o","twitter_card":"summary_large_image","twitter_creator":"@Notibras","twitter_site":"@Notibras","twitter_misc":{"Escrito por":"Reda\u00e7\u00e3o","Est. tempo de leitura":"2 minutos"},"schema":{"@context":"https:\/\/schema.org","@graph":[{"@type":"Article","@id":"https:\/\/www.notibras.com\/site\/audiencia-de-custodia-um-tema-que-merece-reflexao-da-sociedade\/#article","isPartOf":{"@id":"https:\/\/www.notibras.com\/site\/audiencia-de-custodia-um-tema-que-merece-reflexao-da-sociedade\/"},"author":{"name":"Reda\u00e7\u00e3o","@id":"https:\/\/www.notibras.com\/site\/#\/schema\/person\/36ab0979449956132d3e5b517ea76ac8"},"headline":"Audi\u00eancia de cust\u00f3dia, um tema que merece reflex\u00e3o da sociedade","datePublished":"2015-05-31T15:14:08+00:00","mainEntityOfPage":{"@id":"https:\/\/www.notibras.com\/site\/audiencia-de-custodia-um-tema-que-merece-reflexao-da-sociedade\/"},"wordCount":467,"commentCount":0,"publisher":{"@id":"https:\/\/www.notibras.com\/site\/#organization"},"image":{"@id":"https:\/\/www.notibras.com\/site\/audiencia-de-custodia-um-tema-que-merece-reflexao-da-sociedade\/#primaryimage"},"thumbnailUrl":"https:\/\/www.notibras.com\/site\/wp-content\/uploads\/2015\/05\/ad.jpg","articleSection":["Opina a\u00ed"],"inLanguage":"pt-BR","potentialAction":[{"@type":"CommentAction","name":"Comment","target":["https:\/\/www.notibras.com\/site\/audiencia-de-custodia-um-tema-que-merece-reflexao-da-sociedade\/#respond"]}]},{"@type":"WebPage","@id":"https:\/\/www.notibras.com\/site\/audiencia-de-custodia-um-tema-que-merece-reflexao-da-sociedade\/","url":"https:\/\/www.notibras.com\/site\/audiencia-de-custodia-um-tema-que-merece-reflexao-da-sociedade\/","name":"Audi\u00eancia de cust\u00f3dia, um tema que merece reflex\u00e3o da sociedade - Notibras","isPartOf":{"@id":"https:\/\/www.notibras.com\/site\/#website"},"primaryImageOfPage":{"@id":"https:\/\/www.notibras.com\/site\/audiencia-de-custodia-um-tema-que-merece-reflexao-da-sociedade\/#primaryimage"},"image":{"@id":"https:\/\/www.notibras.com\/site\/audiencia-de-custodia-um-tema-que-merece-reflexao-da-sociedade\/#primaryimage"},"thumbnailUrl":"https:\/\/www.notibras.com\/site\/wp-content\/uploads\/2015\/05\/ad.jpg","datePublished":"2015-05-31T15:14:08+00:00","breadcrumb":{"@id":"https:\/\/www.notibras.com\/site\/audiencia-de-custodia-um-tema-que-merece-reflexao-da-sociedade\/#breadcrumb"},"inLanguage":"pt-BR","potentialAction":[{"@type":"ReadAction","target":["https:\/\/www.notibras.com\/site\/audiencia-de-custodia-um-tema-que-merece-reflexao-da-sociedade\/"]}]},{"@type":"ImageObject","inLanguage":"pt-BR","@id":"https:\/\/www.notibras.com\/site\/audiencia-de-custodia-um-tema-que-merece-reflexao-da-sociedade\/#primaryimage","url":"https:\/\/www.notibras.com\/site\/wp-content\/uploads\/2015\/05\/ad.jpg","contentUrl":"https:\/\/www.notibras.com\/site\/wp-content\/uploads\/2015\/05\/ad.jpg","width":600,"height":400},{"@type":"BreadcrumbList","@id":"https:\/\/www.notibras.com\/site\/audiencia-de-custodia-um-tema-que-merece-reflexao-da-sociedade\/#breadcrumb","itemListElement":[{"@type":"ListItem","position":1,"name":"In\u00edcio","item":"https:\/\/www.notibras.com\/site\/"},{"@type":"ListItem","position":2,"name":"Audi\u00eancia de cust\u00f3dia, um tema que merece reflex\u00e3o da sociedade"}]},{"@type":"WebSite","@id":"https:\/\/www.notibras.com\/site\/#website","url":"https:\/\/www.notibras.com\/site\/","name":"Notibras","description":"Not\u00edcias de Bras\u00edlia, do Brasil e do Mundo","publisher":{"@id":"https:\/\/www.notibras.com\/site\/#organization"},"potentialAction":[{"@type":"SearchAction","target":{"@type":"EntryPoint","urlTemplate":"https:\/\/www.notibras.com\/site\/?s={search_term_string}"},"query-input":{"@type":"PropertyValueSpecification","valueRequired":true,"valueName":"search_term_string"}}],"inLanguage":"pt-BR"},{"@type":"Organization","@id":"https:\/\/www.notibras.com\/site\/#organization","name":"Grupo Notibras de Comunica\u00e7\u00e3o","url":"https:\/\/www.notibras.com\/site\/","logo":{"@type":"ImageObject","inLanguage":"pt-BR","@id":"https:\/\/www.notibras.com\/site\/#\/schema\/logo\/image\/","url":"https:\/\/www.notibras.com\/site\/wp-content\/uploads\/2023\/01\/notibras23.png","contentUrl":"https:\/\/www.notibras.com\/site\/wp-content\/uploads\/2023\/01\/notibras23.png","width":350,"height":87,"caption":"Grupo Notibras de Comunica\u00e7\u00e3o"},"image":{"@id":"https:\/\/www.notibras.com\/site\/#\/schema\/logo\/image\/"},"sameAs":["https:\/\/www.facebook.com\/notibras\/","https:\/\/x.com\/Notibras","https:\/\/www.instagram.com\/notibras\/"]},{"@type":"Person","@id":"https:\/\/www.notibras.com\/site\/#\/schema\/person\/36ab0979449956132d3e5b517ea76ac8","name":"Reda\u00e7\u00e3o","image":{"@type":"ImageObject","inLanguage":"pt-BR","@id":"https:\/\/secure.gravatar.com\/avatar\/e0a867bdedb85fd243eadf09663511f96fc81e0720a4a42581f334ad4303aa6b?s=96&d=mm&r=g","url":"https:\/\/secure.gravatar.com\/avatar\/e0a867bdedb85fd243eadf09663511f96fc81e0720a4a42581f334ad4303aa6b?s=96&d=mm&r=g","contentUrl":"https:\/\/secure.gravatar.com\/avatar\/e0a867bdedb85fd243eadf09663511f96fc81e0720a4a42581f334ad4303aa6b?s=96&d=mm&r=g","caption":"Reda\u00e7\u00e3o"}}]}},"amp_enabled":true,"_links":{"self":[{"href":"https:\/\/www.notibras.com\/site\/wp-json\/wp\/v2\/posts\/51428","targetHints":{"allow":["GET"]}}],"collection":[{"href":"https:\/\/www.notibras.com\/site\/wp-json\/wp\/v2\/posts"}],"about":[{"href":"https:\/\/www.notibras.com\/site\/wp-json\/wp\/v2\/types\/post"}],"author":[{"embeddable":true,"href":"https:\/\/www.notibras.com\/site\/wp-json\/wp\/v2\/users\/2"}],"replies":[{"embeddable":true,"href":"https:\/\/www.notibras.com\/site\/wp-json\/wp\/v2\/comments?post=51428"}],"version-history":[{"count":0,"href":"https:\/\/www.notibras.com\/site\/wp-json\/wp\/v2\/posts\/51428\/revisions"}],"wp:featuredmedia":[{"embeddable":true,"href":"https:\/\/www.notibras.com\/site\/wp-json\/wp\/v2\/media\/51429"}],"wp:attachment":[{"href":"https:\/\/www.notibras.com\/site\/wp-json\/wp\/v2\/media?parent=51428"}],"wp:term":[{"taxonomy":"category","embeddable":true,"href":"https:\/\/www.notibras.com\/site\/wp-json\/wp\/v2\/categories?post=51428"},{"taxonomy":"post_tag","embeddable":true,"href":"https:\/\/www.notibras.com\/site\/wp-json\/wp\/v2\/tags?post=51428"}],"curies":[{"name":"wp","href":"https:\/\/api.w.org\/{rel}","templated":true}]}}