{"id":51456,"date":"2015-05-31T13:56:22","date_gmt":"2015-05-31T16:56:22","guid":{"rendered":"http:\/\/www.notibras.com\/site\/?p=51456"},"modified":"2015-05-31T13:56:22","modified_gmt":"2015-05-31T16:56:22","slug":"robinho-marca-vai-para-a-selecao-mas-sport-arranca-empate-na-vila","status":"publish","type":"post","link":"https:\/\/www.notibras.com\/site\/robinho-marca-vai-para-a-selecao-mas-sport-arranca-empate-na-vila\/","title":{"rendered":"Robinho marca, vai para a Sele\u00e7\u00e3o, mas Sport arranca empate na Vila"},"content":{"rendered":"<p>O atacante Robinho &#8216;se despediu&#8217; do Santos com um gosto amargo. Na \u00faltima partida de seu atual contrato com o clube, o camisa 7 marcou um gola\u00e7o de voleio, abusou das jogadas de efeito, mas viu o Sport arrancar um empate por 2 a 2 no \u00faltimo minuto, neste domingo, na Vila Belmiro, pela quarta rodada do Brasileir\u00e3o.<\/p>\n<p>Nesta segunda-feira Robinho se apresenta \u00e0 sele\u00e7\u00e3o brasileira para a disputa da Copa Am\u00e9rica e, caso seu contrato n\u00e3o seja renovado, fez sua \u00faltima partida pelo Santos neste domingo. As conversas para um novo v\u00ednculo est\u00e3o em andamento e ambas as partes combinaram de se reunir novamente na pr\u00f3xima quarta.<\/p>\n<blockquote><p>O empate no minuto final manteve a invencibilidade do Sport no Brasileir\u00e3o. A equipe pernambucana aparece na vice-lideran\u00e7a, com oito pontos. J\u00e1 o Santos perde a chance de se aproximar do G-4 e fica na nona coloca\u00e7\u00e3o, com cinco pontos.<\/p><\/blockquote>\n<p class=\"text\">O Santos teve um primeiro tempo produtivo, em que criou chances claras de gol, mas que n\u00e3o soube bem aproveit\u00e1-las. Robinho teve oportunidade cara a cara aos 9min, em que deixou Durval no ch\u00e3o com um drible, mas finalizou para fora. O placar foi inaugurado somente aos 42min, com o camisa 7 aproveitando rebote de Ricardo Oliveira.<\/p>\n<p class=\"text\">O Sport voltou do intervalo com outra postura e Diego Souza no meio de campo. Foram necess\u00e1rios somente cinco minutos para que o empate viesse nos p\u00e9s de Joelinton, ap\u00f3s passe de Rithely. O Santos, por\u00e9m, voltou a ficar na frente aos 24min, em jogada de escanteio finalizada por Werley.<\/p>\n","protected":false},"excerpt":{"rendered":"<p>O atacante Robinho &#8216;se despediu&#8217; do Santos com um gosto amargo. Na \u00faltima partida de seu atual contrato com o clube, o camisa 7 marcou um gola\u00e7o de voleio, abusou das jogadas de efeito, mas viu o Sport arrancar um empate por 2 a 2 no \u00faltimo minuto, neste domingo, na Vila Belmiro, pela quarta [&hellip;]<\/p>\n","protected":false},"author":2,"featured_media":51457,"comment_status":"open","ping_status":"closed","sticky":false,"template":"","format":"standard","meta":{"_acf_changed":false,"footnotes":""},"categories":[19,29],"tags":[],"class_list":["post-51456","post","type-post","status-publish","format-standard","has-post-thumbnail","hentry","category-esportes","category-futebol"],"acf":[],"yoast_head":"<!-- This site is optimized with the Yoast SEO plugin v27.2 - https:\/\/yoast.com\/product\/yoast-seo-wordpress\/ -->\n<title>Robinho marca, vai para a Sele\u00e7\u00e3o, mas Sport arranca empate na Vila - Notibras<\/title>\n<meta name=\"robots\" content=\"index, follow, max-snippet:-1, max-image-preview:large, max-video-preview:-1\" \/>\n<link rel=\"canonical\" href=\"https:\/\/www.notibras.com\/site\/robinho-marca-vai-para-a-selecao-mas-sport-arranca-empate-na-vila\/\" \/>\n<meta property=\"og:locale\" content=\"pt_BR\" \/>\n<meta property=\"og:type\" content=\"article\" \/>\n<meta property=\"og:title\" content=\"Robinho marca, vai para a Sele\u00e7\u00e3o, mas Sport arranca empate na Vila - Notibras\" \/>\n<meta property=\"og:description\" content=\"O atacante Robinho &#8216;se despediu&#8217; do Santos com um gosto amargo. Na \u00faltima partida de seu atual contrato com o clube, o camisa 7 marcou um gola\u00e7o de voleio, abusou das jogadas de efeito, mas viu o Sport arrancar um empate por 2 a 2 no \u00faltimo minuto, neste domingo, na Vila Belmiro, pela quarta [&hellip;]\" \/>\n<meta property=\"og:url\" content=\"https:\/\/www.notibras.com\/site\/robinho-marca-vai-para-a-selecao-mas-sport-arranca-empate-na-vila\/\" \/>\n<meta property=\"og:site_name\" content=\"Notibras\" \/>\n<meta property=\"article:publisher\" content=\"https:\/\/www.facebook.com\/notibras\/\" \/>\n<meta property=\"article:published_time\" content=\"2015-05-31T16:56:22+00:00\" \/>\n<meta property=\"og:image\" content=\"https:\/\/www.notibras.com\/site\/wp-content\/uploads\/2015\/05\/robinhocomemoramiguelschincariolgazeta.jpg\" \/>\n\t<meta property=\"og:image:width\" content=\"940\" \/>\n\t<meta property=\"og:image:height\" content=\"598\" \/>\n\t<meta property=\"og:image:type\" content=\"image\/jpeg\" \/>\n<meta name=\"author\" content=\"Reda\u00e7\u00e3o\" \/>\n<meta name=\"twitter:card\" content=\"summary_large_image\" \/>\n<meta name=\"twitter:creator\" content=\"@Notibras\" \/>\n<meta name=\"twitter:site\" content=\"@Notibras\" \/>\n<meta name=\"twitter:label1\" content=\"Escrito por\" \/>\n\t<meta name=\"twitter:data1\" content=\"Reda\u00e7\u00e3o\" \/>\n\t<meta name=\"twitter:label2\" content=\"Est. tempo de leitura\" \/>\n\t<meta name=\"twitter:data2\" content=\"1 minuto\" \/>\n<script type=\"application\/ld+json\" class=\"yoast-schema-graph\">{\"@context\":\"https:\/\/schema.org\",\"@graph\":[{\"@type\":\"Article\",\"@id\":\"https:\/\/www.notibras.com\/site\/robinho-marca-vai-para-a-selecao-mas-sport-arranca-empate-na-vila\/#article\",\"isPartOf\":{\"@id\":\"https:\/\/www.notibras.com\/site\/robinho-marca-vai-para-a-selecao-mas-sport-arranca-empate-na-vila\/\"},\"author\":{\"name\":\"Reda\u00e7\u00e3o\",\"@id\":\"https:\/\/www.notibras.com\/site\/#\/schema\/person\/36ab0979449956132d3e5b517ea76ac8\"},\"headline\":\"Robinho marca, vai para a Sele\u00e7\u00e3o, mas Sport arranca empate na Vila\",\"datePublished\":\"2015-05-31T16:56:22+00:00\",\"mainEntityOfPage\":{\"@id\":\"https:\/\/www.notibras.com\/site\/robinho-marca-vai-para-a-selecao-mas-sport-arranca-empate-na-vila\/\"},\"wordCount\":281,\"commentCount\":0,\"publisher\":{\"@id\":\"https:\/\/www.notibras.com\/site\/#organization\"},\"image\":{\"@id\":\"https:\/\/www.notibras.com\/site\/robinho-marca-vai-para-a-selecao-mas-sport-arranca-empate-na-vila\/#primaryimage\"},\"thumbnailUrl\":\"https:\/\/www.notibras.com\/site\/wp-content\/uploads\/2015\/05\/robinhocomemoramiguelschincariolgazeta.jpg\",\"articleSection\":[\"Esportes\",\"Futebol\"],\"inLanguage\":\"pt-BR\",\"potentialAction\":[{\"@type\":\"CommentAction\",\"name\":\"Comment\",\"target\":[\"https:\/\/www.notibras.com\/site\/robinho-marca-vai-para-a-selecao-mas-sport-arranca-empate-na-vila\/#respond\"]}]},{\"@type\":\"WebPage\",\"@id\":\"https:\/\/www.notibras.com\/site\/robinho-marca-vai-para-a-selecao-mas-sport-arranca-empate-na-vila\/\",\"url\":\"https:\/\/www.notibras.com\/site\/robinho-marca-vai-para-a-selecao-mas-sport-arranca-empate-na-vila\/\",\"name\":\"Robinho marca, vai para a Sele\u00e7\u00e3o, mas Sport arranca empate na Vila - Notibras\",\"isPartOf\":{\"@id\":\"https:\/\/www.notibras.com\/site\/#website\"},\"primaryImageOfPage\":{\"@id\":\"https:\/\/www.notibras.com\/site\/robinho-marca-vai-para-a-selecao-mas-sport-arranca-empate-na-vila\/#primaryimage\"},\"image\":{\"@id\":\"https:\/\/www.notibras.com\/site\/robinho-marca-vai-para-a-selecao-mas-sport-arranca-empate-na-vila\/#primaryimage\"},\"thumbnailUrl\":\"https:\/\/www.notibras.com\/site\/wp-content\/uploads\/2015\/05\/robinhocomemoramiguelschincariolgazeta.jpg\",\"datePublished\":\"2015-05-31T16:56:22+00:00\",\"breadcrumb\":{\"@id\":\"https:\/\/www.notibras.com\/site\/robinho-marca-vai-para-a-selecao-mas-sport-arranca-empate-na-vila\/#breadcrumb\"},\"inLanguage\":\"pt-BR\",\"potentialAction\":[{\"@type\":\"ReadAction\",\"target\":[\"https:\/\/www.notibras.com\/site\/robinho-marca-vai-para-a-selecao-mas-sport-arranca-empate-na-vila\/\"]}]},{\"@type\":\"ImageObject\",\"inLanguage\":\"pt-BR\",\"@id\":\"https:\/\/www.notibras.com\/site\/robinho-marca-vai-para-a-selecao-mas-sport-arranca-empate-na-vila\/#primaryimage\",\"url\":\"https:\/\/www.notibras.com\/site\/wp-content\/uploads\/2015\/05\/robinhocomemoramiguelschincariolgazeta.jpg\",\"contentUrl\":\"https:\/\/www.notibras.com\/site\/wp-content\/uploads\/2015\/05\/robinhocomemoramiguelschincariolgazeta.jpg\",\"width\":940,\"height\":598},{\"@type\":\"BreadcrumbList\",\"@id\":\"https:\/\/www.notibras.com\/site\/robinho-marca-vai-para-a-selecao-mas-sport-arranca-empate-na-vila\/#breadcrumb\",\"itemListElement\":[{\"@type\":\"ListItem\",\"position\":1,\"name\":\"In\u00edcio\",\"item\":\"https:\/\/www.notibras.com\/site\/\"},{\"@type\":\"ListItem\",\"position\":2,\"name\":\"Robinho marca, vai para a Sele\u00e7\u00e3o, mas Sport arranca empate na Vila\"}]},{\"@type\":\"WebSite\",\"@id\":\"https:\/\/www.notibras.com\/site\/#website\",\"url\":\"https:\/\/www.notibras.com\/site\/\",\"name\":\"Notibras\",\"description\":\"Not\u00edcias de Bras\u00edlia, do Brasil e do Mundo\",\"publisher\":{\"@id\":\"https:\/\/www.notibras.com\/site\/#organization\"},\"potentialAction\":[{\"@type\":\"SearchAction\",\"target\":{\"@type\":\"EntryPoint\",\"urlTemplate\":\"https:\/\/www.notibras.com\/site\/?s={search_term_string}\"},\"query-input\":{\"@type\":\"PropertyValueSpecification\",\"valueRequired\":true,\"valueName\":\"search_term_string\"}}],\"inLanguage\":\"pt-BR\"},{\"@type\":\"Organization\",\"@id\":\"https:\/\/www.notibras.com\/site\/#organization\",\"name\":\"Grupo Notibras de Comunica\u00e7\u00e3o\",\"url\":\"https:\/\/www.notibras.com\/site\/\",\"logo\":{\"@type\":\"ImageObject\",\"inLanguage\":\"pt-BR\",\"@id\":\"https:\/\/www.notibras.com\/site\/#\/schema\/logo\/image\/\",\"url\":\"https:\/\/www.notibras.com\/site\/wp-content\/uploads\/2023\/01\/notibras23.png\",\"contentUrl\":\"https:\/\/www.notibras.com\/site\/wp-content\/uploads\/2023\/01\/notibras23.png\",\"width\":350,\"height\":87,\"caption\":\"Grupo Notibras de Comunica\u00e7\u00e3o\"},\"image\":{\"@id\":\"https:\/\/www.notibras.com\/site\/#\/schema\/logo\/image\/\"},\"sameAs\":[\"https:\/\/www.facebook.com\/notibras\/\",\"https:\/\/x.com\/Notibras\",\"https:\/\/www.instagram.com\/notibras\/\"]},{\"@type\":\"Person\",\"@id\":\"https:\/\/www.notibras.com\/site\/#\/schema\/person\/36ab0979449956132d3e5b517ea76ac8\",\"name\":\"Reda\u00e7\u00e3o\",\"image\":{\"@type\":\"ImageObject\",\"inLanguage\":\"pt-BR\",\"@id\":\"https:\/\/secure.gravatar.com\/avatar\/e0a867bdedb85fd243eadf09663511f96fc81e0720a4a42581f334ad4303aa6b?s=96&d=mm&r=g\",\"url\":\"https:\/\/secure.gravatar.com\/avatar\/e0a867bdedb85fd243eadf09663511f96fc81e0720a4a42581f334ad4303aa6b?s=96&d=mm&r=g\",\"contentUrl\":\"https:\/\/secure.gravatar.com\/avatar\/e0a867bdedb85fd243eadf09663511f96fc81e0720a4a42581f334ad4303aa6b?s=96&d=mm&r=g\",\"caption\":\"Reda\u00e7\u00e3o\"}}]}<\/script>\n<!-- \/ Yoast SEO plugin. -->","yoast_head_json":{"title":"Robinho marca, vai para a Sele\u00e7\u00e3o, mas Sport arranca empate na Vila - Notibras","robots":{"index":"index","follow":"follow","max-snippet":"max-snippet:-1","max-image-preview":"max-image-preview:large","max-video-preview":"max-video-preview:-1"},"canonical":"https:\/\/www.notibras.com\/site\/robinho-marca-vai-para-a-selecao-mas-sport-arranca-empate-na-vila\/","og_locale":"pt_BR","og_type":"article","og_title":"Robinho marca, vai para a Sele\u00e7\u00e3o, mas Sport arranca empate na Vila - Notibras","og_description":"O atacante Robinho &#8216;se despediu&#8217; do Santos com um gosto amargo. Na \u00faltima partida de seu atual contrato com o clube, o camisa 7 marcou um gola\u00e7o de voleio, abusou das jogadas de efeito, mas viu o Sport arrancar um empate por 2 a 2 no \u00faltimo minuto, neste domingo, na Vila Belmiro, pela quarta [&hellip;]","og_url":"https:\/\/www.notibras.com\/site\/robinho-marca-vai-para-a-selecao-mas-sport-arranca-empate-na-vila\/","og_site_name":"Notibras","article_publisher":"https:\/\/www.facebook.com\/notibras\/","article_published_time":"2015-05-31T16:56:22+00:00","og_image":[{"width":940,"height":598,"url":"https:\/\/www.notibras.com\/site\/wp-content\/uploads\/2015\/05\/robinhocomemoramiguelschincariolgazeta.jpg","type":"image\/jpeg"}],"author":"Reda\u00e7\u00e3o","twitter_card":"summary_large_image","twitter_creator":"@Notibras","twitter_site":"@Notibras","twitter_misc":{"Escrito por":"Reda\u00e7\u00e3o","Est. tempo de leitura":"1 minuto"},"schema":{"@context":"https:\/\/schema.org","@graph":[{"@type":"Article","@id":"https:\/\/www.notibras.com\/site\/robinho-marca-vai-para-a-selecao-mas-sport-arranca-empate-na-vila\/#article","isPartOf":{"@id":"https:\/\/www.notibras.com\/site\/robinho-marca-vai-para-a-selecao-mas-sport-arranca-empate-na-vila\/"},"author":{"name":"Reda\u00e7\u00e3o","@id":"https:\/\/www.notibras.com\/site\/#\/schema\/person\/36ab0979449956132d3e5b517ea76ac8"},"headline":"Robinho marca, vai para a Sele\u00e7\u00e3o, mas Sport arranca empate na Vila","datePublished":"2015-05-31T16:56:22+00:00","mainEntityOfPage":{"@id":"https:\/\/www.notibras.com\/site\/robinho-marca-vai-para-a-selecao-mas-sport-arranca-empate-na-vila\/"},"wordCount":281,"commentCount":0,"publisher":{"@id":"https:\/\/www.notibras.com\/site\/#organization"},"image":{"@id":"https:\/\/www.notibras.com\/site\/robinho-marca-vai-para-a-selecao-mas-sport-arranca-empate-na-vila\/#primaryimage"},"thumbnailUrl":"https:\/\/www.notibras.com\/site\/wp-content\/uploads\/2015\/05\/robinhocomemoramiguelschincariolgazeta.jpg","articleSection":["Esportes","Futebol"],"inLanguage":"pt-BR","potentialAction":[{"@type":"CommentAction","name":"Comment","target":["https:\/\/www.notibras.com\/site\/robinho-marca-vai-para-a-selecao-mas-sport-arranca-empate-na-vila\/#respond"]}]},{"@type":"WebPage","@id":"https:\/\/www.notibras.com\/site\/robinho-marca-vai-para-a-selecao-mas-sport-arranca-empate-na-vila\/","url":"https:\/\/www.notibras.com\/site\/robinho-marca-vai-para-a-selecao-mas-sport-arranca-empate-na-vila\/","name":"Robinho marca, vai para a Sele\u00e7\u00e3o, mas Sport arranca empate na Vila - Notibras","isPartOf":{"@id":"https:\/\/www.notibras.com\/site\/#website"},"primaryImageOfPage":{"@id":"https:\/\/www.notibras.com\/site\/robinho-marca-vai-para-a-selecao-mas-sport-arranca-empate-na-vila\/#primaryimage"},"image":{"@id":"https:\/\/www.notibras.com\/site\/robinho-marca-vai-para-a-selecao-mas-sport-arranca-empate-na-vila\/#primaryimage"},"thumbnailUrl":"https:\/\/www.notibras.com\/site\/wp-content\/uploads\/2015\/05\/robinhocomemoramiguelschincariolgazeta.jpg","datePublished":"2015-05-31T16:56:22+00:00","breadcrumb":{"@id":"https:\/\/www.notibras.com\/site\/robinho-marca-vai-para-a-selecao-mas-sport-arranca-empate-na-vila\/#breadcrumb"},"inLanguage":"pt-BR","potentialAction":[{"@type":"ReadAction","target":["https:\/\/www.notibras.com\/site\/robinho-marca-vai-para-a-selecao-mas-sport-arranca-empate-na-vila\/"]}]},{"@type":"ImageObject","inLanguage":"pt-BR","@id":"https:\/\/www.notibras.com\/site\/robinho-marca-vai-para-a-selecao-mas-sport-arranca-empate-na-vila\/#primaryimage","url":"https:\/\/www.notibras.com\/site\/wp-content\/uploads\/2015\/05\/robinhocomemoramiguelschincariolgazeta.jpg","contentUrl":"https:\/\/www.notibras.com\/site\/wp-content\/uploads\/2015\/05\/robinhocomemoramiguelschincariolgazeta.jpg","width":940,"height":598},{"@type":"BreadcrumbList","@id":"https:\/\/www.notibras.com\/site\/robinho-marca-vai-para-a-selecao-mas-sport-arranca-empate-na-vila\/#breadcrumb","itemListElement":[{"@type":"ListItem","position":1,"name":"In\u00edcio","item":"https:\/\/www.notibras.com\/site\/"},{"@type":"ListItem","position":2,"name":"Robinho marca, vai para a Sele\u00e7\u00e3o, mas Sport arranca empate na Vila"}]},{"@type":"WebSite","@id":"https:\/\/www.notibras.com\/site\/#website","url":"https:\/\/www.notibras.com\/site\/","name":"Notibras","description":"Not\u00edcias de Bras\u00edlia, do Brasil e do Mundo","publisher":{"@id":"https:\/\/www.notibras.com\/site\/#organization"},"potentialAction":[{"@type":"SearchAction","target":{"@type":"EntryPoint","urlTemplate":"https:\/\/www.notibras.com\/site\/?s={search_term_string}"},"query-input":{"@type":"PropertyValueSpecification","valueRequired":true,"valueName":"search_term_string"}}],"inLanguage":"pt-BR"},{"@type":"Organization","@id":"https:\/\/www.notibras.com\/site\/#organization","name":"Grupo Notibras de Comunica\u00e7\u00e3o","url":"https:\/\/www.notibras.com\/site\/","logo":{"@type":"ImageObject","inLanguage":"pt-BR","@id":"https:\/\/www.notibras.com\/site\/#\/schema\/logo\/image\/","url":"https:\/\/www.notibras.com\/site\/wp-content\/uploads\/2023\/01\/notibras23.png","contentUrl":"https:\/\/www.notibras.com\/site\/wp-content\/uploads\/2023\/01\/notibras23.png","width":350,"height":87,"caption":"Grupo Notibras de Comunica\u00e7\u00e3o"},"image":{"@id":"https:\/\/www.notibras.com\/site\/#\/schema\/logo\/image\/"},"sameAs":["https:\/\/www.facebook.com\/notibras\/","https:\/\/x.com\/Notibras","https:\/\/www.instagram.com\/notibras\/"]},{"@type":"Person","@id":"https:\/\/www.notibras.com\/site\/#\/schema\/person\/36ab0979449956132d3e5b517ea76ac8","name":"Reda\u00e7\u00e3o","image":{"@type":"ImageObject","inLanguage":"pt-BR","@id":"https:\/\/secure.gravatar.com\/avatar\/e0a867bdedb85fd243eadf09663511f96fc81e0720a4a42581f334ad4303aa6b?s=96&d=mm&r=g","url":"https:\/\/secure.gravatar.com\/avatar\/e0a867bdedb85fd243eadf09663511f96fc81e0720a4a42581f334ad4303aa6b?s=96&d=mm&r=g","contentUrl":"https:\/\/secure.gravatar.com\/avatar\/e0a867bdedb85fd243eadf09663511f96fc81e0720a4a42581f334ad4303aa6b?s=96&d=mm&r=g","caption":"Reda\u00e7\u00e3o"}}]}},"amp_enabled":true,"_links":{"self":[{"href":"https:\/\/www.notibras.com\/site\/wp-json\/wp\/v2\/posts\/51456","targetHints":{"allow":["GET"]}}],"collection":[{"href":"https:\/\/www.notibras.com\/site\/wp-json\/wp\/v2\/posts"}],"about":[{"href":"https:\/\/www.notibras.com\/site\/wp-json\/wp\/v2\/types\/post"}],"author":[{"embeddable":true,"href":"https:\/\/www.notibras.com\/site\/wp-json\/wp\/v2\/users\/2"}],"replies":[{"embeddable":true,"href":"https:\/\/www.notibras.com\/site\/wp-json\/wp\/v2\/comments?post=51456"}],"version-history":[{"count":0,"href":"https:\/\/www.notibras.com\/site\/wp-json\/wp\/v2\/posts\/51456\/revisions"}],"wp:featuredmedia":[{"embeddable":true,"href":"https:\/\/www.notibras.com\/site\/wp-json\/wp\/v2\/media\/51457"}],"wp:attachment":[{"href":"https:\/\/www.notibras.com\/site\/wp-json\/wp\/v2\/media?parent=51456"}],"wp:term":[{"taxonomy":"category","embeddable":true,"href":"https:\/\/www.notibras.com\/site\/wp-json\/wp\/v2\/categories?post=51456"},{"taxonomy":"post_tag","embeddable":true,"href":"https:\/\/www.notibras.com\/site\/wp-json\/wp\/v2\/tags?post=51456"}],"curies":[{"name":"wp","href":"https:\/\/api.w.org\/{rel}","templated":true}]}}