{"id":51529,"date":"2015-05-31T19:36:19","date_gmt":"2015-05-31T22:36:19","guid":{"rendered":"http:\/\/www.notibras.com\/site\/?p=51529"},"modified":"2015-05-31T20:37:32","modified_gmt":"2015-05-31T23:37:32","slug":"cruzeiro-perde-para-figueirense-e-e-ve-agonia-aumentar","status":"publish","type":"post","link":"https:\/\/www.notibras.com\/site\/cruzeiro-perde-para-figueirense-e-e-ve-agonia-aumentar\/","title":{"rendered":"Cruzeiro perde para Figueirense e e v\u00ea agonia aumentar"},"content":{"rendered":"<p>O Cruzeiro foi derrotado pelo Figueirense, por 2 a 1, na noite deste domingo, pela quarta rodada do Campeonato Brasileiro. Marquinhos, de cabe\u00e7a, e Carlos Alberto, estreante do dia, foram os respons\u00e1veis por marcar para a equipe comandada por Argel Fucks. O volante Henrique, em jogada a\u00e9rea, descontou para os visitantes.<\/p>\n<p>O rev\u00e9s fora de seus dom\u00ednios amplia a m\u00e1 fase do atual bicampe\u00e3o nacional. Pela primeira vez, em tr\u00eas anos sob a batuta de Marcelo Oliveira, o time n\u00e3o consegue um triunfo nas quatro primeiras rodadas do Brasileir\u00e3o. O feito \u00e9 in\u00e9dito e aumenta a press\u00e3o sobre o pr\u00f3prio treinador, sobretudo por conta da recente elimina\u00e7\u00e3o nas quartas de final da Copa Libertadores da Am\u00e9rica.<\/p>\n<blockquote><p>O Figueirense, por sua vez, alcan\u00e7ou a primeira vit\u00f3ria na atual edi\u00e7\u00e3o do torneio. Antes do jogo desta noite, o time havia empatado uma partida e perdido as outras duas.<\/p><\/blockquote>\n","protected":false},"excerpt":{"rendered":"<p>O Cruzeiro foi derrotado pelo Figueirense, por 2 a 1, na noite deste domingo, pela quarta rodada do Campeonato Brasileiro. Marquinhos, de cabe\u00e7a, e Carlos Alberto, estreante do dia, foram os respons\u00e1veis por marcar para a equipe comandada por Argel Fucks. O volante Henrique, em jogada a\u00e9rea, descontou para os visitantes. O rev\u00e9s fora de [&hellip;]<\/p>\n","protected":false},"author":2,"featured_media":51530,"comment_status":"open","ping_status":"closed","sticky":false,"template":"","format":"standard","meta":{"_acf_changed":false,"footnotes":""},"categories":[19,29],"tags":[],"class_list":["post-51529","post","type-post","status-publish","format-standard","has-post-thumbnail","hentry","category-esportes","category-futebol"],"acf":[],"yoast_head":"<!-- This site is optimized with the Yoast SEO plugin v27.2 - https:\/\/yoast.com\/product\/yoast-seo-wordpress\/ -->\n<title>Cruzeiro perde para Figueirense e e v\u00ea agonia aumentar - Notibras<\/title>\n<meta name=\"robots\" content=\"index, follow, max-snippet:-1, max-image-preview:large, max-video-preview:-1\" \/>\n<link rel=\"canonical\" href=\"https:\/\/www.notibras.com\/site\/cruzeiro-perde-para-figueirense-e-e-ve-agonia-aumentar\/\" \/>\n<meta property=\"og:locale\" content=\"pt_BR\" \/>\n<meta property=\"og:type\" content=\"article\" \/>\n<meta property=\"og:title\" content=\"Cruzeiro perde para Figueirense e e v\u00ea agonia aumentar - Notibras\" \/>\n<meta property=\"og:description\" content=\"O Cruzeiro foi derrotado pelo Figueirense, por 2 a 1, na noite deste domingo, pela quarta rodada do Campeonato Brasileiro. Marquinhos, de cabe\u00e7a, e Carlos Alberto, estreante do dia, foram os respons\u00e1veis por marcar para a equipe comandada por Argel Fucks. O volante Henrique, em jogada a\u00e9rea, descontou para os visitantes. O rev\u00e9s fora de [&hellip;]\" \/>\n<meta property=\"og:url\" content=\"https:\/\/www.notibras.com\/site\/cruzeiro-perde-para-figueirense-e-e-ve-agonia-aumentar\/\" \/>\n<meta property=\"og:site_name\" content=\"Notibras\" \/>\n<meta property=\"article:publisher\" content=\"https:\/\/www.facebook.com\/notibras\/\" \/>\n<meta property=\"article:published_time\" content=\"2015-05-31T22:36:19+00:00\" \/>\n<meta property=\"article:modified_time\" content=\"2015-05-31T23:37:32+00:00\" \/>\n<meta property=\"og:image\" content=\"https:\/\/www.notibras.com\/site\/wp-content\/uploads\/2015\/05\/cru.jpg\" \/>\n\t<meta property=\"og:image:width\" content=\"615\" \/>\n\t<meta property=\"og:image:height\" content=\"300\" \/>\n\t<meta property=\"og:image:type\" content=\"image\/jpeg\" \/>\n<meta name=\"author\" content=\"Reda\u00e7\u00e3o\" \/>\n<meta name=\"twitter:card\" content=\"summary_large_image\" \/>\n<meta name=\"twitter:creator\" content=\"@Notibras\" \/>\n<meta name=\"twitter:site\" content=\"@Notibras\" \/>\n<meta name=\"twitter:label1\" content=\"Escrito por\" \/>\n\t<meta name=\"twitter:data1\" content=\"Reda\u00e7\u00e3o\" \/>\n\t<meta name=\"twitter:label2\" content=\"Est. tempo de leitura\" \/>\n\t<meta name=\"twitter:data2\" content=\"1 minuto\" \/>\n<script type=\"application\/ld+json\" class=\"yoast-schema-graph\">{\"@context\":\"https:\/\/schema.org\",\"@graph\":[{\"@type\":\"Article\",\"@id\":\"https:\/\/www.notibras.com\/site\/cruzeiro-perde-para-figueirense-e-e-ve-agonia-aumentar\/#article\",\"isPartOf\":{\"@id\":\"https:\/\/www.notibras.com\/site\/cruzeiro-perde-para-figueirense-e-e-ve-agonia-aumentar\/\"},\"author\":{\"name\":\"Reda\u00e7\u00e3o\",\"@id\":\"https:\/\/www.notibras.com\/site\/#\/schema\/person\/36ab0979449956132d3e5b517ea76ac8\"},\"headline\":\"Cruzeiro perde para Figueirense e e v\u00ea agonia aumentar\",\"datePublished\":\"2015-05-31T22:36:19+00:00\",\"dateModified\":\"2015-05-31T23:37:32+00:00\",\"mainEntityOfPage\":{\"@id\":\"https:\/\/www.notibras.com\/site\/cruzeiro-perde-para-figueirense-e-e-ve-agonia-aumentar\/\"},\"wordCount\":169,\"commentCount\":0,\"publisher\":{\"@id\":\"https:\/\/www.notibras.com\/site\/#organization\"},\"image\":{\"@id\":\"https:\/\/www.notibras.com\/site\/cruzeiro-perde-para-figueirense-e-e-ve-agonia-aumentar\/#primaryimage\"},\"thumbnailUrl\":\"https:\/\/www.notibras.com\/site\/wp-content\/uploads\/2015\/05\/cru.jpg\",\"articleSection\":[\"Esportes\",\"Futebol\"],\"inLanguage\":\"pt-BR\",\"potentialAction\":[{\"@type\":\"CommentAction\",\"name\":\"Comment\",\"target\":[\"https:\/\/www.notibras.com\/site\/cruzeiro-perde-para-figueirense-e-e-ve-agonia-aumentar\/#respond\"]}]},{\"@type\":\"WebPage\",\"@id\":\"https:\/\/www.notibras.com\/site\/cruzeiro-perde-para-figueirense-e-e-ve-agonia-aumentar\/\",\"url\":\"https:\/\/www.notibras.com\/site\/cruzeiro-perde-para-figueirense-e-e-ve-agonia-aumentar\/\",\"name\":\"Cruzeiro perde para Figueirense e e v\u00ea agonia aumentar - Notibras\",\"isPartOf\":{\"@id\":\"https:\/\/www.notibras.com\/site\/#website\"},\"primaryImageOfPage\":{\"@id\":\"https:\/\/www.notibras.com\/site\/cruzeiro-perde-para-figueirense-e-e-ve-agonia-aumentar\/#primaryimage\"},\"image\":{\"@id\":\"https:\/\/www.notibras.com\/site\/cruzeiro-perde-para-figueirense-e-e-ve-agonia-aumentar\/#primaryimage\"},\"thumbnailUrl\":\"https:\/\/www.notibras.com\/site\/wp-content\/uploads\/2015\/05\/cru.jpg\",\"datePublished\":\"2015-05-31T22:36:19+00:00\",\"dateModified\":\"2015-05-31T23:37:32+00:00\",\"breadcrumb\":{\"@id\":\"https:\/\/www.notibras.com\/site\/cruzeiro-perde-para-figueirense-e-e-ve-agonia-aumentar\/#breadcrumb\"},\"inLanguage\":\"pt-BR\",\"potentialAction\":[{\"@type\":\"ReadAction\",\"target\":[\"https:\/\/www.notibras.com\/site\/cruzeiro-perde-para-figueirense-e-e-ve-agonia-aumentar\/\"]}]},{\"@type\":\"ImageObject\",\"inLanguage\":\"pt-BR\",\"@id\":\"https:\/\/www.notibras.com\/site\/cruzeiro-perde-para-figueirense-e-e-ve-agonia-aumentar\/#primaryimage\",\"url\":\"https:\/\/www.notibras.com\/site\/wp-content\/uploads\/2015\/05\/cru.jpg\",\"contentUrl\":\"https:\/\/www.notibras.com\/site\/wp-content\/uploads\/2015\/05\/cru.jpg\",\"width\":615,\"height\":300},{\"@type\":\"BreadcrumbList\",\"@id\":\"https:\/\/www.notibras.com\/site\/cruzeiro-perde-para-figueirense-e-e-ve-agonia-aumentar\/#breadcrumb\",\"itemListElement\":[{\"@type\":\"ListItem\",\"position\":1,\"name\":\"In\u00edcio\",\"item\":\"https:\/\/www.notibras.com\/site\/\"},{\"@type\":\"ListItem\",\"position\":2,\"name\":\"Cruzeiro perde para Figueirense e e v\u00ea agonia aumentar\"}]},{\"@type\":\"WebSite\",\"@id\":\"https:\/\/www.notibras.com\/site\/#website\",\"url\":\"https:\/\/www.notibras.com\/site\/\",\"name\":\"Notibras\",\"description\":\"Not\u00edcias de Bras\u00edlia, do Brasil e do Mundo\",\"publisher\":{\"@id\":\"https:\/\/www.notibras.com\/site\/#organization\"},\"potentialAction\":[{\"@type\":\"SearchAction\",\"target\":{\"@type\":\"EntryPoint\",\"urlTemplate\":\"https:\/\/www.notibras.com\/site\/?s={search_term_string}\"},\"query-input\":{\"@type\":\"PropertyValueSpecification\",\"valueRequired\":true,\"valueName\":\"search_term_string\"}}],\"inLanguage\":\"pt-BR\"},{\"@type\":\"Organization\",\"@id\":\"https:\/\/www.notibras.com\/site\/#organization\",\"name\":\"Grupo Notibras de Comunica\u00e7\u00e3o\",\"url\":\"https:\/\/www.notibras.com\/site\/\",\"logo\":{\"@type\":\"ImageObject\",\"inLanguage\":\"pt-BR\",\"@id\":\"https:\/\/www.notibras.com\/site\/#\/schema\/logo\/image\/\",\"url\":\"https:\/\/www.notibras.com\/site\/wp-content\/uploads\/2023\/01\/notibras23.png\",\"contentUrl\":\"https:\/\/www.notibras.com\/site\/wp-content\/uploads\/2023\/01\/notibras23.png\",\"width\":350,\"height\":87,\"caption\":\"Grupo Notibras de Comunica\u00e7\u00e3o\"},\"image\":{\"@id\":\"https:\/\/www.notibras.com\/site\/#\/schema\/logo\/image\/\"},\"sameAs\":[\"https:\/\/www.facebook.com\/notibras\/\",\"https:\/\/x.com\/Notibras\",\"https:\/\/www.instagram.com\/notibras\/\"]},{\"@type\":\"Person\",\"@id\":\"https:\/\/www.notibras.com\/site\/#\/schema\/person\/36ab0979449956132d3e5b517ea76ac8\",\"name\":\"Reda\u00e7\u00e3o\",\"image\":{\"@type\":\"ImageObject\",\"inLanguage\":\"pt-BR\",\"@id\":\"https:\/\/secure.gravatar.com\/avatar\/e0a867bdedb85fd243eadf09663511f96fc81e0720a4a42581f334ad4303aa6b?s=96&d=mm&r=g\",\"url\":\"https:\/\/secure.gravatar.com\/avatar\/e0a867bdedb85fd243eadf09663511f96fc81e0720a4a42581f334ad4303aa6b?s=96&d=mm&r=g\",\"contentUrl\":\"https:\/\/secure.gravatar.com\/avatar\/e0a867bdedb85fd243eadf09663511f96fc81e0720a4a42581f334ad4303aa6b?s=96&d=mm&r=g\",\"caption\":\"Reda\u00e7\u00e3o\"}}]}<\/script>\n<!-- \/ Yoast SEO plugin. -->","yoast_head_json":{"title":"Cruzeiro perde para Figueirense e e v\u00ea agonia aumentar - Notibras","robots":{"index":"index","follow":"follow","max-snippet":"max-snippet:-1","max-image-preview":"max-image-preview:large","max-video-preview":"max-video-preview:-1"},"canonical":"https:\/\/www.notibras.com\/site\/cruzeiro-perde-para-figueirense-e-e-ve-agonia-aumentar\/","og_locale":"pt_BR","og_type":"article","og_title":"Cruzeiro perde para Figueirense e e v\u00ea agonia aumentar - Notibras","og_description":"O Cruzeiro foi derrotado pelo Figueirense, por 2 a 1, na noite deste domingo, pela quarta rodada do Campeonato Brasileiro. Marquinhos, de cabe\u00e7a, e Carlos Alberto, estreante do dia, foram os respons\u00e1veis por marcar para a equipe comandada por Argel Fucks. O volante Henrique, em jogada a\u00e9rea, descontou para os visitantes. O rev\u00e9s fora de [&hellip;]","og_url":"https:\/\/www.notibras.com\/site\/cruzeiro-perde-para-figueirense-e-e-ve-agonia-aumentar\/","og_site_name":"Notibras","article_publisher":"https:\/\/www.facebook.com\/notibras\/","article_published_time":"2015-05-31T22:36:19+00:00","article_modified_time":"2015-05-31T23:37:32+00:00","og_image":[{"width":615,"height":300,"url":"https:\/\/www.notibras.com\/site\/wp-content\/uploads\/2015\/05\/cru.jpg","type":"image\/jpeg"}],"author":"Reda\u00e7\u00e3o","twitter_card":"summary_large_image","twitter_creator":"@Notibras","twitter_site":"@Notibras","twitter_misc":{"Escrito por":"Reda\u00e7\u00e3o","Est. tempo de leitura":"1 minuto"},"schema":{"@context":"https:\/\/schema.org","@graph":[{"@type":"Article","@id":"https:\/\/www.notibras.com\/site\/cruzeiro-perde-para-figueirense-e-e-ve-agonia-aumentar\/#article","isPartOf":{"@id":"https:\/\/www.notibras.com\/site\/cruzeiro-perde-para-figueirense-e-e-ve-agonia-aumentar\/"},"author":{"name":"Reda\u00e7\u00e3o","@id":"https:\/\/www.notibras.com\/site\/#\/schema\/person\/36ab0979449956132d3e5b517ea76ac8"},"headline":"Cruzeiro perde para Figueirense e e v\u00ea agonia aumentar","datePublished":"2015-05-31T22:36:19+00:00","dateModified":"2015-05-31T23:37:32+00:00","mainEntityOfPage":{"@id":"https:\/\/www.notibras.com\/site\/cruzeiro-perde-para-figueirense-e-e-ve-agonia-aumentar\/"},"wordCount":169,"commentCount":0,"publisher":{"@id":"https:\/\/www.notibras.com\/site\/#organization"},"image":{"@id":"https:\/\/www.notibras.com\/site\/cruzeiro-perde-para-figueirense-e-e-ve-agonia-aumentar\/#primaryimage"},"thumbnailUrl":"https:\/\/www.notibras.com\/site\/wp-content\/uploads\/2015\/05\/cru.jpg","articleSection":["Esportes","Futebol"],"inLanguage":"pt-BR","potentialAction":[{"@type":"CommentAction","name":"Comment","target":["https:\/\/www.notibras.com\/site\/cruzeiro-perde-para-figueirense-e-e-ve-agonia-aumentar\/#respond"]}]},{"@type":"WebPage","@id":"https:\/\/www.notibras.com\/site\/cruzeiro-perde-para-figueirense-e-e-ve-agonia-aumentar\/","url":"https:\/\/www.notibras.com\/site\/cruzeiro-perde-para-figueirense-e-e-ve-agonia-aumentar\/","name":"Cruzeiro perde para Figueirense e e v\u00ea agonia aumentar - Notibras","isPartOf":{"@id":"https:\/\/www.notibras.com\/site\/#website"},"primaryImageOfPage":{"@id":"https:\/\/www.notibras.com\/site\/cruzeiro-perde-para-figueirense-e-e-ve-agonia-aumentar\/#primaryimage"},"image":{"@id":"https:\/\/www.notibras.com\/site\/cruzeiro-perde-para-figueirense-e-e-ve-agonia-aumentar\/#primaryimage"},"thumbnailUrl":"https:\/\/www.notibras.com\/site\/wp-content\/uploads\/2015\/05\/cru.jpg","datePublished":"2015-05-31T22:36:19+00:00","dateModified":"2015-05-31T23:37:32+00:00","breadcrumb":{"@id":"https:\/\/www.notibras.com\/site\/cruzeiro-perde-para-figueirense-e-e-ve-agonia-aumentar\/#breadcrumb"},"inLanguage":"pt-BR","potentialAction":[{"@type":"ReadAction","target":["https:\/\/www.notibras.com\/site\/cruzeiro-perde-para-figueirense-e-e-ve-agonia-aumentar\/"]}]},{"@type":"ImageObject","inLanguage":"pt-BR","@id":"https:\/\/www.notibras.com\/site\/cruzeiro-perde-para-figueirense-e-e-ve-agonia-aumentar\/#primaryimage","url":"https:\/\/www.notibras.com\/site\/wp-content\/uploads\/2015\/05\/cru.jpg","contentUrl":"https:\/\/www.notibras.com\/site\/wp-content\/uploads\/2015\/05\/cru.jpg","width":615,"height":300},{"@type":"BreadcrumbList","@id":"https:\/\/www.notibras.com\/site\/cruzeiro-perde-para-figueirense-e-e-ve-agonia-aumentar\/#breadcrumb","itemListElement":[{"@type":"ListItem","position":1,"name":"In\u00edcio","item":"https:\/\/www.notibras.com\/site\/"},{"@type":"ListItem","position":2,"name":"Cruzeiro perde para Figueirense e e v\u00ea agonia aumentar"}]},{"@type":"WebSite","@id":"https:\/\/www.notibras.com\/site\/#website","url":"https:\/\/www.notibras.com\/site\/","name":"Notibras","description":"Not\u00edcias de Bras\u00edlia, do Brasil e do Mundo","publisher":{"@id":"https:\/\/www.notibras.com\/site\/#organization"},"potentialAction":[{"@type":"SearchAction","target":{"@type":"EntryPoint","urlTemplate":"https:\/\/www.notibras.com\/site\/?s={search_term_string}"},"query-input":{"@type":"PropertyValueSpecification","valueRequired":true,"valueName":"search_term_string"}}],"inLanguage":"pt-BR"},{"@type":"Organization","@id":"https:\/\/www.notibras.com\/site\/#organization","name":"Grupo Notibras de Comunica\u00e7\u00e3o","url":"https:\/\/www.notibras.com\/site\/","logo":{"@type":"ImageObject","inLanguage":"pt-BR","@id":"https:\/\/www.notibras.com\/site\/#\/schema\/logo\/image\/","url":"https:\/\/www.notibras.com\/site\/wp-content\/uploads\/2023\/01\/notibras23.png","contentUrl":"https:\/\/www.notibras.com\/site\/wp-content\/uploads\/2023\/01\/notibras23.png","width":350,"height":87,"caption":"Grupo Notibras de Comunica\u00e7\u00e3o"},"image":{"@id":"https:\/\/www.notibras.com\/site\/#\/schema\/logo\/image\/"},"sameAs":["https:\/\/www.facebook.com\/notibras\/","https:\/\/x.com\/Notibras","https:\/\/www.instagram.com\/notibras\/"]},{"@type":"Person","@id":"https:\/\/www.notibras.com\/site\/#\/schema\/person\/36ab0979449956132d3e5b517ea76ac8","name":"Reda\u00e7\u00e3o","image":{"@type":"ImageObject","inLanguage":"pt-BR","@id":"https:\/\/secure.gravatar.com\/avatar\/e0a867bdedb85fd243eadf09663511f96fc81e0720a4a42581f334ad4303aa6b?s=96&d=mm&r=g","url":"https:\/\/secure.gravatar.com\/avatar\/e0a867bdedb85fd243eadf09663511f96fc81e0720a4a42581f334ad4303aa6b?s=96&d=mm&r=g","contentUrl":"https:\/\/secure.gravatar.com\/avatar\/e0a867bdedb85fd243eadf09663511f96fc81e0720a4a42581f334ad4303aa6b?s=96&d=mm&r=g","caption":"Reda\u00e7\u00e3o"}}]}},"amp_enabled":true,"_links":{"self":[{"href":"https:\/\/www.notibras.com\/site\/wp-json\/wp\/v2\/posts\/51529","targetHints":{"allow":["GET"]}}],"collection":[{"href":"https:\/\/www.notibras.com\/site\/wp-json\/wp\/v2\/posts"}],"about":[{"href":"https:\/\/www.notibras.com\/site\/wp-json\/wp\/v2\/types\/post"}],"author":[{"embeddable":true,"href":"https:\/\/www.notibras.com\/site\/wp-json\/wp\/v2\/users\/2"}],"replies":[{"embeddable":true,"href":"https:\/\/www.notibras.com\/site\/wp-json\/wp\/v2\/comments?post=51529"}],"version-history":[{"count":0,"href":"https:\/\/www.notibras.com\/site\/wp-json\/wp\/v2\/posts\/51529\/revisions"}],"wp:featuredmedia":[{"embeddable":true,"href":"https:\/\/www.notibras.com\/site\/wp-json\/wp\/v2\/media\/51530"}],"wp:attachment":[{"href":"https:\/\/www.notibras.com\/site\/wp-json\/wp\/v2\/media?parent=51529"}],"wp:term":[{"taxonomy":"category","embeddable":true,"href":"https:\/\/www.notibras.com\/site\/wp-json\/wp\/v2\/categories?post=51529"},{"taxonomy":"post_tag","embeddable":true,"href":"https:\/\/www.notibras.com\/site\/wp-json\/wp\/v2\/tags?post=51529"}],"curies":[{"name":"wp","href":"https:\/\/api.w.org\/{rel}","templated":true}]}}