{"id":51727,"date":"2015-06-02T09:48:22","date_gmt":"2015-06-02T12:48:22","guid":{"rendered":"http:\/\/www.notibras.com\/site\/?p=51727"},"modified":"2015-06-02T09:48:22","modified_gmt":"2015-06-02T12:48:22","slug":"as-profundas-cicatrizes-provocadas-pelo-assedio-moral-no-trabalho","status":"publish","type":"post","link":"https:\/\/www.notibras.com\/site\/as-profundas-cicatrizes-provocadas-pelo-assedio-moral-no-trabalho\/","title":{"rendered":"As profundas cicatrizes provocadas pelo ass\u00e9dio moral no trabalho"},"content":{"rendered":"<p>O ass\u00e9dio moral no trabalho, tamb\u00e9m conhecido como mobbing, \u00e9 um problema social grave, que vem assumindo contornos cada vez mais alarmantes.<\/p>\n<p>A v\u00edtima passa a sofrer tratamento abusivo, persegui\u00e7\u00f5es, humilha\u00e7\u00f5es, discrimina\u00e7\u00f5es e constrangimentos, de forma reiterada, normalmente velada, com o fim de desestabiliz\u00e1-la psicologicamente. Isso leva-a ao sofrimento ps\u00edquico, que muitas vezes alcan\u00e7a propor\u00e7\u00f5es insuport\u00e1veis, podendo acarretar, em casos mais dram\u00e1ticos, at\u00e9 mesmo o suic\u00eddio.<\/p>\n<p>A crueldade de quem pratica o ass\u00e9dio, movido por sentimentos como inveja, al\u00e9m de desajustes como psicopatias e sociopatias, tem como fim arruinar a pessoa, faz\u00ea-la perder tudo \u2013 em especial a sa\u00fade, o emprego, a fonte de subsist\u00eancia e at\u00e9 mesmo a dignidade.<\/p>\n<p>Muitos s\u00e3o os aspectos envolvidos, mas merece alerta o cuidado especial que os profissionais, inclusive da \u00e1rea da sa\u00fade, precisam ter ao tratar da v\u00edtima dessa pr\u00e1tica abusiva. Como o ass\u00e9dio moral normalmente acarreta s\u00e9rias doen\u00e7as, em especial de ordem ps\u00edquica, \u00e9 preciso se conscientizar de que o paciente n\u00e3o tem somente um desajuste emocional ou um problema psicol\u00f3gico \u2013 de ordem puramente interna \u2013, mas sim que ele est\u00e1 passando, ou passou, por uma forte viol\u00eancia ps\u00edquica, que deixa sequelas profundas em seu ser, afetando o bem-estar e o equil\u00edbrio necess\u00e1rios para a higidez f\u00edsica e mental.<\/p>\n<blockquote><p>N\u00e3o \u00e9 suficiente tratar apenas a doen\u00e7a ps\u00edquica apresentada, mas deve-se levar em considera\u00e7\u00e3o que essa \u00e9, na realidade, a consequ\u00eancia do terror psicol\u00f3gico sofrido no meio social, ou seja, o resultado da exposi\u00e7\u00e3o da pessoa \u00e0 perversidade crescente no ambiente de trabalho.<\/p><\/blockquote>\n<p>Logo, de nada adianta, por exemplo, s\u00f3 medicar e exortar o paciente a se reerguer e reagir psicologicamente, ou mesmo insistir que os seus pensamentos \u00e9 que est\u00e3o distorcidos, procurando ensinar formas melhores de raciocinar, meditar e superar as situa\u00e7\u00f5es da vida.<\/p>\n<p>A origem do problema, que precisa ser enfrentada, decorre de fator nitidamente externo, presente no meio social, mais especificamente no ambiente de trabalho. Sem essa percep\u00e7\u00e3o bem clara do tema \u2013 que exige conhecimentos mais profundos e interdisciplinares, inclusive do que ocorre no meio social da p\u00f3s-modernidade, e n\u00e3o somente sobre a esfera ps\u00edquica do ser humano (embora esta tamb\u00e9m seja relevante) \u2013, corre-se o risco de, apenas com tratamentos convencionais, voltados a doen\u00e7as mentais, f\u00edsicas e psicol\u00f3gicas, acabar acontecendo o pior.<\/p>\n<p>Se o paciente est\u00e1 sofrendo ass\u00e9dio moral, a viol\u00eancia, em si, deve ser combatida, de forma principal, por todos os meios poss\u00edveis e leg\u00edtimos, inclusive levando o problema, de ordem social, \u00e0s esferas institucionais competentes. A v\u00edtima, j\u00e1 fragilizada e mergulhada no desespero, normalmente n\u00e3o tem pleno discernimento e condi\u00e7\u00f5es de buscar socorro por si.<\/p>\n<p>Caso contr\u00e1rio, a pessoa, ainda que esteja em acompanhamento de sa\u00fade, n\u00e3o suportando mais o sofrimento, pode acabar se demitindo, ficando sem renda e sem amparo social e trabalhista. Isso se algo pior j\u00e1 n\u00e3o tiver acontecido, concretizando os planos arquitetados pelo assediador.<\/p>\n<p>O ass\u00e9dio moral pode deixar cicatrizes mais profundas do que se imagina. Mesmo depois de um poss\u00edvel desligamento do ambiente agressivo, a pessoa muitas vezes carrega traumas emocionais grav\u00edssimos, que a acompanham por v\u00e1rios anos, em alguns casos por toda a vida. Isso a incapacita para outras atividades, em especial para o exerc\u00edcio do labor, em raz\u00e3o do medo de sofrer, novamente, experi\u00eancias semelhantes, acarretando fobias, transtornos e incapacidade at\u00e9 mesmo para tarefas do dia a dia.<\/p>\n<p>Os profissionais envolvidos precisam, por isso, estar em constante di\u00e1logo e preparados para enfrentar a quest\u00e3o com efici\u00eancia e habilidade.<\/p>\n<p><strong>Gustavo Filipe Barbosa Garcia<\/strong><\/p>\n","protected":false},"excerpt":{"rendered":"<p>O ass\u00e9dio moral no trabalho, tamb\u00e9m conhecido como mobbing, \u00e9 um problema social grave, que vem assumindo contornos cada vez mais alarmantes. A v\u00edtima passa a sofrer tratamento abusivo, persegui\u00e7\u00f5es, humilha\u00e7\u00f5es, discrimina\u00e7\u00f5es e constrangimentos, de forma reiterada, normalmente velada, com o fim de desestabiliz\u00e1-la psicologicamente. Isso leva-a ao sofrimento ps\u00edquico, que muitas vezes alcan\u00e7a propor\u00e7\u00f5es [&hellip;]<\/p>\n","protected":false},"author":2,"featured_media":51728,"comment_status":"open","ping_status":"closed","sticky":false,"template":"","format":"standard","meta":{"_acf_changed":false,"footnotes":""},"categories":[25],"tags":[],"class_list":["post-51727","post","type-post","status-publish","format-standard","has-post-thumbnail","hentry","category-opina-ai"],"acf":[],"yoast_head":"<!-- This site is optimized with the Yoast SEO plugin v27.2 - https:\/\/yoast.com\/product\/yoast-seo-wordpress\/ -->\n<title>As profundas cicatrizes provocadas pelo ass\u00e9dio moral no trabalho - Notibras<\/title>\n<meta name=\"robots\" content=\"index, follow, max-snippet:-1, max-image-preview:large, max-video-preview:-1\" \/>\n<link rel=\"canonical\" href=\"https:\/\/www.notibras.com\/site\/as-profundas-cicatrizes-provocadas-pelo-assedio-moral-no-trabalho\/\" \/>\n<meta property=\"og:locale\" content=\"pt_BR\" \/>\n<meta property=\"og:type\" content=\"article\" \/>\n<meta property=\"og:title\" content=\"As profundas cicatrizes provocadas pelo ass\u00e9dio moral no trabalho - Notibras\" \/>\n<meta property=\"og:description\" content=\"O ass\u00e9dio moral no trabalho, tamb\u00e9m conhecido como mobbing, \u00e9 um problema social grave, que vem assumindo contornos cada vez mais alarmantes. A v\u00edtima passa a sofrer tratamento abusivo, persegui\u00e7\u00f5es, humilha\u00e7\u00f5es, discrimina\u00e7\u00f5es e constrangimentos, de forma reiterada, normalmente velada, com o fim de desestabiliz\u00e1-la psicologicamente. Isso leva-a ao sofrimento ps\u00edquico, que muitas vezes alcan\u00e7a propor\u00e7\u00f5es [&hellip;]\" \/>\n<meta property=\"og:url\" content=\"https:\/\/www.notibras.com\/site\/as-profundas-cicatrizes-provocadas-pelo-assedio-moral-no-trabalho\/\" \/>\n<meta property=\"og:site_name\" content=\"Notibras\" \/>\n<meta property=\"article:publisher\" content=\"https:\/\/www.facebook.com\/notibras\/\" \/>\n<meta property=\"article:published_time\" content=\"2015-06-02T12:48:22+00:00\" \/>\n<meta property=\"og:image\" content=\"https:\/\/www.notibras.com\/site\/wp-content\/uploads\/2015\/06\/as.jpg\" \/>\n\t<meta property=\"og:image:width\" content=\"848\" \/>\n\t<meta property=\"og:image:height\" content=\"565\" \/>\n\t<meta property=\"og:image:type\" content=\"image\/jpeg\" \/>\n<meta name=\"author\" content=\"Reda\u00e7\u00e3o\" \/>\n<meta name=\"twitter:card\" content=\"summary_large_image\" \/>\n<meta name=\"twitter:creator\" content=\"@Notibras\" \/>\n<meta name=\"twitter:site\" content=\"@Notibras\" \/>\n<meta name=\"twitter:label1\" content=\"Escrito por\" \/>\n\t<meta name=\"twitter:data1\" content=\"Reda\u00e7\u00e3o\" \/>\n\t<meta name=\"twitter:label2\" content=\"Est. tempo de leitura\" \/>\n\t<meta name=\"twitter:data2\" content=\"3 minutos\" \/>\n<script type=\"application\/ld+json\" class=\"yoast-schema-graph\">{\"@context\":\"https:\/\/schema.org\",\"@graph\":[{\"@type\":\"Article\",\"@id\":\"https:\/\/www.notibras.com\/site\/as-profundas-cicatrizes-provocadas-pelo-assedio-moral-no-trabalho\/#article\",\"isPartOf\":{\"@id\":\"https:\/\/www.notibras.com\/site\/as-profundas-cicatrizes-provocadas-pelo-assedio-moral-no-trabalho\/\"},\"author\":{\"name\":\"Reda\u00e7\u00e3o\",\"@id\":\"https:\/\/www.notibras.com\/site\/#\/schema\/person\/36ab0979449956132d3e5b517ea76ac8\"},\"headline\":\"As profundas cicatrizes provocadas pelo ass\u00e9dio moral no trabalho\",\"datePublished\":\"2015-06-02T12:48:22+00:00\",\"mainEntityOfPage\":{\"@id\":\"https:\/\/www.notibras.com\/site\/as-profundas-cicatrizes-provocadas-pelo-assedio-moral-no-trabalho\/\"},\"wordCount\":644,\"commentCount\":0,\"publisher\":{\"@id\":\"https:\/\/www.notibras.com\/site\/#organization\"},\"image\":{\"@id\":\"https:\/\/www.notibras.com\/site\/as-profundas-cicatrizes-provocadas-pelo-assedio-moral-no-trabalho\/#primaryimage\"},\"thumbnailUrl\":\"https:\/\/www.notibras.com\/site\/wp-content\/uploads\/2015\/06\/as.jpg\",\"articleSection\":[\"Opina a\u00ed\"],\"inLanguage\":\"pt-BR\",\"potentialAction\":[{\"@type\":\"CommentAction\",\"name\":\"Comment\",\"target\":[\"https:\/\/www.notibras.com\/site\/as-profundas-cicatrizes-provocadas-pelo-assedio-moral-no-trabalho\/#respond\"]}]},{\"@type\":\"WebPage\",\"@id\":\"https:\/\/www.notibras.com\/site\/as-profundas-cicatrizes-provocadas-pelo-assedio-moral-no-trabalho\/\",\"url\":\"https:\/\/www.notibras.com\/site\/as-profundas-cicatrizes-provocadas-pelo-assedio-moral-no-trabalho\/\",\"name\":\"As profundas cicatrizes provocadas pelo ass\u00e9dio moral no trabalho - Notibras\",\"isPartOf\":{\"@id\":\"https:\/\/www.notibras.com\/site\/#website\"},\"primaryImageOfPage\":{\"@id\":\"https:\/\/www.notibras.com\/site\/as-profundas-cicatrizes-provocadas-pelo-assedio-moral-no-trabalho\/#primaryimage\"},\"image\":{\"@id\":\"https:\/\/www.notibras.com\/site\/as-profundas-cicatrizes-provocadas-pelo-assedio-moral-no-trabalho\/#primaryimage\"},\"thumbnailUrl\":\"https:\/\/www.notibras.com\/site\/wp-content\/uploads\/2015\/06\/as.jpg\",\"datePublished\":\"2015-06-02T12:48:22+00:00\",\"breadcrumb\":{\"@id\":\"https:\/\/www.notibras.com\/site\/as-profundas-cicatrizes-provocadas-pelo-assedio-moral-no-trabalho\/#breadcrumb\"},\"inLanguage\":\"pt-BR\",\"potentialAction\":[{\"@type\":\"ReadAction\",\"target\":[\"https:\/\/www.notibras.com\/site\/as-profundas-cicatrizes-provocadas-pelo-assedio-moral-no-trabalho\/\"]}]},{\"@type\":\"ImageObject\",\"inLanguage\":\"pt-BR\",\"@id\":\"https:\/\/www.notibras.com\/site\/as-profundas-cicatrizes-provocadas-pelo-assedio-moral-no-trabalho\/#primaryimage\",\"url\":\"https:\/\/www.notibras.com\/site\/wp-content\/uploads\/2015\/06\/as.jpg\",\"contentUrl\":\"https:\/\/www.notibras.com\/site\/wp-content\/uploads\/2015\/06\/as.jpg\",\"width\":848,\"height\":565},{\"@type\":\"BreadcrumbList\",\"@id\":\"https:\/\/www.notibras.com\/site\/as-profundas-cicatrizes-provocadas-pelo-assedio-moral-no-trabalho\/#breadcrumb\",\"itemListElement\":[{\"@type\":\"ListItem\",\"position\":1,\"name\":\"In\u00edcio\",\"item\":\"https:\/\/www.notibras.com\/site\/\"},{\"@type\":\"ListItem\",\"position\":2,\"name\":\"As profundas cicatrizes provocadas pelo ass\u00e9dio moral no trabalho\"}]},{\"@type\":\"WebSite\",\"@id\":\"https:\/\/www.notibras.com\/site\/#website\",\"url\":\"https:\/\/www.notibras.com\/site\/\",\"name\":\"Notibras\",\"description\":\"Not\u00edcias de Bras\u00edlia, do Brasil e do Mundo\",\"publisher\":{\"@id\":\"https:\/\/www.notibras.com\/site\/#organization\"},\"potentialAction\":[{\"@type\":\"SearchAction\",\"target\":{\"@type\":\"EntryPoint\",\"urlTemplate\":\"https:\/\/www.notibras.com\/site\/?s={search_term_string}\"},\"query-input\":{\"@type\":\"PropertyValueSpecification\",\"valueRequired\":true,\"valueName\":\"search_term_string\"}}],\"inLanguage\":\"pt-BR\"},{\"@type\":\"Organization\",\"@id\":\"https:\/\/www.notibras.com\/site\/#organization\",\"name\":\"Grupo Notibras de Comunica\u00e7\u00e3o\",\"url\":\"https:\/\/www.notibras.com\/site\/\",\"logo\":{\"@type\":\"ImageObject\",\"inLanguage\":\"pt-BR\",\"@id\":\"https:\/\/www.notibras.com\/site\/#\/schema\/logo\/image\/\",\"url\":\"https:\/\/www.notibras.com\/site\/wp-content\/uploads\/2023\/01\/notibras23.png\",\"contentUrl\":\"https:\/\/www.notibras.com\/site\/wp-content\/uploads\/2023\/01\/notibras23.png\",\"width\":350,\"height\":87,\"caption\":\"Grupo Notibras de Comunica\u00e7\u00e3o\"},\"image\":{\"@id\":\"https:\/\/www.notibras.com\/site\/#\/schema\/logo\/image\/\"},\"sameAs\":[\"https:\/\/www.facebook.com\/notibras\/\",\"https:\/\/x.com\/Notibras\",\"https:\/\/www.instagram.com\/notibras\/\"]},{\"@type\":\"Person\",\"@id\":\"https:\/\/www.notibras.com\/site\/#\/schema\/person\/36ab0979449956132d3e5b517ea76ac8\",\"name\":\"Reda\u00e7\u00e3o\",\"image\":{\"@type\":\"ImageObject\",\"inLanguage\":\"pt-BR\",\"@id\":\"https:\/\/secure.gravatar.com\/avatar\/e0a867bdedb85fd243eadf09663511f96fc81e0720a4a42581f334ad4303aa6b?s=96&d=mm&r=g\",\"url\":\"https:\/\/secure.gravatar.com\/avatar\/e0a867bdedb85fd243eadf09663511f96fc81e0720a4a42581f334ad4303aa6b?s=96&d=mm&r=g\",\"contentUrl\":\"https:\/\/secure.gravatar.com\/avatar\/e0a867bdedb85fd243eadf09663511f96fc81e0720a4a42581f334ad4303aa6b?s=96&d=mm&r=g\",\"caption\":\"Reda\u00e7\u00e3o\"}}]}<\/script>\n<!-- \/ Yoast SEO plugin. -->","yoast_head_json":{"title":"As profundas cicatrizes provocadas pelo ass\u00e9dio moral no trabalho - Notibras","robots":{"index":"index","follow":"follow","max-snippet":"max-snippet:-1","max-image-preview":"max-image-preview:large","max-video-preview":"max-video-preview:-1"},"canonical":"https:\/\/www.notibras.com\/site\/as-profundas-cicatrizes-provocadas-pelo-assedio-moral-no-trabalho\/","og_locale":"pt_BR","og_type":"article","og_title":"As profundas cicatrizes provocadas pelo ass\u00e9dio moral no trabalho - Notibras","og_description":"O ass\u00e9dio moral no trabalho, tamb\u00e9m conhecido como mobbing, \u00e9 um problema social grave, que vem assumindo contornos cada vez mais alarmantes. A v\u00edtima passa a sofrer tratamento abusivo, persegui\u00e7\u00f5es, humilha\u00e7\u00f5es, discrimina\u00e7\u00f5es e constrangimentos, de forma reiterada, normalmente velada, com o fim de desestabiliz\u00e1-la psicologicamente. Isso leva-a ao sofrimento ps\u00edquico, que muitas vezes alcan\u00e7a propor\u00e7\u00f5es [&hellip;]","og_url":"https:\/\/www.notibras.com\/site\/as-profundas-cicatrizes-provocadas-pelo-assedio-moral-no-trabalho\/","og_site_name":"Notibras","article_publisher":"https:\/\/www.facebook.com\/notibras\/","article_published_time":"2015-06-02T12:48:22+00:00","og_image":[{"width":848,"height":565,"url":"https:\/\/www.notibras.com\/site\/wp-content\/uploads\/2015\/06\/as.jpg","type":"image\/jpeg"}],"author":"Reda\u00e7\u00e3o","twitter_card":"summary_large_image","twitter_creator":"@Notibras","twitter_site":"@Notibras","twitter_misc":{"Escrito por":"Reda\u00e7\u00e3o","Est. tempo de leitura":"3 minutos"},"schema":{"@context":"https:\/\/schema.org","@graph":[{"@type":"Article","@id":"https:\/\/www.notibras.com\/site\/as-profundas-cicatrizes-provocadas-pelo-assedio-moral-no-trabalho\/#article","isPartOf":{"@id":"https:\/\/www.notibras.com\/site\/as-profundas-cicatrizes-provocadas-pelo-assedio-moral-no-trabalho\/"},"author":{"name":"Reda\u00e7\u00e3o","@id":"https:\/\/www.notibras.com\/site\/#\/schema\/person\/36ab0979449956132d3e5b517ea76ac8"},"headline":"As profundas cicatrizes provocadas pelo ass\u00e9dio moral no trabalho","datePublished":"2015-06-02T12:48:22+00:00","mainEntityOfPage":{"@id":"https:\/\/www.notibras.com\/site\/as-profundas-cicatrizes-provocadas-pelo-assedio-moral-no-trabalho\/"},"wordCount":644,"commentCount":0,"publisher":{"@id":"https:\/\/www.notibras.com\/site\/#organization"},"image":{"@id":"https:\/\/www.notibras.com\/site\/as-profundas-cicatrizes-provocadas-pelo-assedio-moral-no-trabalho\/#primaryimage"},"thumbnailUrl":"https:\/\/www.notibras.com\/site\/wp-content\/uploads\/2015\/06\/as.jpg","articleSection":["Opina a\u00ed"],"inLanguage":"pt-BR","potentialAction":[{"@type":"CommentAction","name":"Comment","target":["https:\/\/www.notibras.com\/site\/as-profundas-cicatrizes-provocadas-pelo-assedio-moral-no-trabalho\/#respond"]}]},{"@type":"WebPage","@id":"https:\/\/www.notibras.com\/site\/as-profundas-cicatrizes-provocadas-pelo-assedio-moral-no-trabalho\/","url":"https:\/\/www.notibras.com\/site\/as-profundas-cicatrizes-provocadas-pelo-assedio-moral-no-trabalho\/","name":"As profundas cicatrizes provocadas pelo ass\u00e9dio moral no trabalho - Notibras","isPartOf":{"@id":"https:\/\/www.notibras.com\/site\/#website"},"primaryImageOfPage":{"@id":"https:\/\/www.notibras.com\/site\/as-profundas-cicatrizes-provocadas-pelo-assedio-moral-no-trabalho\/#primaryimage"},"image":{"@id":"https:\/\/www.notibras.com\/site\/as-profundas-cicatrizes-provocadas-pelo-assedio-moral-no-trabalho\/#primaryimage"},"thumbnailUrl":"https:\/\/www.notibras.com\/site\/wp-content\/uploads\/2015\/06\/as.jpg","datePublished":"2015-06-02T12:48:22+00:00","breadcrumb":{"@id":"https:\/\/www.notibras.com\/site\/as-profundas-cicatrizes-provocadas-pelo-assedio-moral-no-trabalho\/#breadcrumb"},"inLanguage":"pt-BR","potentialAction":[{"@type":"ReadAction","target":["https:\/\/www.notibras.com\/site\/as-profundas-cicatrizes-provocadas-pelo-assedio-moral-no-trabalho\/"]}]},{"@type":"ImageObject","inLanguage":"pt-BR","@id":"https:\/\/www.notibras.com\/site\/as-profundas-cicatrizes-provocadas-pelo-assedio-moral-no-trabalho\/#primaryimage","url":"https:\/\/www.notibras.com\/site\/wp-content\/uploads\/2015\/06\/as.jpg","contentUrl":"https:\/\/www.notibras.com\/site\/wp-content\/uploads\/2015\/06\/as.jpg","width":848,"height":565},{"@type":"BreadcrumbList","@id":"https:\/\/www.notibras.com\/site\/as-profundas-cicatrizes-provocadas-pelo-assedio-moral-no-trabalho\/#breadcrumb","itemListElement":[{"@type":"ListItem","position":1,"name":"In\u00edcio","item":"https:\/\/www.notibras.com\/site\/"},{"@type":"ListItem","position":2,"name":"As profundas cicatrizes provocadas pelo ass\u00e9dio moral no trabalho"}]},{"@type":"WebSite","@id":"https:\/\/www.notibras.com\/site\/#website","url":"https:\/\/www.notibras.com\/site\/","name":"Notibras","description":"Not\u00edcias de Bras\u00edlia, do Brasil e do Mundo","publisher":{"@id":"https:\/\/www.notibras.com\/site\/#organization"},"potentialAction":[{"@type":"SearchAction","target":{"@type":"EntryPoint","urlTemplate":"https:\/\/www.notibras.com\/site\/?s={search_term_string}"},"query-input":{"@type":"PropertyValueSpecification","valueRequired":true,"valueName":"search_term_string"}}],"inLanguage":"pt-BR"},{"@type":"Organization","@id":"https:\/\/www.notibras.com\/site\/#organization","name":"Grupo Notibras de Comunica\u00e7\u00e3o","url":"https:\/\/www.notibras.com\/site\/","logo":{"@type":"ImageObject","inLanguage":"pt-BR","@id":"https:\/\/www.notibras.com\/site\/#\/schema\/logo\/image\/","url":"https:\/\/www.notibras.com\/site\/wp-content\/uploads\/2023\/01\/notibras23.png","contentUrl":"https:\/\/www.notibras.com\/site\/wp-content\/uploads\/2023\/01\/notibras23.png","width":350,"height":87,"caption":"Grupo Notibras de Comunica\u00e7\u00e3o"},"image":{"@id":"https:\/\/www.notibras.com\/site\/#\/schema\/logo\/image\/"},"sameAs":["https:\/\/www.facebook.com\/notibras\/","https:\/\/x.com\/Notibras","https:\/\/www.instagram.com\/notibras\/"]},{"@type":"Person","@id":"https:\/\/www.notibras.com\/site\/#\/schema\/person\/36ab0979449956132d3e5b517ea76ac8","name":"Reda\u00e7\u00e3o","image":{"@type":"ImageObject","inLanguage":"pt-BR","@id":"https:\/\/secure.gravatar.com\/avatar\/e0a867bdedb85fd243eadf09663511f96fc81e0720a4a42581f334ad4303aa6b?s=96&d=mm&r=g","url":"https:\/\/secure.gravatar.com\/avatar\/e0a867bdedb85fd243eadf09663511f96fc81e0720a4a42581f334ad4303aa6b?s=96&d=mm&r=g","contentUrl":"https:\/\/secure.gravatar.com\/avatar\/e0a867bdedb85fd243eadf09663511f96fc81e0720a4a42581f334ad4303aa6b?s=96&d=mm&r=g","caption":"Reda\u00e7\u00e3o"}}]}},"amp_enabled":true,"_links":{"self":[{"href":"https:\/\/www.notibras.com\/site\/wp-json\/wp\/v2\/posts\/51727","targetHints":{"allow":["GET"]}}],"collection":[{"href":"https:\/\/www.notibras.com\/site\/wp-json\/wp\/v2\/posts"}],"about":[{"href":"https:\/\/www.notibras.com\/site\/wp-json\/wp\/v2\/types\/post"}],"author":[{"embeddable":true,"href":"https:\/\/www.notibras.com\/site\/wp-json\/wp\/v2\/users\/2"}],"replies":[{"embeddable":true,"href":"https:\/\/www.notibras.com\/site\/wp-json\/wp\/v2\/comments?post=51727"}],"version-history":[{"count":0,"href":"https:\/\/www.notibras.com\/site\/wp-json\/wp\/v2\/posts\/51727\/revisions"}],"wp:featuredmedia":[{"embeddable":true,"href":"https:\/\/www.notibras.com\/site\/wp-json\/wp\/v2\/media\/51728"}],"wp:attachment":[{"href":"https:\/\/www.notibras.com\/site\/wp-json\/wp\/v2\/media?parent=51727"}],"wp:term":[{"taxonomy":"category","embeddable":true,"href":"https:\/\/www.notibras.com\/site\/wp-json\/wp\/v2\/categories?post=51727"},{"taxonomy":"post_tag","embeddable":true,"href":"https:\/\/www.notibras.com\/site\/wp-json\/wp\/v2\/tags?post=51727"}],"curies":[{"name":"wp","href":"https:\/\/api.w.org\/{rel}","templated":true}]}}