{"id":51824,"date":"2015-06-02T13:59:12","date_gmt":"2015-06-02T16:59:12","guid":{"rendered":"http:\/\/www.notibras.com\/site\/?p=51824"},"modified":"2015-06-02T16:34:09","modified_gmt":"2015-06-02T19:34:09","slug":"blatter-renuncia-ao-comando-da-fifa","status":"publish","type":"post","link":"https:\/\/www.notibras.com\/site\/blatter-renuncia-ao-comando-da-fifa\/","title":{"rendered":"Blatter, reeleito h\u00e1 oito dias, n\u00e3o resiste a press\u00e3o e renuncia \u00e0 Fifa"},"content":{"rendered":"<p>O presidente da Fifa Joseph Blatter renunciou ao cargo nesta ter\u00e7a-feira. O mandat\u00e1rio foi reeleito na semana passada e pediu para que uma nova elei\u00e7\u00e3o seja realizada.<\/p>\n<p>A decis\u00e3o de deixar a Fifa ocorre em meio ao maior esc\u00e2ndalo da entidade, que resultou na deten\u00e7\u00e3o de sete dirigentes \u00e0s v\u00e9speras do pleito, que teve Blatter como vencedor.<\/p>\n<p>&#8221;Um novo presidente ser\u00e1 eleito para me suceder. Vou continuar a exercer minha fun\u00e7\u00e3o como presidente at\u00e9 um novo presidente ser escolhido&#8221;, afirmou Blatter em um pronunciamento realizado na sede da Fifa.<\/p>\n<blockquote><p>O an\u00fancio de ren\u00fancia pegou todo mundo de surpresa, ainda mais pelo fato de que Blatter havia pedido apoio de todos para governar mais um mandato na Fifa. Acusado de in\u00fameros envolvimentos em corrup\u00e7\u00e3o, Blatter negou a todos e inclusive atacou a a\u00e7\u00e3o da pol\u00edcia norte-americana, que coordenou a pris\u00e3o dos dirigentes.<\/p><\/blockquote>\n<p>A data da nova elei\u00e7\u00e3o ser\u00e1 definida pelo Comit\u00ea Executivo da entidade e pode ocorrer entre dezembro e mar\u00e7o. O processo de transi\u00e7\u00e3o ser\u00e1 comandado por Domenico Scala, membro do comit\u00ea.<\/p>\n","protected":false},"excerpt":{"rendered":"<p>O presidente da Fifa Joseph Blatter renunciou ao cargo nesta ter\u00e7a-feira. O mandat\u00e1rio foi reeleito na semana passada e pediu para que uma nova elei\u00e7\u00e3o seja realizada. A decis\u00e3o de deixar a Fifa ocorre em meio ao maior esc\u00e2ndalo da entidade, que resultou na deten\u00e7\u00e3o de sete dirigentes \u00e0s v\u00e9speras do pleito, que teve Blatter [&hellip;]<\/p>\n","protected":false},"author":2,"featured_media":51825,"comment_status":"open","ping_status":"closed","sticky":false,"template":"","format":"standard","meta":{"_acf_changed":false,"footnotes":""},"categories":[19,29],"tags":[],"class_list":["post-51824","post","type-post","status-publish","format-standard","has-post-thumbnail","hentry","category-esportes","category-futebol"],"acf":[],"yoast_head":"<!-- This site is optimized with the Yoast SEO plugin v27.2 - https:\/\/yoast.com\/product\/yoast-seo-wordpress\/ -->\n<title>Blatter, reeleito h\u00e1 oito dias, n\u00e3o resiste a press\u00e3o e renuncia \u00e0 Fifa - Notibras<\/title>\n<meta name=\"robots\" content=\"index, follow, max-snippet:-1, max-image-preview:large, max-video-preview:-1\" \/>\n<link rel=\"canonical\" href=\"https:\/\/www.notibras.com\/site\/blatter-renuncia-ao-comando-da-fifa\/\" \/>\n<meta property=\"og:locale\" content=\"pt_BR\" \/>\n<meta property=\"og:type\" content=\"article\" \/>\n<meta property=\"og:title\" content=\"Blatter, reeleito h\u00e1 oito dias, n\u00e3o resiste a press\u00e3o e renuncia \u00e0 Fifa - Notibras\" \/>\n<meta property=\"og:description\" content=\"O presidente da Fifa Joseph Blatter renunciou ao cargo nesta ter\u00e7a-feira. O mandat\u00e1rio foi reeleito na semana passada e pediu para que uma nova elei\u00e7\u00e3o seja realizada. A decis\u00e3o de deixar a Fifa ocorre em meio ao maior esc\u00e2ndalo da entidade, que resultou na deten\u00e7\u00e3o de sete dirigentes \u00e0s v\u00e9speras do pleito, que teve Blatter [&hellip;]\" \/>\n<meta property=\"og:url\" content=\"https:\/\/www.notibras.com\/site\/blatter-renuncia-ao-comando-da-fifa\/\" \/>\n<meta property=\"og:site_name\" content=\"Notibras\" \/>\n<meta property=\"article:publisher\" content=\"https:\/\/www.facebook.com\/notibras\/\" \/>\n<meta property=\"article:published_time\" content=\"2015-06-02T16:59:12+00:00\" \/>\n<meta property=\"article:modified_time\" content=\"2015-06-02T19:34:09+00:00\" \/>\n<meta property=\"og:image\" content=\"https:\/\/www.notibras.com\/site\/wp-content\/uploads\/2015\/06\/bla.jpg\" \/>\n\t<meta property=\"og:image:width\" content=\"615\" \/>\n\t<meta property=\"og:image:height\" content=\"300\" \/>\n\t<meta property=\"og:image:type\" content=\"image\/jpeg\" \/>\n<meta name=\"author\" content=\"Reda\u00e7\u00e3o\" \/>\n<meta name=\"twitter:card\" content=\"summary_large_image\" \/>\n<meta name=\"twitter:creator\" content=\"@Notibras\" \/>\n<meta name=\"twitter:site\" content=\"@Notibras\" \/>\n<meta name=\"twitter:label1\" content=\"Escrito por\" \/>\n\t<meta name=\"twitter:data1\" content=\"Reda\u00e7\u00e3o\" \/>\n\t<meta name=\"twitter:label2\" content=\"Est. tempo de leitura\" \/>\n\t<meta name=\"twitter:data2\" content=\"1 minuto\" \/>\n<script type=\"application\/ld+json\" class=\"yoast-schema-graph\">{\"@context\":\"https:\/\/schema.org\",\"@graph\":[{\"@type\":\"Article\",\"@id\":\"https:\/\/www.notibras.com\/site\/blatter-renuncia-ao-comando-da-fifa\/#article\",\"isPartOf\":{\"@id\":\"https:\/\/www.notibras.com\/site\/blatter-renuncia-ao-comando-da-fifa\/\"},\"author\":{\"name\":\"Reda\u00e7\u00e3o\",\"@id\":\"https:\/\/www.notibras.com\/site\/#\/schema\/person\/36ab0979449956132d3e5b517ea76ac8\"},\"headline\":\"Blatter, reeleito h\u00e1 oito dias, n\u00e3o resiste a press\u00e3o e renuncia \u00e0 Fifa\",\"datePublished\":\"2015-06-02T16:59:12+00:00\",\"dateModified\":\"2015-06-02T19:34:09+00:00\",\"mainEntityOfPage\":{\"@id\":\"https:\/\/www.notibras.com\/site\/blatter-renuncia-ao-comando-da-fifa\/\"},\"wordCount\":204,\"commentCount\":0,\"publisher\":{\"@id\":\"https:\/\/www.notibras.com\/site\/#organization\"},\"image\":{\"@id\":\"https:\/\/www.notibras.com\/site\/blatter-renuncia-ao-comando-da-fifa\/#primaryimage\"},\"thumbnailUrl\":\"https:\/\/www.notibras.com\/site\/wp-content\/uploads\/2015\/06\/bla.jpg\",\"articleSection\":[\"Esportes\",\"Futebol\"],\"inLanguage\":\"pt-BR\",\"potentialAction\":[{\"@type\":\"CommentAction\",\"name\":\"Comment\",\"target\":[\"https:\/\/www.notibras.com\/site\/blatter-renuncia-ao-comando-da-fifa\/#respond\"]}]},{\"@type\":\"WebPage\",\"@id\":\"https:\/\/www.notibras.com\/site\/blatter-renuncia-ao-comando-da-fifa\/\",\"url\":\"https:\/\/www.notibras.com\/site\/blatter-renuncia-ao-comando-da-fifa\/\",\"name\":\"Blatter, reeleito h\u00e1 oito dias, n\u00e3o resiste a press\u00e3o e renuncia \u00e0 Fifa - Notibras\",\"isPartOf\":{\"@id\":\"https:\/\/www.notibras.com\/site\/#website\"},\"primaryImageOfPage\":{\"@id\":\"https:\/\/www.notibras.com\/site\/blatter-renuncia-ao-comando-da-fifa\/#primaryimage\"},\"image\":{\"@id\":\"https:\/\/www.notibras.com\/site\/blatter-renuncia-ao-comando-da-fifa\/#primaryimage\"},\"thumbnailUrl\":\"https:\/\/www.notibras.com\/site\/wp-content\/uploads\/2015\/06\/bla.jpg\",\"datePublished\":\"2015-06-02T16:59:12+00:00\",\"dateModified\":\"2015-06-02T19:34:09+00:00\",\"breadcrumb\":{\"@id\":\"https:\/\/www.notibras.com\/site\/blatter-renuncia-ao-comando-da-fifa\/#breadcrumb\"},\"inLanguage\":\"pt-BR\",\"potentialAction\":[{\"@type\":\"ReadAction\",\"target\":[\"https:\/\/www.notibras.com\/site\/blatter-renuncia-ao-comando-da-fifa\/\"]}]},{\"@type\":\"ImageObject\",\"inLanguage\":\"pt-BR\",\"@id\":\"https:\/\/www.notibras.com\/site\/blatter-renuncia-ao-comando-da-fifa\/#primaryimage\",\"url\":\"https:\/\/www.notibras.com\/site\/wp-content\/uploads\/2015\/06\/bla.jpg\",\"contentUrl\":\"https:\/\/www.notibras.com\/site\/wp-content\/uploads\/2015\/06\/bla.jpg\",\"width\":615,\"height\":300},{\"@type\":\"BreadcrumbList\",\"@id\":\"https:\/\/www.notibras.com\/site\/blatter-renuncia-ao-comando-da-fifa\/#breadcrumb\",\"itemListElement\":[{\"@type\":\"ListItem\",\"position\":1,\"name\":\"In\u00edcio\",\"item\":\"https:\/\/www.notibras.com\/site\/\"},{\"@type\":\"ListItem\",\"position\":2,\"name\":\"Blatter, reeleito h\u00e1 oito dias, n\u00e3o resiste a press\u00e3o e renuncia \u00e0 Fifa\"}]},{\"@type\":\"WebSite\",\"@id\":\"https:\/\/www.notibras.com\/site\/#website\",\"url\":\"https:\/\/www.notibras.com\/site\/\",\"name\":\"Notibras\",\"description\":\"Not\u00edcias de Bras\u00edlia, do Brasil e do Mundo\",\"publisher\":{\"@id\":\"https:\/\/www.notibras.com\/site\/#organization\"},\"potentialAction\":[{\"@type\":\"SearchAction\",\"target\":{\"@type\":\"EntryPoint\",\"urlTemplate\":\"https:\/\/www.notibras.com\/site\/?s={search_term_string}\"},\"query-input\":{\"@type\":\"PropertyValueSpecification\",\"valueRequired\":true,\"valueName\":\"search_term_string\"}}],\"inLanguage\":\"pt-BR\"},{\"@type\":\"Organization\",\"@id\":\"https:\/\/www.notibras.com\/site\/#organization\",\"name\":\"Grupo Notibras de Comunica\u00e7\u00e3o\",\"url\":\"https:\/\/www.notibras.com\/site\/\",\"logo\":{\"@type\":\"ImageObject\",\"inLanguage\":\"pt-BR\",\"@id\":\"https:\/\/www.notibras.com\/site\/#\/schema\/logo\/image\/\",\"url\":\"https:\/\/www.notibras.com\/site\/wp-content\/uploads\/2023\/01\/notibras23.png\",\"contentUrl\":\"https:\/\/www.notibras.com\/site\/wp-content\/uploads\/2023\/01\/notibras23.png\",\"width\":350,\"height\":87,\"caption\":\"Grupo Notibras de Comunica\u00e7\u00e3o\"},\"image\":{\"@id\":\"https:\/\/www.notibras.com\/site\/#\/schema\/logo\/image\/\"},\"sameAs\":[\"https:\/\/www.facebook.com\/notibras\/\",\"https:\/\/x.com\/Notibras\",\"https:\/\/www.instagram.com\/notibras\/\"]},{\"@type\":\"Person\",\"@id\":\"https:\/\/www.notibras.com\/site\/#\/schema\/person\/36ab0979449956132d3e5b517ea76ac8\",\"name\":\"Reda\u00e7\u00e3o\",\"image\":{\"@type\":\"ImageObject\",\"inLanguage\":\"pt-BR\",\"@id\":\"https:\/\/secure.gravatar.com\/avatar\/e0a867bdedb85fd243eadf09663511f96fc81e0720a4a42581f334ad4303aa6b?s=96&d=mm&r=g\",\"url\":\"https:\/\/secure.gravatar.com\/avatar\/e0a867bdedb85fd243eadf09663511f96fc81e0720a4a42581f334ad4303aa6b?s=96&d=mm&r=g\",\"contentUrl\":\"https:\/\/secure.gravatar.com\/avatar\/e0a867bdedb85fd243eadf09663511f96fc81e0720a4a42581f334ad4303aa6b?s=96&d=mm&r=g\",\"caption\":\"Reda\u00e7\u00e3o\"}}]}<\/script>\n<!-- \/ Yoast SEO plugin. -->","yoast_head_json":{"title":"Blatter, reeleito h\u00e1 oito dias, n\u00e3o resiste a press\u00e3o e renuncia \u00e0 Fifa - Notibras","robots":{"index":"index","follow":"follow","max-snippet":"max-snippet:-1","max-image-preview":"max-image-preview:large","max-video-preview":"max-video-preview:-1"},"canonical":"https:\/\/www.notibras.com\/site\/blatter-renuncia-ao-comando-da-fifa\/","og_locale":"pt_BR","og_type":"article","og_title":"Blatter, reeleito h\u00e1 oito dias, n\u00e3o resiste a press\u00e3o e renuncia \u00e0 Fifa - Notibras","og_description":"O presidente da Fifa Joseph Blatter renunciou ao cargo nesta ter\u00e7a-feira. O mandat\u00e1rio foi reeleito na semana passada e pediu para que uma nova elei\u00e7\u00e3o seja realizada. A decis\u00e3o de deixar a Fifa ocorre em meio ao maior esc\u00e2ndalo da entidade, que resultou na deten\u00e7\u00e3o de sete dirigentes \u00e0s v\u00e9speras do pleito, que teve Blatter [&hellip;]","og_url":"https:\/\/www.notibras.com\/site\/blatter-renuncia-ao-comando-da-fifa\/","og_site_name":"Notibras","article_publisher":"https:\/\/www.facebook.com\/notibras\/","article_published_time":"2015-06-02T16:59:12+00:00","article_modified_time":"2015-06-02T19:34:09+00:00","og_image":[{"width":615,"height":300,"url":"https:\/\/www.notibras.com\/site\/wp-content\/uploads\/2015\/06\/bla.jpg","type":"image\/jpeg"}],"author":"Reda\u00e7\u00e3o","twitter_card":"summary_large_image","twitter_creator":"@Notibras","twitter_site":"@Notibras","twitter_misc":{"Escrito por":"Reda\u00e7\u00e3o","Est. tempo de leitura":"1 minuto"},"schema":{"@context":"https:\/\/schema.org","@graph":[{"@type":"Article","@id":"https:\/\/www.notibras.com\/site\/blatter-renuncia-ao-comando-da-fifa\/#article","isPartOf":{"@id":"https:\/\/www.notibras.com\/site\/blatter-renuncia-ao-comando-da-fifa\/"},"author":{"name":"Reda\u00e7\u00e3o","@id":"https:\/\/www.notibras.com\/site\/#\/schema\/person\/36ab0979449956132d3e5b517ea76ac8"},"headline":"Blatter, reeleito h\u00e1 oito dias, n\u00e3o resiste a press\u00e3o e renuncia \u00e0 Fifa","datePublished":"2015-06-02T16:59:12+00:00","dateModified":"2015-06-02T19:34:09+00:00","mainEntityOfPage":{"@id":"https:\/\/www.notibras.com\/site\/blatter-renuncia-ao-comando-da-fifa\/"},"wordCount":204,"commentCount":0,"publisher":{"@id":"https:\/\/www.notibras.com\/site\/#organization"},"image":{"@id":"https:\/\/www.notibras.com\/site\/blatter-renuncia-ao-comando-da-fifa\/#primaryimage"},"thumbnailUrl":"https:\/\/www.notibras.com\/site\/wp-content\/uploads\/2015\/06\/bla.jpg","articleSection":["Esportes","Futebol"],"inLanguage":"pt-BR","potentialAction":[{"@type":"CommentAction","name":"Comment","target":["https:\/\/www.notibras.com\/site\/blatter-renuncia-ao-comando-da-fifa\/#respond"]}]},{"@type":"WebPage","@id":"https:\/\/www.notibras.com\/site\/blatter-renuncia-ao-comando-da-fifa\/","url":"https:\/\/www.notibras.com\/site\/blatter-renuncia-ao-comando-da-fifa\/","name":"Blatter, reeleito h\u00e1 oito dias, n\u00e3o resiste a press\u00e3o e renuncia \u00e0 Fifa - Notibras","isPartOf":{"@id":"https:\/\/www.notibras.com\/site\/#website"},"primaryImageOfPage":{"@id":"https:\/\/www.notibras.com\/site\/blatter-renuncia-ao-comando-da-fifa\/#primaryimage"},"image":{"@id":"https:\/\/www.notibras.com\/site\/blatter-renuncia-ao-comando-da-fifa\/#primaryimage"},"thumbnailUrl":"https:\/\/www.notibras.com\/site\/wp-content\/uploads\/2015\/06\/bla.jpg","datePublished":"2015-06-02T16:59:12+00:00","dateModified":"2015-06-02T19:34:09+00:00","breadcrumb":{"@id":"https:\/\/www.notibras.com\/site\/blatter-renuncia-ao-comando-da-fifa\/#breadcrumb"},"inLanguage":"pt-BR","potentialAction":[{"@type":"ReadAction","target":["https:\/\/www.notibras.com\/site\/blatter-renuncia-ao-comando-da-fifa\/"]}]},{"@type":"ImageObject","inLanguage":"pt-BR","@id":"https:\/\/www.notibras.com\/site\/blatter-renuncia-ao-comando-da-fifa\/#primaryimage","url":"https:\/\/www.notibras.com\/site\/wp-content\/uploads\/2015\/06\/bla.jpg","contentUrl":"https:\/\/www.notibras.com\/site\/wp-content\/uploads\/2015\/06\/bla.jpg","width":615,"height":300},{"@type":"BreadcrumbList","@id":"https:\/\/www.notibras.com\/site\/blatter-renuncia-ao-comando-da-fifa\/#breadcrumb","itemListElement":[{"@type":"ListItem","position":1,"name":"In\u00edcio","item":"https:\/\/www.notibras.com\/site\/"},{"@type":"ListItem","position":2,"name":"Blatter, reeleito h\u00e1 oito dias, n\u00e3o resiste a press\u00e3o e renuncia \u00e0 Fifa"}]},{"@type":"WebSite","@id":"https:\/\/www.notibras.com\/site\/#website","url":"https:\/\/www.notibras.com\/site\/","name":"Notibras","description":"Not\u00edcias de Bras\u00edlia, do Brasil e do Mundo","publisher":{"@id":"https:\/\/www.notibras.com\/site\/#organization"},"potentialAction":[{"@type":"SearchAction","target":{"@type":"EntryPoint","urlTemplate":"https:\/\/www.notibras.com\/site\/?s={search_term_string}"},"query-input":{"@type":"PropertyValueSpecification","valueRequired":true,"valueName":"search_term_string"}}],"inLanguage":"pt-BR"},{"@type":"Organization","@id":"https:\/\/www.notibras.com\/site\/#organization","name":"Grupo Notibras de Comunica\u00e7\u00e3o","url":"https:\/\/www.notibras.com\/site\/","logo":{"@type":"ImageObject","inLanguage":"pt-BR","@id":"https:\/\/www.notibras.com\/site\/#\/schema\/logo\/image\/","url":"https:\/\/www.notibras.com\/site\/wp-content\/uploads\/2023\/01\/notibras23.png","contentUrl":"https:\/\/www.notibras.com\/site\/wp-content\/uploads\/2023\/01\/notibras23.png","width":350,"height":87,"caption":"Grupo Notibras de Comunica\u00e7\u00e3o"},"image":{"@id":"https:\/\/www.notibras.com\/site\/#\/schema\/logo\/image\/"},"sameAs":["https:\/\/www.facebook.com\/notibras\/","https:\/\/x.com\/Notibras","https:\/\/www.instagram.com\/notibras\/"]},{"@type":"Person","@id":"https:\/\/www.notibras.com\/site\/#\/schema\/person\/36ab0979449956132d3e5b517ea76ac8","name":"Reda\u00e7\u00e3o","image":{"@type":"ImageObject","inLanguage":"pt-BR","@id":"https:\/\/secure.gravatar.com\/avatar\/e0a867bdedb85fd243eadf09663511f96fc81e0720a4a42581f334ad4303aa6b?s=96&d=mm&r=g","url":"https:\/\/secure.gravatar.com\/avatar\/e0a867bdedb85fd243eadf09663511f96fc81e0720a4a42581f334ad4303aa6b?s=96&d=mm&r=g","contentUrl":"https:\/\/secure.gravatar.com\/avatar\/e0a867bdedb85fd243eadf09663511f96fc81e0720a4a42581f334ad4303aa6b?s=96&d=mm&r=g","caption":"Reda\u00e7\u00e3o"}}]}},"amp_enabled":true,"_links":{"self":[{"href":"https:\/\/www.notibras.com\/site\/wp-json\/wp\/v2\/posts\/51824","targetHints":{"allow":["GET"]}}],"collection":[{"href":"https:\/\/www.notibras.com\/site\/wp-json\/wp\/v2\/posts"}],"about":[{"href":"https:\/\/www.notibras.com\/site\/wp-json\/wp\/v2\/types\/post"}],"author":[{"embeddable":true,"href":"https:\/\/www.notibras.com\/site\/wp-json\/wp\/v2\/users\/2"}],"replies":[{"embeddable":true,"href":"https:\/\/www.notibras.com\/site\/wp-json\/wp\/v2\/comments?post=51824"}],"version-history":[{"count":0,"href":"https:\/\/www.notibras.com\/site\/wp-json\/wp\/v2\/posts\/51824\/revisions"}],"wp:featuredmedia":[{"embeddable":true,"href":"https:\/\/www.notibras.com\/site\/wp-json\/wp\/v2\/media\/51825"}],"wp:attachment":[{"href":"https:\/\/www.notibras.com\/site\/wp-json\/wp\/v2\/media?parent=51824"}],"wp:term":[{"taxonomy":"category","embeddable":true,"href":"https:\/\/www.notibras.com\/site\/wp-json\/wp\/v2\/categories?post=51824"},{"taxonomy":"post_tag","embeddable":true,"href":"https:\/\/www.notibras.com\/site\/wp-json\/wp\/v2\/tags?post=51824"}],"curies":[{"name":"wp","href":"https:\/\/api.w.org\/{rel}","templated":true}]}}