{"id":52066,"date":"2015-06-03T22:44:16","date_gmt":"2015-06-04T01:44:16","guid":{"rendered":"http:\/\/www.notibras.com\/site\/?p=52066"},"modified":"2015-06-04T09:44:48","modified_gmt":"2015-06-04T12:44:48","slug":"vasco-usa-terceiro-goleiro-perde-a-segunda-seguida-por-3-e-afunda-na-tabela","status":"publish","type":"post","link":"https:\/\/www.notibras.com\/site\/vasco-usa-terceiro-goleiro-perde-a-segunda-seguida-por-3-e-afunda-na-tabela\/","title":{"rendered":"Vasco usa terceiro goleiro, perde a segunda seguida por 3 e afunda mais"},"content":{"rendered":"<p>Irreconhec\u00edvel. Foi esse time do Vasco que o torcedor viu em campo na noite desta quarta-feira 3, em S\u00e3o Janu\u00e1rio. Em uma das piores atua\u00e7\u00f5es do ano, onde nada deu certo, o Cruzmaltino perdeu p\u00eanalti, teve goleiro expulso, foi derrotado pela Ponte Preta por 3 a 0, perdeu a invencibilidade de nove meses em sua casa e afundou na zona de rebaixamento do Campeonato Brasileiro, com tr\u00eas pontos.<\/p>\n<p>Inconformada, a torcida vaiou a equipe desde os primeiros minutos, inclusive chamando-a de &#8220;time sem vergonha&#8221; e gritando &#8220;ol\u00e9&#8221; ironicamente, demonstrando que a euforia com o t\u00edtulo carioca de 2015 j\u00e1 vi ficou para tr\u00e1s.<\/p>\n<p>Com o novo resultado negativo, sendo o segundo 3 a 0 consecutivo, a equipe do t\u00e9cnico Doriva acumula sete partidas sem vencer. J\u00e1 a Ponte Preta, em in\u00edcio animador, segue no G4 da competi\u00e7\u00e3o.<\/p>\n<p>A etapa inicial teve de tudo um pouco. A come\u00e7ar pelo gol da Ponte Preta logo aos 2 minutos, marcado por Diego Oliveira, numa bobeada da zaga vasca\u00edna. Aproveitando-se da atua\u00e7\u00e3o ruim do Cruzmaltino, a Macaca passou a dominar a jogo, principalmente com Renato Caj\u00e1 e Biro-Biro.<\/p>\n<p>O Vasco, por sua vez, teve a chance de empatar, mas Gilberto desperdi\u00e7ou um p\u00eanalti batendo mal. At\u00f4nito, o time da casa viu que o que j\u00e1 estava ruim, ficaria ainda pior com a expuls\u00e3o do goleiro Jordi. Na sequ\u00eancia, paulistas e cariocas ainda chegaram a colocar uma bola na trave, mas o ponte pretano Tiago Alves, aos 39, n\u00e3o vacilou e ampliou ap\u00f3s cruzamento da direita.<\/p>\n<p>Tentanto dar uma nova vida ao Vasco, o t\u00e9cnico Doriva promoveu mudan\u00e7as. Sacou Diguinho e Dagoberto e colocou Jackson Caucaia e Yago. O volante at\u00e9 demonstrou certa qualidade, embora estivesse desentrosado com os novos companheiros, j\u00e1 o jovem atacante pouco produziu, apenas correndo sem efetividade.<\/p>\n<p>O time estava visivelmente nervoso e errava muitos passes, irritando ainda mais os torcedores, que passaram a pegar no p\u00e9 de alguns atletas, como o lateral esquerdo Christiano. Para completar a noite terr\u00edvel, o atacante Borges, que entrou na etapa final, fechou o caix\u00e3o para a Ponte Preta em mais um conjunto de erros da zaga cruzmaltina.<\/p>\n<blockquote><p>Substituto de Mart\u00edn Silva, que serve a sele\u00e7\u00e3o uruguaia, o jovem goleiro Jordi acabou sendo expulso aos 28 minutos do primeiro tempo ap\u00f3s ficar cara a cara com o atacante Felipe Azevedo e ser obrigado a cometer uma falta no jogador da Ponte Preta, que era o \u00faltimo homem. Em seu lugar entrou Charles, que \u00e9 terceiro goleiro no elenco.<\/p><\/blockquote>\n","protected":false},"excerpt":{"rendered":"<p>Irreconhec\u00edvel. Foi esse time do Vasco que o torcedor viu em campo na noite desta quarta-feira 3, em S\u00e3o Janu\u00e1rio. Em uma das piores atua\u00e7\u00f5es do ano, onde nada deu certo, o Cruzmaltino perdeu p\u00eanalti, teve goleiro expulso, foi derrotado pela Ponte Preta por 3 a 0, perdeu a invencibilidade de nove meses em sua [&hellip;]<\/p>\n","protected":false},"author":2,"featured_media":52073,"comment_status":"open","ping_status":"closed","sticky":false,"template":"","format":"standard","meta":{"_acf_changed":false,"footnotes":""},"categories":[19,29],"tags":[],"class_list":["post-52066","post","type-post","status-publish","format-standard","has-post-thumbnail","hentry","category-esportes","category-futebol"],"acf":[],"yoast_head":"<!-- This site is optimized with the Yoast SEO plugin v27.2 - https:\/\/yoast.com\/product\/yoast-seo-wordpress\/ -->\n<title>Vasco usa terceiro goleiro, perde a segunda seguida por 3 e afunda mais - Notibras<\/title>\n<meta name=\"robots\" content=\"index, follow, max-snippet:-1, max-image-preview:large, max-video-preview:-1\" \/>\n<link rel=\"canonical\" href=\"https:\/\/www.notibras.com\/site\/vasco-usa-terceiro-goleiro-perde-a-segunda-seguida-por-3-e-afunda-na-tabela\/\" \/>\n<meta property=\"og:locale\" content=\"pt_BR\" \/>\n<meta property=\"og:type\" content=\"article\" \/>\n<meta property=\"og:title\" content=\"Vasco usa terceiro goleiro, perde a segunda seguida por 3 e afunda mais - Notibras\" \/>\n<meta property=\"og:description\" content=\"Irreconhec\u00edvel. Foi esse time do Vasco que o torcedor viu em campo na noite desta quarta-feira 3, em S\u00e3o Janu\u00e1rio. Em uma das piores atua\u00e7\u00f5es do ano, onde nada deu certo, o Cruzmaltino perdeu p\u00eanalti, teve goleiro expulso, foi derrotado pela Ponte Preta por 3 a 0, perdeu a invencibilidade de nove meses em sua [&hellip;]\" \/>\n<meta property=\"og:url\" content=\"https:\/\/www.notibras.com\/site\/vasco-usa-terceiro-goleiro-perde-a-segunda-seguida-por-3-e-afunda-na-tabela\/\" \/>\n<meta property=\"og:site_name\" content=\"Notibras\" \/>\n<meta property=\"article:publisher\" content=\"https:\/\/www.facebook.com\/notibras\/\" \/>\n<meta property=\"article:published_time\" content=\"2015-06-04T01:44:16+00:00\" \/>\n<meta property=\"article:modified_time\" content=\"2015-06-04T12:44:48+00:00\" \/>\n<meta property=\"og:image\" content=\"https:\/\/www.notibras.com\/site\/wp-content\/uploads\/2015\/06\/02jordiexpulsomarcellodiasfp.jpg\" \/>\n\t<meta property=\"og:image:width\" content=\"940\" \/>\n\t<meta property=\"og:image:height\" content=\"628\" \/>\n\t<meta property=\"og:image:type\" content=\"image\/jpeg\" \/>\n<meta name=\"author\" content=\"Reda\u00e7\u00e3o\" \/>\n<meta name=\"twitter:card\" content=\"summary_large_image\" \/>\n<meta name=\"twitter:creator\" content=\"@Notibras\" \/>\n<meta name=\"twitter:site\" content=\"@Notibras\" \/>\n<meta name=\"twitter:label1\" content=\"Escrito por\" \/>\n\t<meta name=\"twitter:data1\" content=\"Reda\u00e7\u00e3o\" \/>\n\t<meta name=\"twitter:label2\" content=\"Est. tempo de leitura\" \/>\n\t<meta name=\"twitter:data2\" content=\"2 minutos\" \/>\n<script type=\"application\/ld+json\" class=\"yoast-schema-graph\">{\"@context\":\"https:\/\/schema.org\",\"@graph\":[{\"@type\":\"Article\",\"@id\":\"https:\/\/www.notibras.com\/site\/vasco-usa-terceiro-goleiro-perde-a-segunda-seguida-por-3-e-afunda-na-tabela\/#article\",\"isPartOf\":{\"@id\":\"https:\/\/www.notibras.com\/site\/vasco-usa-terceiro-goleiro-perde-a-segunda-seguida-por-3-e-afunda-na-tabela\/\"},\"author\":{\"name\":\"Reda\u00e7\u00e3o\",\"@id\":\"https:\/\/www.notibras.com\/site\/#\/schema\/person\/36ab0979449956132d3e5b517ea76ac8\"},\"headline\":\"Vasco usa terceiro goleiro, perde a segunda seguida por 3 e afunda mais\",\"datePublished\":\"2015-06-04T01:44:16+00:00\",\"dateModified\":\"2015-06-04T12:44:48+00:00\",\"mainEntityOfPage\":{\"@id\":\"https:\/\/www.notibras.com\/site\/vasco-usa-terceiro-goleiro-perde-a-segunda-seguida-por-3-e-afunda-na-tabela\/\"},\"wordCount\":443,\"commentCount\":0,\"publisher\":{\"@id\":\"https:\/\/www.notibras.com\/site\/#organization\"},\"image\":{\"@id\":\"https:\/\/www.notibras.com\/site\/vasco-usa-terceiro-goleiro-perde-a-segunda-seguida-por-3-e-afunda-na-tabela\/#primaryimage\"},\"thumbnailUrl\":\"https:\/\/www.notibras.com\/site\/wp-content\/uploads\/2015\/06\/02jordiexpulsomarcellodiasfp.jpg\",\"articleSection\":[\"Esportes\",\"Futebol\"],\"inLanguage\":\"pt-BR\",\"potentialAction\":[{\"@type\":\"CommentAction\",\"name\":\"Comment\",\"target\":[\"https:\/\/www.notibras.com\/site\/vasco-usa-terceiro-goleiro-perde-a-segunda-seguida-por-3-e-afunda-na-tabela\/#respond\"]}]},{\"@type\":\"WebPage\",\"@id\":\"https:\/\/www.notibras.com\/site\/vasco-usa-terceiro-goleiro-perde-a-segunda-seguida-por-3-e-afunda-na-tabela\/\",\"url\":\"https:\/\/www.notibras.com\/site\/vasco-usa-terceiro-goleiro-perde-a-segunda-seguida-por-3-e-afunda-na-tabela\/\",\"name\":\"Vasco usa terceiro goleiro, perde a segunda seguida por 3 e afunda mais - Notibras\",\"isPartOf\":{\"@id\":\"https:\/\/www.notibras.com\/site\/#website\"},\"primaryImageOfPage\":{\"@id\":\"https:\/\/www.notibras.com\/site\/vasco-usa-terceiro-goleiro-perde-a-segunda-seguida-por-3-e-afunda-na-tabela\/#primaryimage\"},\"image\":{\"@id\":\"https:\/\/www.notibras.com\/site\/vasco-usa-terceiro-goleiro-perde-a-segunda-seguida-por-3-e-afunda-na-tabela\/#primaryimage\"},\"thumbnailUrl\":\"https:\/\/www.notibras.com\/site\/wp-content\/uploads\/2015\/06\/02jordiexpulsomarcellodiasfp.jpg\",\"datePublished\":\"2015-06-04T01:44:16+00:00\",\"dateModified\":\"2015-06-04T12:44:48+00:00\",\"breadcrumb\":{\"@id\":\"https:\/\/www.notibras.com\/site\/vasco-usa-terceiro-goleiro-perde-a-segunda-seguida-por-3-e-afunda-na-tabela\/#breadcrumb\"},\"inLanguage\":\"pt-BR\",\"potentialAction\":[{\"@type\":\"ReadAction\",\"target\":[\"https:\/\/www.notibras.com\/site\/vasco-usa-terceiro-goleiro-perde-a-segunda-seguida-por-3-e-afunda-na-tabela\/\"]}]},{\"@type\":\"ImageObject\",\"inLanguage\":\"pt-BR\",\"@id\":\"https:\/\/www.notibras.com\/site\/vasco-usa-terceiro-goleiro-perde-a-segunda-seguida-por-3-e-afunda-na-tabela\/#primaryimage\",\"url\":\"https:\/\/www.notibras.com\/site\/wp-content\/uploads\/2015\/06\/02jordiexpulsomarcellodiasfp.jpg\",\"contentUrl\":\"https:\/\/www.notibras.com\/site\/wp-content\/uploads\/2015\/06\/02jordiexpulsomarcellodiasfp.jpg\",\"width\":940,\"height\":628},{\"@type\":\"BreadcrumbList\",\"@id\":\"https:\/\/www.notibras.com\/site\/vasco-usa-terceiro-goleiro-perde-a-segunda-seguida-por-3-e-afunda-na-tabela\/#breadcrumb\",\"itemListElement\":[{\"@type\":\"ListItem\",\"position\":1,\"name\":\"In\u00edcio\",\"item\":\"https:\/\/www.notibras.com\/site\/\"},{\"@type\":\"ListItem\",\"position\":2,\"name\":\"Vasco usa terceiro goleiro, perde a segunda seguida por 3 e afunda mais\"}]},{\"@type\":\"WebSite\",\"@id\":\"https:\/\/www.notibras.com\/site\/#website\",\"url\":\"https:\/\/www.notibras.com\/site\/\",\"name\":\"Notibras\",\"description\":\"Not\u00edcias de Bras\u00edlia, do Brasil e do Mundo\",\"publisher\":{\"@id\":\"https:\/\/www.notibras.com\/site\/#organization\"},\"potentialAction\":[{\"@type\":\"SearchAction\",\"target\":{\"@type\":\"EntryPoint\",\"urlTemplate\":\"https:\/\/www.notibras.com\/site\/?s={search_term_string}\"},\"query-input\":{\"@type\":\"PropertyValueSpecification\",\"valueRequired\":true,\"valueName\":\"search_term_string\"}}],\"inLanguage\":\"pt-BR\"},{\"@type\":\"Organization\",\"@id\":\"https:\/\/www.notibras.com\/site\/#organization\",\"name\":\"Grupo Notibras de Comunica\u00e7\u00e3o\",\"url\":\"https:\/\/www.notibras.com\/site\/\",\"logo\":{\"@type\":\"ImageObject\",\"inLanguage\":\"pt-BR\",\"@id\":\"https:\/\/www.notibras.com\/site\/#\/schema\/logo\/image\/\",\"url\":\"https:\/\/www.notibras.com\/site\/wp-content\/uploads\/2023\/01\/notibras23.png\",\"contentUrl\":\"https:\/\/www.notibras.com\/site\/wp-content\/uploads\/2023\/01\/notibras23.png\",\"width\":350,\"height\":87,\"caption\":\"Grupo Notibras de Comunica\u00e7\u00e3o\"},\"image\":{\"@id\":\"https:\/\/www.notibras.com\/site\/#\/schema\/logo\/image\/\"},\"sameAs\":[\"https:\/\/www.facebook.com\/notibras\/\",\"https:\/\/x.com\/Notibras\",\"https:\/\/www.instagram.com\/notibras\/\"]},{\"@type\":\"Person\",\"@id\":\"https:\/\/www.notibras.com\/site\/#\/schema\/person\/36ab0979449956132d3e5b517ea76ac8\",\"name\":\"Reda\u00e7\u00e3o\",\"image\":{\"@type\":\"ImageObject\",\"inLanguage\":\"pt-BR\",\"@id\":\"https:\/\/secure.gravatar.com\/avatar\/e0a867bdedb85fd243eadf09663511f96fc81e0720a4a42581f334ad4303aa6b?s=96&d=mm&r=g\",\"url\":\"https:\/\/secure.gravatar.com\/avatar\/e0a867bdedb85fd243eadf09663511f96fc81e0720a4a42581f334ad4303aa6b?s=96&d=mm&r=g\",\"contentUrl\":\"https:\/\/secure.gravatar.com\/avatar\/e0a867bdedb85fd243eadf09663511f96fc81e0720a4a42581f334ad4303aa6b?s=96&d=mm&r=g\",\"caption\":\"Reda\u00e7\u00e3o\"}}]}<\/script>\n<!-- \/ Yoast SEO plugin. -->","yoast_head_json":{"title":"Vasco usa terceiro goleiro, perde a segunda seguida por 3 e afunda mais - Notibras","robots":{"index":"index","follow":"follow","max-snippet":"max-snippet:-1","max-image-preview":"max-image-preview:large","max-video-preview":"max-video-preview:-1"},"canonical":"https:\/\/www.notibras.com\/site\/vasco-usa-terceiro-goleiro-perde-a-segunda-seguida-por-3-e-afunda-na-tabela\/","og_locale":"pt_BR","og_type":"article","og_title":"Vasco usa terceiro goleiro, perde a segunda seguida por 3 e afunda mais - Notibras","og_description":"Irreconhec\u00edvel. Foi esse time do Vasco que o torcedor viu em campo na noite desta quarta-feira 3, em S\u00e3o Janu\u00e1rio. Em uma das piores atua\u00e7\u00f5es do ano, onde nada deu certo, o Cruzmaltino perdeu p\u00eanalti, teve goleiro expulso, foi derrotado pela Ponte Preta por 3 a 0, perdeu a invencibilidade de nove meses em sua [&hellip;]","og_url":"https:\/\/www.notibras.com\/site\/vasco-usa-terceiro-goleiro-perde-a-segunda-seguida-por-3-e-afunda-na-tabela\/","og_site_name":"Notibras","article_publisher":"https:\/\/www.facebook.com\/notibras\/","article_published_time":"2015-06-04T01:44:16+00:00","article_modified_time":"2015-06-04T12:44:48+00:00","og_image":[{"width":940,"height":628,"url":"https:\/\/www.notibras.com\/site\/wp-content\/uploads\/2015\/06\/02jordiexpulsomarcellodiasfp.jpg","type":"image\/jpeg"}],"author":"Reda\u00e7\u00e3o","twitter_card":"summary_large_image","twitter_creator":"@Notibras","twitter_site":"@Notibras","twitter_misc":{"Escrito por":"Reda\u00e7\u00e3o","Est. tempo de leitura":"2 minutos"},"schema":{"@context":"https:\/\/schema.org","@graph":[{"@type":"Article","@id":"https:\/\/www.notibras.com\/site\/vasco-usa-terceiro-goleiro-perde-a-segunda-seguida-por-3-e-afunda-na-tabela\/#article","isPartOf":{"@id":"https:\/\/www.notibras.com\/site\/vasco-usa-terceiro-goleiro-perde-a-segunda-seguida-por-3-e-afunda-na-tabela\/"},"author":{"name":"Reda\u00e7\u00e3o","@id":"https:\/\/www.notibras.com\/site\/#\/schema\/person\/36ab0979449956132d3e5b517ea76ac8"},"headline":"Vasco usa terceiro goleiro, perde a segunda seguida por 3 e afunda mais","datePublished":"2015-06-04T01:44:16+00:00","dateModified":"2015-06-04T12:44:48+00:00","mainEntityOfPage":{"@id":"https:\/\/www.notibras.com\/site\/vasco-usa-terceiro-goleiro-perde-a-segunda-seguida-por-3-e-afunda-na-tabela\/"},"wordCount":443,"commentCount":0,"publisher":{"@id":"https:\/\/www.notibras.com\/site\/#organization"},"image":{"@id":"https:\/\/www.notibras.com\/site\/vasco-usa-terceiro-goleiro-perde-a-segunda-seguida-por-3-e-afunda-na-tabela\/#primaryimage"},"thumbnailUrl":"https:\/\/www.notibras.com\/site\/wp-content\/uploads\/2015\/06\/02jordiexpulsomarcellodiasfp.jpg","articleSection":["Esportes","Futebol"],"inLanguage":"pt-BR","potentialAction":[{"@type":"CommentAction","name":"Comment","target":["https:\/\/www.notibras.com\/site\/vasco-usa-terceiro-goleiro-perde-a-segunda-seguida-por-3-e-afunda-na-tabela\/#respond"]}]},{"@type":"WebPage","@id":"https:\/\/www.notibras.com\/site\/vasco-usa-terceiro-goleiro-perde-a-segunda-seguida-por-3-e-afunda-na-tabela\/","url":"https:\/\/www.notibras.com\/site\/vasco-usa-terceiro-goleiro-perde-a-segunda-seguida-por-3-e-afunda-na-tabela\/","name":"Vasco usa terceiro goleiro, perde a segunda seguida por 3 e afunda mais - Notibras","isPartOf":{"@id":"https:\/\/www.notibras.com\/site\/#website"},"primaryImageOfPage":{"@id":"https:\/\/www.notibras.com\/site\/vasco-usa-terceiro-goleiro-perde-a-segunda-seguida-por-3-e-afunda-na-tabela\/#primaryimage"},"image":{"@id":"https:\/\/www.notibras.com\/site\/vasco-usa-terceiro-goleiro-perde-a-segunda-seguida-por-3-e-afunda-na-tabela\/#primaryimage"},"thumbnailUrl":"https:\/\/www.notibras.com\/site\/wp-content\/uploads\/2015\/06\/02jordiexpulsomarcellodiasfp.jpg","datePublished":"2015-06-04T01:44:16+00:00","dateModified":"2015-06-04T12:44:48+00:00","breadcrumb":{"@id":"https:\/\/www.notibras.com\/site\/vasco-usa-terceiro-goleiro-perde-a-segunda-seguida-por-3-e-afunda-na-tabela\/#breadcrumb"},"inLanguage":"pt-BR","potentialAction":[{"@type":"ReadAction","target":["https:\/\/www.notibras.com\/site\/vasco-usa-terceiro-goleiro-perde-a-segunda-seguida-por-3-e-afunda-na-tabela\/"]}]},{"@type":"ImageObject","inLanguage":"pt-BR","@id":"https:\/\/www.notibras.com\/site\/vasco-usa-terceiro-goleiro-perde-a-segunda-seguida-por-3-e-afunda-na-tabela\/#primaryimage","url":"https:\/\/www.notibras.com\/site\/wp-content\/uploads\/2015\/06\/02jordiexpulsomarcellodiasfp.jpg","contentUrl":"https:\/\/www.notibras.com\/site\/wp-content\/uploads\/2015\/06\/02jordiexpulsomarcellodiasfp.jpg","width":940,"height":628},{"@type":"BreadcrumbList","@id":"https:\/\/www.notibras.com\/site\/vasco-usa-terceiro-goleiro-perde-a-segunda-seguida-por-3-e-afunda-na-tabela\/#breadcrumb","itemListElement":[{"@type":"ListItem","position":1,"name":"In\u00edcio","item":"https:\/\/www.notibras.com\/site\/"},{"@type":"ListItem","position":2,"name":"Vasco usa terceiro goleiro, perde a segunda seguida por 3 e afunda mais"}]},{"@type":"WebSite","@id":"https:\/\/www.notibras.com\/site\/#website","url":"https:\/\/www.notibras.com\/site\/","name":"Notibras","description":"Not\u00edcias de Bras\u00edlia, do Brasil e do Mundo","publisher":{"@id":"https:\/\/www.notibras.com\/site\/#organization"},"potentialAction":[{"@type":"SearchAction","target":{"@type":"EntryPoint","urlTemplate":"https:\/\/www.notibras.com\/site\/?s={search_term_string}"},"query-input":{"@type":"PropertyValueSpecification","valueRequired":true,"valueName":"search_term_string"}}],"inLanguage":"pt-BR"},{"@type":"Organization","@id":"https:\/\/www.notibras.com\/site\/#organization","name":"Grupo Notibras de Comunica\u00e7\u00e3o","url":"https:\/\/www.notibras.com\/site\/","logo":{"@type":"ImageObject","inLanguage":"pt-BR","@id":"https:\/\/www.notibras.com\/site\/#\/schema\/logo\/image\/","url":"https:\/\/www.notibras.com\/site\/wp-content\/uploads\/2023\/01\/notibras23.png","contentUrl":"https:\/\/www.notibras.com\/site\/wp-content\/uploads\/2023\/01\/notibras23.png","width":350,"height":87,"caption":"Grupo Notibras de Comunica\u00e7\u00e3o"},"image":{"@id":"https:\/\/www.notibras.com\/site\/#\/schema\/logo\/image\/"},"sameAs":["https:\/\/www.facebook.com\/notibras\/","https:\/\/x.com\/Notibras","https:\/\/www.instagram.com\/notibras\/"]},{"@type":"Person","@id":"https:\/\/www.notibras.com\/site\/#\/schema\/person\/36ab0979449956132d3e5b517ea76ac8","name":"Reda\u00e7\u00e3o","image":{"@type":"ImageObject","inLanguage":"pt-BR","@id":"https:\/\/secure.gravatar.com\/avatar\/e0a867bdedb85fd243eadf09663511f96fc81e0720a4a42581f334ad4303aa6b?s=96&d=mm&r=g","url":"https:\/\/secure.gravatar.com\/avatar\/e0a867bdedb85fd243eadf09663511f96fc81e0720a4a42581f334ad4303aa6b?s=96&d=mm&r=g","contentUrl":"https:\/\/secure.gravatar.com\/avatar\/e0a867bdedb85fd243eadf09663511f96fc81e0720a4a42581f334ad4303aa6b?s=96&d=mm&r=g","caption":"Reda\u00e7\u00e3o"}}]}},"amp_enabled":true,"_links":{"self":[{"href":"https:\/\/www.notibras.com\/site\/wp-json\/wp\/v2\/posts\/52066","targetHints":{"allow":["GET"]}}],"collection":[{"href":"https:\/\/www.notibras.com\/site\/wp-json\/wp\/v2\/posts"}],"about":[{"href":"https:\/\/www.notibras.com\/site\/wp-json\/wp\/v2\/types\/post"}],"author":[{"embeddable":true,"href":"https:\/\/www.notibras.com\/site\/wp-json\/wp\/v2\/users\/2"}],"replies":[{"embeddable":true,"href":"https:\/\/www.notibras.com\/site\/wp-json\/wp\/v2\/comments?post=52066"}],"version-history":[{"count":0,"href":"https:\/\/www.notibras.com\/site\/wp-json\/wp\/v2\/posts\/52066\/revisions"}],"wp:featuredmedia":[{"embeddable":true,"href":"https:\/\/www.notibras.com\/site\/wp-json\/wp\/v2\/media\/52073"}],"wp:attachment":[{"href":"https:\/\/www.notibras.com\/site\/wp-json\/wp\/v2\/media?parent=52066"}],"wp:term":[{"taxonomy":"category","embeddable":true,"href":"https:\/\/www.notibras.com\/site\/wp-json\/wp\/v2\/categories?post=52066"},{"taxonomy":"post_tag","embeddable":true,"href":"https:\/\/www.notibras.com\/site\/wp-json\/wp\/v2\/tags?post=52066"}],"curies":[{"name":"wp","href":"https:\/\/api.w.org\/{rel}","templated":true}]}}