{"id":52097,"date":"2015-06-03T23:52:08","date_gmt":"2015-06-04T02:52:08","guid":{"rendered":"http:\/\/www.notibras.com\/site\/?p=52097"},"modified":"2015-06-04T18:47:24","modified_gmt":"2015-06-04T21:47:24","slug":"cruzeiro-1-a-0-o-flamengo-e-mesmo-ruim-ou-luxa-entende-de-futebol","status":"publish","type":"post","link":"https:\/\/www.notibras.com\/site\/cruzeiro-1-a-0-o-flamengo-e-mesmo-ruim-ou-luxa-entende-de-futebol\/","title":{"rendered":"Cruzeiro, 1 a 0. O Flamengo \u00e9 mesmo ruim, ou Luxa entende?"},"content":{"rendered":"<p>Vanderlei Luxemburgo n\u00e3o teve nenhum dia sequer para treinar o elenco antes de seu primeiro jogo como t\u00e9cnico do Cruzeiro. Entretanto, na estreia do substituto de Marcelo Oliveira, o atual bicampe\u00e3o nacional venceu o Flamengo, por 1 a 0, no Mineir\u00e3o, com gol do zagueiro Manoel.<\/p>\n<p>A partida v\u00e1lida pela quinta rodada do Campeonato Brasileiro marcou o reencontro do comandante com o seu ex-clube.<\/p>\n<blockquote><p>Com o resultado obtido na noite desta quarta-feira, o time de Belo Horizonte alcan\u00e7ou a sua primeira vit\u00f3ria na principal edi\u00e7\u00e3o nacional e, pela primeira vez, desde o in\u00edcio do torneio, deixou a zona de rebaixamento.<\/p><\/blockquote>\n<p>O Flamengo, por sua vez, segue na regi\u00e3o mais inc\u00f4moda tabela. Crist\u00f3v\u00e3o Borges, anunciado como substituto de Luxemburgo h\u00e1 pouco mais de uma semana, ainda n\u00e3o obteve uma vit\u00f3ria \u00e0 frente da equipe da G\u00e1vea.<\/p>\n","protected":false},"excerpt":{"rendered":"<p>Vanderlei Luxemburgo n\u00e3o teve nenhum dia sequer para treinar o elenco antes de seu primeiro jogo como t\u00e9cnico do Cruzeiro. Entretanto, na estreia do substituto de Marcelo Oliveira, o atual bicampe\u00e3o nacional venceu o Flamengo, por 1 a 0, no Mineir\u00e3o, com gol do zagueiro Manoel. A partida v\u00e1lida pela quinta rodada do Campeonato Brasileiro [&hellip;]<\/p>\n","protected":false},"author":2,"featured_media":52098,"comment_status":"open","ping_status":"closed","sticky":false,"template":"","format":"standard","meta":{"_acf_changed":false,"footnotes":""},"categories":[19,29],"tags":[],"class_list":["post-52097","post","type-post","status-publish","format-standard","has-post-thumbnail","hentry","category-esportes","category-futebol"],"acf":[],"yoast_head":"<!-- This site is optimized with the Yoast SEO plugin v27.2 - https:\/\/yoast.com\/product\/yoast-seo-wordpress\/ -->\n<title>Cruzeiro, 1 a 0. O Flamengo \u00e9 mesmo ruim, ou Luxa entende? - Notibras<\/title>\n<meta name=\"robots\" content=\"index, follow, max-snippet:-1, max-image-preview:large, max-video-preview:-1\" \/>\n<link rel=\"canonical\" href=\"https:\/\/www.notibras.com\/site\/cruzeiro-1-a-0-o-flamengo-e-mesmo-ruim-ou-luxa-entende-de-futebol\/\" \/>\n<meta property=\"og:locale\" content=\"pt_BR\" \/>\n<meta property=\"og:type\" content=\"article\" \/>\n<meta property=\"og:title\" content=\"Cruzeiro, 1 a 0. O Flamengo \u00e9 mesmo ruim, ou Luxa entende? - Notibras\" \/>\n<meta property=\"og:description\" content=\"Vanderlei Luxemburgo n\u00e3o teve nenhum dia sequer para treinar o elenco antes de seu primeiro jogo como t\u00e9cnico do Cruzeiro. Entretanto, na estreia do substituto de Marcelo Oliveira, o atual bicampe\u00e3o nacional venceu o Flamengo, por 1 a 0, no Mineir\u00e3o, com gol do zagueiro Manoel. A partida v\u00e1lida pela quinta rodada do Campeonato Brasileiro [&hellip;]\" \/>\n<meta property=\"og:url\" content=\"https:\/\/www.notibras.com\/site\/cruzeiro-1-a-0-o-flamengo-e-mesmo-ruim-ou-luxa-entende-de-futebol\/\" \/>\n<meta property=\"og:site_name\" content=\"Notibras\" \/>\n<meta property=\"article:publisher\" content=\"https:\/\/www.facebook.com\/notibras\/\" \/>\n<meta property=\"article:published_time\" content=\"2015-06-04T02:52:08+00:00\" \/>\n<meta property=\"article:modified_time\" content=\"2015-06-04T21:47:24+00:00\" \/>\n<meta property=\"og:image\" content=\"https:\/\/www.notibras.com\/site\/wp-content\/uploads\/2015\/06\/lux3.jpg\" \/>\n\t<meta property=\"og:image:width\" content=\"615\" \/>\n\t<meta property=\"og:image:height\" content=\"300\" \/>\n\t<meta property=\"og:image:type\" content=\"image\/jpeg\" \/>\n<meta name=\"author\" content=\"Reda\u00e7\u00e3o\" \/>\n<meta name=\"twitter:card\" content=\"summary_large_image\" \/>\n<meta name=\"twitter:creator\" content=\"@Notibras\" \/>\n<meta name=\"twitter:site\" content=\"@Notibras\" \/>\n<meta name=\"twitter:label1\" content=\"Escrito por\" \/>\n\t<meta name=\"twitter:data1\" content=\"Reda\u00e7\u00e3o\" \/>\n\t<meta name=\"twitter:label2\" content=\"Est. tempo de leitura\" \/>\n\t<meta name=\"twitter:data2\" content=\"1 minuto\" \/>\n<script type=\"application\/ld+json\" class=\"yoast-schema-graph\">{\"@context\":\"https:\/\/schema.org\",\"@graph\":[{\"@type\":\"Article\",\"@id\":\"https:\/\/www.notibras.com\/site\/cruzeiro-1-a-0-o-flamengo-e-mesmo-ruim-ou-luxa-entende-de-futebol\/#article\",\"isPartOf\":{\"@id\":\"https:\/\/www.notibras.com\/site\/cruzeiro-1-a-0-o-flamengo-e-mesmo-ruim-ou-luxa-entende-de-futebol\/\"},\"author\":{\"name\":\"Reda\u00e7\u00e3o\",\"@id\":\"https:\/\/www.notibras.com\/site\/#\/schema\/person\/36ab0979449956132d3e5b517ea76ac8\"},\"headline\":\"Cruzeiro, 1 a 0. O Flamengo \u00e9 mesmo ruim, ou Luxa entende?\",\"datePublished\":\"2015-06-04T02:52:08+00:00\",\"dateModified\":\"2015-06-04T21:47:24+00:00\",\"mainEntityOfPage\":{\"@id\":\"https:\/\/www.notibras.com\/site\/cruzeiro-1-a-0-o-flamengo-e-mesmo-ruim-ou-luxa-entende-de-futebol\/\"},\"wordCount\":157,\"commentCount\":0,\"publisher\":{\"@id\":\"https:\/\/www.notibras.com\/site\/#organization\"},\"image\":{\"@id\":\"https:\/\/www.notibras.com\/site\/cruzeiro-1-a-0-o-flamengo-e-mesmo-ruim-ou-luxa-entende-de-futebol\/#primaryimage\"},\"thumbnailUrl\":\"https:\/\/www.notibras.com\/site\/wp-content\/uploads\/2015\/06\/lux3.jpg\",\"articleSection\":[\"Esportes\",\"Futebol\"],\"inLanguage\":\"pt-BR\",\"potentialAction\":[{\"@type\":\"CommentAction\",\"name\":\"Comment\",\"target\":[\"https:\/\/www.notibras.com\/site\/cruzeiro-1-a-0-o-flamengo-e-mesmo-ruim-ou-luxa-entende-de-futebol\/#respond\"]}]},{\"@type\":\"WebPage\",\"@id\":\"https:\/\/www.notibras.com\/site\/cruzeiro-1-a-0-o-flamengo-e-mesmo-ruim-ou-luxa-entende-de-futebol\/\",\"url\":\"https:\/\/www.notibras.com\/site\/cruzeiro-1-a-0-o-flamengo-e-mesmo-ruim-ou-luxa-entende-de-futebol\/\",\"name\":\"Cruzeiro, 1 a 0. O Flamengo \u00e9 mesmo ruim, ou Luxa entende? - Notibras\",\"isPartOf\":{\"@id\":\"https:\/\/www.notibras.com\/site\/#website\"},\"primaryImageOfPage\":{\"@id\":\"https:\/\/www.notibras.com\/site\/cruzeiro-1-a-0-o-flamengo-e-mesmo-ruim-ou-luxa-entende-de-futebol\/#primaryimage\"},\"image\":{\"@id\":\"https:\/\/www.notibras.com\/site\/cruzeiro-1-a-0-o-flamengo-e-mesmo-ruim-ou-luxa-entende-de-futebol\/#primaryimage\"},\"thumbnailUrl\":\"https:\/\/www.notibras.com\/site\/wp-content\/uploads\/2015\/06\/lux3.jpg\",\"datePublished\":\"2015-06-04T02:52:08+00:00\",\"dateModified\":\"2015-06-04T21:47:24+00:00\",\"breadcrumb\":{\"@id\":\"https:\/\/www.notibras.com\/site\/cruzeiro-1-a-0-o-flamengo-e-mesmo-ruim-ou-luxa-entende-de-futebol\/#breadcrumb\"},\"inLanguage\":\"pt-BR\",\"potentialAction\":[{\"@type\":\"ReadAction\",\"target\":[\"https:\/\/www.notibras.com\/site\/cruzeiro-1-a-0-o-flamengo-e-mesmo-ruim-ou-luxa-entende-de-futebol\/\"]}]},{\"@type\":\"ImageObject\",\"inLanguage\":\"pt-BR\",\"@id\":\"https:\/\/www.notibras.com\/site\/cruzeiro-1-a-0-o-flamengo-e-mesmo-ruim-ou-luxa-entende-de-futebol\/#primaryimage\",\"url\":\"https:\/\/www.notibras.com\/site\/wp-content\/uploads\/2015\/06\/lux3.jpg\",\"contentUrl\":\"https:\/\/www.notibras.com\/site\/wp-content\/uploads\/2015\/06\/lux3.jpg\",\"width\":615,\"height\":300},{\"@type\":\"BreadcrumbList\",\"@id\":\"https:\/\/www.notibras.com\/site\/cruzeiro-1-a-0-o-flamengo-e-mesmo-ruim-ou-luxa-entende-de-futebol\/#breadcrumb\",\"itemListElement\":[{\"@type\":\"ListItem\",\"position\":1,\"name\":\"In\u00edcio\",\"item\":\"https:\/\/www.notibras.com\/site\/\"},{\"@type\":\"ListItem\",\"position\":2,\"name\":\"Cruzeiro, 1 a 0. O Flamengo \u00e9 mesmo ruim, ou Luxa entende?\"}]},{\"@type\":\"WebSite\",\"@id\":\"https:\/\/www.notibras.com\/site\/#website\",\"url\":\"https:\/\/www.notibras.com\/site\/\",\"name\":\"Notibras\",\"description\":\"Not\u00edcias de Bras\u00edlia, do Brasil e do Mundo\",\"publisher\":{\"@id\":\"https:\/\/www.notibras.com\/site\/#organization\"},\"potentialAction\":[{\"@type\":\"SearchAction\",\"target\":{\"@type\":\"EntryPoint\",\"urlTemplate\":\"https:\/\/www.notibras.com\/site\/?s={search_term_string}\"},\"query-input\":{\"@type\":\"PropertyValueSpecification\",\"valueRequired\":true,\"valueName\":\"search_term_string\"}}],\"inLanguage\":\"pt-BR\"},{\"@type\":\"Organization\",\"@id\":\"https:\/\/www.notibras.com\/site\/#organization\",\"name\":\"Grupo Notibras de Comunica\u00e7\u00e3o\",\"url\":\"https:\/\/www.notibras.com\/site\/\",\"logo\":{\"@type\":\"ImageObject\",\"inLanguage\":\"pt-BR\",\"@id\":\"https:\/\/www.notibras.com\/site\/#\/schema\/logo\/image\/\",\"url\":\"https:\/\/www.notibras.com\/site\/wp-content\/uploads\/2023\/01\/notibras23.png\",\"contentUrl\":\"https:\/\/www.notibras.com\/site\/wp-content\/uploads\/2023\/01\/notibras23.png\",\"width\":350,\"height\":87,\"caption\":\"Grupo Notibras de Comunica\u00e7\u00e3o\"},\"image\":{\"@id\":\"https:\/\/www.notibras.com\/site\/#\/schema\/logo\/image\/\"},\"sameAs\":[\"https:\/\/www.facebook.com\/notibras\/\",\"https:\/\/x.com\/Notibras\",\"https:\/\/www.instagram.com\/notibras\/\"]},{\"@type\":\"Person\",\"@id\":\"https:\/\/www.notibras.com\/site\/#\/schema\/person\/36ab0979449956132d3e5b517ea76ac8\",\"name\":\"Reda\u00e7\u00e3o\",\"image\":{\"@type\":\"ImageObject\",\"inLanguage\":\"pt-BR\",\"@id\":\"https:\/\/secure.gravatar.com\/avatar\/e0a867bdedb85fd243eadf09663511f96fc81e0720a4a42581f334ad4303aa6b?s=96&d=mm&r=g\",\"url\":\"https:\/\/secure.gravatar.com\/avatar\/e0a867bdedb85fd243eadf09663511f96fc81e0720a4a42581f334ad4303aa6b?s=96&d=mm&r=g\",\"contentUrl\":\"https:\/\/secure.gravatar.com\/avatar\/e0a867bdedb85fd243eadf09663511f96fc81e0720a4a42581f334ad4303aa6b?s=96&d=mm&r=g\",\"caption\":\"Reda\u00e7\u00e3o\"}}]}<\/script>\n<!-- \/ Yoast SEO plugin. -->","yoast_head_json":{"title":"Cruzeiro, 1 a 0. O Flamengo \u00e9 mesmo ruim, ou Luxa entende? - Notibras","robots":{"index":"index","follow":"follow","max-snippet":"max-snippet:-1","max-image-preview":"max-image-preview:large","max-video-preview":"max-video-preview:-1"},"canonical":"https:\/\/www.notibras.com\/site\/cruzeiro-1-a-0-o-flamengo-e-mesmo-ruim-ou-luxa-entende-de-futebol\/","og_locale":"pt_BR","og_type":"article","og_title":"Cruzeiro, 1 a 0. O Flamengo \u00e9 mesmo ruim, ou Luxa entende? - Notibras","og_description":"Vanderlei Luxemburgo n\u00e3o teve nenhum dia sequer para treinar o elenco antes de seu primeiro jogo como t\u00e9cnico do Cruzeiro. Entretanto, na estreia do substituto de Marcelo Oliveira, o atual bicampe\u00e3o nacional venceu o Flamengo, por 1 a 0, no Mineir\u00e3o, com gol do zagueiro Manoel. A partida v\u00e1lida pela quinta rodada do Campeonato Brasileiro [&hellip;]","og_url":"https:\/\/www.notibras.com\/site\/cruzeiro-1-a-0-o-flamengo-e-mesmo-ruim-ou-luxa-entende-de-futebol\/","og_site_name":"Notibras","article_publisher":"https:\/\/www.facebook.com\/notibras\/","article_published_time":"2015-06-04T02:52:08+00:00","article_modified_time":"2015-06-04T21:47:24+00:00","og_image":[{"width":615,"height":300,"url":"https:\/\/www.notibras.com\/site\/wp-content\/uploads\/2015\/06\/lux3.jpg","type":"image\/jpeg"}],"author":"Reda\u00e7\u00e3o","twitter_card":"summary_large_image","twitter_creator":"@Notibras","twitter_site":"@Notibras","twitter_misc":{"Escrito por":"Reda\u00e7\u00e3o","Est. tempo de leitura":"1 minuto"},"schema":{"@context":"https:\/\/schema.org","@graph":[{"@type":"Article","@id":"https:\/\/www.notibras.com\/site\/cruzeiro-1-a-0-o-flamengo-e-mesmo-ruim-ou-luxa-entende-de-futebol\/#article","isPartOf":{"@id":"https:\/\/www.notibras.com\/site\/cruzeiro-1-a-0-o-flamengo-e-mesmo-ruim-ou-luxa-entende-de-futebol\/"},"author":{"name":"Reda\u00e7\u00e3o","@id":"https:\/\/www.notibras.com\/site\/#\/schema\/person\/36ab0979449956132d3e5b517ea76ac8"},"headline":"Cruzeiro, 1 a 0. O Flamengo \u00e9 mesmo ruim, ou Luxa entende?","datePublished":"2015-06-04T02:52:08+00:00","dateModified":"2015-06-04T21:47:24+00:00","mainEntityOfPage":{"@id":"https:\/\/www.notibras.com\/site\/cruzeiro-1-a-0-o-flamengo-e-mesmo-ruim-ou-luxa-entende-de-futebol\/"},"wordCount":157,"commentCount":0,"publisher":{"@id":"https:\/\/www.notibras.com\/site\/#organization"},"image":{"@id":"https:\/\/www.notibras.com\/site\/cruzeiro-1-a-0-o-flamengo-e-mesmo-ruim-ou-luxa-entende-de-futebol\/#primaryimage"},"thumbnailUrl":"https:\/\/www.notibras.com\/site\/wp-content\/uploads\/2015\/06\/lux3.jpg","articleSection":["Esportes","Futebol"],"inLanguage":"pt-BR","potentialAction":[{"@type":"CommentAction","name":"Comment","target":["https:\/\/www.notibras.com\/site\/cruzeiro-1-a-0-o-flamengo-e-mesmo-ruim-ou-luxa-entende-de-futebol\/#respond"]}]},{"@type":"WebPage","@id":"https:\/\/www.notibras.com\/site\/cruzeiro-1-a-0-o-flamengo-e-mesmo-ruim-ou-luxa-entende-de-futebol\/","url":"https:\/\/www.notibras.com\/site\/cruzeiro-1-a-0-o-flamengo-e-mesmo-ruim-ou-luxa-entende-de-futebol\/","name":"Cruzeiro, 1 a 0. O Flamengo \u00e9 mesmo ruim, ou Luxa entende? - Notibras","isPartOf":{"@id":"https:\/\/www.notibras.com\/site\/#website"},"primaryImageOfPage":{"@id":"https:\/\/www.notibras.com\/site\/cruzeiro-1-a-0-o-flamengo-e-mesmo-ruim-ou-luxa-entende-de-futebol\/#primaryimage"},"image":{"@id":"https:\/\/www.notibras.com\/site\/cruzeiro-1-a-0-o-flamengo-e-mesmo-ruim-ou-luxa-entende-de-futebol\/#primaryimage"},"thumbnailUrl":"https:\/\/www.notibras.com\/site\/wp-content\/uploads\/2015\/06\/lux3.jpg","datePublished":"2015-06-04T02:52:08+00:00","dateModified":"2015-06-04T21:47:24+00:00","breadcrumb":{"@id":"https:\/\/www.notibras.com\/site\/cruzeiro-1-a-0-o-flamengo-e-mesmo-ruim-ou-luxa-entende-de-futebol\/#breadcrumb"},"inLanguage":"pt-BR","potentialAction":[{"@type":"ReadAction","target":["https:\/\/www.notibras.com\/site\/cruzeiro-1-a-0-o-flamengo-e-mesmo-ruim-ou-luxa-entende-de-futebol\/"]}]},{"@type":"ImageObject","inLanguage":"pt-BR","@id":"https:\/\/www.notibras.com\/site\/cruzeiro-1-a-0-o-flamengo-e-mesmo-ruim-ou-luxa-entende-de-futebol\/#primaryimage","url":"https:\/\/www.notibras.com\/site\/wp-content\/uploads\/2015\/06\/lux3.jpg","contentUrl":"https:\/\/www.notibras.com\/site\/wp-content\/uploads\/2015\/06\/lux3.jpg","width":615,"height":300},{"@type":"BreadcrumbList","@id":"https:\/\/www.notibras.com\/site\/cruzeiro-1-a-0-o-flamengo-e-mesmo-ruim-ou-luxa-entende-de-futebol\/#breadcrumb","itemListElement":[{"@type":"ListItem","position":1,"name":"In\u00edcio","item":"https:\/\/www.notibras.com\/site\/"},{"@type":"ListItem","position":2,"name":"Cruzeiro, 1 a 0. O Flamengo \u00e9 mesmo ruim, ou Luxa entende?"}]},{"@type":"WebSite","@id":"https:\/\/www.notibras.com\/site\/#website","url":"https:\/\/www.notibras.com\/site\/","name":"Notibras","description":"Not\u00edcias de Bras\u00edlia, do Brasil e do Mundo","publisher":{"@id":"https:\/\/www.notibras.com\/site\/#organization"},"potentialAction":[{"@type":"SearchAction","target":{"@type":"EntryPoint","urlTemplate":"https:\/\/www.notibras.com\/site\/?s={search_term_string}"},"query-input":{"@type":"PropertyValueSpecification","valueRequired":true,"valueName":"search_term_string"}}],"inLanguage":"pt-BR"},{"@type":"Organization","@id":"https:\/\/www.notibras.com\/site\/#organization","name":"Grupo Notibras de Comunica\u00e7\u00e3o","url":"https:\/\/www.notibras.com\/site\/","logo":{"@type":"ImageObject","inLanguage":"pt-BR","@id":"https:\/\/www.notibras.com\/site\/#\/schema\/logo\/image\/","url":"https:\/\/www.notibras.com\/site\/wp-content\/uploads\/2023\/01\/notibras23.png","contentUrl":"https:\/\/www.notibras.com\/site\/wp-content\/uploads\/2023\/01\/notibras23.png","width":350,"height":87,"caption":"Grupo Notibras de Comunica\u00e7\u00e3o"},"image":{"@id":"https:\/\/www.notibras.com\/site\/#\/schema\/logo\/image\/"},"sameAs":["https:\/\/www.facebook.com\/notibras\/","https:\/\/x.com\/Notibras","https:\/\/www.instagram.com\/notibras\/"]},{"@type":"Person","@id":"https:\/\/www.notibras.com\/site\/#\/schema\/person\/36ab0979449956132d3e5b517ea76ac8","name":"Reda\u00e7\u00e3o","image":{"@type":"ImageObject","inLanguage":"pt-BR","@id":"https:\/\/secure.gravatar.com\/avatar\/e0a867bdedb85fd243eadf09663511f96fc81e0720a4a42581f334ad4303aa6b?s=96&d=mm&r=g","url":"https:\/\/secure.gravatar.com\/avatar\/e0a867bdedb85fd243eadf09663511f96fc81e0720a4a42581f334ad4303aa6b?s=96&d=mm&r=g","contentUrl":"https:\/\/secure.gravatar.com\/avatar\/e0a867bdedb85fd243eadf09663511f96fc81e0720a4a42581f334ad4303aa6b?s=96&d=mm&r=g","caption":"Reda\u00e7\u00e3o"}}]}},"amp_enabled":true,"_links":{"self":[{"href":"https:\/\/www.notibras.com\/site\/wp-json\/wp\/v2\/posts\/52097","targetHints":{"allow":["GET"]}}],"collection":[{"href":"https:\/\/www.notibras.com\/site\/wp-json\/wp\/v2\/posts"}],"about":[{"href":"https:\/\/www.notibras.com\/site\/wp-json\/wp\/v2\/types\/post"}],"author":[{"embeddable":true,"href":"https:\/\/www.notibras.com\/site\/wp-json\/wp\/v2\/users\/2"}],"replies":[{"embeddable":true,"href":"https:\/\/www.notibras.com\/site\/wp-json\/wp\/v2\/comments?post=52097"}],"version-history":[{"count":0,"href":"https:\/\/www.notibras.com\/site\/wp-json\/wp\/v2\/posts\/52097\/revisions"}],"wp:featuredmedia":[{"embeddable":true,"href":"https:\/\/www.notibras.com\/site\/wp-json\/wp\/v2\/media\/52098"}],"wp:attachment":[{"href":"https:\/\/www.notibras.com\/site\/wp-json\/wp\/v2\/media?parent=52097"}],"wp:term":[{"taxonomy":"category","embeddable":true,"href":"https:\/\/www.notibras.com\/site\/wp-json\/wp\/v2\/categories?post=52097"},{"taxonomy":"post_tag","embeddable":true,"href":"https:\/\/www.notibras.com\/site\/wp-json\/wp\/v2\/tags?post=52097"}],"curies":[{"name":"wp","href":"https:\/\/api.w.org\/{rel}","templated":true}]}}