{"id":52337,"date":"2015-06-06T06:41:01","date_gmt":"2015-06-06T09:41:01","guid":{"rendered":"http:\/\/www.notibras.com\/site\/?p=52337"},"modified":"2015-06-06T06:41:01","modified_gmt":"2015-06-06T09:41:01","slug":"botafogo-atropela-lanterna-e-mantem-ponta-na-serie-b","status":"publish","type":"post","link":"https:\/\/www.notibras.com\/site\/botafogo-atropela-lanterna-e-mantem-ponta-na-serie-b\/","title":{"rendered":"Botafogo atropela lanterna e mant\u00e9m ponta na S\u00e9rie B"},"content":{"rendered":"<p>O Botafogo empolgou os quase 9 mil torcedores que compareceram ao Engenh\u00e3o nesta sexta-feira. Em duelo pela 6\u00aa rodada da S\u00e9rie B do Campeonato Brasileiro, o time alvinegro apresentou bom futebol e n\u00e3o teve grande dificuldade para vencer o lanterna Mogi Mirim por 3 a 0 &#8211; gols de Pimp\u00e3o, Bill e Lulinha.<\/p>\n<p>Do meio para o ataque, Daniel Carvalho voltou ao time para fazer companhia a Lulinha, Rodrigo Pimp\u00e3o e Bill. Os tr\u00eas \u00faltimos foram decisivos na vit\u00f3ria desta sexta.<\/p>\n<p>Quem abriu o placar foi Pimp\u00e3o. Aos 42 minutos do primeiro tempo, Daniel Carvalho fez belo lan\u00e7amento para Lulinha, que cruzou para o camisa 7 completar de carrinho para as redes.<\/p>\n<blockquote><p>Embalado com o gol no final da etapa inicial, os donos da casa voltaram ainda mais ofensivos do intervalo. Logo aos dois minutos, no primeiro ataque do Botafogo, Pimp\u00e3o finalizou ap\u00f3s cobran\u00e7a de escanteio, o goleiro Daniel espalmou, e, na sobra, Bill fez o segundo.<\/p><\/blockquote>\n<p>O ritmo continuou fren\u00e9tico, e, aos nove minutos, o clube carioca chegou ao terceiro gol, deixando a situa\u00e7\u00e3o praticamente irrevers\u00edvel para o Mogi Mirim. Gilberto fez boa jogada pela direita e rolou para tr\u00e1s. Lulinha apareceu e chegou para estufar as redes.<\/p>\n<p>No restante da etapa final, os donos da casa tiraram o p\u00e9 do acelerador, praticamente administrando a vit\u00f3ria. O Mogi at\u00e9 tentou uma ou outra investida, mas sem criar muito perigo ao gol de Renan.<\/p>\n<p>J\u00e1 aos 27 minutos, Ren\u00ea Sim\u00f5es promoveu a estreia do jovem atacante Vin\u00edcius Tanque, que entrou no lugar de Bill. O atacante, por\u00e9m, n\u00e3o teve nenhuma grande chance de marcar o primeiro gol nos profissionais.<\/p>\n<p>Com a vit\u00f3ria sobre o time do interior paulista, o Botafogo chegou a cinco triunfos e um empate na S\u00e9rie B e ocupa a lideran\u00e7a da competi\u00e7\u00e3o com 16 pontos. J\u00e1 o Mogi, que fez sua segunda partida sob o comando do t\u00e9cnico A\u00edlton Silva, \u00e9 o lanterna, no 20\u00ba lugar, com apenas dois pontos somados.<\/p>\n<p>Pela 7\u00aa rodada da S\u00e9rie B, o Botafogo volta a campo na pr\u00f3xima ter\u00e7a-feira, quando visita o Oeste. J\u00e1 o Mogi s\u00f3 faz sua partida no s\u00e1bado, em casa, contra o Vit\u00f3ria.<\/p>\n","protected":false},"excerpt":{"rendered":"<p>O Botafogo empolgou os quase 9 mil torcedores que compareceram ao Engenh\u00e3o nesta sexta-feira. Em duelo pela 6\u00aa rodada da S\u00e9rie B do Campeonato Brasileiro, o time alvinegro apresentou bom futebol e n\u00e3o teve grande dificuldade para vencer o lanterna Mogi Mirim por 3 a 0 &#8211; gols de Pimp\u00e3o, Bill e Lulinha. Do meio [&hellip;]<\/p>\n","protected":false},"author":2,"featured_media":52338,"comment_status":"open","ping_status":"closed","sticky":false,"template":"","format":"standard","meta":{"_acf_changed":false,"footnotes":""},"categories":[19,29],"tags":[],"class_list":["post-52337","post","type-post","status-publish","format-standard","has-post-thumbnail","hentry","category-esportes","category-futebol"],"acf":[],"yoast_head":"<!-- This site is optimized with the Yoast SEO plugin v27.2 - https:\/\/yoast.com\/product\/yoast-seo-wordpress\/ -->\n<title>Botafogo atropela lanterna e mant\u00e9m ponta na S\u00e9rie B - Notibras<\/title>\n<meta name=\"robots\" content=\"index, follow, max-snippet:-1, max-image-preview:large, max-video-preview:-1\" \/>\n<link rel=\"canonical\" href=\"https:\/\/www.notibras.com\/site\/botafogo-atropela-lanterna-e-mantem-ponta-na-serie-b\/\" \/>\n<meta property=\"og:locale\" content=\"pt_BR\" \/>\n<meta property=\"og:type\" content=\"article\" \/>\n<meta property=\"og:title\" content=\"Botafogo atropela lanterna e mant\u00e9m ponta na S\u00e9rie B - Notibras\" \/>\n<meta property=\"og:description\" content=\"O Botafogo empolgou os quase 9 mil torcedores que compareceram ao Engenh\u00e3o nesta sexta-feira. Em duelo pela 6\u00aa rodada da S\u00e9rie B do Campeonato Brasileiro, o time alvinegro apresentou bom futebol e n\u00e3o teve grande dificuldade para vencer o lanterna Mogi Mirim por 3 a 0 &#8211; gols de Pimp\u00e3o, Bill e Lulinha. Do meio [&hellip;]\" \/>\n<meta property=\"og:url\" content=\"https:\/\/www.notibras.com\/site\/botafogo-atropela-lanterna-e-mantem-ponta-na-serie-b\/\" \/>\n<meta property=\"og:site_name\" content=\"Notibras\" \/>\n<meta property=\"article:publisher\" content=\"https:\/\/www.facebook.com\/notibras\/\" \/>\n<meta property=\"article:published_time\" content=\"2015-06-06T09:41:01+00:00\" \/>\n<meta property=\"og:image\" content=\"https:\/\/www.notibras.com\/site\/wp-content\/uploads\/2015\/06\/Botafogo-Mogi-MirimFotoPaulo-SergioLANCEPress_LANIMA20150606_0002_1.jpg\" \/>\n\t<meta property=\"og:image:width\" content=\"810\" \/>\n\t<meta property=\"og:image:height\" content=\"540\" \/>\n\t<meta property=\"og:image:type\" content=\"image\/jpeg\" \/>\n<meta name=\"author\" content=\"Reda\u00e7\u00e3o\" \/>\n<meta name=\"twitter:card\" content=\"summary_large_image\" \/>\n<meta name=\"twitter:creator\" content=\"@Notibras\" \/>\n<meta name=\"twitter:site\" content=\"@Notibras\" \/>\n<meta name=\"twitter:label1\" content=\"Escrito por\" \/>\n\t<meta name=\"twitter:data1\" content=\"Reda\u00e7\u00e3o\" \/>\n\t<meta name=\"twitter:label2\" content=\"Est. tempo de leitura\" \/>\n\t<meta name=\"twitter:data2\" content=\"2 minutos\" \/>\n<script type=\"application\/ld+json\" class=\"yoast-schema-graph\">{\"@context\":\"https:\/\/schema.org\",\"@graph\":[{\"@type\":\"Article\",\"@id\":\"https:\/\/www.notibras.com\/site\/botafogo-atropela-lanterna-e-mantem-ponta-na-serie-b\/#article\",\"isPartOf\":{\"@id\":\"https:\/\/www.notibras.com\/site\/botafogo-atropela-lanterna-e-mantem-ponta-na-serie-b\/\"},\"author\":{\"name\":\"Reda\u00e7\u00e3o\",\"@id\":\"https:\/\/www.notibras.com\/site\/#\/schema\/person\/36ab0979449956132d3e5b517ea76ac8\"},\"headline\":\"Botafogo atropela lanterna e mant\u00e9m ponta na S\u00e9rie B\",\"datePublished\":\"2015-06-06T09:41:01+00:00\",\"mainEntityOfPage\":{\"@id\":\"https:\/\/www.notibras.com\/site\/botafogo-atropela-lanterna-e-mantem-ponta-na-serie-b\/\"},\"wordCount\":389,\"commentCount\":0,\"publisher\":{\"@id\":\"https:\/\/www.notibras.com\/site\/#organization\"},\"image\":{\"@id\":\"https:\/\/www.notibras.com\/site\/botafogo-atropela-lanterna-e-mantem-ponta-na-serie-b\/#primaryimage\"},\"thumbnailUrl\":\"https:\/\/www.notibras.com\/site\/wp-content\/uploads\/2015\/06\/Botafogo-Mogi-MirimFotoPaulo-SergioLANCEPress_LANIMA20150606_0002_1.jpg\",\"articleSection\":[\"Esportes\",\"Futebol\"],\"inLanguage\":\"pt-BR\",\"potentialAction\":[{\"@type\":\"CommentAction\",\"name\":\"Comment\",\"target\":[\"https:\/\/www.notibras.com\/site\/botafogo-atropela-lanterna-e-mantem-ponta-na-serie-b\/#respond\"]}]},{\"@type\":\"WebPage\",\"@id\":\"https:\/\/www.notibras.com\/site\/botafogo-atropela-lanterna-e-mantem-ponta-na-serie-b\/\",\"url\":\"https:\/\/www.notibras.com\/site\/botafogo-atropela-lanterna-e-mantem-ponta-na-serie-b\/\",\"name\":\"Botafogo atropela lanterna e mant\u00e9m ponta na S\u00e9rie B - Notibras\",\"isPartOf\":{\"@id\":\"https:\/\/www.notibras.com\/site\/#website\"},\"primaryImageOfPage\":{\"@id\":\"https:\/\/www.notibras.com\/site\/botafogo-atropela-lanterna-e-mantem-ponta-na-serie-b\/#primaryimage\"},\"image\":{\"@id\":\"https:\/\/www.notibras.com\/site\/botafogo-atropela-lanterna-e-mantem-ponta-na-serie-b\/#primaryimage\"},\"thumbnailUrl\":\"https:\/\/www.notibras.com\/site\/wp-content\/uploads\/2015\/06\/Botafogo-Mogi-MirimFotoPaulo-SergioLANCEPress_LANIMA20150606_0002_1.jpg\",\"datePublished\":\"2015-06-06T09:41:01+00:00\",\"breadcrumb\":{\"@id\":\"https:\/\/www.notibras.com\/site\/botafogo-atropela-lanterna-e-mantem-ponta-na-serie-b\/#breadcrumb\"},\"inLanguage\":\"pt-BR\",\"potentialAction\":[{\"@type\":\"ReadAction\",\"target\":[\"https:\/\/www.notibras.com\/site\/botafogo-atropela-lanterna-e-mantem-ponta-na-serie-b\/\"]}]},{\"@type\":\"ImageObject\",\"inLanguage\":\"pt-BR\",\"@id\":\"https:\/\/www.notibras.com\/site\/botafogo-atropela-lanterna-e-mantem-ponta-na-serie-b\/#primaryimage\",\"url\":\"https:\/\/www.notibras.com\/site\/wp-content\/uploads\/2015\/06\/Botafogo-Mogi-MirimFotoPaulo-SergioLANCEPress_LANIMA20150606_0002_1.jpg\",\"contentUrl\":\"https:\/\/www.notibras.com\/site\/wp-content\/uploads\/2015\/06\/Botafogo-Mogi-MirimFotoPaulo-SergioLANCEPress_LANIMA20150606_0002_1.jpg\",\"width\":810,\"height\":540},{\"@type\":\"BreadcrumbList\",\"@id\":\"https:\/\/www.notibras.com\/site\/botafogo-atropela-lanterna-e-mantem-ponta-na-serie-b\/#breadcrumb\",\"itemListElement\":[{\"@type\":\"ListItem\",\"position\":1,\"name\":\"In\u00edcio\",\"item\":\"https:\/\/www.notibras.com\/site\/\"},{\"@type\":\"ListItem\",\"position\":2,\"name\":\"Botafogo atropela lanterna e mant\u00e9m ponta na S\u00e9rie B\"}]},{\"@type\":\"WebSite\",\"@id\":\"https:\/\/www.notibras.com\/site\/#website\",\"url\":\"https:\/\/www.notibras.com\/site\/\",\"name\":\"Notibras\",\"description\":\"Not\u00edcias de Bras\u00edlia, do Brasil e do Mundo\",\"publisher\":{\"@id\":\"https:\/\/www.notibras.com\/site\/#organization\"},\"potentialAction\":[{\"@type\":\"SearchAction\",\"target\":{\"@type\":\"EntryPoint\",\"urlTemplate\":\"https:\/\/www.notibras.com\/site\/?s={search_term_string}\"},\"query-input\":{\"@type\":\"PropertyValueSpecification\",\"valueRequired\":true,\"valueName\":\"search_term_string\"}}],\"inLanguage\":\"pt-BR\"},{\"@type\":\"Organization\",\"@id\":\"https:\/\/www.notibras.com\/site\/#organization\",\"name\":\"Grupo Notibras de Comunica\u00e7\u00e3o\",\"url\":\"https:\/\/www.notibras.com\/site\/\",\"logo\":{\"@type\":\"ImageObject\",\"inLanguage\":\"pt-BR\",\"@id\":\"https:\/\/www.notibras.com\/site\/#\/schema\/logo\/image\/\",\"url\":\"https:\/\/www.notibras.com\/site\/wp-content\/uploads\/2023\/01\/notibras23.png\",\"contentUrl\":\"https:\/\/www.notibras.com\/site\/wp-content\/uploads\/2023\/01\/notibras23.png\",\"width\":350,\"height\":87,\"caption\":\"Grupo Notibras de Comunica\u00e7\u00e3o\"},\"image\":{\"@id\":\"https:\/\/www.notibras.com\/site\/#\/schema\/logo\/image\/\"},\"sameAs\":[\"https:\/\/www.facebook.com\/notibras\/\",\"https:\/\/x.com\/Notibras\",\"https:\/\/www.instagram.com\/notibras\/\"]},{\"@type\":\"Person\",\"@id\":\"https:\/\/www.notibras.com\/site\/#\/schema\/person\/36ab0979449956132d3e5b517ea76ac8\",\"name\":\"Reda\u00e7\u00e3o\",\"image\":{\"@type\":\"ImageObject\",\"inLanguage\":\"pt-BR\",\"@id\":\"https:\/\/secure.gravatar.com\/avatar\/e0a867bdedb85fd243eadf09663511f96fc81e0720a4a42581f334ad4303aa6b?s=96&d=mm&r=g\",\"url\":\"https:\/\/secure.gravatar.com\/avatar\/e0a867bdedb85fd243eadf09663511f96fc81e0720a4a42581f334ad4303aa6b?s=96&d=mm&r=g\",\"contentUrl\":\"https:\/\/secure.gravatar.com\/avatar\/e0a867bdedb85fd243eadf09663511f96fc81e0720a4a42581f334ad4303aa6b?s=96&d=mm&r=g\",\"caption\":\"Reda\u00e7\u00e3o\"}}]}<\/script>\n<!-- \/ Yoast SEO plugin. -->","yoast_head_json":{"title":"Botafogo atropela lanterna e mant\u00e9m ponta na S\u00e9rie B - Notibras","robots":{"index":"index","follow":"follow","max-snippet":"max-snippet:-1","max-image-preview":"max-image-preview:large","max-video-preview":"max-video-preview:-1"},"canonical":"https:\/\/www.notibras.com\/site\/botafogo-atropela-lanterna-e-mantem-ponta-na-serie-b\/","og_locale":"pt_BR","og_type":"article","og_title":"Botafogo atropela lanterna e mant\u00e9m ponta na S\u00e9rie B - Notibras","og_description":"O Botafogo empolgou os quase 9 mil torcedores que compareceram ao Engenh\u00e3o nesta sexta-feira. Em duelo pela 6\u00aa rodada da S\u00e9rie B do Campeonato Brasileiro, o time alvinegro apresentou bom futebol e n\u00e3o teve grande dificuldade para vencer o lanterna Mogi Mirim por 3 a 0 &#8211; gols de Pimp\u00e3o, Bill e Lulinha. Do meio [&hellip;]","og_url":"https:\/\/www.notibras.com\/site\/botafogo-atropela-lanterna-e-mantem-ponta-na-serie-b\/","og_site_name":"Notibras","article_publisher":"https:\/\/www.facebook.com\/notibras\/","article_published_time":"2015-06-06T09:41:01+00:00","og_image":[{"width":810,"height":540,"url":"https:\/\/www.notibras.com\/site\/wp-content\/uploads\/2015\/06\/Botafogo-Mogi-MirimFotoPaulo-SergioLANCEPress_LANIMA20150606_0002_1.jpg","type":"image\/jpeg"}],"author":"Reda\u00e7\u00e3o","twitter_card":"summary_large_image","twitter_creator":"@Notibras","twitter_site":"@Notibras","twitter_misc":{"Escrito por":"Reda\u00e7\u00e3o","Est. tempo de leitura":"2 minutos"},"schema":{"@context":"https:\/\/schema.org","@graph":[{"@type":"Article","@id":"https:\/\/www.notibras.com\/site\/botafogo-atropela-lanterna-e-mantem-ponta-na-serie-b\/#article","isPartOf":{"@id":"https:\/\/www.notibras.com\/site\/botafogo-atropela-lanterna-e-mantem-ponta-na-serie-b\/"},"author":{"name":"Reda\u00e7\u00e3o","@id":"https:\/\/www.notibras.com\/site\/#\/schema\/person\/36ab0979449956132d3e5b517ea76ac8"},"headline":"Botafogo atropela lanterna e mant\u00e9m ponta na S\u00e9rie B","datePublished":"2015-06-06T09:41:01+00:00","mainEntityOfPage":{"@id":"https:\/\/www.notibras.com\/site\/botafogo-atropela-lanterna-e-mantem-ponta-na-serie-b\/"},"wordCount":389,"commentCount":0,"publisher":{"@id":"https:\/\/www.notibras.com\/site\/#organization"},"image":{"@id":"https:\/\/www.notibras.com\/site\/botafogo-atropela-lanterna-e-mantem-ponta-na-serie-b\/#primaryimage"},"thumbnailUrl":"https:\/\/www.notibras.com\/site\/wp-content\/uploads\/2015\/06\/Botafogo-Mogi-MirimFotoPaulo-SergioLANCEPress_LANIMA20150606_0002_1.jpg","articleSection":["Esportes","Futebol"],"inLanguage":"pt-BR","potentialAction":[{"@type":"CommentAction","name":"Comment","target":["https:\/\/www.notibras.com\/site\/botafogo-atropela-lanterna-e-mantem-ponta-na-serie-b\/#respond"]}]},{"@type":"WebPage","@id":"https:\/\/www.notibras.com\/site\/botafogo-atropela-lanterna-e-mantem-ponta-na-serie-b\/","url":"https:\/\/www.notibras.com\/site\/botafogo-atropela-lanterna-e-mantem-ponta-na-serie-b\/","name":"Botafogo atropela lanterna e mant\u00e9m ponta na S\u00e9rie B - Notibras","isPartOf":{"@id":"https:\/\/www.notibras.com\/site\/#website"},"primaryImageOfPage":{"@id":"https:\/\/www.notibras.com\/site\/botafogo-atropela-lanterna-e-mantem-ponta-na-serie-b\/#primaryimage"},"image":{"@id":"https:\/\/www.notibras.com\/site\/botafogo-atropela-lanterna-e-mantem-ponta-na-serie-b\/#primaryimage"},"thumbnailUrl":"https:\/\/www.notibras.com\/site\/wp-content\/uploads\/2015\/06\/Botafogo-Mogi-MirimFotoPaulo-SergioLANCEPress_LANIMA20150606_0002_1.jpg","datePublished":"2015-06-06T09:41:01+00:00","breadcrumb":{"@id":"https:\/\/www.notibras.com\/site\/botafogo-atropela-lanterna-e-mantem-ponta-na-serie-b\/#breadcrumb"},"inLanguage":"pt-BR","potentialAction":[{"@type":"ReadAction","target":["https:\/\/www.notibras.com\/site\/botafogo-atropela-lanterna-e-mantem-ponta-na-serie-b\/"]}]},{"@type":"ImageObject","inLanguage":"pt-BR","@id":"https:\/\/www.notibras.com\/site\/botafogo-atropela-lanterna-e-mantem-ponta-na-serie-b\/#primaryimage","url":"https:\/\/www.notibras.com\/site\/wp-content\/uploads\/2015\/06\/Botafogo-Mogi-MirimFotoPaulo-SergioLANCEPress_LANIMA20150606_0002_1.jpg","contentUrl":"https:\/\/www.notibras.com\/site\/wp-content\/uploads\/2015\/06\/Botafogo-Mogi-MirimFotoPaulo-SergioLANCEPress_LANIMA20150606_0002_1.jpg","width":810,"height":540},{"@type":"BreadcrumbList","@id":"https:\/\/www.notibras.com\/site\/botafogo-atropela-lanterna-e-mantem-ponta-na-serie-b\/#breadcrumb","itemListElement":[{"@type":"ListItem","position":1,"name":"In\u00edcio","item":"https:\/\/www.notibras.com\/site\/"},{"@type":"ListItem","position":2,"name":"Botafogo atropela lanterna e mant\u00e9m ponta na S\u00e9rie B"}]},{"@type":"WebSite","@id":"https:\/\/www.notibras.com\/site\/#website","url":"https:\/\/www.notibras.com\/site\/","name":"Notibras","description":"Not\u00edcias de Bras\u00edlia, do Brasil e do Mundo","publisher":{"@id":"https:\/\/www.notibras.com\/site\/#organization"},"potentialAction":[{"@type":"SearchAction","target":{"@type":"EntryPoint","urlTemplate":"https:\/\/www.notibras.com\/site\/?s={search_term_string}"},"query-input":{"@type":"PropertyValueSpecification","valueRequired":true,"valueName":"search_term_string"}}],"inLanguage":"pt-BR"},{"@type":"Organization","@id":"https:\/\/www.notibras.com\/site\/#organization","name":"Grupo Notibras de Comunica\u00e7\u00e3o","url":"https:\/\/www.notibras.com\/site\/","logo":{"@type":"ImageObject","inLanguage":"pt-BR","@id":"https:\/\/www.notibras.com\/site\/#\/schema\/logo\/image\/","url":"https:\/\/www.notibras.com\/site\/wp-content\/uploads\/2023\/01\/notibras23.png","contentUrl":"https:\/\/www.notibras.com\/site\/wp-content\/uploads\/2023\/01\/notibras23.png","width":350,"height":87,"caption":"Grupo Notibras de Comunica\u00e7\u00e3o"},"image":{"@id":"https:\/\/www.notibras.com\/site\/#\/schema\/logo\/image\/"},"sameAs":["https:\/\/www.facebook.com\/notibras\/","https:\/\/x.com\/Notibras","https:\/\/www.instagram.com\/notibras\/"]},{"@type":"Person","@id":"https:\/\/www.notibras.com\/site\/#\/schema\/person\/36ab0979449956132d3e5b517ea76ac8","name":"Reda\u00e7\u00e3o","image":{"@type":"ImageObject","inLanguage":"pt-BR","@id":"https:\/\/secure.gravatar.com\/avatar\/e0a867bdedb85fd243eadf09663511f96fc81e0720a4a42581f334ad4303aa6b?s=96&d=mm&r=g","url":"https:\/\/secure.gravatar.com\/avatar\/e0a867bdedb85fd243eadf09663511f96fc81e0720a4a42581f334ad4303aa6b?s=96&d=mm&r=g","contentUrl":"https:\/\/secure.gravatar.com\/avatar\/e0a867bdedb85fd243eadf09663511f96fc81e0720a4a42581f334ad4303aa6b?s=96&d=mm&r=g","caption":"Reda\u00e7\u00e3o"}}]}},"amp_enabled":true,"_links":{"self":[{"href":"https:\/\/www.notibras.com\/site\/wp-json\/wp\/v2\/posts\/52337","targetHints":{"allow":["GET"]}}],"collection":[{"href":"https:\/\/www.notibras.com\/site\/wp-json\/wp\/v2\/posts"}],"about":[{"href":"https:\/\/www.notibras.com\/site\/wp-json\/wp\/v2\/types\/post"}],"author":[{"embeddable":true,"href":"https:\/\/www.notibras.com\/site\/wp-json\/wp\/v2\/users\/2"}],"replies":[{"embeddable":true,"href":"https:\/\/www.notibras.com\/site\/wp-json\/wp\/v2\/comments?post=52337"}],"version-history":[{"count":0,"href":"https:\/\/www.notibras.com\/site\/wp-json\/wp\/v2\/posts\/52337\/revisions"}],"wp:featuredmedia":[{"embeddable":true,"href":"https:\/\/www.notibras.com\/site\/wp-json\/wp\/v2\/media\/52338"}],"wp:attachment":[{"href":"https:\/\/www.notibras.com\/site\/wp-json\/wp\/v2\/media?parent=52337"}],"wp:term":[{"taxonomy":"category","embeddable":true,"href":"https:\/\/www.notibras.com\/site\/wp-json\/wp\/v2\/categories?post=52337"},{"taxonomy":"post_tag","embeddable":true,"href":"https:\/\/www.notibras.com\/site\/wp-json\/wp\/v2\/tags?post=52337"}],"curies":[{"name":"wp","href":"https:\/\/api.w.org\/{rel}","templated":true}]}}