{"id":52346,"date":"2015-06-06T00:51:40","date_gmt":"2015-06-06T03:51:40","guid":{"rendered":"http:\/\/www.notibras.com\/site\/?p=52346"},"modified":"2015-06-06T06:54:57","modified_gmt":"2015-06-06T09:54:57","slug":"hamilton-lidera-treino-livre-interrompido-pela-chuva","status":"publish","type":"post","link":"https:\/\/www.notibras.com\/site\/hamilton-lidera-treino-livre-interrompido-pela-chuva\/","title":{"rendered":"Hamilton lidera treino livre no Canad\u00e1 interrompido pela chuva"},"content":{"rendered":"<p>O brit\u00e2nico Lewis Hamilton terminou na frente a sexta-feira de treinos livres do Grande Pr\u00eamio do Canad\u00e1 de F\u00f3rmula 1. Ele estabeleceu a marca de 1min15s988, antes de a chuva atingir o circuito de Montreal e fazer o pr\u00f3prio piloto da Mercedes se chocar com o muro.<\/p>\n<p>Hamilton anotou seu tempo ainda com pista seca no treino da tarde desta sexta-feira, com 0s316 de frente para o alem\u00e3o Sebastian Vettel, da Ferrari. O finland\u00eas Kimi Raikkonen, tamb\u00e9m da escuderia italiana, andou a 1min16s310 e ficou com a terceira posi\u00e7\u00e3o. Nico Rosberg foi apenas o quarto, com 1min16s440.<\/p>\n<blockquote><p>A atividade em Montreal foi bastante prejudicada pela forte chuva que atingiu o circuito. Lewis Hamilton se arriscou na pista molhada, mas acabou perdendo o controle de sua Mercedes e se chocou com a barreira de prote\u00e7\u00e3o de pneus. A batida do brit\u00e2nico foi o sinal para o resto dos pilotos permanecerem nos boxes nos 30 minutos finais de atividade.<\/p><\/blockquote>\n<p class=\"text\">O brasileiro Felipe Massa encerrou a sexta-feira com a oitava coloca\u00e7\u00e3o, com a marca de 1min17s041. Seu companheiro na equipe Williams, o finland\u00eas Valtteri Bottas ficou com a sexta posi\u00e7\u00e3o, com 1min16s849.<\/p>\n<p class=\"text\">J\u00e1 Felipe Nasr levou sua Sauber apenas at\u00e9 a 17\u00aa coloca\u00e7\u00e3o, com 1min17s751. Atr\u00e1s dele ficaram apenas Jenson Button, da McLaren, e Roberto Merhi e Will Stevens, ambos da Manor Marussia.<\/p>\n","protected":false},"excerpt":{"rendered":"<p>O brit\u00e2nico Lewis Hamilton terminou na frente a sexta-feira de treinos livres do Grande Pr\u00eamio do Canad\u00e1 de F\u00f3rmula 1. Ele estabeleceu a marca de 1min15s988, antes de a chuva atingir o circuito de Montreal e fazer o pr\u00f3prio piloto da Mercedes se chocar com o muro. Hamilton anotou seu tempo ainda com pista seca [&hellip;]<\/p>\n","protected":false},"author":2,"featured_media":52347,"comment_status":"open","ping_status":"closed","sticky":false,"template":"","format":"standard","meta":{"_acf_changed":false,"footnotes":""},"categories":[27,19],"tags":[],"class_list":["post-52346","post","type-post","status-publish","format-standard","has-post-thumbnail","hentry","category-automobilismo","category-esportes"],"acf":[],"yoast_head":"<!-- This site is optimized with the Yoast SEO plugin v27.2 - https:\/\/yoast.com\/product\/yoast-seo-wordpress\/ -->\n<title>Hamilton lidera treino livre no Canad\u00e1 interrompido pela chuva - Notibras<\/title>\n<meta name=\"robots\" content=\"index, follow, max-snippet:-1, max-image-preview:large, max-video-preview:-1\" \/>\n<link rel=\"canonical\" href=\"https:\/\/www.notibras.com\/site\/hamilton-lidera-treino-livre-interrompido-pela-chuva\/\" \/>\n<meta property=\"og:locale\" content=\"pt_BR\" \/>\n<meta property=\"og:type\" content=\"article\" \/>\n<meta property=\"og:title\" content=\"Hamilton lidera treino livre no Canad\u00e1 interrompido pela chuva - Notibras\" \/>\n<meta property=\"og:description\" content=\"O brit\u00e2nico Lewis Hamilton terminou na frente a sexta-feira de treinos livres do Grande Pr\u00eamio do Canad\u00e1 de F\u00f3rmula 1. Ele estabeleceu a marca de 1min15s988, antes de a chuva atingir o circuito de Montreal e fazer o pr\u00f3prio piloto da Mercedes se chocar com o muro. Hamilton anotou seu tempo ainda com pista seca [&hellip;]\" \/>\n<meta property=\"og:url\" content=\"https:\/\/www.notibras.com\/site\/hamilton-lidera-treino-livre-interrompido-pela-chuva\/\" \/>\n<meta property=\"og:site_name\" content=\"Notibras\" \/>\n<meta property=\"article:publisher\" content=\"https:\/\/www.facebook.com\/notibras\/\" \/>\n<meta property=\"article:published_time\" content=\"2015-06-06T03:51:40+00:00\" \/>\n<meta property=\"article:modified_time\" content=\"2015-06-06T09:54:57+00:00\" \/>\n<meta property=\"og:image\" content=\"https:\/\/www.notibras.com\/site\/wp-content\/uploads\/2015\/06\/hamiltonchuvavaldrinxhemajefe.jpg\" \/>\n\t<meta property=\"og:image:width\" content=\"940\" \/>\n\t<meta property=\"og:image:height\" content=\"627\" \/>\n\t<meta property=\"og:image:type\" content=\"image\/jpeg\" \/>\n<meta name=\"author\" content=\"Reda\u00e7\u00e3o\" \/>\n<meta name=\"twitter:card\" content=\"summary_large_image\" \/>\n<meta name=\"twitter:creator\" content=\"@Notibras\" \/>\n<meta name=\"twitter:site\" content=\"@Notibras\" \/>\n<meta name=\"twitter:label1\" content=\"Escrito por\" \/>\n\t<meta name=\"twitter:data1\" content=\"Reda\u00e7\u00e3o\" \/>\n\t<meta name=\"twitter:label2\" content=\"Est. tempo de leitura\" \/>\n\t<meta name=\"twitter:data2\" content=\"1 minuto\" \/>\n<script type=\"application\/ld+json\" class=\"yoast-schema-graph\">{\"@context\":\"https:\/\/schema.org\",\"@graph\":[{\"@type\":\"Article\",\"@id\":\"https:\/\/www.notibras.com\/site\/hamilton-lidera-treino-livre-interrompido-pela-chuva\/#article\",\"isPartOf\":{\"@id\":\"https:\/\/www.notibras.com\/site\/hamilton-lidera-treino-livre-interrompido-pela-chuva\/\"},\"author\":{\"name\":\"Reda\u00e7\u00e3o\",\"@id\":\"https:\/\/www.notibras.com\/site\/#\/schema\/person\/36ab0979449956132d3e5b517ea76ac8\"},\"headline\":\"Hamilton lidera treino livre no Canad\u00e1 interrompido pela chuva\",\"datePublished\":\"2015-06-06T03:51:40+00:00\",\"dateModified\":\"2015-06-06T09:54:57+00:00\",\"mainEntityOfPage\":{\"@id\":\"https:\/\/www.notibras.com\/site\/hamilton-lidera-treino-livre-interrompido-pela-chuva\/\"},\"wordCount\":247,\"commentCount\":0,\"publisher\":{\"@id\":\"https:\/\/www.notibras.com\/site\/#organization\"},\"image\":{\"@id\":\"https:\/\/www.notibras.com\/site\/hamilton-lidera-treino-livre-interrompido-pela-chuva\/#primaryimage\"},\"thumbnailUrl\":\"https:\/\/www.notibras.com\/site\/wp-content\/uploads\/2015\/06\/hamiltonchuvavaldrinxhemajefe.jpg\",\"articleSection\":[\"Automobilismo\",\"Esportes\"],\"inLanguage\":\"pt-BR\",\"potentialAction\":[{\"@type\":\"CommentAction\",\"name\":\"Comment\",\"target\":[\"https:\/\/www.notibras.com\/site\/hamilton-lidera-treino-livre-interrompido-pela-chuva\/#respond\"]}]},{\"@type\":\"WebPage\",\"@id\":\"https:\/\/www.notibras.com\/site\/hamilton-lidera-treino-livre-interrompido-pela-chuva\/\",\"url\":\"https:\/\/www.notibras.com\/site\/hamilton-lidera-treino-livre-interrompido-pela-chuva\/\",\"name\":\"Hamilton lidera treino livre no Canad\u00e1 interrompido pela chuva - Notibras\",\"isPartOf\":{\"@id\":\"https:\/\/www.notibras.com\/site\/#website\"},\"primaryImageOfPage\":{\"@id\":\"https:\/\/www.notibras.com\/site\/hamilton-lidera-treino-livre-interrompido-pela-chuva\/#primaryimage\"},\"image\":{\"@id\":\"https:\/\/www.notibras.com\/site\/hamilton-lidera-treino-livre-interrompido-pela-chuva\/#primaryimage\"},\"thumbnailUrl\":\"https:\/\/www.notibras.com\/site\/wp-content\/uploads\/2015\/06\/hamiltonchuvavaldrinxhemajefe.jpg\",\"datePublished\":\"2015-06-06T03:51:40+00:00\",\"dateModified\":\"2015-06-06T09:54:57+00:00\",\"breadcrumb\":{\"@id\":\"https:\/\/www.notibras.com\/site\/hamilton-lidera-treino-livre-interrompido-pela-chuva\/#breadcrumb\"},\"inLanguage\":\"pt-BR\",\"potentialAction\":[{\"@type\":\"ReadAction\",\"target\":[\"https:\/\/www.notibras.com\/site\/hamilton-lidera-treino-livre-interrompido-pela-chuva\/\"]}]},{\"@type\":\"ImageObject\",\"inLanguage\":\"pt-BR\",\"@id\":\"https:\/\/www.notibras.com\/site\/hamilton-lidera-treino-livre-interrompido-pela-chuva\/#primaryimage\",\"url\":\"https:\/\/www.notibras.com\/site\/wp-content\/uploads\/2015\/06\/hamiltonchuvavaldrinxhemajefe.jpg\",\"contentUrl\":\"https:\/\/www.notibras.com\/site\/wp-content\/uploads\/2015\/06\/hamiltonchuvavaldrinxhemajefe.jpg\",\"width\":940,\"height\":627},{\"@type\":\"BreadcrumbList\",\"@id\":\"https:\/\/www.notibras.com\/site\/hamilton-lidera-treino-livre-interrompido-pela-chuva\/#breadcrumb\",\"itemListElement\":[{\"@type\":\"ListItem\",\"position\":1,\"name\":\"In\u00edcio\",\"item\":\"https:\/\/www.notibras.com\/site\/\"},{\"@type\":\"ListItem\",\"position\":2,\"name\":\"Hamilton lidera treino livre no Canad\u00e1 interrompido pela chuva\"}]},{\"@type\":\"WebSite\",\"@id\":\"https:\/\/www.notibras.com\/site\/#website\",\"url\":\"https:\/\/www.notibras.com\/site\/\",\"name\":\"Notibras\",\"description\":\"Not\u00edcias de Bras\u00edlia, do Brasil e do Mundo\",\"publisher\":{\"@id\":\"https:\/\/www.notibras.com\/site\/#organization\"},\"potentialAction\":[{\"@type\":\"SearchAction\",\"target\":{\"@type\":\"EntryPoint\",\"urlTemplate\":\"https:\/\/www.notibras.com\/site\/?s={search_term_string}\"},\"query-input\":{\"@type\":\"PropertyValueSpecification\",\"valueRequired\":true,\"valueName\":\"search_term_string\"}}],\"inLanguage\":\"pt-BR\"},{\"@type\":\"Organization\",\"@id\":\"https:\/\/www.notibras.com\/site\/#organization\",\"name\":\"Grupo Notibras de Comunica\u00e7\u00e3o\",\"url\":\"https:\/\/www.notibras.com\/site\/\",\"logo\":{\"@type\":\"ImageObject\",\"inLanguage\":\"pt-BR\",\"@id\":\"https:\/\/www.notibras.com\/site\/#\/schema\/logo\/image\/\",\"url\":\"https:\/\/www.notibras.com\/site\/wp-content\/uploads\/2023\/01\/notibras23.png\",\"contentUrl\":\"https:\/\/www.notibras.com\/site\/wp-content\/uploads\/2023\/01\/notibras23.png\",\"width\":350,\"height\":87,\"caption\":\"Grupo Notibras de Comunica\u00e7\u00e3o\"},\"image\":{\"@id\":\"https:\/\/www.notibras.com\/site\/#\/schema\/logo\/image\/\"},\"sameAs\":[\"https:\/\/www.facebook.com\/notibras\/\",\"https:\/\/x.com\/Notibras\",\"https:\/\/www.instagram.com\/notibras\/\"]},{\"@type\":\"Person\",\"@id\":\"https:\/\/www.notibras.com\/site\/#\/schema\/person\/36ab0979449956132d3e5b517ea76ac8\",\"name\":\"Reda\u00e7\u00e3o\",\"image\":{\"@type\":\"ImageObject\",\"inLanguage\":\"pt-BR\",\"@id\":\"https:\/\/secure.gravatar.com\/avatar\/e0a867bdedb85fd243eadf09663511f96fc81e0720a4a42581f334ad4303aa6b?s=96&d=mm&r=g\",\"url\":\"https:\/\/secure.gravatar.com\/avatar\/e0a867bdedb85fd243eadf09663511f96fc81e0720a4a42581f334ad4303aa6b?s=96&d=mm&r=g\",\"contentUrl\":\"https:\/\/secure.gravatar.com\/avatar\/e0a867bdedb85fd243eadf09663511f96fc81e0720a4a42581f334ad4303aa6b?s=96&d=mm&r=g\",\"caption\":\"Reda\u00e7\u00e3o\"}}]}<\/script>\n<!-- \/ Yoast SEO plugin. -->","yoast_head_json":{"title":"Hamilton lidera treino livre no Canad\u00e1 interrompido pela chuva - Notibras","robots":{"index":"index","follow":"follow","max-snippet":"max-snippet:-1","max-image-preview":"max-image-preview:large","max-video-preview":"max-video-preview:-1"},"canonical":"https:\/\/www.notibras.com\/site\/hamilton-lidera-treino-livre-interrompido-pela-chuva\/","og_locale":"pt_BR","og_type":"article","og_title":"Hamilton lidera treino livre no Canad\u00e1 interrompido pela chuva - Notibras","og_description":"O brit\u00e2nico Lewis Hamilton terminou na frente a sexta-feira de treinos livres do Grande Pr\u00eamio do Canad\u00e1 de F\u00f3rmula 1. Ele estabeleceu a marca de 1min15s988, antes de a chuva atingir o circuito de Montreal e fazer o pr\u00f3prio piloto da Mercedes se chocar com o muro. Hamilton anotou seu tempo ainda com pista seca [&hellip;]","og_url":"https:\/\/www.notibras.com\/site\/hamilton-lidera-treino-livre-interrompido-pela-chuva\/","og_site_name":"Notibras","article_publisher":"https:\/\/www.facebook.com\/notibras\/","article_published_time":"2015-06-06T03:51:40+00:00","article_modified_time":"2015-06-06T09:54:57+00:00","og_image":[{"width":940,"height":627,"url":"https:\/\/www.notibras.com\/site\/wp-content\/uploads\/2015\/06\/hamiltonchuvavaldrinxhemajefe.jpg","type":"image\/jpeg"}],"author":"Reda\u00e7\u00e3o","twitter_card":"summary_large_image","twitter_creator":"@Notibras","twitter_site":"@Notibras","twitter_misc":{"Escrito por":"Reda\u00e7\u00e3o","Est. tempo de leitura":"1 minuto"},"schema":{"@context":"https:\/\/schema.org","@graph":[{"@type":"Article","@id":"https:\/\/www.notibras.com\/site\/hamilton-lidera-treino-livre-interrompido-pela-chuva\/#article","isPartOf":{"@id":"https:\/\/www.notibras.com\/site\/hamilton-lidera-treino-livre-interrompido-pela-chuva\/"},"author":{"name":"Reda\u00e7\u00e3o","@id":"https:\/\/www.notibras.com\/site\/#\/schema\/person\/36ab0979449956132d3e5b517ea76ac8"},"headline":"Hamilton lidera treino livre no Canad\u00e1 interrompido pela chuva","datePublished":"2015-06-06T03:51:40+00:00","dateModified":"2015-06-06T09:54:57+00:00","mainEntityOfPage":{"@id":"https:\/\/www.notibras.com\/site\/hamilton-lidera-treino-livre-interrompido-pela-chuva\/"},"wordCount":247,"commentCount":0,"publisher":{"@id":"https:\/\/www.notibras.com\/site\/#organization"},"image":{"@id":"https:\/\/www.notibras.com\/site\/hamilton-lidera-treino-livre-interrompido-pela-chuva\/#primaryimage"},"thumbnailUrl":"https:\/\/www.notibras.com\/site\/wp-content\/uploads\/2015\/06\/hamiltonchuvavaldrinxhemajefe.jpg","articleSection":["Automobilismo","Esportes"],"inLanguage":"pt-BR","potentialAction":[{"@type":"CommentAction","name":"Comment","target":["https:\/\/www.notibras.com\/site\/hamilton-lidera-treino-livre-interrompido-pela-chuva\/#respond"]}]},{"@type":"WebPage","@id":"https:\/\/www.notibras.com\/site\/hamilton-lidera-treino-livre-interrompido-pela-chuva\/","url":"https:\/\/www.notibras.com\/site\/hamilton-lidera-treino-livre-interrompido-pela-chuva\/","name":"Hamilton lidera treino livre no Canad\u00e1 interrompido pela chuva - Notibras","isPartOf":{"@id":"https:\/\/www.notibras.com\/site\/#website"},"primaryImageOfPage":{"@id":"https:\/\/www.notibras.com\/site\/hamilton-lidera-treino-livre-interrompido-pela-chuva\/#primaryimage"},"image":{"@id":"https:\/\/www.notibras.com\/site\/hamilton-lidera-treino-livre-interrompido-pela-chuva\/#primaryimage"},"thumbnailUrl":"https:\/\/www.notibras.com\/site\/wp-content\/uploads\/2015\/06\/hamiltonchuvavaldrinxhemajefe.jpg","datePublished":"2015-06-06T03:51:40+00:00","dateModified":"2015-06-06T09:54:57+00:00","breadcrumb":{"@id":"https:\/\/www.notibras.com\/site\/hamilton-lidera-treino-livre-interrompido-pela-chuva\/#breadcrumb"},"inLanguage":"pt-BR","potentialAction":[{"@type":"ReadAction","target":["https:\/\/www.notibras.com\/site\/hamilton-lidera-treino-livre-interrompido-pela-chuva\/"]}]},{"@type":"ImageObject","inLanguage":"pt-BR","@id":"https:\/\/www.notibras.com\/site\/hamilton-lidera-treino-livre-interrompido-pela-chuva\/#primaryimage","url":"https:\/\/www.notibras.com\/site\/wp-content\/uploads\/2015\/06\/hamiltonchuvavaldrinxhemajefe.jpg","contentUrl":"https:\/\/www.notibras.com\/site\/wp-content\/uploads\/2015\/06\/hamiltonchuvavaldrinxhemajefe.jpg","width":940,"height":627},{"@type":"BreadcrumbList","@id":"https:\/\/www.notibras.com\/site\/hamilton-lidera-treino-livre-interrompido-pela-chuva\/#breadcrumb","itemListElement":[{"@type":"ListItem","position":1,"name":"In\u00edcio","item":"https:\/\/www.notibras.com\/site\/"},{"@type":"ListItem","position":2,"name":"Hamilton lidera treino livre no Canad\u00e1 interrompido pela chuva"}]},{"@type":"WebSite","@id":"https:\/\/www.notibras.com\/site\/#website","url":"https:\/\/www.notibras.com\/site\/","name":"Notibras","description":"Not\u00edcias de Bras\u00edlia, do Brasil e do Mundo","publisher":{"@id":"https:\/\/www.notibras.com\/site\/#organization"},"potentialAction":[{"@type":"SearchAction","target":{"@type":"EntryPoint","urlTemplate":"https:\/\/www.notibras.com\/site\/?s={search_term_string}"},"query-input":{"@type":"PropertyValueSpecification","valueRequired":true,"valueName":"search_term_string"}}],"inLanguage":"pt-BR"},{"@type":"Organization","@id":"https:\/\/www.notibras.com\/site\/#organization","name":"Grupo Notibras de Comunica\u00e7\u00e3o","url":"https:\/\/www.notibras.com\/site\/","logo":{"@type":"ImageObject","inLanguage":"pt-BR","@id":"https:\/\/www.notibras.com\/site\/#\/schema\/logo\/image\/","url":"https:\/\/www.notibras.com\/site\/wp-content\/uploads\/2023\/01\/notibras23.png","contentUrl":"https:\/\/www.notibras.com\/site\/wp-content\/uploads\/2023\/01\/notibras23.png","width":350,"height":87,"caption":"Grupo Notibras de Comunica\u00e7\u00e3o"},"image":{"@id":"https:\/\/www.notibras.com\/site\/#\/schema\/logo\/image\/"},"sameAs":["https:\/\/www.facebook.com\/notibras\/","https:\/\/x.com\/Notibras","https:\/\/www.instagram.com\/notibras\/"]},{"@type":"Person","@id":"https:\/\/www.notibras.com\/site\/#\/schema\/person\/36ab0979449956132d3e5b517ea76ac8","name":"Reda\u00e7\u00e3o","image":{"@type":"ImageObject","inLanguage":"pt-BR","@id":"https:\/\/secure.gravatar.com\/avatar\/e0a867bdedb85fd243eadf09663511f96fc81e0720a4a42581f334ad4303aa6b?s=96&d=mm&r=g","url":"https:\/\/secure.gravatar.com\/avatar\/e0a867bdedb85fd243eadf09663511f96fc81e0720a4a42581f334ad4303aa6b?s=96&d=mm&r=g","contentUrl":"https:\/\/secure.gravatar.com\/avatar\/e0a867bdedb85fd243eadf09663511f96fc81e0720a4a42581f334ad4303aa6b?s=96&d=mm&r=g","caption":"Reda\u00e7\u00e3o"}}]}},"amp_enabled":true,"_links":{"self":[{"href":"https:\/\/www.notibras.com\/site\/wp-json\/wp\/v2\/posts\/52346","targetHints":{"allow":["GET"]}}],"collection":[{"href":"https:\/\/www.notibras.com\/site\/wp-json\/wp\/v2\/posts"}],"about":[{"href":"https:\/\/www.notibras.com\/site\/wp-json\/wp\/v2\/types\/post"}],"author":[{"embeddable":true,"href":"https:\/\/www.notibras.com\/site\/wp-json\/wp\/v2\/users\/2"}],"replies":[{"embeddable":true,"href":"https:\/\/www.notibras.com\/site\/wp-json\/wp\/v2\/comments?post=52346"}],"version-history":[{"count":0,"href":"https:\/\/www.notibras.com\/site\/wp-json\/wp\/v2\/posts\/52346\/revisions"}],"wp:featuredmedia":[{"embeddable":true,"href":"https:\/\/www.notibras.com\/site\/wp-json\/wp\/v2\/media\/52347"}],"wp:attachment":[{"href":"https:\/\/www.notibras.com\/site\/wp-json\/wp\/v2\/media?parent=52346"}],"wp:term":[{"taxonomy":"category","embeddable":true,"href":"https:\/\/www.notibras.com\/site\/wp-json\/wp\/v2\/categories?post=52346"},{"taxonomy":"post_tag","embeddable":true,"href":"https:\/\/www.notibras.com\/site\/wp-json\/wp\/v2\/tags?post=52346"}],"curies":[{"name":"wp","href":"https:\/\/api.w.org\/{rel}","templated":true}]}}