{"id":52375,"date":"2015-06-06T07:49:58","date_gmt":"2015-06-06T10:49:58","guid":{"rendered":"http:\/\/www.notibras.com\/site\/?p=52375"},"modified":"2015-06-06T07:49:58","modified_gmt":"2015-06-06T10:49:58","slug":"problema-da-saude-publica-no-brasil-esta-no-desperdicio","status":"publish","type":"post","link":"https:\/\/www.notibras.com\/site\/problema-da-saude-publica-no-brasil-esta-no-desperdicio\/","title":{"rendered":"Problema da sa\u00fade p\u00fablica no Brasil est\u00e1 no desperd\u00edcio"},"content":{"rendered":"<p>Os problemas do sistema de sa\u00fade brasileiro s\u00e3o cr\u00f4nicos. H\u00e1 d\u00e9cadas as justificativas para uma sa\u00fade muito aqu\u00e9m da que deveria ser proporcionada \u00e0 popula\u00e7\u00e3o s\u00e3o recorrentes. Todos, sem exce\u00e7\u00e3o, reivindicam mais recursos.<\/p>\n<p>No entanto, se analisarmos os n\u00fameros do setor, percebemos que o maior problema da sa\u00fade n\u00e3o est\u00e1 apenas na escassez de recursos financeiros, mas no desperd\u00edcio, que corr\u00f3i valores exorbitantes dos cofres do sistema.<\/p>\n<p>O financiamento adequado dos sistemas de sa\u00fade \u00e9 fundamental, mas antes de associar os problemas de sa\u00fade \u00e0 falta de investimento, precisamos encontrar alternativas para aperfei\u00e7oar os recursos j\u00e1 existentes. Isso pode ser feito por meio de melhores pr\u00e1ticas de gest\u00e3o, mais incentivos e pol\u00edticas mais favor\u00e1veis ao desenvolvimento do pa\u00eds, evitando, inclusive, pr\u00e1ticas de corrup\u00e7\u00e3o \u2013 que hoje tem impacto gigantesco para todos os setores da economia, especialmente a sa\u00fade.<\/p>\n<p>De acordo com o relat\u00f3rio &#8220;O Financiamento da Cobertura Universal&#8221;, da Organiza\u00e7\u00e3o Mundial da Sa\u00fade (OMS), entre 20% e 40% de todos os gastos em sa\u00fade s\u00e3o desperdi\u00e7ados por inefici\u00eancia. Ainda segundo a OMS, apenas nos pa\u00edses desenvolvidos, a fraude e outras formas de desperd\u00edcios podem representar um custo estimado de US$ 12 bilh\u00f5es a US$ 23 bilh\u00f5es de d\u00f3lares por ano para os governos.<\/p>\n<p>J\u00e1 dados da Rede Europeia para a Fraude e Corrup\u00e7\u00e3o na Sa\u00fade demonstram que dos US$ 5,3 trilh\u00f5es das despesas globais em sa\u00fade, aproximadamente US$ 300 bilh\u00f5es s\u00e3o perdidos para os erros e para a corrup\u00e7\u00e3o.<\/p>\n<blockquote><p>No Brasil, as pesquisas que antecederam as elei\u00e7\u00f5es presidenciais de 2014 apontaram a sa\u00fade como o principal problema na percep\u00e7\u00e3o dos eleitores. Ainda assim, pouco se ouviu dos postulantes \u00e0 Presid\u00eancia propostas para a principal queixa dos brasileiros. Quando muito, surgiram promessas de mais m\u00e9dicos, mais unidades de sa\u00fade, mais investimentos etc. A popula\u00e7\u00e3o est\u00e1 cansada de tantos &#8220;mais&#8221; que n\u00e3o surtem bons resultados. Talvez, propor &#8220;menos desperd\u00edcio e corrup\u00e7\u00e3o&#8221; mudaria esse cen\u00e1rio devastador<\/p><\/blockquote>\n<p>O setor de sa\u00fade, pela complexidade e natureza das rela\u00e7\u00f5es, muitas vezes v\u00ea-se envolvido em pr\u00e1ticas prejudiciais aos seus objetivos finais. O modelo de remunera\u00e7\u00e3o atual, por exemplo, possui uma l\u00f3gica que privilegia uma rela\u00e7\u00e3o de custo-benef\u00edcio perversa. Essa realidade precisa ser revista, e a melhoria na qualidade e na efici\u00eancia hospitalar, respons\u00e1veis por cerca de 50% das despesas de sa\u00fade de um pa\u00eds, s\u00e3o medidas urgentes. Precisamos tamb\u00e9m adotar pol\u00edticas de incorpora\u00e7\u00e3o tecnol\u00f3gica mais consistentes, baseadas em evidencias cient\u00edficas e boas pr\u00e1ticas assistenciais.<\/p>\n<p>N\u00e3o h\u00e1 d\u00favidas que os efeitos da corrup\u00e7\u00e3o s\u00e3o extremamente mal\u00e9ficos para a qualidade da gest\u00e3o dos recursos destinados \u00e0 sa\u00fade. No entanto, para combater o c\u00e2ncer, \u00e9 preciso rever o excesso de burocracia e fragmenta\u00e7\u00e3o no financiamento e na organiza\u00e7\u00e3o do sistema do pa\u00eds. A regulamenta\u00e7\u00e3o excessiva e o desestimulo ao investimento privado acabam incitando os desvios de conduta como \u00fanicos meios para facilitar a circula\u00e7\u00e3o dos recursos, o n\u00famero de projetos de investimentos e o crescimento econ\u00f4mico.<\/p>\n<p>Vale enfatizar ainda que a corrup\u00e7\u00e3o \u00e9 vista pelos investimentos privados e pelas autoridades p\u00fablicas, comprometidas com padr\u00f5es \u00e9ticos de gest\u00e3o, como um custo adicional que pode reduzir, ou mesmo desestimular, a implementa\u00e7\u00e3o de projetos de investimentos.<\/p>\n<p>No cen\u00e1rio global, o mercado tem adotado, com cada vez mais frequ\u00eancia, regras de conduta para orientar as suas atividades, evitando pr\u00e1ticas n\u00e3o adequadas. Essa tend\u00eancia tamb\u00e9m pode ser observada no Brasil. Melhorar a regulamenta\u00e7\u00e3o e a governan\u00e7a \u2013 incluindo fortes mercados para san\u00e7\u00e3o \u2013 e monitorar adequadamente a despesa p\u00fablica apresentam-se como aliados importantes para estimular o setor de sa\u00fade brasileiro, p\u00fablico e privado, na ado\u00e7\u00e3o de c\u00f3digos de conduta.<\/p>\n<p>O desperd\u00edcio e a corrup\u00e7\u00e3o devem ser sempre combatidos, em fun\u00e7\u00e3o de seus efeitos danosos sobre a produ\u00e7\u00e3o, o investimento privado, a composi\u00e7\u00e3o dos gastos p\u00fablicos e a efici\u00eancia das pol\u00edticas governamentais.<\/p>\n<p>Al\u00e9m das iniciativas j\u00e1 citadas para um mercado mais transparente e atrativo para investimento, poder\u00edamos citar tamb\u00e9m a implanta\u00e7\u00e3o de pol\u00edticas para eliminar as despesas desnecess\u00e1rias com medicamentos (que representam em torno de 30% das despesas em sa\u00fade), al\u00e9m de melhoria de controle de qualidade dos medicamentos.<\/p>\n<p>O Brasil vive um momento especialmente particular. Apesar dos mecanismos de fiscaliza\u00e7\u00e3o e combate \u00e0 corrup\u00e7\u00e3o consolidados, o pa\u00eds ainda possui estruturas que favorecem a pr\u00e1tica desse tipo de ilegalidade. Essa evidencia pode ser constatada nas movimenta\u00e7\u00f5es recentes.<\/p>\n<p>Apesar de tr\u00e1gico para a economia, os \u00faltimos acontecimentos demonstram que hoje h\u00e1 mecanismos que podem trazer \u00e0 tona atividades il\u00edcitas recorrentes, e esse \u00e9 o principal indicativo de que finalmente estamos no caminho da intoler\u00e2ncia para pr\u00e1ticas que prejudicam o desenvolvimento do pa\u00eds.<\/p>\n<p><strong>Francisco Balestrin<\/strong><\/p>\n","protected":false},"excerpt":{"rendered":"<p>Os problemas do sistema de sa\u00fade brasileiro s\u00e3o cr\u00f4nicos. H\u00e1 d\u00e9cadas as justificativas para uma sa\u00fade muito aqu\u00e9m da que deveria ser proporcionada \u00e0 popula\u00e7\u00e3o s\u00e3o recorrentes. Todos, sem exce\u00e7\u00e3o, reivindicam mais recursos. No entanto, se analisarmos os n\u00fameros do setor, percebemos que o maior problema da sa\u00fade n\u00e3o est\u00e1 apenas na escassez de recursos [&hellip;]<\/p>\n","protected":false},"author":2,"featured_media":52376,"comment_status":"open","ping_status":"closed","sticky":false,"template":"","format":"standard","meta":{"_acf_changed":false,"footnotes":""},"categories":[25],"tags":[],"class_list":["post-52375","post","type-post","status-publish","format-standard","has-post-thumbnail","hentry","category-opina-ai"],"acf":[],"yoast_head":"<!-- This site is optimized with the Yoast SEO plugin v27.5 - https:\/\/yoast.com\/product\/yoast-seo-wordpress\/ -->\n<title>Problema da sa\u00fade p\u00fablica no Brasil est\u00e1 no desperd\u00edcio - Notibras<\/title>\n<meta name=\"robots\" content=\"index, follow, max-snippet:-1, max-image-preview:large, max-video-preview:-1\" \/>\n<link rel=\"canonical\" href=\"https:\/\/www.notibras.com\/site\/problema-da-saude-publica-no-brasil-esta-no-desperdicio\/\" \/>\n<meta property=\"og:locale\" content=\"pt_BR\" \/>\n<meta property=\"og:type\" content=\"article\" \/>\n<meta property=\"og:title\" content=\"Problema da sa\u00fade p\u00fablica no Brasil est\u00e1 no desperd\u00edcio - Notibras\" \/>\n<meta property=\"og:description\" content=\"Os problemas do sistema de sa\u00fade brasileiro s\u00e3o cr\u00f4nicos. H\u00e1 d\u00e9cadas as justificativas para uma sa\u00fade muito aqu\u00e9m da que deveria ser proporcionada \u00e0 popula\u00e7\u00e3o s\u00e3o recorrentes. Todos, sem exce\u00e7\u00e3o, reivindicam mais recursos. No entanto, se analisarmos os n\u00fameros do setor, percebemos que o maior problema da sa\u00fade n\u00e3o est\u00e1 apenas na escassez de recursos [&hellip;]\" \/>\n<meta property=\"og:url\" content=\"https:\/\/www.notibras.com\/site\/problema-da-saude-publica-no-brasil-esta-no-desperdicio\/\" \/>\n<meta property=\"og:site_name\" content=\"Notibras\" \/>\n<meta property=\"article:publisher\" content=\"https:\/\/www.facebook.com\/notibras\/\" \/>\n<meta property=\"article:published_time\" content=\"2015-06-06T10:49:58+00:00\" \/>\n<meta property=\"og:image\" content=\"https:\/\/www.notibras.com\/site\/wp-content\/uploads\/2015\/06\/dsc09531.jpg\" \/>\n\t<meta property=\"og:image:width\" content=\"620\" \/>\n\t<meta property=\"og:image:height\" content=\"465\" \/>\n\t<meta property=\"og:image:type\" content=\"image\/jpeg\" \/>\n<meta name=\"author\" content=\"Reda\u00e7\u00e3o\" \/>\n<meta name=\"twitter:card\" content=\"summary_large_image\" \/>\n<meta name=\"twitter:creator\" content=\"@Notibras\" \/>\n<meta name=\"twitter:site\" content=\"@Notibras\" \/>\n<meta name=\"twitter:label1\" content=\"Escrito por\" \/>\n\t<meta name=\"twitter:data1\" content=\"Reda\u00e7\u00e3o\" \/>\n\t<meta name=\"twitter:label2\" content=\"Est. tempo de leitura\" \/>\n\t<meta name=\"twitter:data2\" content=\"4 minutos\" \/>\n<script type=\"application\/ld+json\" class=\"yoast-schema-graph\">{\"@context\":\"https:\\\/\\\/schema.org\",\"@graph\":[{\"@type\":\"Article\",\"@id\":\"https:\\\/\\\/www.notibras.com\\\/site\\\/problema-da-saude-publica-no-brasil-esta-no-desperdicio\\\/#article\",\"isPartOf\":{\"@id\":\"https:\\\/\\\/www.notibras.com\\\/site\\\/problema-da-saude-publica-no-brasil-esta-no-desperdicio\\\/\"},\"author\":{\"name\":\"Reda\u00e7\u00e3o\",\"@id\":\"https:\\\/\\\/www.notibras.com\\\/site\\\/#\\\/schema\\\/person\\\/36ab0979449956132d3e5b517ea76ac8\"},\"headline\":\"Problema da sa\u00fade p\u00fablica no Brasil est\u00e1 no desperd\u00edcio\",\"datePublished\":\"2015-06-06T10:49:58+00:00\",\"mainEntityOfPage\":{\"@id\":\"https:\\\/\\\/www.notibras.com\\\/site\\\/problema-da-saude-publica-no-brasil-esta-no-desperdicio\\\/\"},\"wordCount\":871,\"commentCount\":0,\"publisher\":{\"@id\":\"https:\\\/\\\/www.notibras.com\\\/site\\\/#organization\"},\"image\":{\"@id\":\"https:\\\/\\\/www.notibras.com\\\/site\\\/problema-da-saude-publica-no-brasil-esta-no-desperdicio\\\/#primaryimage\"},\"thumbnailUrl\":\"https:\\\/\\\/www.notibras.com\\\/site\\\/wp-content\\\/uploads\\\/2015\\\/06\\\/dsc09531.jpg\",\"articleSection\":[\"Opina a\u00ed\"],\"inLanguage\":\"pt-BR\",\"potentialAction\":[{\"@type\":\"CommentAction\",\"name\":\"Comment\",\"target\":[\"https:\\\/\\\/www.notibras.com\\\/site\\\/problema-da-saude-publica-no-brasil-esta-no-desperdicio\\\/#respond\"]}]},{\"@type\":\"WebPage\",\"@id\":\"https:\\\/\\\/www.notibras.com\\\/site\\\/problema-da-saude-publica-no-brasil-esta-no-desperdicio\\\/\",\"url\":\"https:\\\/\\\/www.notibras.com\\\/site\\\/problema-da-saude-publica-no-brasil-esta-no-desperdicio\\\/\",\"name\":\"Problema da sa\u00fade p\u00fablica no Brasil est\u00e1 no desperd\u00edcio - Notibras\",\"isPartOf\":{\"@id\":\"https:\\\/\\\/www.notibras.com\\\/site\\\/#website\"},\"primaryImageOfPage\":{\"@id\":\"https:\\\/\\\/www.notibras.com\\\/site\\\/problema-da-saude-publica-no-brasil-esta-no-desperdicio\\\/#primaryimage\"},\"image\":{\"@id\":\"https:\\\/\\\/www.notibras.com\\\/site\\\/problema-da-saude-publica-no-brasil-esta-no-desperdicio\\\/#primaryimage\"},\"thumbnailUrl\":\"https:\\\/\\\/www.notibras.com\\\/site\\\/wp-content\\\/uploads\\\/2015\\\/06\\\/dsc09531.jpg\",\"datePublished\":\"2015-06-06T10:49:58+00:00\",\"breadcrumb\":{\"@id\":\"https:\\\/\\\/www.notibras.com\\\/site\\\/problema-da-saude-publica-no-brasil-esta-no-desperdicio\\\/#breadcrumb\"},\"inLanguage\":\"pt-BR\",\"potentialAction\":[{\"@type\":\"ReadAction\",\"target\":[\"https:\\\/\\\/www.notibras.com\\\/site\\\/problema-da-saude-publica-no-brasil-esta-no-desperdicio\\\/\"]}]},{\"@type\":\"ImageObject\",\"inLanguage\":\"pt-BR\",\"@id\":\"https:\\\/\\\/www.notibras.com\\\/site\\\/problema-da-saude-publica-no-brasil-esta-no-desperdicio\\\/#primaryimage\",\"url\":\"https:\\\/\\\/www.notibras.com\\\/site\\\/wp-content\\\/uploads\\\/2015\\\/06\\\/dsc09531.jpg\",\"contentUrl\":\"https:\\\/\\\/www.notibras.com\\\/site\\\/wp-content\\\/uploads\\\/2015\\\/06\\\/dsc09531.jpg\",\"width\":620,\"height\":465},{\"@type\":\"BreadcrumbList\",\"@id\":\"https:\\\/\\\/www.notibras.com\\\/site\\\/problema-da-saude-publica-no-brasil-esta-no-desperdicio\\\/#breadcrumb\",\"itemListElement\":[{\"@type\":\"ListItem\",\"position\":1,\"name\":\"In\u00edcio\",\"item\":\"https:\\\/\\\/www.notibras.com\\\/site\\\/\"},{\"@type\":\"ListItem\",\"position\":2,\"name\":\"Problema da sa\u00fade p\u00fablica no Brasil est\u00e1 no desperd\u00edcio\"}]},{\"@type\":\"WebSite\",\"@id\":\"https:\\\/\\\/www.notibras.com\\\/site\\\/#website\",\"url\":\"https:\\\/\\\/www.notibras.com\\\/site\\\/\",\"name\":\"Notibras\",\"description\":\"Not\u00edcias de Bras\u00edlia, do Brasil e do Mundo\",\"publisher\":{\"@id\":\"https:\\\/\\\/www.notibras.com\\\/site\\\/#organization\"},\"potentialAction\":[{\"@type\":\"SearchAction\",\"target\":{\"@type\":\"EntryPoint\",\"urlTemplate\":\"https:\\\/\\\/www.notibras.com\\\/site\\\/?s={search_term_string}\"},\"query-input\":{\"@type\":\"PropertyValueSpecification\",\"valueRequired\":true,\"valueName\":\"search_term_string\"}}],\"inLanguage\":\"pt-BR\"},{\"@type\":\"Organization\",\"@id\":\"https:\\\/\\\/www.notibras.com\\\/site\\\/#organization\",\"name\":\"Grupo Notibras de Comunica\u00e7\u00e3o\",\"url\":\"https:\\\/\\\/www.notibras.com\\\/site\\\/\",\"logo\":{\"@type\":\"ImageObject\",\"inLanguage\":\"pt-BR\",\"@id\":\"https:\\\/\\\/www.notibras.com\\\/site\\\/#\\\/schema\\\/logo\\\/image\\\/\",\"url\":\"https:\\\/\\\/www.notibras.com\\\/site\\\/wp-content\\\/uploads\\\/2023\\\/01\\\/notibras23.png\",\"contentUrl\":\"https:\\\/\\\/www.notibras.com\\\/site\\\/wp-content\\\/uploads\\\/2023\\\/01\\\/notibras23.png\",\"width\":350,\"height\":87,\"caption\":\"Grupo Notibras de Comunica\u00e7\u00e3o\"},\"image\":{\"@id\":\"https:\\\/\\\/www.notibras.com\\\/site\\\/#\\\/schema\\\/logo\\\/image\\\/\"},\"sameAs\":[\"https:\\\/\\\/www.facebook.com\\\/notibras\\\/\",\"https:\\\/\\\/x.com\\\/Notibras\",\"https:\\\/\\\/www.instagram.com\\\/notibras\\\/\"]},{\"@type\":\"Person\",\"@id\":\"https:\\\/\\\/www.notibras.com\\\/site\\\/#\\\/schema\\\/person\\\/36ab0979449956132d3e5b517ea76ac8\",\"name\":\"Reda\u00e7\u00e3o\",\"image\":{\"@type\":\"ImageObject\",\"inLanguage\":\"pt-BR\",\"@id\":\"https:\\\/\\\/secure.gravatar.com\\\/avatar\\\/e0a867bdedb85fd243eadf09663511f96fc81e0720a4a42581f334ad4303aa6b?s=96&d=mm&r=g\",\"url\":\"https:\\\/\\\/secure.gravatar.com\\\/avatar\\\/e0a867bdedb85fd243eadf09663511f96fc81e0720a4a42581f334ad4303aa6b?s=96&d=mm&r=g\",\"contentUrl\":\"https:\\\/\\\/secure.gravatar.com\\\/avatar\\\/e0a867bdedb85fd243eadf09663511f96fc81e0720a4a42581f334ad4303aa6b?s=96&d=mm&r=g\",\"caption\":\"Reda\u00e7\u00e3o\"}}]}<\/script>\n<!-- \/ Yoast SEO plugin. -->","yoast_head_json":{"title":"Problema da sa\u00fade p\u00fablica no Brasil est\u00e1 no desperd\u00edcio - Notibras","robots":{"index":"index","follow":"follow","max-snippet":"max-snippet:-1","max-image-preview":"max-image-preview:large","max-video-preview":"max-video-preview:-1"},"canonical":"https:\/\/www.notibras.com\/site\/problema-da-saude-publica-no-brasil-esta-no-desperdicio\/","og_locale":"pt_BR","og_type":"article","og_title":"Problema da sa\u00fade p\u00fablica no Brasil est\u00e1 no desperd\u00edcio - Notibras","og_description":"Os problemas do sistema de sa\u00fade brasileiro s\u00e3o cr\u00f4nicos. H\u00e1 d\u00e9cadas as justificativas para uma sa\u00fade muito aqu\u00e9m da que deveria ser proporcionada \u00e0 popula\u00e7\u00e3o s\u00e3o recorrentes. Todos, sem exce\u00e7\u00e3o, reivindicam mais recursos. No entanto, se analisarmos os n\u00fameros do setor, percebemos que o maior problema da sa\u00fade n\u00e3o est\u00e1 apenas na escassez de recursos [&hellip;]","og_url":"https:\/\/www.notibras.com\/site\/problema-da-saude-publica-no-brasil-esta-no-desperdicio\/","og_site_name":"Notibras","article_publisher":"https:\/\/www.facebook.com\/notibras\/","article_published_time":"2015-06-06T10:49:58+00:00","og_image":[{"width":620,"height":465,"url":"https:\/\/www.notibras.com\/site\/wp-content\/uploads\/2015\/06\/dsc09531.jpg","type":"image\/jpeg"}],"author":"Reda\u00e7\u00e3o","twitter_card":"summary_large_image","twitter_creator":"@Notibras","twitter_site":"@Notibras","twitter_misc":{"Escrito por":"Reda\u00e7\u00e3o","Est. tempo de leitura":"4 minutos"},"schema":{"@context":"https:\/\/schema.org","@graph":[{"@type":"Article","@id":"https:\/\/www.notibras.com\/site\/problema-da-saude-publica-no-brasil-esta-no-desperdicio\/#article","isPartOf":{"@id":"https:\/\/www.notibras.com\/site\/problema-da-saude-publica-no-brasil-esta-no-desperdicio\/"},"author":{"name":"Reda\u00e7\u00e3o","@id":"https:\/\/www.notibras.com\/site\/#\/schema\/person\/36ab0979449956132d3e5b517ea76ac8"},"headline":"Problema da sa\u00fade p\u00fablica no Brasil est\u00e1 no desperd\u00edcio","datePublished":"2015-06-06T10:49:58+00:00","mainEntityOfPage":{"@id":"https:\/\/www.notibras.com\/site\/problema-da-saude-publica-no-brasil-esta-no-desperdicio\/"},"wordCount":871,"commentCount":0,"publisher":{"@id":"https:\/\/www.notibras.com\/site\/#organization"},"image":{"@id":"https:\/\/www.notibras.com\/site\/problema-da-saude-publica-no-brasil-esta-no-desperdicio\/#primaryimage"},"thumbnailUrl":"https:\/\/www.notibras.com\/site\/wp-content\/uploads\/2015\/06\/dsc09531.jpg","articleSection":["Opina a\u00ed"],"inLanguage":"pt-BR","potentialAction":[{"@type":"CommentAction","name":"Comment","target":["https:\/\/www.notibras.com\/site\/problema-da-saude-publica-no-brasil-esta-no-desperdicio\/#respond"]}]},{"@type":"WebPage","@id":"https:\/\/www.notibras.com\/site\/problema-da-saude-publica-no-brasil-esta-no-desperdicio\/","url":"https:\/\/www.notibras.com\/site\/problema-da-saude-publica-no-brasil-esta-no-desperdicio\/","name":"Problema da sa\u00fade p\u00fablica no Brasil est\u00e1 no desperd\u00edcio - Notibras","isPartOf":{"@id":"https:\/\/www.notibras.com\/site\/#website"},"primaryImageOfPage":{"@id":"https:\/\/www.notibras.com\/site\/problema-da-saude-publica-no-brasil-esta-no-desperdicio\/#primaryimage"},"image":{"@id":"https:\/\/www.notibras.com\/site\/problema-da-saude-publica-no-brasil-esta-no-desperdicio\/#primaryimage"},"thumbnailUrl":"https:\/\/www.notibras.com\/site\/wp-content\/uploads\/2015\/06\/dsc09531.jpg","datePublished":"2015-06-06T10:49:58+00:00","breadcrumb":{"@id":"https:\/\/www.notibras.com\/site\/problema-da-saude-publica-no-brasil-esta-no-desperdicio\/#breadcrumb"},"inLanguage":"pt-BR","potentialAction":[{"@type":"ReadAction","target":["https:\/\/www.notibras.com\/site\/problema-da-saude-publica-no-brasil-esta-no-desperdicio\/"]}]},{"@type":"ImageObject","inLanguage":"pt-BR","@id":"https:\/\/www.notibras.com\/site\/problema-da-saude-publica-no-brasil-esta-no-desperdicio\/#primaryimage","url":"https:\/\/www.notibras.com\/site\/wp-content\/uploads\/2015\/06\/dsc09531.jpg","contentUrl":"https:\/\/www.notibras.com\/site\/wp-content\/uploads\/2015\/06\/dsc09531.jpg","width":620,"height":465},{"@type":"BreadcrumbList","@id":"https:\/\/www.notibras.com\/site\/problema-da-saude-publica-no-brasil-esta-no-desperdicio\/#breadcrumb","itemListElement":[{"@type":"ListItem","position":1,"name":"In\u00edcio","item":"https:\/\/www.notibras.com\/site\/"},{"@type":"ListItem","position":2,"name":"Problema da sa\u00fade p\u00fablica no Brasil est\u00e1 no desperd\u00edcio"}]},{"@type":"WebSite","@id":"https:\/\/www.notibras.com\/site\/#website","url":"https:\/\/www.notibras.com\/site\/","name":"Notibras","description":"Not\u00edcias de Bras\u00edlia, do Brasil e do Mundo","publisher":{"@id":"https:\/\/www.notibras.com\/site\/#organization"},"potentialAction":[{"@type":"SearchAction","target":{"@type":"EntryPoint","urlTemplate":"https:\/\/www.notibras.com\/site\/?s={search_term_string}"},"query-input":{"@type":"PropertyValueSpecification","valueRequired":true,"valueName":"search_term_string"}}],"inLanguage":"pt-BR"},{"@type":"Organization","@id":"https:\/\/www.notibras.com\/site\/#organization","name":"Grupo Notibras de Comunica\u00e7\u00e3o","url":"https:\/\/www.notibras.com\/site\/","logo":{"@type":"ImageObject","inLanguage":"pt-BR","@id":"https:\/\/www.notibras.com\/site\/#\/schema\/logo\/image\/","url":"https:\/\/www.notibras.com\/site\/wp-content\/uploads\/2023\/01\/notibras23.png","contentUrl":"https:\/\/www.notibras.com\/site\/wp-content\/uploads\/2023\/01\/notibras23.png","width":350,"height":87,"caption":"Grupo Notibras de Comunica\u00e7\u00e3o"},"image":{"@id":"https:\/\/www.notibras.com\/site\/#\/schema\/logo\/image\/"},"sameAs":["https:\/\/www.facebook.com\/notibras\/","https:\/\/x.com\/Notibras","https:\/\/www.instagram.com\/notibras\/"]},{"@type":"Person","@id":"https:\/\/www.notibras.com\/site\/#\/schema\/person\/36ab0979449956132d3e5b517ea76ac8","name":"Reda\u00e7\u00e3o","image":{"@type":"ImageObject","inLanguage":"pt-BR","@id":"https:\/\/secure.gravatar.com\/avatar\/e0a867bdedb85fd243eadf09663511f96fc81e0720a4a42581f334ad4303aa6b?s=96&d=mm&r=g","url":"https:\/\/secure.gravatar.com\/avatar\/e0a867bdedb85fd243eadf09663511f96fc81e0720a4a42581f334ad4303aa6b?s=96&d=mm&r=g","contentUrl":"https:\/\/secure.gravatar.com\/avatar\/e0a867bdedb85fd243eadf09663511f96fc81e0720a4a42581f334ad4303aa6b?s=96&d=mm&r=g","caption":"Reda\u00e7\u00e3o"}}]}},"amp_enabled":true,"_links":{"self":[{"href":"https:\/\/www.notibras.com\/site\/wp-json\/wp\/v2\/posts\/52375","targetHints":{"allow":["GET"]}}],"collection":[{"href":"https:\/\/www.notibras.com\/site\/wp-json\/wp\/v2\/posts"}],"about":[{"href":"https:\/\/www.notibras.com\/site\/wp-json\/wp\/v2\/types\/post"}],"author":[{"embeddable":true,"href":"https:\/\/www.notibras.com\/site\/wp-json\/wp\/v2\/users\/2"}],"replies":[{"embeddable":true,"href":"https:\/\/www.notibras.com\/site\/wp-json\/wp\/v2\/comments?post=52375"}],"version-history":[{"count":0,"href":"https:\/\/www.notibras.com\/site\/wp-json\/wp\/v2\/posts\/52375\/revisions"}],"wp:featuredmedia":[{"embeddable":true,"href":"https:\/\/www.notibras.com\/site\/wp-json\/wp\/v2\/media\/52376"}],"wp:attachment":[{"href":"https:\/\/www.notibras.com\/site\/wp-json\/wp\/v2\/media?parent=52375"}],"wp:term":[{"taxonomy":"category","embeddable":true,"href":"https:\/\/www.notibras.com\/site\/wp-json\/wp\/v2\/categories?post=52375"},{"taxonomy":"post_tag","embeddable":true,"href":"https:\/\/www.notibras.com\/site\/wp-json\/wp\/v2\/tags?post=52375"}],"curies":[{"name":"wp","href":"https:\/\/api.w.org\/{rel}","templated":true}]}}