{"id":52403,"date":"2015-06-06T15:54:33","date_gmt":"2015-06-06T18:54:33","guid":{"rendered":"http:\/\/www.notibras.com\/site\/?p=52403"},"modified":"2015-06-07T10:14:02","modified_gmt":"2015-06-07T13:14:02","slug":"hamilton-mn-ostra-no-canada-que-nos-treinos-nao-tem-pra-ninguem","status":"publish","type":"post","link":"https:\/\/www.notibras.com\/site\/hamilton-mn-ostra-no-canada-que-nos-treinos-nao-tem-pra-ninguem\/","title":{"rendered":"Hamilton mostra no Canad\u00e1 que nos treinos da F1 n\u00e3o tem para ningu\u00e9m"},"content":{"rendered":"<p>Em treinos oficiais, n\u00e3o tem para ningu\u00e9m em 2015: Lewis Hamilton conquistou a pole position para o GP do Canad\u00e1 de F\u00f3rmula 1, neste s\u00e1bado, a sexta em sete etapas.<\/p>\n<p>O brit\u00e2nico, l\u00edder do Mundial e atual campe\u00e3o, superou com sobras o companheiros de Mercedes, Nico Rosberg: 1min14s393, com vantagem de 0s309. Ser\u00e1 a 44\u00aa vez que Hamilton vai largar da primeira coloca\u00e7\u00e3o em sua carreira.<\/p>\n<blockquote><p>Kimi Raikkonen, da Ferrari, n\u00e3o chegou a incomodar os ponteiros e largar\u00e1 em terceiro, com Valtteri Bottas colocando a Williams na quarta coloca\u00e7\u00e3o. Felipe Massa, por outro lado, n\u00e3o passou do Q1 por causa de problema no motor Mercedes e sair\u00e1 da 16\u00aa coloca\u00e7\u00e3o.<\/p><\/blockquote>\n<p>A Lotus comprovou seu bom momento em Montreal e ter\u00e1 seus dois pilotos na terceira fila, com Romain Grosjean em quinto e Pastor Maldonado na sexta posi\u00e7\u00e3o.<\/p>\n<p>O top 10 foi fechado por Nico Hulkenberg (Force India), Daniil Kvyat e Daniel Ricciardo (ambos da Red Bull) al\u00e9m de Sergio P\u00e9rez (Force India); Max Verstappen (Toro Rosso), com o 12\u00ba melhor tempo, perder\u00e1 15 posi\u00e7\u00f5es no grid de largada.<\/p>\n<p>Quem vai se beneficar, assim, \u00e9 Felipe Nasr, que bateu no terceiro treino livre, mas se recuperou em tempo de ser o 15\u00ba mais veloz, mas largar\u00e1 em 14\u00ba.<\/p>\n<p>Al\u00e9m de Massa, Sebastian Vettel foi outra decep\u00e7\u00e3o na classifica\u00e7\u00e3o ao tamb\u00e9m n\u00e3o passar para o Q2, ficando como o 16\u00ba mais r\u00e1pido.<\/p>\n<p>O GP do Canad\u00e1 de F-1 come\u00e7a \u00e0s 15h (de Bras\u00edlia) deste domingo.<\/p>\n","protected":false},"excerpt":{"rendered":"<p>Em treinos oficiais, n\u00e3o tem para ningu\u00e9m em 2015: Lewis Hamilton conquistou a pole position para o GP do Canad\u00e1 de F\u00f3rmula 1, neste s\u00e1bado, a sexta em sete etapas. O brit\u00e2nico, l\u00edder do Mundial e atual campe\u00e3o, superou com sobras o companheiros de Mercedes, Nico Rosberg: 1min14s393, com vantagem de 0s309. Ser\u00e1 a 44\u00aa [&hellip;]<\/p>\n","protected":false},"author":2,"featured_media":52404,"comment_status":"open","ping_status":"closed","sticky":false,"template":"","format":"standard","meta":{"_acf_changed":false,"footnotes":""},"categories":[27,19],"tags":[],"class_list":["post-52403","post","type-post","status-publish","format-standard","has-post-thumbnail","hentry","category-automobilismo","category-esportes"],"acf":[],"yoast_head":"<!-- This site is optimized with the Yoast SEO plugin v27.2 - https:\/\/yoast.com\/product\/yoast-seo-wordpress\/ -->\n<title>Hamilton mostra no Canad\u00e1 que nos treinos da F1 n\u00e3o tem para ningu\u00e9m - Notibras<\/title>\n<meta name=\"robots\" content=\"index, follow, max-snippet:-1, max-image-preview:large, max-video-preview:-1\" \/>\n<link rel=\"canonical\" href=\"https:\/\/www.notibras.com\/site\/hamilton-mn-ostra-no-canada-que-nos-treinos-nao-tem-pra-ninguem\/\" \/>\n<meta property=\"og:locale\" content=\"pt_BR\" \/>\n<meta property=\"og:type\" content=\"article\" \/>\n<meta property=\"og:title\" content=\"Hamilton mostra no Canad\u00e1 que nos treinos da F1 n\u00e3o tem para ningu\u00e9m - Notibras\" \/>\n<meta property=\"og:description\" content=\"Em treinos oficiais, n\u00e3o tem para ningu\u00e9m em 2015: Lewis Hamilton conquistou a pole position para o GP do Canad\u00e1 de F\u00f3rmula 1, neste s\u00e1bado, a sexta em sete etapas. O brit\u00e2nico, l\u00edder do Mundial e atual campe\u00e3o, superou com sobras o companheiros de Mercedes, Nico Rosberg: 1min14s393, com vantagem de 0s309. Ser\u00e1 a 44\u00aa [&hellip;]\" \/>\n<meta property=\"og:url\" content=\"https:\/\/www.notibras.com\/site\/hamilton-mn-ostra-no-canada-que-nos-treinos-nao-tem-pra-ninguem\/\" \/>\n<meta property=\"og:site_name\" content=\"Notibras\" \/>\n<meta property=\"article:publisher\" content=\"https:\/\/www.facebook.com\/notibras\/\" \/>\n<meta property=\"article:published_time\" content=\"2015-06-06T18:54:33+00:00\" \/>\n<meta property=\"article:modified_time\" content=\"2015-06-07T13:14:02+00:00\" \/>\n<meta property=\"og:image\" content=\"https:\/\/www.notibras.com\/site\/wp-content\/uploads\/2015\/06\/lh.jpg\" \/>\n\t<meta property=\"og:image:width\" content=\"622\" \/>\n\t<meta property=\"og:image:height\" content=\"350\" \/>\n\t<meta property=\"og:image:type\" content=\"image\/jpeg\" \/>\n<meta name=\"author\" content=\"Reda\u00e7\u00e3o\" \/>\n<meta name=\"twitter:card\" content=\"summary_large_image\" \/>\n<meta name=\"twitter:creator\" content=\"@Notibras\" \/>\n<meta name=\"twitter:site\" content=\"@Notibras\" \/>\n<meta name=\"twitter:label1\" content=\"Escrito por\" \/>\n\t<meta name=\"twitter:data1\" content=\"Reda\u00e7\u00e3o\" \/>\n\t<meta name=\"twitter:label2\" content=\"Est. tempo de leitura\" \/>\n\t<meta name=\"twitter:data2\" content=\"1 minuto\" \/>\n<script type=\"application\/ld+json\" class=\"yoast-schema-graph\">{\"@context\":\"https:\/\/schema.org\",\"@graph\":[{\"@type\":\"Article\",\"@id\":\"https:\/\/www.notibras.com\/site\/hamilton-mn-ostra-no-canada-que-nos-treinos-nao-tem-pra-ninguem\/#article\",\"isPartOf\":{\"@id\":\"https:\/\/www.notibras.com\/site\/hamilton-mn-ostra-no-canada-que-nos-treinos-nao-tem-pra-ninguem\/\"},\"author\":{\"name\":\"Reda\u00e7\u00e3o\",\"@id\":\"https:\/\/www.notibras.com\/site\/#\/schema\/person\/36ab0979449956132d3e5b517ea76ac8\"},\"headline\":\"Hamilton mostra no Canad\u00e1 que nos treinos da F1 n\u00e3o tem para ningu\u00e9m\",\"datePublished\":\"2015-06-06T18:54:33+00:00\",\"dateModified\":\"2015-06-07T13:14:02+00:00\",\"mainEntityOfPage\":{\"@id\":\"https:\/\/www.notibras.com\/site\/hamilton-mn-ostra-no-canada-que-nos-treinos-nao-tem-pra-ninguem\/\"},\"wordCount\":272,\"commentCount\":0,\"publisher\":{\"@id\":\"https:\/\/www.notibras.com\/site\/#organization\"},\"image\":{\"@id\":\"https:\/\/www.notibras.com\/site\/hamilton-mn-ostra-no-canada-que-nos-treinos-nao-tem-pra-ninguem\/#primaryimage\"},\"thumbnailUrl\":\"https:\/\/www.notibras.com\/site\/wp-content\/uploads\/2015\/06\/lh.jpg\",\"articleSection\":[\"Automobilismo\",\"Esportes\"],\"inLanguage\":\"pt-BR\",\"potentialAction\":[{\"@type\":\"CommentAction\",\"name\":\"Comment\",\"target\":[\"https:\/\/www.notibras.com\/site\/hamilton-mn-ostra-no-canada-que-nos-treinos-nao-tem-pra-ninguem\/#respond\"]}]},{\"@type\":\"WebPage\",\"@id\":\"https:\/\/www.notibras.com\/site\/hamilton-mn-ostra-no-canada-que-nos-treinos-nao-tem-pra-ninguem\/\",\"url\":\"https:\/\/www.notibras.com\/site\/hamilton-mn-ostra-no-canada-que-nos-treinos-nao-tem-pra-ninguem\/\",\"name\":\"Hamilton mostra no Canad\u00e1 que nos treinos da F1 n\u00e3o tem para ningu\u00e9m - Notibras\",\"isPartOf\":{\"@id\":\"https:\/\/www.notibras.com\/site\/#website\"},\"primaryImageOfPage\":{\"@id\":\"https:\/\/www.notibras.com\/site\/hamilton-mn-ostra-no-canada-que-nos-treinos-nao-tem-pra-ninguem\/#primaryimage\"},\"image\":{\"@id\":\"https:\/\/www.notibras.com\/site\/hamilton-mn-ostra-no-canada-que-nos-treinos-nao-tem-pra-ninguem\/#primaryimage\"},\"thumbnailUrl\":\"https:\/\/www.notibras.com\/site\/wp-content\/uploads\/2015\/06\/lh.jpg\",\"datePublished\":\"2015-06-06T18:54:33+00:00\",\"dateModified\":\"2015-06-07T13:14:02+00:00\",\"breadcrumb\":{\"@id\":\"https:\/\/www.notibras.com\/site\/hamilton-mn-ostra-no-canada-que-nos-treinos-nao-tem-pra-ninguem\/#breadcrumb\"},\"inLanguage\":\"pt-BR\",\"potentialAction\":[{\"@type\":\"ReadAction\",\"target\":[\"https:\/\/www.notibras.com\/site\/hamilton-mn-ostra-no-canada-que-nos-treinos-nao-tem-pra-ninguem\/\"]}]},{\"@type\":\"ImageObject\",\"inLanguage\":\"pt-BR\",\"@id\":\"https:\/\/www.notibras.com\/site\/hamilton-mn-ostra-no-canada-que-nos-treinos-nao-tem-pra-ninguem\/#primaryimage\",\"url\":\"https:\/\/www.notibras.com\/site\/wp-content\/uploads\/2015\/06\/lh.jpg\",\"contentUrl\":\"https:\/\/www.notibras.com\/site\/wp-content\/uploads\/2015\/06\/lh.jpg\",\"width\":622,\"height\":350},{\"@type\":\"BreadcrumbList\",\"@id\":\"https:\/\/www.notibras.com\/site\/hamilton-mn-ostra-no-canada-que-nos-treinos-nao-tem-pra-ninguem\/#breadcrumb\",\"itemListElement\":[{\"@type\":\"ListItem\",\"position\":1,\"name\":\"In\u00edcio\",\"item\":\"https:\/\/www.notibras.com\/site\/\"},{\"@type\":\"ListItem\",\"position\":2,\"name\":\"Hamilton mostra no Canad\u00e1 que nos treinos da F1 n\u00e3o tem para ningu\u00e9m\"}]},{\"@type\":\"WebSite\",\"@id\":\"https:\/\/www.notibras.com\/site\/#website\",\"url\":\"https:\/\/www.notibras.com\/site\/\",\"name\":\"Notibras\",\"description\":\"Not\u00edcias de Bras\u00edlia, do Brasil e do Mundo\",\"publisher\":{\"@id\":\"https:\/\/www.notibras.com\/site\/#organization\"},\"potentialAction\":[{\"@type\":\"SearchAction\",\"target\":{\"@type\":\"EntryPoint\",\"urlTemplate\":\"https:\/\/www.notibras.com\/site\/?s={search_term_string}\"},\"query-input\":{\"@type\":\"PropertyValueSpecification\",\"valueRequired\":true,\"valueName\":\"search_term_string\"}}],\"inLanguage\":\"pt-BR\"},{\"@type\":\"Organization\",\"@id\":\"https:\/\/www.notibras.com\/site\/#organization\",\"name\":\"Grupo Notibras de Comunica\u00e7\u00e3o\",\"url\":\"https:\/\/www.notibras.com\/site\/\",\"logo\":{\"@type\":\"ImageObject\",\"inLanguage\":\"pt-BR\",\"@id\":\"https:\/\/www.notibras.com\/site\/#\/schema\/logo\/image\/\",\"url\":\"https:\/\/www.notibras.com\/site\/wp-content\/uploads\/2023\/01\/notibras23.png\",\"contentUrl\":\"https:\/\/www.notibras.com\/site\/wp-content\/uploads\/2023\/01\/notibras23.png\",\"width\":350,\"height\":87,\"caption\":\"Grupo Notibras de Comunica\u00e7\u00e3o\"},\"image\":{\"@id\":\"https:\/\/www.notibras.com\/site\/#\/schema\/logo\/image\/\"},\"sameAs\":[\"https:\/\/www.facebook.com\/notibras\/\",\"https:\/\/x.com\/Notibras\",\"https:\/\/www.instagram.com\/notibras\/\"]},{\"@type\":\"Person\",\"@id\":\"https:\/\/www.notibras.com\/site\/#\/schema\/person\/36ab0979449956132d3e5b517ea76ac8\",\"name\":\"Reda\u00e7\u00e3o\",\"image\":{\"@type\":\"ImageObject\",\"inLanguage\":\"pt-BR\",\"@id\":\"https:\/\/secure.gravatar.com\/avatar\/e0a867bdedb85fd243eadf09663511f96fc81e0720a4a42581f334ad4303aa6b?s=96&d=mm&r=g\",\"url\":\"https:\/\/secure.gravatar.com\/avatar\/e0a867bdedb85fd243eadf09663511f96fc81e0720a4a42581f334ad4303aa6b?s=96&d=mm&r=g\",\"contentUrl\":\"https:\/\/secure.gravatar.com\/avatar\/e0a867bdedb85fd243eadf09663511f96fc81e0720a4a42581f334ad4303aa6b?s=96&d=mm&r=g\",\"caption\":\"Reda\u00e7\u00e3o\"}}]}<\/script>\n<!-- \/ Yoast SEO plugin. -->","yoast_head_json":{"title":"Hamilton mostra no Canad\u00e1 que nos treinos da F1 n\u00e3o tem para ningu\u00e9m - Notibras","robots":{"index":"index","follow":"follow","max-snippet":"max-snippet:-1","max-image-preview":"max-image-preview:large","max-video-preview":"max-video-preview:-1"},"canonical":"https:\/\/www.notibras.com\/site\/hamilton-mn-ostra-no-canada-que-nos-treinos-nao-tem-pra-ninguem\/","og_locale":"pt_BR","og_type":"article","og_title":"Hamilton mostra no Canad\u00e1 que nos treinos da F1 n\u00e3o tem para ningu\u00e9m - Notibras","og_description":"Em treinos oficiais, n\u00e3o tem para ningu\u00e9m em 2015: Lewis Hamilton conquistou a pole position para o GP do Canad\u00e1 de F\u00f3rmula 1, neste s\u00e1bado, a sexta em sete etapas. O brit\u00e2nico, l\u00edder do Mundial e atual campe\u00e3o, superou com sobras o companheiros de Mercedes, Nico Rosberg: 1min14s393, com vantagem de 0s309. Ser\u00e1 a 44\u00aa [&hellip;]","og_url":"https:\/\/www.notibras.com\/site\/hamilton-mn-ostra-no-canada-que-nos-treinos-nao-tem-pra-ninguem\/","og_site_name":"Notibras","article_publisher":"https:\/\/www.facebook.com\/notibras\/","article_published_time":"2015-06-06T18:54:33+00:00","article_modified_time":"2015-06-07T13:14:02+00:00","og_image":[{"width":622,"height":350,"url":"https:\/\/www.notibras.com\/site\/wp-content\/uploads\/2015\/06\/lh.jpg","type":"image\/jpeg"}],"author":"Reda\u00e7\u00e3o","twitter_card":"summary_large_image","twitter_creator":"@Notibras","twitter_site":"@Notibras","twitter_misc":{"Escrito por":"Reda\u00e7\u00e3o","Est. tempo de leitura":"1 minuto"},"schema":{"@context":"https:\/\/schema.org","@graph":[{"@type":"Article","@id":"https:\/\/www.notibras.com\/site\/hamilton-mn-ostra-no-canada-que-nos-treinos-nao-tem-pra-ninguem\/#article","isPartOf":{"@id":"https:\/\/www.notibras.com\/site\/hamilton-mn-ostra-no-canada-que-nos-treinos-nao-tem-pra-ninguem\/"},"author":{"name":"Reda\u00e7\u00e3o","@id":"https:\/\/www.notibras.com\/site\/#\/schema\/person\/36ab0979449956132d3e5b517ea76ac8"},"headline":"Hamilton mostra no Canad\u00e1 que nos treinos da F1 n\u00e3o tem para ningu\u00e9m","datePublished":"2015-06-06T18:54:33+00:00","dateModified":"2015-06-07T13:14:02+00:00","mainEntityOfPage":{"@id":"https:\/\/www.notibras.com\/site\/hamilton-mn-ostra-no-canada-que-nos-treinos-nao-tem-pra-ninguem\/"},"wordCount":272,"commentCount":0,"publisher":{"@id":"https:\/\/www.notibras.com\/site\/#organization"},"image":{"@id":"https:\/\/www.notibras.com\/site\/hamilton-mn-ostra-no-canada-que-nos-treinos-nao-tem-pra-ninguem\/#primaryimage"},"thumbnailUrl":"https:\/\/www.notibras.com\/site\/wp-content\/uploads\/2015\/06\/lh.jpg","articleSection":["Automobilismo","Esportes"],"inLanguage":"pt-BR","potentialAction":[{"@type":"CommentAction","name":"Comment","target":["https:\/\/www.notibras.com\/site\/hamilton-mn-ostra-no-canada-que-nos-treinos-nao-tem-pra-ninguem\/#respond"]}]},{"@type":"WebPage","@id":"https:\/\/www.notibras.com\/site\/hamilton-mn-ostra-no-canada-que-nos-treinos-nao-tem-pra-ninguem\/","url":"https:\/\/www.notibras.com\/site\/hamilton-mn-ostra-no-canada-que-nos-treinos-nao-tem-pra-ninguem\/","name":"Hamilton mostra no Canad\u00e1 que nos treinos da F1 n\u00e3o tem para ningu\u00e9m - Notibras","isPartOf":{"@id":"https:\/\/www.notibras.com\/site\/#website"},"primaryImageOfPage":{"@id":"https:\/\/www.notibras.com\/site\/hamilton-mn-ostra-no-canada-que-nos-treinos-nao-tem-pra-ninguem\/#primaryimage"},"image":{"@id":"https:\/\/www.notibras.com\/site\/hamilton-mn-ostra-no-canada-que-nos-treinos-nao-tem-pra-ninguem\/#primaryimage"},"thumbnailUrl":"https:\/\/www.notibras.com\/site\/wp-content\/uploads\/2015\/06\/lh.jpg","datePublished":"2015-06-06T18:54:33+00:00","dateModified":"2015-06-07T13:14:02+00:00","breadcrumb":{"@id":"https:\/\/www.notibras.com\/site\/hamilton-mn-ostra-no-canada-que-nos-treinos-nao-tem-pra-ninguem\/#breadcrumb"},"inLanguage":"pt-BR","potentialAction":[{"@type":"ReadAction","target":["https:\/\/www.notibras.com\/site\/hamilton-mn-ostra-no-canada-que-nos-treinos-nao-tem-pra-ninguem\/"]}]},{"@type":"ImageObject","inLanguage":"pt-BR","@id":"https:\/\/www.notibras.com\/site\/hamilton-mn-ostra-no-canada-que-nos-treinos-nao-tem-pra-ninguem\/#primaryimage","url":"https:\/\/www.notibras.com\/site\/wp-content\/uploads\/2015\/06\/lh.jpg","contentUrl":"https:\/\/www.notibras.com\/site\/wp-content\/uploads\/2015\/06\/lh.jpg","width":622,"height":350},{"@type":"BreadcrumbList","@id":"https:\/\/www.notibras.com\/site\/hamilton-mn-ostra-no-canada-que-nos-treinos-nao-tem-pra-ninguem\/#breadcrumb","itemListElement":[{"@type":"ListItem","position":1,"name":"In\u00edcio","item":"https:\/\/www.notibras.com\/site\/"},{"@type":"ListItem","position":2,"name":"Hamilton mostra no Canad\u00e1 que nos treinos da F1 n\u00e3o tem para ningu\u00e9m"}]},{"@type":"WebSite","@id":"https:\/\/www.notibras.com\/site\/#website","url":"https:\/\/www.notibras.com\/site\/","name":"Notibras","description":"Not\u00edcias de Bras\u00edlia, do Brasil e do Mundo","publisher":{"@id":"https:\/\/www.notibras.com\/site\/#organization"},"potentialAction":[{"@type":"SearchAction","target":{"@type":"EntryPoint","urlTemplate":"https:\/\/www.notibras.com\/site\/?s={search_term_string}"},"query-input":{"@type":"PropertyValueSpecification","valueRequired":true,"valueName":"search_term_string"}}],"inLanguage":"pt-BR"},{"@type":"Organization","@id":"https:\/\/www.notibras.com\/site\/#organization","name":"Grupo Notibras de Comunica\u00e7\u00e3o","url":"https:\/\/www.notibras.com\/site\/","logo":{"@type":"ImageObject","inLanguage":"pt-BR","@id":"https:\/\/www.notibras.com\/site\/#\/schema\/logo\/image\/","url":"https:\/\/www.notibras.com\/site\/wp-content\/uploads\/2023\/01\/notibras23.png","contentUrl":"https:\/\/www.notibras.com\/site\/wp-content\/uploads\/2023\/01\/notibras23.png","width":350,"height":87,"caption":"Grupo Notibras de Comunica\u00e7\u00e3o"},"image":{"@id":"https:\/\/www.notibras.com\/site\/#\/schema\/logo\/image\/"},"sameAs":["https:\/\/www.facebook.com\/notibras\/","https:\/\/x.com\/Notibras","https:\/\/www.instagram.com\/notibras\/"]},{"@type":"Person","@id":"https:\/\/www.notibras.com\/site\/#\/schema\/person\/36ab0979449956132d3e5b517ea76ac8","name":"Reda\u00e7\u00e3o","image":{"@type":"ImageObject","inLanguage":"pt-BR","@id":"https:\/\/secure.gravatar.com\/avatar\/e0a867bdedb85fd243eadf09663511f96fc81e0720a4a42581f334ad4303aa6b?s=96&d=mm&r=g","url":"https:\/\/secure.gravatar.com\/avatar\/e0a867bdedb85fd243eadf09663511f96fc81e0720a4a42581f334ad4303aa6b?s=96&d=mm&r=g","contentUrl":"https:\/\/secure.gravatar.com\/avatar\/e0a867bdedb85fd243eadf09663511f96fc81e0720a4a42581f334ad4303aa6b?s=96&d=mm&r=g","caption":"Reda\u00e7\u00e3o"}}]}},"amp_enabled":true,"_links":{"self":[{"href":"https:\/\/www.notibras.com\/site\/wp-json\/wp\/v2\/posts\/52403","targetHints":{"allow":["GET"]}}],"collection":[{"href":"https:\/\/www.notibras.com\/site\/wp-json\/wp\/v2\/posts"}],"about":[{"href":"https:\/\/www.notibras.com\/site\/wp-json\/wp\/v2\/types\/post"}],"author":[{"embeddable":true,"href":"https:\/\/www.notibras.com\/site\/wp-json\/wp\/v2\/users\/2"}],"replies":[{"embeddable":true,"href":"https:\/\/www.notibras.com\/site\/wp-json\/wp\/v2\/comments?post=52403"}],"version-history":[{"count":0,"href":"https:\/\/www.notibras.com\/site\/wp-json\/wp\/v2\/posts\/52403\/revisions"}],"wp:featuredmedia":[{"embeddable":true,"href":"https:\/\/www.notibras.com\/site\/wp-json\/wp\/v2\/media\/52404"}],"wp:attachment":[{"href":"https:\/\/www.notibras.com\/site\/wp-json\/wp\/v2\/media?parent=52403"}],"wp:term":[{"taxonomy":"category","embeddable":true,"href":"https:\/\/www.notibras.com\/site\/wp-json\/wp\/v2\/categories?post=52403"},{"taxonomy":"post_tag","embeddable":true,"href":"https:\/\/www.notibras.com\/site\/wp-json\/wp\/v2\/tags?post=52403"}],"curies":[{"name":"wp","href":"https:\/\/api.w.org\/{rel}","templated":true}]}}