{"id":52430,"date":"2015-06-06T18:01:09","date_gmt":"2015-06-06T21:01:09","guid":{"rendered":"http:\/\/www.notibras.com\/site\/?p=52430"},"modified":"2015-06-07T07:39:10","modified_gmt":"2015-06-07T10:39:10","slug":"barcelona-faz-3-a-1-na-juventus-e-levanta-a-taca-da-copa-dos-campeoes-da-europa","status":"publish","type":"post","link":"https:\/\/www.notibras.com\/site\/barcelona-faz-3-a-1-na-juventus-e-levanta-a-taca-da-copa-dos-campeoes-da-europa\/","title":{"rendered":"Barcelona faz 3 a 1 na Juventus e fica com a ta\u00e7a da Europa"},"content":{"rendered":"<p>O Barcelona fechou o primeiro semestre com \u00a0tudo a que tem direito. O time do ataque dos sonhos travou uma batalha dura com a valente Juventus. Saiu na frente no comecinho, levou o empate, foi amea\u00e7ado e venceu com Su\u00e1rez decisivo e Neymar oportunista nos acr\u00e9scimos. O 3 a 1 no est\u00e1dio Ol\u00edmpico de Berlim, por fim, consagrou uma temporada brilhante da equipe catal\u00e3.<\/p>\n<p>\u00c9 o terceiro t\u00edtulo do clube, que j\u00e1 havia levantado o Campeonato Espanhol e a Copa do Rei. \u00c9, tamb\u00e9m, a consagra\u00e7\u00e3o de Messi, Su\u00e1rez e Neymar, que em sua primeira temporada jogando juntos fizeram 121 gols e levaram o Barcelona para sua quinta Liga dos Campe\u00f5es, a primeira ap\u00f3s a gloriosa era Guardiola.<\/p>\n<p>E a presen\u00e7a da Juventus no est\u00e1dio Ol\u00edmpico de Berlim, onde ocorreu a grande decis\u00e3o, s\u00f3 engrandeceu a conquista. Sem a pot\u00eancia ofensiva do Barcelona, o time italiano montou uma marca\u00e7\u00e3o potente, por muitas vezes violenta, e soube encarar de frente o rival.<\/p>\n<blockquote><p>A Juventus saiu perdendo em menos de cinco minutos, com Rakitic completando uma linda jogada de Neymar e Iniesta. Com calma e frieza, chegou ao empate com Morata aproveitando um rebote de Ter Stegen. Chegou a ter o dom\u00ednio do jogo e certamente vai reclamar um suposto p\u00eanalti de Daniel Alves em Pogba. No fim, por\u00e9m, Messi arrancou, chutou e Su\u00e1rez aproveitou um rebote de Buffon para colocar o Barcelona no topo da Europa novamente.<\/p><\/blockquote>\n<p>O Barcelona teve o dom\u00ednio da bola e levou mais perigo, mas a Juventus nunca foi presa f\u00e1cil. Os piores momentos para os italianos foram os dez primeiros minutos. Aos 3, Rakitic completou uma linda linha de passe entre Neymar e Iniesta e abriu o placar. Dani Alves, em um chute de longe, exigiu uma grande defesa de Buffon. Da\u00ed em diante, a marca\u00e7\u00e3o da Juve acertou e os dois times passaram a dividir as chances, os alvinegros com finaliza\u00e7\u00f5es de longa dist\u00e2ncia e os catal\u00e3es com o \u00edmpeto do seu trio de ataque. At\u00e9 o intervalo, por\u00e9m, ningu\u00e9m mais marcou.<\/p>\n<p>O panorama do jogo se manteve. O Barcelona dominava e pressionava enquanto a Juventus marcava e se arriscava ocasionalmente. Em um desses ataques italianos, Tevez recebeu no meio da \u00e1rea, bateu de esquerda e Morata fez o gol do empate. O lance levantou a Juventus, que passou a ir com tudo para o ataque e parecia estar perto de uma virada. A equipe alvinegra chegou a pedir um p\u00eanalti de Dani Alves em Pogba, ignorado pelo \u00e1rbitro. S\u00f3 que um contra-ataque r\u00e1pido dos catal\u00e3es matou o jogo quando Messi arrancou, chutou firme e Su\u00e1rez aproveitou o rebote de Buffon para ampliar. Nos acr\u00e9scimos, Neymar, que teve um gol anulado, foi \u00e0 forra e fechou o placar em 3 a 1.<\/p>\n","protected":false},"excerpt":{"rendered":"<p>O Barcelona fechou o primeiro semestre com \u00a0tudo a que tem direito. O time do ataque dos sonhos travou uma batalha dura com a valente Juventus. Saiu na frente no comecinho, levou o empate, foi amea\u00e7ado e venceu com Su\u00e1rez decisivo e Neymar oportunista nos acr\u00e9scimos. O 3 a 1 no est\u00e1dio Ol\u00edmpico de Berlim, [&hellip;]<\/p>\n","protected":false},"author":2,"featured_media":52431,"comment_status":"open","ping_status":"closed","sticky":false,"template":"","format":"standard","meta":{"_acf_changed":false,"footnotes":""},"categories":[19,29],"tags":[],"class_list":["post-52430","post","type-post","status-publish","format-standard","has-post-thumbnail","hentry","category-esportes","category-futebol"],"acf":[],"yoast_head":"<!-- This site is optimized with the Yoast SEO plugin v27.2 - https:\/\/yoast.com\/product\/yoast-seo-wordpress\/ -->\n<title>Barcelona faz 3 a 1 na Juventus e fica com a ta\u00e7a da Europa - Notibras<\/title>\n<meta name=\"robots\" content=\"index, follow, max-snippet:-1, max-image-preview:large, max-video-preview:-1\" \/>\n<link rel=\"canonical\" href=\"https:\/\/www.notibras.com\/site\/barcelona-faz-3-a-1-na-juventus-e-levanta-a-taca-da-copa-dos-campeoes-da-europa\/\" \/>\n<meta property=\"og:locale\" content=\"pt_BR\" \/>\n<meta property=\"og:type\" content=\"article\" \/>\n<meta property=\"og:title\" content=\"Barcelona faz 3 a 1 na Juventus e fica com a ta\u00e7a da Europa - Notibras\" \/>\n<meta property=\"og:description\" content=\"O Barcelona fechou o primeiro semestre com \u00a0tudo a que tem direito. O time do ataque dos sonhos travou uma batalha dura com a valente Juventus. Saiu na frente no comecinho, levou o empate, foi amea\u00e7ado e venceu com Su\u00e1rez decisivo e Neymar oportunista nos acr\u00e9scimos. O 3 a 1 no est\u00e1dio Ol\u00edmpico de Berlim, [&hellip;]\" \/>\n<meta property=\"og:url\" content=\"https:\/\/www.notibras.com\/site\/barcelona-faz-3-a-1-na-juventus-e-levanta-a-taca-da-copa-dos-campeoes-da-europa\/\" \/>\n<meta property=\"og:site_name\" content=\"Notibras\" \/>\n<meta property=\"article:publisher\" content=\"https:\/\/www.facebook.com\/notibras\/\" \/>\n<meta property=\"article:published_time\" content=\"2015-06-06T21:01:09+00:00\" \/>\n<meta property=\"article:modified_time\" content=\"2015-06-07T10:39:10+00:00\" \/>\n<meta property=\"og:image\" content=\"https:\/\/www.notibras.com\/site\/wp-content\/uploads\/2015\/06\/barcelonagol1lucabrunoap.jpg\" \/>\n\t<meta property=\"og:image:width\" content=\"834\" \/>\n\t<meta property=\"og:image:height\" content=\"627\" \/>\n\t<meta property=\"og:image:type\" content=\"image\/jpeg\" \/>\n<meta name=\"author\" content=\"Reda\u00e7\u00e3o\" \/>\n<meta name=\"twitter:card\" content=\"summary_large_image\" \/>\n<meta name=\"twitter:creator\" content=\"@Notibras\" \/>\n<meta name=\"twitter:site\" content=\"@Notibras\" \/>\n<meta name=\"twitter:label1\" content=\"Escrito por\" \/>\n\t<meta name=\"twitter:data1\" content=\"Reda\u00e7\u00e3o\" \/>\n\t<meta name=\"twitter:label2\" content=\"Est. tempo de leitura\" \/>\n\t<meta name=\"twitter:data2\" content=\"2 minutos\" \/>\n<script type=\"application\/ld+json\" class=\"yoast-schema-graph\">{\"@context\":\"https:\/\/schema.org\",\"@graph\":[{\"@type\":\"Article\",\"@id\":\"https:\/\/www.notibras.com\/site\/barcelona-faz-3-a-1-na-juventus-e-levanta-a-taca-da-copa-dos-campeoes-da-europa\/#article\",\"isPartOf\":{\"@id\":\"https:\/\/www.notibras.com\/site\/barcelona-faz-3-a-1-na-juventus-e-levanta-a-taca-da-copa-dos-campeoes-da-europa\/\"},\"author\":{\"name\":\"Reda\u00e7\u00e3o\",\"@id\":\"https:\/\/www.notibras.com\/site\/#\/schema\/person\/36ab0979449956132d3e5b517ea76ac8\"},\"headline\":\"Barcelona faz 3 a 1 na Juventus e fica com a ta\u00e7a da Europa\",\"datePublished\":\"2015-06-06T21:01:09+00:00\",\"dateModified\":\"2015-06-07T10:39:10+00:00\",\"mainEntityOfPage\":{\"@id\":\"https:\/\/www.notibras.com\/site\/barcelona-faz-3-a-1-na-juventus-e-levanta-a-taca-da-copa-dos-campeoes-da-europa\/\"},\"wordCount\":495,\"commentCount\":0,\"publisher\":{\"@id\":\"https:\/\/www.notibras.com\/site\/#organization\"},\"image\":{\"@id\":\"https:\/\/www.notibras.com\/site\/barcelona-faz-3-a-1-na-juventus-e-levanta-a-taca-da-copa-dos-campeoes-da-europa\/#primaryimage\"},\"thumbnailUrl\":\"https:\/\/www.notibras.com\/site\/wp-content\/uploads\/2015\/06\/barcelonagol1lucabrunoap.jpg\",\"articleSection\":[\"Esportes\",\"Futebol\"],\"inLanguage\":\"pt-BR\",\"potentialAction\":[{\"@type\":\"CommentAction\",\"name\":\"Comment\",\"target\":[\"https:\/\/www.notibras.com\/site\/barcelona-faz-3-a-1-na-juventus-e-levanta-a-taca-da-copa-dos-campeoes-da-europa\/#respond\"]}]},{\"@type\":\"WebPage\",\"@id\":\"https:\/\/www.notibras.com\/site\/barcelona-faz-3-a-1-na-juventus-e-levanta-a-taca-da-copa-dos-campeoes-da-europa\/\",\"url\":\"https:\/\/www.notibras.com\/site\/barcelona-faz-3-a-1-na-juventus-e-levanta-a-taca-da-copa-dos-campeoes-da-europa\/\",\"name\":\"Barcelona faz 3 a 1 na Juventus e fica com a ta\u00e7a da Europa - Notibras\",\"isPartOf\":{\"@id\":\"https:\/\/www.notibras.com\/site\/#website\"},\"primaryImageOfPage\":{\"@id\":\"https:\/\/www.notibras.com\/site\/barcelona-faz-3-a-1-na-juventus-e-levanta-a-taca-da-copa-dos-campeoes-da-europa\/#primaryimage\"},\"image\":{\"@id\":\"https:\/\/www.notibras.com\/site\/barcelona-faz-3-a-1-na-juventus-e-levanta-a-taca-da-copa-dos-campeoes-da-europa\/#primaryimage\"},\"thumbnailUrl\":\"https:\/\/www.notibras.com\/site\/wp-content\/uploads\/2015\/06\/barcelonagol1lucabrunoap.jpg\",\"datePublished\":\"2015-06-06T21:01:09+00:00\",\"dateModified\":\"2015-06-07T10:39:10+00:00\",\"breadcrumb\":{\"@id\":\"https:\/\/www.notibras.com\/site\/barcelona-faz-3-a-1-na-juventus-e-levanta-a-taca-da-copa-dos-campeoes-da-europa\/#breadcrumb\"},\"inLanguage\":\"pt-BR\",\"potentialAction\":[{\"@type\":\"ReadAction\",\"target\":[\"https:\/\/www.notibras.com\/site\/barcelona-faz-3-a-1-na-juventus-e-levanta-a-taca-da-copa-dos-campeoes-da-europa\/\"]}]},{\"@type\":\"ImageObject\",\"inLanguage\":\"pt-BR\",\"@id\":\"https:\/\/www.notibras.com\/site\/barcelona-faz-3-a-1-na-juventus-e-levanta-a-taca-da-copa-dos-campeoes-da-europa\/#primaryimage\",\"url\":\"https:\/\/www.notibras.com\/site\/wp-content\/uploads\/2015\/06\/barcelonagol1lucabrunoap.jpg\",\"contentUrl\":\"https:\/\/www.notibras.com\/site\/wp-content\/uploads\/2015\/06\/barcelonagol1lucabrunoap.jpg\",\"width\":834,\"height\":627},{\"@type\":\"BreadcrumbList\",\"@id\":\"https:\/\/www.notibras.com\/site\/barcelona-faz-3-a-1-na-juventus-e-levanta-a-taca-da-copa-dos-campeoes-da-europa\/#breadcrumb\",\"itemListElement\":[{\"@type\":\"ListItem\",\"position\":1,\"name\":\"In\u00edcio\",\"item\":\"https:\/\/www.notibras.com\/site\/\"},{\"@type\":\"ListItem\",\"position\":2,\"name\":\"Barcelona faz 3 a 1 na Juventus e fica com a ta\u00e7a da Europa\"}]},{\"@type\":\"WebSite\",\"@id\":\"https:\/\/www.notibras.com\/site\/#website\",\"url\":\"https:\/\/www.notibras.com\/site\/\",\"name\":\"Notibras\",\"description\":\"Not\u00edcias de Bras\u00edlia, do Brasil e do Mundo\",\"publisher\":{\"@id\":\"https:\/\/www.notibras.com\/site\/#organization\"},\"potentialAction\":[{\"@type\":\"SearchAction\",\"target\":{\"@type\":\"EntryPoint\",\"urlTemplate\":\"https:\/\/www.notibras.com\/site\/?s={search_term_string}\"},\"query-input\":{\"@type\":\"PropertyValueSpecification\",\"valueRequired\":true,\"valueName\":\"search_term_string\"}}],\"inLanguage\":\"pt-BR\"},{\"@type\":\"Organization\",\"@id\":\"https:\/\/www.notibras.com\/site\/#organization\",\"name\":\"Grupo Notibras de Comunica\u00e7\u00e3o\",\"url\":\"https:\/\/www.notibras.com\/site\/\",\"logo\":{\"@type\":\"ImageObject\",\"inLanguage\":\"pt-BR\",\"@id\":\"https:\/\/www.notibras.com\/site\/#\/schema\/logo\/image\/\",\"url\":\"https:\/\/www.notibras.com\/site\/wp-content\/uploads\/2023\/01\/notibras23.png\",\"contentUrl\":\"https:\/\/www.notibras.com\/site\/wp-content\/uploads\/2023\/01\/notibras23.png\",\"width\":350,\"height\":87,\"caption\":\"Grupo Notibras de Comunica\u00e7\u00e3o\"},\"image\":{\"@id\":\"https:\/\/www.notibras.com\/site\/#\/schema\/logo\/image\/\"},\"sameAs\":[\"https:\/\/www.facebook.com\/notibras\/\",\"https:\/\/x.com\/Notibras\",\"https:\/\/www.instagram.com\/notibras\/\"]},{\"@type\":\"Person\",\"@id\":\"https:\/\/www.notibras.com\/site\/#\/schema\/person\/36ab0979449956132d3e5b517ea76ac8\",\"name\":\"Reda\u00e7\u00e3o\",\"image\":{\"@type\":\"ImageObject\",\"inLanguage\":\"pt-BR\",\"@id\":\"https:\/\/secure.gravatar.com\/avatar\/e0a867bdedb85fd243eadf09663511f96fc81e0720a4a42581f334ad4303aa6b?s=96&d=mm&r=g\",\"url\":\"https:\/\/secure.gravatar.com\/avatar\/e0a867bdedb85fd243eadf09663511f96fc81e0720a4a42581f334ad4303aa6b?s=96&d=mm&r=g\",\"contentUrl\":\"https:\/\/secure.gravatar.com\/avatar\/e0a867bdedb85fd243eadf09663511f96fc81e0720a4a42581f334ad4303aa6b?s=96&d=mm&r=g\",\"caption\":\"Reda\u00e7\u00e3o\"}}]}<\/script>\n<!-- \/ Yoast SEO plugin. -->","yoast_head_json":{"title":"Barcelona faz 3 a 1 na Juventus e fica com a ta\u00e7a da Europa - Notibras","robots":{"index":"index","follow":"follow","max-snippet":"max-snippet:-1","max-image-preview":"max-image-preview:large","max-video-preview":"max-video-preview:-1"},"canonical":"https:\/\/www.notibras.com\/site\/barcelona-faz-3-a-1-na-juventus-e-levanta-a-taca-da-copa-dos-campeoes-da-europa\/","og_locale":"pt_BR","og_type":"article","og_title":"Barcelona faz 3 a 1 na Juventus e fica com a ta\u00e7a da Europa - Notibras","og_description":"O Barcelona fechou o primeiro semestre com \u00a0tudo a que tem direito. O time do ataque dos sonhos travou uma batalha dura com a valente Juventus. Saiu na frente no comecinho, levou o empate, foi amea\u00e7ado e venceu com Su\u00e1rez decisivo e Neymar oportunista nos acr\u00e9scimos. O 3 a 1 no est\u00e1dio Ol\u00edmpico de Berlim, [&hellip;]","og_url":"https:\/\/www.notibras.com\/site\/barcelona-faz-3-a-1-na-juventus-e-levanta-a-taca-da-copa-dos-campeoes-da-europa\/","og_site_name":"Notibras","article_publisher":"https:\/\/www.facebook.com\/notibras\/","article_published_time":"2015-06-06T21:01:09+00:00","article_modified_time":"2015-06-07T10:39:10+00:00","og_image":[{"width":834,"height":627,"url":"https:\/\/www.notibras.com\/site\/wp-content\/uploads\/2015\/06\/barcelonagol1lucabrunoap.jpg","type":"image\/jpeg"}],"author":"Reda\u00e7\u00e3o","twitter_card":"summary_large_image","twitter_creator":"@Notibras","twitter_site":"@Notibras","twitter_misc":{"Escrito por":"Reda\u00e7\u00e3o","Est. tempo de leitura":"2 minutos"},"schema":{"@context":"https:\/\/schema.org","@graph":[{"@type":"Article","@id":"https:\/\/www.notibras.com\/site\/barcelona-faz-3-a-1-na-juventus-e-levanta-a-taca-da-copa-dos-campeoes-da-europa\/#article","isPartOf":{"@id":"https:\/\/www.notibras.com\/site\/barcelona-faz-3-a-1-na-juventus-e-levanta-a-taca-da-copa-dos-campeoes-da-europa\/"},"author":{"name":"Reda\u00e7\u00e3o","@id":"https:\/\/www.notibras.com\/site\/#\/schema\/person\/36ab0979449956132d3e5b517ea76ac8"},"headline":"Barcelona faz 3 a 1 na Juventus e fica com a ta\u00e7a da Europa","datePublished":"2015-06-06T21:01:09+00:00","dateModified":"2015-06-07T10:39:10+00:00","mainEntityOfPage":{"@id":"https:\/\/www.notibras.com\/site\/barcelona-faz-3-a-1-na-juventus-e-levanta-a-taca-da-copa-dos-campeoes-da-europa\/"},"wordCount":495,"commentCount":0,"publisher":{"@id":"https:\/\/www.notibras.com\/site\/#organization"},"image":{"@id":"https:\/\/www.notibras.com\/site\/barcelona-faz-3-a-1-na-juventus-e-levanta-a-taca-da-copa-dos-campeoes-da-europa\/#primaryimage"},"thumbnailUrl":"https:\/\/www.notibras.com\/site\/wp-content\/uploads\/2015\/06\/barcelonagol1lucabrunoap.jpg","articleSection":["Esportes","Futebol"],"inLanguage":"pt-BR","potentialAction":[{"@type":"CommentAction","name":"Comment","target":["https:\/\/www.notibras.com\/site\/barcelona-faz-3-a-1-na-juventus-e-levanta-a-taca-da-copa-dos-campeoes-da-europa\/#respond"]}]},{"@type":"WebPage","@id":"https:\/\/www.notibras.com\/site\/barcelona-faz-3-a-1-na-juventus-e-levanta-a-taca-da-copa-dos-campeoes-da-europa\/","url":"https:\/\/www.notibras.com\/site\/barcelona-faz-3-a-1-na-juventus-e-levanta-a-taca-da-copa-dos-campeoes-da-europa\/","name":"Barcelona faz 3 a 1 na Juventus e fica com a ta\u00e7a da Europa - Notibras","isPartOf":{"@id":"https:\/\/www.notibras.com\/site\/#website"},"primaryImageOfPage":{"@id":"https:\/\/www.notibras.com\/site\/barcelona-faz-3-a-1-na-juventus-e-levanta-a-taca-da-copa-dos-campeoes-da-europa\/#primaryimage"},"image":{"@id":"https:\/\/www.notibras.com\/site\/barcelona-faz-3-a-1-na-juventus-e-levanta-a-taca-da-copa-dos-campeoes-da-europa\/#primaryimage"},"thumbnailUrl":"https:\/\/www.notibras.com\/site\/wp-content\/uploads\/2015\/06\/barcelonagol1lucabrunoap.jpg","datePublished":"2015-06-06T21:01:09+00:00","dateModified":"2015-06-07T10:39:10+00:00","breadcrumb":{"@id":"https:\/\/www.notibras.com\/site\/barcelona-faz-3-a-1-na-juventus-e-levanta-a-taca-da-copa-dos-campeoes-da-europa\/#breadcrumb"},"inLanguage":"pt-BR","potentialAction":[{"@type":"ReadAction","target":["https:\/\/www.notibras.com\/site\/barcelona-faz-3-a-1-na-juventus-e-levanta-a-taca-da-copa-dos-campeoes-da-europa\/"]}]},{"@type":"ImageObject","inLanguage":"pt-BR","@id":"https:\/\/www.notibras.com\/site\/barcelona-faz-3-a-1-na-juventus-e-levanta-a-taca-da-copa-dos-campeoes-da-europa\/#primaryimage","url":"https:\/\/www.notibras.com\/site\/wp-content\/uploads\/2015\/06\/barcelonagol1lucabrunoap.jpg","contentUrl":"https:\/\/www.notibras.com\/site\/wp-content\/uploads\/2015\/06\/barcelonagol1lucabrunoap.jpg","width":834,"height":627},{"@type":"BreadcrumbList","@id":"https:\/\/www.notibras.com\/site\/barcelona-faz-3-a-1-na-juventus-e-levanta-a-taca-da-copa-dos-campeoes-da-europa\/#breadcrumb","itemListElement":[{"@type":"ListItem","position":1,"name":"In\u00edcio","item":"https:\/\/www.notibras.com\/site\/"},{"@type":"ListItem","position":2,"name":"Barcelona faz 3 a 1 na Juventus e fica com a ta\u00e7a da Europa"}]},{"@type":"WebSite","@id":"https:\/\/www.notibras.com\/site\/#website","url":"https:\/\/www.notibras.com\/site\/","name":"Notibras","description":"Not\u00edcias de Bras\u00edlia, do Brasil e do Mundo","publisher":{"@id":"https:\/\/www.notibras.com\/site\/#organization"},"potentialAction":[{"@type":"SearchAction","target":{"@type":"EntryPoint","urlTemplate":"https:\/\/www.notibras.com\/site\/?s={search_term_string}"},"query-input":{"@type":"PropertyValueSpecification","valueRequired":true,"valueName":"search_term_string"}}],"inLanguage":"pt-BR"},{"@type":"Organization","@id":"https:\/\/www.notibras.com\/site\/#organization","name":"Grupo Notibras de Comunica\u00e7\u00e3o","url":"https:\/\/www.notibras.com\/site\/","logo":{"@type":"ImageObject","inLanguage":"pt-BR","@id":"https:\/\/www.notibras.com\/site\/#\/schema\/logo\/image\/","url":"https:\/\/www.notibras.com\/site\/wp-content\/uploads\/2023\/01\/notibras23.png","contentUrl":"https:\/\/www.notibras.com\/site\/wp-content\/uploads\/2023\/01\/notibras23.png","width":350,"height":87,"caption":"Grupo Notibras de Comunica\u00e7\u00e3o"},"image":{"@id":"https:\/\/www.notibras.com\/site\/#\/schema\/logo\/image\/"},"sameAs":["https:\/\/www.facebook.com\/notibras\/","https:\/\/x.com\/Notibras","https:\/\/www.instagram.com\/notibras\/"]},{"@type":"Person","@id":"https:\/\/www.notibras.com\/site\/#\/schema\/person\/36ab0979449956132d3e5b517ea76ac8","name":"Reda\u00e7\u00e3o","image":{"@type":"ImageObject","inLanguage":"pt-BR","@id":"https:\/\/secure.gravatar.com\/avatar\/e0a867bdedb85fd243eadf09663511f96fc81e0720a4a42581f334ad4303aa6b?s=96&d=mm&r=g","url":"https:\/\/secure.gravatar.com\/avatar\/e0a867bdedb85fd243eadf09663511f96fc81e0720a4a42581f334ad4303aa6b?s=96&d=mm&r=g","contentUrl":"https:\/\/secure.gravatar.com\/avatar\/e0a867bdedb85fd243eadf09663511f96fc81e0720a4a42581f334ad4303aa6b?s=96&d=mm&r=g","caption":"Reda\u00e7\u00e3o"}}]}},"amp_enabled":true,"_links":{"self":[{"href":"https:\/\/www.notibras.com\/site\/wp-json\/wp\/v2\/posts\/52430","targetHints":{"allow":["GET"]}}],"collection":[{"href":"https:\/\/www.notibras.com\/site\/wp-json\/wp\/v2\/posts"}],"about":[{"href":"https:\/\/www.notibras.com\/site\/wp-json\/wp\/v2\/types\/post"}],"author":[{"embeddable":true,"href":"https:\/\/www.notibras.com\/site\/wp-json\/wp\/v2\/users\/2"}],"replies":[{"embeddable":true,"href":"https:\/\/www.notibras.com\/site\/wp-json\/wp\/v2\/comments?post=52430"}],"version-history":[{"count":0,"href":"https:\/\/www.notibras.com\/site\/wp-json\/wp\/v2\/posts\/52430\/revisions"}],"wp:featuredmedia":[{"embeddable":true,"href":"https:\/\/www.notibras.com\/site\/wp-json\/wp\/v2\/media\/52431"}],"wp:attachment":[{"href":"https:\/\/www.notibras.com\/site\/wp-json\/wp\/v2\/media?parent=52430"}],"wp:term":[{"taxonomy":"category","embeddable":true,"href":"https:\/\/www.notibras.com\/site\/wp-json\/wp\/v2\/categories?post=52430"},{"taxonomy":"post_tag","embeddable":true,"href":"https:\/\/www.notibras.com\/site\/wp-json\/wp\/v2\/tags?post=52430"}],"curies":[{"name":"wp","href":"https:\/\/api.w.org\/{rel}","templated":true}]}}