{"id":52621,"date":"2015-06-08T12:18:35","date_gmt":"2015-06-08T15:18:35","guid":{"rendered":"http:\/\/www.notibras.com\/site\/?p=52621"},"modified":"2015-06-08T12:18:35","modified_gmt":"2015-06-08T15:18:35","slug":"abandonado-parque-infantil-vira-ponto-de-trafico-em-samambaia","status":"publish","type":"post","link":"https:\/\/www.notibras.com\/site\/abandonado-parque-infantil-vira-ponto-de-trafico-em-samambaia\/","title":{"rendered":"Abandonado, parque infantil vira ponto de tr\u00e1fico em Samambaia"},"content":{"rendered":"<p>Henrique dos Santos, morador Quadra 419 de Samambaia Norte, reclama do abandono do parquinho infantil da regi\u00e3o que tem se transformado em pontos para tr\u00e1fico de drogas. O morador ressalta que todos ficam ref\u00e9m da criminalidade j\u00e1 que constantemente traficantes fazem do parque pontos de venda de drogas. Henrique sugere a desativa\u00e7\u00e3o do parque e refor\u00e7o policial na \u00e1rea.<\/p>\n","protected":false},"excerpt":{"rendered":"<p>Henrique dos Santos, morador Quadra 419 de Samambaia Norte, reclama do abandono do parquinho infantil da regi\u00e3o que tem se transformado em pontos para tr\u00e1fico de drogas. O morador ressalta que todos ficam ref\u00e9m da criminalidade j\u00e1 que constantemente traficantes fazem do parque pontos de venda de drogas. Henrique sugere a desativa\u00e7\u00e3o do parque e [&hellip;]<\/p>\n","protected":false},"author":2,"featured_media":52622,"comment_status":"open","ping_status":"closed","sticky":false,"template":"","format":"standard","meta":{"_acf_changed":false,"footnotes":""},"categories":[40],"tags":[],"class_list":["post-52621","post","type-post","status-publish","format-standard","has-post-thumbnail","hentry","category-zapzap-das-quadras"],"acf":[],"yoast_head":"<!-- This site is optimized with the Yoast SEO plugin v27.2 - https:\/\/yoast.com\/product\/yoast-seo-wordpress\/ -->\n<title>Abandonado, parque infantil vira ponto de tr\u00e1fico em Samambaia - Notibras<\/title>\n<meta name=\"robots\" content=\"index, follow, max-snippet:-1, max-image-preview:large, max-video-preview:-1\" \/>\n<link rel=\"canonical\" href=\"https:\/\/www.notibras.com\/site\/abandonado-parque-infantil-vira-ponto-de-trafico-em-samambaia\/\" \/>\n<meta property=\"og:locale\" content=\"pt_BR\" \/>\n<meta property=\"og:type\" content=\"article\" \/>\n<meta property=\"og:title\" content=\"Abandonado, parque infantil vira ponto de tr\u00e1fico em Samambaia - Notibras\" \/>\n<meta property=\"og:description\" content=\"Henrique dos Santos, morador Quadra 419 de Samambaia Norte, reclama do abandono do parquinho infantil da regi\u00e3o que tem se transformado em pontos para tr\u00e1fico de drogas. O morador ressalta que todos ficam ref\u00e9m da criminalidade j\u00e1 que constantemente traficantes fazem do parque pontos de venda de drogas. Henrique sugere a desativa\u00e7\u00e3o do parque e [&hellip;]\" \/>\n<meta property=\"og:url\" content=\"https:\/\/www.notibras.com\/site\/abandonado-parque-infantil-vira-ponto-de-trafico-em-samambaia\/\" \/>\n<meta property=\"og:site_name\" content=\"Notibras\" \/>\n<meta property=\"article:publisher\" content=\"https:\/\/www.facebook.com\/notibras\/\" \/>\n<meta property=\"article:published_time\" content=\"2015-06-08T15:18:35+00:00\" \/>\n<meta property=\"og:image\" content=\"https:\/\/www.notibras.com\/site\/wp-content\/uploads\/2015\/06\/PARQUINHO.jpg\" \/>\n\t<meta property=\"og:image:width\" content=\"400\" \/>\n\t<meta property=\"og:image:height\" content=\"300\" \/>\n\t<meta property=\"og:image:type\" content=\"image\/jpeg\" \/>\n<meta name=\"author\" content=\"Reda\u00e7\u00e3o\" \/>\n<meta name=\"twitter:card\" content=\"summary_large_image\" \/>\n<meta name=\"twitter:creator\" content=\"@Notibras\" \/>\n<meta name=\"twitter:site\" content=\"@Notibras\" \/>\n<meta name=\"twitter:label1\" content=\"Escrito por\" \/>\n\t<meta name=\"twitter:data1\" content=\"Reda\u00e7\u00e3o\" \/>\n<script type=\"application\/ld+json\" class=\"yoast-schema-graph\">{\"@context\":\"https:\/\/schema.org\",\"@graph\":[{\"@type\":\"Article\",\"@id\":\"https:\/\/www.notibras.com\/site\/abandonado-parque-infantil-vira-ponto-de-trafico-em-samambaia\/#article\",\"isPartOf\":{\"@id\":\"https:\/\/www.notibras.com\/site\/abandonado-parque-infantil-vira-ponto-de-trafico-em-samambaia\/\"},\"author\":{\"name\":\"Reda\u00e7\u00e3o\",\"@id\":\"https:\/\/www.notibras.com\/site\/#\/schema\/person\/36ab0979449956132d3e5b517ea76ac8\"},\"headline\":\"Abandonado, parque infantil vira ponto de tr\u00e1fico em Samambaia\",\"datePublished\":\"2015-06-08T15:18:35+00:00\",\"mainEntityOfPage\":{\"@id\":\"https:\/\/www.notibras.com\/site\/abandonado-parque-infantil-vira-ponto-de-trafico-em-samambaia\/\"},\"wordCount\":73,\"commentCount\":0,\"publisher\":{\"@id\":\"https:\/\/www.notibras.com\/site\/#organization\"},\"image\":{\"@id\":\"https:\/\/www.notibras.com\/site\/abandonado-parque-infantil-vira-ponto-de-trafico-em-samambaia\/#primaryimage\"},\"thumbnailUrl\":\"https:\/\/www.notibras.com\/site\/wp-content\/uploads\/2015\/06\/PARQUINHO.jpg\",\"articleSection\":[\"ZapZap das Quadras\"],\"inLanguage\":\"pt-BR\",\"potentialAction\":[{\"@type\":\"CommentAction\",\"name\":\"Comment\",\"target\":[\"https:\/\/www.notibras.com\/site\/abandonado-parque-infantil-vira-ponto-de-trafico-em-samambaia\/#respond\"]}]},{\"@type\":\"WebPage\",\"@id\":\"https:\/\/www.notibras.com\/site\/abandonado-parque-infantil-vira-ponto-de-trafico-em-samambaia\/\",\"url\":\"https:\/\/www.notibras.com\/site\/abandonado-parque-infantil-vira-ponto-de-trafico-em-samambaia\/\",\"name\":\"Abandonado, parque infantil vira ponto de tr\u00e1fico em Samambaia - Notibras\",\"isPartOf\":{\"@id\":\"https:\/\/www.notibras.com\/site\/#website\"},\"primaryImageOfPage\":{\"@id\":\"https:\/\/www.notibras.com\/site\/abandonado-parque-infantil-vira-ponto-de-trafico-em-samambaia\/#primaryimage\"},\"image\":{\"@id\":\"https:\/\/www.notibras.com\/site\/abandonado-parque-infantil-vira-ponto-de-trafico-em-samambaia\/#primaryimage\"},\"thumbnailUrl\":\"https:\/\/www.notibras.com\/site\/wp-content\/uploads\/2015\/06\/PARQUINHO.jpg\",\"datePublished\":\"2015-06-08T15:18:35+00:00\",\"breadcrumb\":{\"@id\":\"https:\/\/www.notibras.com\/site\/abandonado-parque-infantil-vira-ponto-de-trafico-em-samambaia\/#breadcrumb\"},\"inLanguage\":\"pt-BR\",\"potentialAction\":[{\"@type\":\"ReadAction\",\"target\":[\"https:\/\/www.notibras.com\/site\/abandonado-parque-infantil-vira-ponto-de-trafico-em-samambaia\/\"]}]},{\"@type\":\"ImageObject\",\"inLanguage\":\"pt-BR\",\"@id\":\"https:\/\/www.notibras.com\/site\/abandonado-parque-infantil-vira-ponto-de-trafico-em-samambaia\/#primaryimage\",\"url\":\"https:\/\/www.notibras.com\/site\/wp-content\/uploads\/2015\/06\/PARQUINHO.jpg\",\"contentUrl\":\"https:\/\/www.notibras.com\/site\/wp-content\/uploads\/2015\/06\/PARQUINHO.jpg\",\"width\":400,\"height\":300},{\"@type\":\"BreadcrumbList\",\"@id\":\"https:\/\/www.notibras.com\/site\/abandonado-parque-infantil-vira-ponto-de-trafico-em-samambaia\/#breadcrumb\",\"itemListElement\":[{\"@type\":\"ListItem\",\"position\":1,\"name\":\"In\u00edcio\",\"item\":\"https:\/\/www.notibras.com\/site\/\"},{\"@type\":\"ListItem\",\"position\":2,\"name\":\"Abandonado, parque infantil vira ponto de tr\u00e1fico em Samambaia\"}]},{\"@type\":\"WebSite\",\"@id\":\"https:\/\/www.notibras.com\/site\/#website\",\"url\":\"https:\/\/www.notibras.com\/site\/\",\"name\":\"Notibras\",\"description\":\"Not\u00edcias de Bras\u00edlia, do Brasil e do Mundo\",\"publisher\":{\"@id\":\"https:\/\/www.notibras.com\/site\/#organization\"},\"potentialAction\":[{\"@type\":\"SearchAction\",\"target\":{\"@type\":\"EntryPoint\",\"urlTemplate\":\"https:\/\/www.notibras.com\/site\/?s={search_term_string}\"},\"query-input\":{\"@type\":\"PropertyValueSpecification\",\"valueRequired\":true,\"valueName\":\"search_term_string\"}}],\"inLanguage\":\"pt-BR\"},{\"@type\":\"Organization\",\"@id\":\"https:\/\/www.notibras.com\/site\/#organization\",\"name\":\"Grupo Notibras de Comunica\u00e7\u00e3o\",\"url\":\"https:\/\/www.notibras.com\/site\/\",\"logo\":{\"@type\":\"ImageObject\",\"inLanguage\":\"pt-BR\",\"@id\":\"https:\/\/www.notibras.com\/site\/#\/schema\/logo\/image\/\",\"url\":\"https:\/\/www.notibras.com\/site\/wp-content\/uploads\/2023\/01\/notibras23.png\",\"contentUrl\":\"https:\/\/www.notibras.com\/site\/wp-content\/uploads\/2023\/01\/notibras23.png\",\"width\":350,\"height\":87,\"caption\":\"Grupo Notibras de Comunica\u00e7\u00e3o\"},\"image\":{\"@id\":\"https:\/\/www.notibras.com\/site\/#\/schema\/logo\/image\/\"},\"sameAs\":[\"https:\/\/www.facebook.com\/notibras\/\",\"https:\/\/x.com\/Notibras\",\"https:\/\/www.instagram.com\/notibras\/\"]},{\"@type\":\"Person\",\"@id\":\"https:\/\/www.notibras.com\/site\/#\/schema\/person\/36ab0979449956132d3e5b517ea76ac8\",\"name\":\"Reda\u00e7\u00e3o\",\"image\":{\"@type\":\"ImageObject\",\"inLanguage\":\"pt-BR\",\"@id\":\"https:\/\/secure.gravatar.com\/avatar\/e0a867bdedb85fd243eadf09663511f96fc81e0720a4a42581f334ad4303aa6b?s=96&d=mm&r=g\",\"url\":\"https:\/\/secure.gravatar.com\/avatar\/e0a867bdedb85fd243eadf09663511f96fc81e0720a4a42581f334ad4303aa6b?s=96&d=mm&r=g\",\"contentUrl\":\"https:\/\/secure.gravatar.com\/avatar\/e0a867bdedb85fd243eadf09663511f96fc81e0720a4a42581f334ad4303aa6b?s=96&d=mm&r=g\",\"caption\":\"Reda\u00e7\u00e3o\"}}]}<\/script>\n<!-- \/ Yoast SEO plugin. -->","yoast_head_json":{"title":"Abandonado, parque infantil vira ponto de tr\u00e1fico em Samambaia - Notibras","robots":{"index":"index","follow":"follow","max-snippet":"max-snippet:-1","max-image-preview":"max-image-preview:large","max-video-preview":"max-video-preview:-1"},"canonical":"https:\/\/www.notibras.com\/site\/abandonado-parque-infantil-vira-ponto-de-trafico-em-samambaia\/","og_locale":"pt_BR","og_type":"article","og_title":"Abandonado, parque infantil vira ponto de tr\u00e1fico em Samambaia - Notibras","og_description":"Henrique dos Santos, morador Quadra 419 de Samambaia Norte, reclama do abandono do parquinho infantil da regi\u00e3o que tem se transformado em pontos para tr\u00e1fico de drogas. O morador ressalta que todos ficam ref\u00e9m da criminalidade j\u00e1 que constantemente traficantes fazem do parque pontos de venda de drogas. Henrique sugere a desativa\u00e7\u00e3o do parque e [&hellip;]","og_url":"https:\/\/www.notibras.com\/site\/abandonado-parque-infantil-vira-ponto-de-trafico-em-samambaia\/","og_site_name":"Notibras","article_publisher":"https:\/\/www.facebook.com\/notibras\/","article_published_time":"2015-06-08T15:18:35+00:00","og_image":[{"width":400,"height":300,"url":"https:\/\/www.notibras.com\/site\/wp-content\/uploads\/2015\/06\/PARQUINHO.jpg","type":"image\/jpeg"}],"author":"Reda\u00e7\u00e3o","twitter_card":"summary_large_image","twitter_creator":"@Notibras","twitter_site":"@Notibras","twitter_misc":{"Escrito por":"Reda\u00e7\u00e3o"},"schema":{"@context":"https:\/\/schema.org","@graph":[{"@type":"Article","@id":"https:\/\/www.notibras.com\/site\/abandonado-parque-infantil-vira-ponto-de-trafico-em-samambaia\/#article","isPartOf":{"@id":"https:\/\/www.notibras.com\/site\/abandonado-parque-infantil-vira-ponto-de-trafico-em-samambaia\/"},"author":{"name":"Reda\u00e7\u00e3o","@id":"https:\/\/www.notibras.com\/site\/#\/schema\/person\/36ab0979449956132d3e5b517ea76ac8"},"headline":"Abandonado, parque infantil vira ponto de tr\u00e1fico em Samambaia","datePublished":"2015-06-08T15:18:35+00:00","mainEntityOfPage":{"@id":"https:\/\/www.notibras.com\/site\/abandonado-parque-infantil-vira-ponto-de-trafico-em-samambaia\/"},"wordCount":73,"commentCount":0,"publisher":{"@id":"https:\/\/www.notibras.com\/site\/#organization"},"image":{"@id":"https:\/\/www.notibras.com\/site\/abandonado-parque-infantil-vira-ponto-de-trafico-em-samambaia\/#primaryimage"},"thumbnailUrl":"https:\/\/www.notibras.com\/site\/wp-content\/uploads\/2015\/06\/PARQUINHO.jpg","articleSection":["ZapZap das Quadras"],"inLanguage":"pt-BR","potentialAction":[{"@type":"CommentAction","name":"Comment","target":["https:\/\/www.notibras.com\/site\/abandonado-parque-infantil-vira-ponto-de-trafico-em-samambaia\/#respond"]}]},{"@type":"WebPage","@id":"https:\/\/www.notibras.com\/site\/abandonado-parque-infantil-vira-ponto-de-trafico-em-samambaia\/","url":"https:\/\/www.notibras.com\/site\/abandonado-parque-infantil-vira-ponto-de-trafico-em-samambaia\/","name":"Abandonado, parque infantil vira ponto de tr\u00e1fico em Samambaia - Notibras","isPartOf":{"@id":"https:\/\/www.notibras.com\/site\/#website"},"primaryImageOfPage":{"@id":"https:\/\/www.notibras.com\/site\/abandonado-parque-infantil-vira-ponto-de-trafico-em-samambaia\/#primaryimage"},"image":{"@id":"https:\/\/www.notibras.com\/site\/abandonado-parque-infantil-vira-ponto-de-trafico-em-samambaia\/#primaryimage"},"thumbnailUrl":"https:\/\/www.notibras.com\/site\/wp-content\/uploads\/2015\/06\/PARQUINHO.jpg","datePublished":"2015-06-08T15:18:35+00:00","breadcrumb":{"@id":"https:\/\/www.notibras.com\/site\/abandonado-parque-infantil-vira-ponto-de-trafico-em-samambaia\/#breadcrumb"},"inLanguage":"pt-BR","potentialAction":[{"@type":"ReadAction","target":["https:\/\/www.notibras.com\/site\/abandonado-parque-infantil-vira-ponto-de-trafico-em-samambaia\/"]}]},{"@type":"ImageObject","inLanguage":"pt-BR","@id":"https:\/\/www.notibras.com\/site\/abandonado-parque-infantil-vira-ponto-de-trafico-em-samambaia\/#primaryimage","url":"https:\/\/www.notibras.com\/site\/wp-content\/uploads\/2015\/06\/PARQUINHO.jpg","contentUrl":"https:\/\/www.notibras.com\/site\/wp-content\/uploads\/2015\/06\/PARQUINHO.jpg","width":400,"height":300},{"@type":"BreadcrumbList","@id":"https:\/\/www.notibras.com\/site\/abandonado-parque-infantil-vira-ponto-de-trafico-em-samambaia\/#breadcrumb","itemListElement":[{"@type":"ListItem","position":1,"name":"In\u00edcio","item":"https:\/\/www.notibras.com\/site\/"},{"@type":"ListItem","position":2,"name":"Abandonado, parque infantil vira ponto de tr\u00e1fico em Samambaia"}]},{"@type":"WebSite","@id":"https:\/\/www.notibras.com\/site\/#website","url":"https:\/\/www.notibras.com\/site\/","name":"Notibras","description":"Not\u00edcias de Bras\u00edlia, do Brasil e do Mundo","publisher":{"@id":"https:\/\/www.notibras.com\/site\/#organization"},"potentialAction":[{"@type":"SearchAction","target":{"@type":"EntryPoint","urlTemplate":"https:\/\/www.notibras.com\/site\/?s={search_term_string}"},"query-input":{"@type":"PropertyValueSpecification","valueRequired":true,"valueName":"search_term_string"}}],"inLanguage":"pt-BR"},{"@type":"Organization","@id":"https:\/\/www.notibras.com\/site\/#organization","name":"Grupo Notibras de Comunica\u00e7\u00e3o","url":"https:\/\/www.notibras.com\/site\/","logo":{"@type":"ImageObject","inLanguage":"pt-BR","@id":"https:\/\/www.notibras.com\/site\/#\/schema\/logo\/image\/","url":"https:\/\/www.notibras.com\/site\/wp-content\/uploads\/2023\/01\/notibras23.png","contentUrl":"https:\/\/www.notibras.com\/site\/wp-content\/uploads\/2023\/01\/notibras23.png","width":350,"height":87,"caption":"Grupo Notibras de Comunica\u00e7\u00e3o"},"image":{"@id":"https:\/\/www.notibras.com\/site\/#\/schema\/logo\/image\/"},"sameAs":["https:\/\/www.facebook.com\/notibras\/","https:\/\/x.com\/Notibras","https:\/\/www.instagram.com\/notibras\/"]},{"@type":"Person","@id":"https:\/\/www.notibras.com\/site\/#\/schema\/person\/36ab0979449956132d3e5b517ea76ac8","name":"Reda\u00e7\u00e3o","image":{"@type":"ImageObject","inLanguage":"pt-BR","@id":"https:\/\/secure.gravatar.com\/avatar\/e0a867bdedb85fd243eadf09663511f96fc81e0720a4a42581f334ad4303aa6b?s=96&d=mm&r=g","url":"https:\/\/secure.gravatar.com\/avatar\/e0a867bdedb85fd243eadf09663511f96fc81e0720a4a42581f334ad4303aa6b?s=96&d=mm&r=g","contentUrl":"https:\/\/secure.gravatar.com\/avatar\/e0a867bdedb85fd243eadf09663511f96fc81e0720a4a42581f334ad4303aa6b?s=96&d=mm&r=g","caption":"Reda\u00e7\u00e3o"}}]}},"amp_enabled":true,"_links":{"self":[{"href":"https:\/\/www.notibras.com\/site\/wp-json\/wp\/v2\/posts\/52621","targetHints":{"allow":["GET"]}}],"collection":[{"href":"https:\/\/www.notibras.com\/site\/wp-json\/wp\/v2\/posts"}],"about":[{"href":"https:\/\/www.notibras.com\/site\/wp-json\/wp\/v2\/types\/post"}],"author":[{"embeddable":true,"href":"https:\/\/www.notibras.com\/site\/wp-json\/wp\/v2\/users\/2"}],"replies":[{"embeddable":true,"href":"https:\/\/www.notibras.com\/site\/wp-json\/wp\/v2\/comments?post=52621"}],"version-history":[{"count":0,"href":"https:\/\/www.notibras.com\/site\/wp-json\/wp\/v2\/posts\/52621\/revisions"}],"wp:featuredmedia":[{"embeddable":true,"href":"https:\/\/www.notibras.com\/site\/wp-json\/wp\/v2\/media\/52622"}],"wp:attachment":[{"href":"https:\/\/www.notibras.com\/site\/wp-json\/wp\/v2\/media?parent=52621"}],"wp:term":[{"taxonomy":"category","embeddable":true,"href":"https:\/\/www.notibras.com\/site\/wp-json\/wp\/v2\/categories?post=52621"},{"taxonomy":"post_tag","embeddable":true,"href":"https:\/\/www.notibras.com\/site\/wp-json\/wp\/v2\/tags?post=52621"}],"curies":[{"name":"wp","href":"https:\/\/api.w.org\/{rel}","templated":true}]}}