{"id":52737,"date":"2015-06-09T10:44:41","date_gmt":"2015-06-09T13:44:41","guid":{"rendered":"http:\/\/www.notibras.com\/site\/?p=52737"},"modified":"2015-06-09T10:44:41","modified_gmt":"2015-06-09T13:44:41","slug":"hora-e-de-cortar-gastos-para-evitar-problemas-pela-frente","status":"publish","type":"post","link":"https:\/\/www.notibras.com\/site\/hora-e-de-cortar-gastos-para-evitar-problemas-pela-frente\/","title":{"rendered":"Hora \u00e9 de cortar gastos para evitar problemas pela frente"},"content":{"rendered":"<p>Se olhamos para tr\u00e1s e verificarmos como nossos av\u00f3s viveram e, posteriormente, como foi a inf\u00e2ncia de nossos pais, iremos nos deparar com uma realidade social infinitamente menos confort\u00e1vel que a vida atual.<\/p>\n<p>Comecemos comparando a expectativa de vida daquela \u00e9poca com a atual e constataremos que o acesso aos hospitais e servi\u00e7os de sa\u00fade eram escassos. Ainda assim viviam uma vida muito saud\u00e1vel em in\u00fameros aspectos. As dificuldades do dia a dia eram imensas.<\/p>\n<p>A luz el\u00e9trica, por exemplo, era acess\u00edvel apenas a uma pequena parcela da popula\u00e7\u00e3o, hoje a maioria absoluta tem eletricidade em casa. Obviamente o acesso aos celulares, bem como a internet e a acessibilidade a in\u00fameros produtos e servi\u00e7os n\u00e3o existiam.<\/p>\n<blockquote><p>Que bom que o mundo evoluiu! Que bom que hoje podemos encontrar caf\u00e9, p\u00e3o e outros alimentos em muitos pontos de venda, nas esquinas de qualquer bairro. Al\u00e9m disso, \u00e9 muito f\u00e1cil fazer a\u00a0 recarga dos celulares e acessar a internet, mas tudo isso tem um pre\u00e7o.<\/p><\/blockquote>\n<p>O pre\u00e7o do conforto \u00e9 a dificuldade que temos em abandon\u00e1-lo e, portanto, temos que batalhar duro, produzir e ganhar muito dinheiro para sustentar o que conquistamos. Comemos mais e pagamos por isso. Vestimos mais e pagamos por isso. Usamos mais meios de transporte e, \u00e9 claro, pagamos por isso. Al\u00e9m da quantidade queremos tamb\u00e9m mais qualidade e, ent\u00e3o, tamb\u00e9m pagaremos mais pela qualidade melhor.<\/p>\n<p>No entanto, os tempos est\u00e3o dif\u00edceis. Quero acreditar e tor\u00e7o para que os planos do gtoverno sejam corretos e, que as medidas recessivas sejam breves, que at\u00e9 o final de 2016 tenhamos a economia nacional em ordem. Tomara que os \u00edndices de infla\u00e7\u00e3o, desemprego e taxa de desocupados voltem a registrar n\u00edveis civilizados. Nada garante que isso ir\u00e1 ocorrer e, por isso, \u00e9 bom olharmos para tr\u00e1s.<\/p>\n<p>Olhe e verifique como seus pais, com uma vida\u00a0 muito menos confort\u00e1vel, sem acesso a muito do que existe hoje, puderam viver momentos felizes e de forma saud\u00e1vel. Em muitos casos eles lutaram com menos recursos (e talvez educa\u00e7\u00e3o)\u00a0 do que voc\u00ea disp\u00f5e hoje. Mesmo assim, eles evolu\u00edram como cidad\u00e3os e seres humanos, puderam formar uma\u00a0 fam\u00edlia e criar os filhos.<\/p>\n<p>Analise o seu or\u00e7amento, verifique os gastos realmente necess\u00e1rios e estabele\u00e7a um plano m\u00ednimo de despesas. Fa\u00e7a isso antes que seja obrigado, por necessidade, a buscar um plano de sobreviv\u00eancia devido \u00e0 falta de emprego ou mesmo por conta da infla\u00e7\u00e3o.<\/p>\n<p><strong>Mauro Calil<\/strong><\/p>\n","protected":false},"excerpt":{"rendered":"<p>Se olhamos para tr\u00e1s e verificarmos como nossos av\u00f3s viveram e, posteriormente, como foi a inf\u00e2ncia de nossos pais, iremos nos deparar com uma realidade social infinitamente menos confort\u00e1vel que a vida atual. Comecemos comparando a expectativa de vida daquela \u00e9poca com a atual e constataremos que o acesso aos hospitais e servi\u00e7os de sa\u00fade [&hellip;]<\/p>\n","protected":false},"author":2,"featured_media":52739,"comment_status":"open","ping_status":"closed","sticky":false,"template":"","format":"standard","meta":{"_acf_changed":false,"footnotes":""},"categories":[25],"tags":[],"class_list":["post-52737","post","type-post","status-publish","format-standard","has-post-thumbnail","hentry","category-opina-ai"],"acf":[],"yoast_head":"<!-- This site is optimized with the Yoast SEO plugin v27.2 - https:\/\/yoast.com\/product\/yoast-seo-wordpress\/ -->\n<title>Hora \u00e9 de cortar gastos para evitar problemas pela frente - Notibras<\/title>\n<meta name=\"robots\" content=\"index, follow, max-snippet:-1, max-image-preview:large, max-video-preview:-1\" \/>\n<link rel=\"canonical\" href=\"https:\/\/www.notibras.com\/site\/hora-e-de-cortar-gastos-para-evitar-problemas-pela-frente\/\" \/>\n<meta property=\"og:locale\" content=\"pt_BR\" \/>\n<meta property=\"og:type\" content=\"article\" \/>\n<meta property=\"og:title\" content=\"Hora \u00e9 de cortar gastos para evitar problemas pela frente - Notibras\" \/>\n<meta property=\"og:description\" content=\"Se olhamos para tr\u00e1s e verificarmos como nossos av\u00f3s viveram e, posteriormente, como foi a inf\u00e2ncia de nossos pais, iremos nos deparar com uma realidade social infinitamente menos confort\u00e1vel que a vida atual. Comecemos comparando a expectativa de vida daquela \u00e9poca com a atual e constataremos que o acesso aos hospitais e servi\u00e7os de sa\u00fade [&hellip;]\" \/>\n<meta property=\"og:url\" content=\"https:\/\/www.notibras.com\/site\/hora-e-de-cortar-gastos-para-evitar-problemas-pela-frente\/\" \/>\n<meta property=\"og:site_name\" content=\"Notibras\" \/>\n<meta property=\"article:publisher\" content=\"https:\/\/www.facebook.com\/notibras\/\" \/>\n<meta property=\"article:published_time\" content=\"2015-06-09T13:44:41+00:00\" \/>\n<meta property=\"og:image\" content=\"https:\/\/www.notibras.com\/site\/wp-content\/uploads\/2015\/06\/or\u00e7amento.jpg\" \/>\n\t<meta property=\"og:image:width\" content=\"475\" \/>\n\t<meta property=\"og:image:height\" content=\"315\" \/>\n\t<meta property=\"og:image:type\" content=\"image\/jpeg\" \/>\n<meta name=\"author\" content=\"Reda\u00e7\u00e3o\" \/>\n<meta name=\"twitter:card\" content=\"summary_large_image\" \/>\n<meta name=\"twitter:creator\" content=\"@Notibras\" \/>\n<meta name=\"twitter:site\" content=\"@Notibras\" \/>\n<meta name=\"twitter:label1\" content=\"Escrito por\" \/>\n\t<meta name=\"twitter:data1\" content=\"Reda\u00e7\u00e3o\" \/>\n\t<meta name=\"twitter:label2\" content=\"Est. tempo de leitura\" \/>\n\t<meta name=\"twitter:data2\" content=\"2 minutos\" \/>\n<script type=\"application\/ld+json\" class=\"yoast-schema-graph\">{\"@context\":\"https:\/\/schema.org\",\"@graph\":[{\"@type\":\"Article\",\"@id\":\"https:\/\/www.notibras.com\/site\/hora-e-de-cortar-gastos-para-evitar-problemas-pela-frente\/#article\",\"isPartOf\":{\"@id\":\"https:\/\/www.notibras.com\/site\/hora-e-de-cortar-gastos-para-evitar-problemas-pela-frente\/\"},\"author\":{\"name\":\"Reda\u00e7\u00e3o\",\"@id\":\"https:\/\/www.notibras.com\/site\/#\/schema\/person\/36ab0979449956132d3e5b517ea76ac8\"},\"headline\":\"Hora \u00e9 de cortar gastos para evitar problemas pela frente\",\"datePublished\":\"2015-06-09T13:44:41+00:00\",\"mainEntityOfPage\":{\"@id\":\"https:\/\/www.notibras.com\/site\/hora-e-de-cortar-gastos-para-evitar-problemas-pela-frente\/\"},\"wordCount\":446,\"commentCount\":0,\"publisher\":{\"@id\":\"https:\/\/www.notibras.com\/site\/#organization\"},\"image\":{\"@id\":\"https:\/\/www.notibras.com\/site\/hora-e-de-cortar-gastos-para-evitar-problemas-pela-frente\/#primaryimage\"},\"thumbnailUrl\":\"https:\/\/www.notibras.com\/site\/wp-content\/uploads\/2015\/06\/or\u00e7amento.jpg\",\"articleSection\":[\"Opina a\u00ed\"],\"inLanguage\":\"pt-BR\",\"potentialAction\":[{\"@type\":\"CommentAction\",\"name\":\"Comment\",\"target\":[\"https:\/\/www.notibras.com\/site\/hora-e-de-cortar-gastos-para-evitar-problemas-pela-frente\/#respond\"]}]},{\"@type\":\"WebPage\",\"@id\":\"https:\/\/www.notibras.com\/site\/hora-e-de-cortar-gastos-para-evitar-problemas-pela-frente\/\",\"url\":\"https:\/\/www.notibras.com\/site\/hora-e-de-cortar-gastos-para-evitar-problemas-pela-frente\/\",\"name\":\"Hora \u00e9 de cortar gastos para evitar problemas pela frente - Notibras\",\"isPartOf\":{\"@id\":\"https:\/\/www.notibras.com\/site\/#website\"},\"primaryImageOfPage\":{\"@id\":\"https:\/\/www.notibras.com\/site\/hora-e-de-cortar-gastos-para-evitar-problemas-pela-frente\/#primaryimage\"},\"image\":{\"@id\":\"https:\/\/www.notibras.com\/site\/hora-e-de-cortar-gastos-para-evitar-problemas-pela-frente\/#primaryimage\"},\"thumbnailUrl\":\"https:\/\/www.notibras.com\/site\/wp-content\/uploads\/2015\/06\/or\u00e7amento.jpg\",\"datePublished\":\"2015-06-09T13:44:41+00:00\",\"breadcrumb\":{\"@id\":\"https:\/\/www.notibras.com\/site\/hora-e-de-cortar-gastos-para-evitar-problemas-pela-frente\/#breadcrumb\"},\"inLanguage\":\"pt-BR\",\"potentialAction\":[{\"@type\":\"ReadAction\",\"target\":[\"https:\/\/www.notibras.com\/site\/hora-e-de-cortar-gastos-para-evitar-problemas-pela-frente\/\"]}]},{\"@type\":\"ImageObject\",\"inLanguage\":\"pt-BR\",\"@id\":\"https:\/\/www.notibras.com\/site\/hora-e-de-cortar-gastos-para-evitar-problemas-pela-frente\/#primaryimage\",\"url\":\"https:\/\/www.notibras.com\/site\/wp-content\/uploads\/2015\/06\/or\u00e7amento.jpg\",\"contentUrl\":\"https:\/\/www.notibras.com\/site\/wp-content\/uploads\/2015\/06\/or\u00e7amento.jpg\",\"width\":475,\"height\":315},{\"@type\":\"BreadcrumbList\",\"@id\":\"https:\/\/www.notibras.com\/site\/hora-e-de-cortar-gastos-para-evitar-problemas-pela-frente\/#breadcrumb\",\"itemListElement\":[{\"@type\":\"ListItem\",\"position\":1,\"name\":\"In\u00edcio\",\"item\":\"https:\/\/www.notibras.com\/site\/\"},{\"@type\":\"ListItem\",\"position\":2,\"name\":\"Hora \u00e9 de cortar gastos para evitar problemas pela frente\"}]},{\"@type\":\"WebSite\",\"@id\":\"https:\/\/www.notibras.com\/site\/#website\",\"url\":\"https:\/\/www.notibras.com\/site\/\",\"name\":\"Notibras\",\"description\":\"Not\u00edcias de Bras\u00edlia, do Brasil e do Mundo\",\"publisher\":{\"@id\":\"https:\/\/www.notibras.com\/site\/#organization\"},\"potentialAction\":[{\"@type\":\"SearchAction\",\"target\":{\"@type\":\"EntryPoint\",\"urlTemplate\":\"https:\/\/www.notibras.com\/site\/?s={search_term_string}\"},\"query-input\":{\"@type\":\"PropertyValueSpecification\",\"valueRequired\":true,\"valueName\":\"search_term_string\"}}],\"inLanguage\":\"pt-BR\"},{\"@type\":\"Organization\",\"@id\":\"https:\/\/www.notibras.com\/site\/#organization\",\"name\":\"Grupo Notibras de Comunica\u00e7\u00e3o\",\"url\":\"https:\/\/www.notibras.com\/site\/\",\"logo\":{\"@type\":\"ImageObject\",\"inLanguage\":\"pt-BR\",\"@id\":\"https:\/\/www.notibras.com\/site\/#\/schema\/logo\/image\/\",\"url\":\"https:\/\/www.notibras.com\/site\/wp-content\/uploads\/2023\/01\/notibras23.png\",\"contentUrl\":\"https:\/\/www.notibras.com\/site\/wp-content\/uploads\/2023\/01\/notibras23.png\",\"width\":350,\"height\":87,\"caption\":\"Grupo Notibras de Comunica\u00e7\u00e3o\"},\"image\":{\"@id\":\"https:\/\/www.notibras.com\/site\/#\/schema\/logo\/image\/\"},\"sameAs\":[\"https:\/\/www.facebook.com\/notibras\/\",\"https:\/\/x.com\/Notibras\",\"https:\/\/www.instagram.com\/notibras\/\"]},{\"@type\":\"Person\",\"@id\":\"https:\/\/www.notibras.com\/site\/#\/schema\/person\/36ab0979449956132d3e5b517ea76ac8\",\"name\":\"Reda\u00e7\u00e3o\",\"image\":{\"@type\":\"ImageObject\",\"inLanguage\":\"pt-BR\",\"@id\":\"https:\/\/secure.gravatar.com\/avatar\/e0a867bdedb85fd243eadf09663511f96fc81e0720a4a42581f334ad4303aa6b?s=96&d=mm&r=g\",\"url\":\"https:\/\/secure.gravatar.com\/avatar\/e0a867bdedb85fd243eadf09663511f96fc81e0720a4a42581f334ad4303aa6b?s=96&d=mm&r=g\",\"contentUrl\":\"https:\/\/secure.gravatar.com\/avatar\/e0a867bdedb85fd243eadf09663511f96fc81e0720a4a42581f334ad4303aa6b?s=96&d=mm&r=g\",\"caption\":\"Reda\u00e7\u00e3o\"}}]}<\/script>\n<!-- \/ Yoast SEO plugin. -->","yoast_head_json":{"title":"Hora \u00e9 de cortar gastos para evitar problemas pela frente - Notibras","robots":{"index":"index","follow":"follow","max-snippet":"max-snippet:-1","max-image-preview":"max-image-preview:large","max-video-preview":"max-video-preview:-1"},"canonical":"https:\/\/www.notibras.com\/site\/hora-e-de-cortar-gastos-para-evitar-problemas-pela-frente\/","og_locale":"pt_BR","og_type":"article","og_title":"Hora \u00e9 de cortar gastos para evitar problemas pela frente - Notibras","og_description":"Se olhamos para tr\u00e1s e verificarmos como nossos av\u00f3s viveram e, posteriormente, como foi a inf\u00e2ncia de nossos pais, iremos nos deparar com uma realidade social infinitamente menos confort\u00e1vel que a vida atual. Comecemos comparando a expectativa de vida daquela \u00e9poca com a atual e constataremos que o acesso aos hospitais e servi\u00e7os de sa\u00fade [&hellip;]","og_url":"https:\/\/www.notibras.com\/site\/hora-e-de-cortar-gastos-para-evitar-problemas-pela-frente\/","og_site_name":"Notibras","article_publisher":"https:\/\/www.facebook.com\/notibras\/","article_published_time":"2015-06-09T13:44:41+00:00","og_image":[{"width":475,"height":315,"url":"https:\/\/www.notibras.com\/site\/wp-content\/uploads\/2015\/06\/or\u00e7amento.jpg","type":"image\/jpeg"}],"author":"Reda\u00e7\u00e3o","twitter_card":"summary_large_image","twitter_creator":"@Notibras","twitter_site":"@Notibras","twitter_misc":{"Escrito por":"Reda\u00e7\u00e3o","Est. tempo de leitura":"2 minutos"},"schema":{"@context":"https:\/\/schema.org","@graph":[{"@type":"Article","@id":"https:\/\/www.notibras.com\/site\/hora-e-de-cortar-gastos-para-evitar-problemas-pela-frente\/#article","isPartOf":{"@id":"https:\/\/www.notibras.com\/site\/hora-e-de-cortar-gastos-para-evitar-problemas-pela-frente\/"},"author":{"name":"Reda\u00e7\u00e3o","@id":"https:\/\/www.notibras.com\/site\/#\/schema\/person\/36ab0979449956132d3e5b517ea76ac8"},"headline":"Hora \u00e9 de cortar gastos para evitar problemas pela frente","datePublished":"2015-06-09T13:44:41+00:00","mainEntityOfPage":{"@id":"https:\/\/www.notibras.com\/site\/hora-e-de-cortar-gastos-para-evitar-problemas-pela-frente\/"},"wordCount":446,"commentCount":0,"publisher":{"@id":"https:\/\/www.notibras.com\/site\/#organization"},"image":{"@id":"https:\/\/www.notibras.com\/site\/hora-e-de-cortar-gastos-para-evitar-problemas-pela-frente\/#primaryimage"},"thumbnailUrl":"https:\/\/www.notibras.com\/site\/wp-content\/uploads\/2015\/06\/or\u00e7amento.jpg","articleSection":["Opina a\u00ed"],"inLanguage":"pt-BR","potentialAction":[{"@type":"CommentAction","name":"Comment","target":["https:\/\/www.notibras.com\/site\/hora-e-de-cortar-gastos-para-evitar-problemas-pela-frente\/#respond"]}]},{"@type":"WebPage","@id":"https:\/\/www.notibras.com\/site\/hora-e-de-cortar-gastos-para-evitar-problemas-pela-frente\/","url":"https:\/\/www.notibras.com\/site\/hora-e-de-cortar-gastos-para-evitar-problemas-pela-frente\/","name":"Hora \u00e9 de cortar gastos para evitar problemas pela frente - Notibras","isPartOf":{"@id":"https:\/\/www.notibras.com\/site\/#website"},"primaryImageOfPage":{"@id":"https:\/\/www.notibras.com\/site\/hora-e-de-cortar-gastos-para-evitar-problemas-pela-frente\/#primaryimage"},"image":{"@id":"https:\/\/www.notibras.com\/site\/hora-e-de-cortar-gastos-para-evitar-problemas-pela-frente\/#primaryimage"},"thumbnailUrl":"https:\/\/www.notibras.com\/site\/wp-content\/uploads\/2015\/06\/or\u00e7amento.jpg","datePublished":"2015-06-09T13:44:41+00:00","breadcrumb":{"@id":"https:\/\/www.notibras.com\/site\/hora-e-de-cortar-gastos-para-evitar-problemas-pela-frente\/#breadcrumb"},"inLanguage":"pt-BR","potentialAction":[{"@type":"ReadAction","target":["https:\/\/www.notibras.com\/site\/hora-e-de-cortar-gastos-para-evitar-problemas-pela-frente\/"]}]},{"@type":"ImageObject","inLanguage":"pt-BR","@id":"https:\/\/www.notibras.com\/site\/hora-e-de-cortar-gastos-para-evitar-problemas-pela-frente\/#primaryimage","url":"https:\/\/www.notibras.com\/site\/wp-content\/uploads\/2015\/06\/or\u00e7amento.jpg","contentUrl":"https:\/\/www.notibras.com\/site\/wp-content\/uploads\/2015\/06\/or\u00e7amento.jpg","width":475,"height":315},{"@type":"BreadcrumbList","@id":"https:\/\/www.notibras.com\/site\/hora-e-de-cortar-gastos-para-evitar-problemas-pela-frente\/#breadcrumb","itemListElement":[{"@type":"ListItem","position":1,"name":"In\u00edcio","item":"https:\/\/www.notibras.com\/site\/"},{"@type":"ListItem","position":2,"name":"Hora \u00e9 de cortar gastos para evitar problemas pela frente"}]},{"@type":"WebSite","@id":"https:\/\/www.notibras.com\/site\/#website","url":"https:\/\/www.notibras.com\/site\/","name":"Notibras","description":"Not\u00edcias de Bras\u00edlia, do Brasil e do Mundo","publisher":{"@id":"https:\/\/www.notibras.com\/site\/#organization"},"potentialAction":[{"@type":"SearchAction","target":{"@type":"EntryPoint","urlTemplate":"https:\/\/www.notibras.com\/site\/?s={search_term_string}"},"query-input":{"@type":"PropertyValueSpecification","valueRequired":true,"valueName":"search_term_string"}}],"inLanguage":"pt-BR"},{"@type":"Organization","@id":"https:\/\/www.notibras.com\/site\/#organization","name":"Grupo Notibras de Comunica\u00e7\u00e3o","url":"https:\/\/www.notibras.com\/site\/","logo":{"@type":"ImageObject","inLanguage":"pt-BR","@id":"https:\/\/www.notibras.com\/site\/#\/schema\/logo\/image\/","url":"https:\/\/www.notibras.com\/site\/wp-content\/uploads\/2023\/01\/notibras23.png","contentUrl":"https:\/\/www.notibras.com\/site\/wp-content\/uploads\/2023\/01\/notibras23.png","width":350,"height":87,"caption":"Grupo Notibras de Comunica\u00e7\u00e3o"},"image":{"@id":"https:\/\/www.notibras.com\/site\/#\/schema\/logo\/image\/"},"sameAs":["https:\/\/www.facebook.com\/notibras\/","https:\/\/x.com\/Notibras","https:\/\/www.instagram.com\/notibras\/"]},{"@type":"Person","@id":"https:\/\/www.notibras.com\/site\/#\/schema\/person\/36ab0979449956132d3e5b517ea76ac8","name":"Reda\u00e7\u00e3o","image":{"@type":"ImageObject","inLanguage":"pt-BR","@id":"https:\/\/secure.gravatar.com\/avatar\/e0a867bdedb85fd243eadf09663511f96fc81e0720a4a42581f334ad4303aa6b?s=96&d=mm&r=g","url":"https:\/\/secure.gravatar.com\/avatar\/e0a867bdedb85fd243eadf09663511f96fc81e0720a4a42581f334ad4303aa6b?s=96&d=mm&r=g","contentUrl":"https:\/\/secure.gravatar.com\/avatar\/e0a867bdedb85fd243eadf09663511f96fc81e0720a4a42581f334ad4303aa6b?s=96&d=mm&r=g","caption":"Reda\u00e7\u00e3o"}}]}},"amp_enabled":true,"_links":{"self":[{"href":"https:\/\/www.notibras.com\/site\/wp-json\/wp\/v2\/posts\/52737","targetHints":{"allow":["GET"]}}],"collection":[{"href":"https:\/\/www.notibras.com\/site\/wp-json\/wp\/v2\/posts"}],"about":[{"href":"https:\/\/www.notibras.com\/site\/wp-json\/wp\/v2\/types\/post"}],"author":[{"embeddable":true,"href":"https:\/\/www.notibras.com\/site\/wp-json\/wp\/v2\/users\/2"}],"replies":[{"embeddable":true,"href":"https:\/\/www.notibras.com\/site\/wp-json\/wp\/v2\/comments?post=52737"}],"version-history":[{"count":0,"href":"https:\/\/www.notibras.com\/site\/wp-json\/wp\/v2\/posts\/52737\/revisions"}],"wp:featuredmedia":[{"embeddable":true,"href":"https:\/\/www.notibras.com\/site\/wp-json\/wp\/v2\/media\/52739"}],"wp:attachment":[{"href":"https:\/\/www.notibras.com\/site\/wp-json\/wp\/v2\/media?parent=52737"}],"wp:term":[{"taxonomy":"category","embeddable":true,"href":"https:\/\/www.notibras.com\/site\/wp-json\/wp\/v2\/categories?post=52737"},{"taxonomy":"post_tag","embeddable":true,"href":"https:\/\/www.notibras.com\/site\/wp-json\/wp\/v2\/tags?post=52737"}],"curies":[{"name":"wp","href":"https:\/\/api.w.org\/{rel}","templated":true}]}}