{"id":52836,"date":"2015-06-09T23:48:55","date_gmt":"2015-06-10T02:48:55","guid":{"rendered":"http:\/\/www.notibras.com\/site\/?p=52836"},"modified":"2015-06-09T23:49:48","modified_gmt":"2015-06-10T02:49:48","slug":"qualidade-dos-rios-que-abastecem-paulistas-esta-cada-vez-pior","status":"publish","type":"post","link":"https:\/\/www.notibras.com\/site\/qualidade-dos-rios-que-abastecem-paulistas-esta-cada-vez-pior\/","title":{"rendered":"Qualidade dos rios que abastecem a \u00e1gua dos paulistas est\u00e1 piorando"},"content":{"rendered":"<p>Relat\u00f3rio sobre a qualidade das \u00e1guas dos rios utilizados para abastecimento p\u00fablico, feito pela Companhia Ambiental do Estado de S\u00e3o Paulo (Cetesb), apontou que em 2014 houve queda no padr\u00e3o dos recursos h\u00eddricos do estado, na compara\u00e7\u00e3o com os \u00faltimos cinco anos. Segundo a Cetesb, isso se deve \u00e0 escassez h\u00eddrica de 2014.<\/p>\n<p>\u201cO ano de 2014 foi at\u00edpico para a Qualidade Ambiental. No per\u00edodo de estiagem os corpos h\u00eddricos t\u00eam menos \u00e1gua para dilui\u00e7\u00e3o de poluentes lan\u00e7ados e a atmosfera tamb\u00e9m fica prejudicada pela maior frequ\u00eancia de condi\u00e7\u00f5es desfavor\u00e1veis \u00e0 dispers\u00e3o dos poluentes. A estiagem observada no final de 2013 e ao longo de todo o ano de 2014 trouxe consequ\u00eancias para o meio ambiente como um todo\u201d, diz o relat\u00f3rio da Cetesb.<\/p>\n<blockquote><p>De um total de 315 pontos de medi\u00e7\u00e3o instalados nos principais rios do estado, no ano passado, 90 apresentaram, segundo a Cetesb, a pior qualidade de \u00e1gua dos \u00faltimos seis anos. Metade deles foram classificados nas categorias p\u00e9ssimo e ruim. A piora, segundo o \u00f3rg\u00e3o, est\u00e1 relacionada com a diminui\u00e7\u00e3o da capacidade de dilui\u00e7\u00e3o dos rios, em virtude da estiagem prolongada e pelo crescimento de \u00e1reas urbanas sem tratamento de esgoto.<\/p><\/blockquote>\n<p>Entre os pontos que atingiram o n\u00edvel p\u00e9ssimo est\u00e1 a Bacia do Rio Piracicaba, que forma o Sistema Cantareira, registrando, inclusive, epis\u00f3dios de mortandade de peixes em grande propor\u00e7\u00e3o, segundo a Cetesb.<\/p>\n<p>De acordo com o relat\u00f3rio, as categorias \u00f3tima, boa e regular sobre a qualidade dos rios de S\u00e3o Paulo somaram 79% em 2014, com redu\u00e7\u00e3o de 5% em rela\u00e7\u00e3o a 2013. O porcentual de rios com qualidade p\u00e9ssima subiu de 6% para 9% e, de qualidade ruim, de 10% para 12%. Do total de pontos monitorados, 82% apresentaram piora no \u00edndice.<\/p>\n<p><strong>Elaine Patricia Cruz, ABr<\/strong><\/p>\n","protected":false},"excerpt":{"rendered":"<p>Relat\u00f3rio sobre a qualidade das \u00e1guas dos rios utilizados para abastecimento p\u00fablico, feito pela Companhia Ambiental do Estado de S\u00e3o Paulo (Cetesb), apontou que em 2014 houve queda no padr\u00e3o dos recursos h\u00eddricos do estado, na compara\u00e7\u00e3o com os \u00faltimos cinco anos. Segundo a Cetesb, isso se deve \u00e0 escassez h\u00eddrica de 2014. \u201cO ano [&hellip;]<\/p>\n","protected":false},"author":2,"featured_media":52837,"comment_status":"open","ping_status":"closed","sticky":false,"template":"","format":"standard","meta":{"_acf_changed":false,"footnotes":""},"categories":[16],"tags":[],"class_list":["post-52836","post","type-post","status-publish","format-standard","has-post-thumbnail","hentry","category-brasil"],"acf":[],"yoast_head":"<!-- This site is optimized with the Yoast SEO plugin v27.2 - https:\/\/yoast.com\/product\/yoast-seo-wordpress\/ -->\n<title>Qualidade dos rios que abastecem a \u00e1gua dos paulistas est\u00e1 piorando - Notibras<\/title>\n<meta name=\"robots\" content=\"index, follow, max-snippet:-1, max-image-preview:large, max-video-preview:-1\" \/>\n<link rel=\"canonical\" href=\"https:\/\/www.notibras.com\/site\/qualidade-dos-rios-que-abastecem-paulistas-esta-cada-vez-pior\/\" \/>\n<meta property=\"og:locale\" content=\"pt_BR\" \/>\n<meta property=\"og:type\" content=\"article\" \/>\n<meta property=\"og:title\" content=\"Qualidade dos rios que abastecem a \u00e1gua dos paulistas est\u00e1 piorando - Notibras\" \/>\n<meta property=\"og:description\" content=\"Relat\u00f3rio sobre a qualidade das \u00e1guas dos rios utilizados para abastecimento p\u00fablico, feito pela Companhia Ambiental do Estado de S\u00e3o Paulo (Cetesb), apontou que em 2014 houve queda no padr\u00e3o dos recursos h\u00eddricos do estado, na compara\u00e7\u00e3o com os \u00faltimos cinco anos. Segundo a Cetesb, isso se deve \u00e0 escassez h\u00eddrica de 2014. \u201cO ano [&hellip;]\" \/>\n<meta property=\"og:url\" content=\"https:\/\/www.notibras.com\/site\/qualidade-dos-rios-que-abastecem-paulistas-esta-cada-vez-pior\/\" \/>\n<meta property=\"og:site_name\" content=\"Notibras\" \/>\n<meta property=\"article:publisher\" content=\"https:\/\/www.facebook.com\/notibras\/\" \/>\n<meta property=\"article:published_time\" content=\"2015-06-10T02:48:55+00:00\" \/>\n<meta property=\"article:modified_time\" content=\"2015-06-10T02:49:48+00:00\" \/>\n<meta property=\"og:image\" content=\"https:\/\/www.notibras.com\/site\/wp-content\/uploads\/2015\/06\/fotos-de-rio-tiete-5.jpg\" \/>\n\t<meta property=\"og:image:width\" content=\"650\" \/>\n\t<meta property=\"og:image:height\" content=\"457\" \/>\n\t<meta property=\"og:image:type\" content=\"image\/jpeg\" \/>\n<meta name=\"author\" content=\"Reda\u00e7\u00e3o\" \/>\n<meta name=\"twitter:card\" content=\"summary_large_image\" \/>\n<meta name=\"twitter:creator\" content=\"@Notibras\" \/>\n<meta name=\"twitter:site\" content=\"@Notibras\" \/>\n<meta name=\"twitter:label1\" content=\"Escrito por\" \/>\n\t<meta name=\"twitter:data1\" content=\"Reda\u00e7\u00e3o\" \/>\n\t<meta name=\"twitter:label2\" content=\"Est. tempo de leitura\" \/>\n\t<meta name=\"twitter:data2\" content=\"2 minutos\" \/>\n<script type=\"application\/ld+json\" class=\"yoast-schema-graph\">{\"@context\":\"https:\/\/schema.org\",\"@graph\":[{\"@type\":\"Article\",\"@id\":\"https:\/\/www.notibras.com\/site\/qualidade-dos-rios-que-abastecem-paulistas-esta-cada-vez-pior\/#article\",\"isPartOf\":{\"@id\":\"https:\/\/www.notibras.com\/site\/qualidade-dos-rios-que-abastecem-paulistas-esta-cada-vez-pior\/\"},\"author\":{\"name\":\"Reda\u00e7\u00e3o\",\"@id\":\"https:\/\/www.notibras.com\/site\/#\/schema\/person\/36ab0979449956132d3e5b517ea76ac8\"},\"headline\":\"Qualidade dos rios que abastecem a \u00e1gua dos paulistas est\u00e1 piorando\",\"datePublished\":\"2015-06-10T02:48:55+00:00\",\"dateModified\":\"2015-06-10T02:49:48+00:00\",\"mainEntityOfPage\":{\"@id\":\"https:\/\/www.notibras.com\/site\/qualidade-dos-rios-que-abastecem-paulistas-esta-cada-vez-pior\/\"},\"wordCount\":319,\"commentCount\":0,\"publisher\":{\"@id\":\"https:\/\/www.notibras.com\/site\/#organization\"},\"image\":{\"@id\":\"https:\/\/www.notibras.com\/site\/qualidade-dos-rios-que-abastecem-paulistas-esta-cada-vez-pior\/#primaryimage\"},\"thumbnailUrl\":\"https:\/\/www.notibras.com\/site\/wp-content\/uploads\/2015\/06\/fotos-de-rio-tiete-5.jpg\",\"articleSection\":[\"Brasil\"],\"inLanguage\":\"pt-BR\",\"potentialAction\":[{\"@type\":\"CommentAction\",\"name\":\"Comment\",\"target\":[\"https:\/\/www.notibras.com\/site\/qualidade-dos-rios-que-abastecem-paulistas-esta-cada-vez-pior\/#respond\"]}]},{\"@type\":\"WebPage\",\"@id\":\"https:\/\/www.notibras.com\/site\/qualidade-dos-rios-que-abastecem-paulistas-esta-cada-vez-pior\/\",\"url\":\"https:\/\/www.notibras.com\/site\/qualidade-dos-rios-que-abastecem-paulistas-esta-cada-vez-pior\/\",\"name\":\"Qualidade dos rios que abastecem a \u00e1gua dos paulistas est\u00e1 piorando - Notibras\",\"isPartOf\":{\"@id\":\"https:\/\/www.notibras.com\/site\/#website\"},\"primaryImageOfPage\":{\"@id\":\"https:\/\/www.notibras.com\/site\/qualidade-dos-rios-que-abastecem-paulistas-esta-cada-vez-pior\/#primaryimage\"},\"image\":{\"@id\":\"https:\/\/www.notibras.com\/site\/qualidade-dos-rios-que-abastecem-paulistas-esta-cada-vez-pior\/#primaryimage\"},\"thumbnailUrl\":\"https:\/\/www.notibras.com\/site\/wp-content\/uploads\/2015\/06\/fotos-de-rio-tiete-5.jpg\",\"datePublished\":\"2015-06-10T02:48:55+00:00\",\"dateModified\":\"2015-06-10T02:49:48+00:00\",\"breadcrumb\":{\"@id\":\"https:\/\/www.notibras.com\/site\/qualidade-dos-rios-que-abastecem-paulistas-esta-cada-vez-pior\/#breadcrumb\"},\"inLanguage\":\"pt-BR\",\"potentialAction\":[{\"@type\":\"ReadAction\",\"target\":[\"https:\/\/www.notibras.com\/site\/qualidade-dos-rios-que-abastecem-paulistas-esta-cada-vez-pior\/\"]}]},{\"@type\":\"ImageObject\",\"inLanguage\":\"pt-BR\",\"@id\":\"https:\/\/www.notibras.com\/site\/qualidade-dos-rios-que-abastecem-paulistas-esta-cada-vez-pior\/#primaryimage\",\"url\":\"https:\/\/www.notibras.com\/site\/wp-content\/uploads\/2015\/06\/fotos-de-rio-tiete-5.jpg\",\"contentUrl\":\"https:\/\/www.notibras.com\/site\/wp-content\/uploads\/2015\/06\/fotos-de-rio-tiete-5.jpg\",\"width\":650,\"height\":457},{\"@type\":\"BreadcrumbList\",\"@id\":\"https:\/\/www.notibras.com\/site\/qualidade-dos-rios-que-abastecem-paulistas-esta-cada-vez-pior\/#breadcrumb\",\"itemListElement\":[{\"@type\":\"ListItem\",\"position\":1,\"name\":\"In\u00edcio\",\"item\":\"https:\/\/www.notibras.com\/site\/\"},{\"@type\":\"ListItem\",\"position\":2,\"name\":\"Qualidade dos rios que abastecem a \u00e1gua dos paulistas est\u00e1 piorando\"}]},{\"@type\":\"WebSite\",\"@id\":\"https:\/\/www.notibras.com\/site\/#website\",\"url\":\"https:\/\/www.notibras.com\/site\/\",\"name\":\"Notibras\",\"description\":\"Not\u00edcias de Bras\u00edlia, do Brasil e do Mundo\",\"publisher\":{\"@id\":\"https:\/\/www.notibras.com\/site\/#organization\"},\"potentialAction\":[{\"@type\":\"SearchAction\",\"target\":{\"@type\":\"EntryPoint\",\"urlTemplate\":\"https:\/\/www.notibras.com\/site\/?s={search_term_string}\"},\"query-input\":{\"@type\":\"PropertyValueSpecification\",\"valueRequired\":true,\"valueName\":\"search_term_string\"}}],\"inLanguage\":\"pt-BR\"},{\"@type\":\"Organization\",\"@id\":\"https:\/\/www.notibras.com\/site\/#organization\",\"name\":\"Grupo Notibras de Comunica\u00e7\u00e3o\",\"url\":\"https:\/\/www.notibras.com\/site\/\",\"logo\":{\"@type\":\"ImageObject\",\"inLanguage\":\"pt-BR\",\"@id\":\"https:\/\/www.notibras.com\/site\/#\/schema\/logo\/image\/\",\"url\":\"https:\/\/www.notibras.com\/site\/wp-content\/uploads\/2023\/01\/notibras23.png\",\"contentUrl\":\"https:\/\/www.notibras.com\/site\/wp-content\/uploads\/2023\/01\/notibras23.png\",\"width\":350,\"height\":87,\"caption\":\"Grupo Notibras de Comunica\u00e7\u00e3o\"},\"image\":{\"@id\":\"https:\/\/www.notibras.com\/site\/#\/schema\/logo\/image\/\"},\"sameAs\":[\"https:\/\/www.facebook.com\/notibras\/\",\"https:\/\/x.com\/Notibras\",\"https:\/\/www.instagram.com\/notibras\/\"]},{\"@type\":\"Person\",\"@id\":\"https:\/\/www.notibras.com\/site\/#\/schema\/person\/36ab0979449956132d3e5b517ea76ac8\",\"name\":\"Reda\u00e7\u00e3o\",\"image\":{\"@type\":\"ImageObject\",\"inLanguage\":\"pt-BR\",\"@id\":\"https:\/\/secure.gravatar.com\/avatar\/e0a867bdedb85fd243eadf09663511f96fc81e0720a4a42581f334ad4303aa6b?s=96&d=mm&r=g\",\"url\":\"https:\/\/secure.gravatar.com\/avatar\/e0a867bdedb85fd243eadf09663511f96fc81e0720a4a42581f334ad4303aa6b?s=96&d=mm&r=g\",\"contentUrl\":\"https:\/\/secure.gravatar.com\/avatar\/e0a867bdedb85fd243eadf09663511f96fc81e0720a4a42581f334ad4303aa6b?s=96&d=mm&r=g\",\"caption\":\"Reda\u00e7\u00e3o\"}}]}<\/script>\n<!-- \/ Yoast SEO plugin. -->","yoast_head_json":{"title":"Qualidade dos rios que abastecem a \u00e1gua dos paulistas est\u00e1 piorando - Notibras","robots":{"index":"index","follow":"follow","max-snippet":"max-snippet:-1","max-image-preview":"max-image-preview:large","max-video-preview":"max-video-preview:-1"},"canonical":"https:\/\/www.notibras.com\/site\/qualidade-dos-rios-que-abastecem-paulistas-esta-cada-vez-pior\/","og_locale":"pt_BR","og_type":"article","og_title":"Qualidade dos rios que abastecem a \u00e1gua dos paulistas est\u00e1 piorando - Notibras","og_description":"Relat\u00f3rio sobre a qualidade das \u00e1guas dos rios utilizados para abastecimento p\u00fablico, feito pela Companhia Ambiental do Estado de S\u00e3o Paulo (Cetesb), apontou que em 2014 houve queda no padr\u00e3o dos recursos h\u00eddricos do estado, na compara\u00e7\u00e3o com os \u00faltimos cinco anos. Segundo a Cetesb, isso se deve \u00e0 escassez h\u00eddrica de 2014. \u201cO ano [&hellip;]","og_url":"https:\/\/www.notibras.com\/site\/qualidade-dos-rios-que-abastecem-paulistas-esta-cada-vez-pior\/","og_site_name":"Notibras","article_publisher":"https:\/\/www.facebook.com\/notibras\/","article_published_time":"2015-06-10T02:48:55+00:00","article_modified_time":"2015-06-10T02:49:48+00:00","og_image":[{"width":650,"height":457,"url":"https:\/\/www.notibras.com\/site\/wp-content\/uploads\/2015\/06\/fotos-de-rio-tiete-5.jpg","type":"image\/jpeg"}],"author":"Reda\u00e7\u00e3o","twitter_card":"summary_large_image","twitter_creator":"@Notibras","twitter_site":"@Notibras","twitter_misc":{"Escrito por":"Reda\u00e7\u00e3o","Est. tempo de leitura":"2 minutos"},"schema":{"@context":"https:\/\/schema.org","@graph":[{"@type":"Article","@id":"https:\/\/www.notibras.com\/site\/qualidade-dos-rios-que-abastecem-paulistas-esta-cada-vez-pior\/#article","isPartOf":{"@id":"https:\/\/www.notibras.com\/site\/qualidade-dos-rios-que-abastecem-paulistas-esta-cada-vez-pior\/"},"author":{"name":"Reda\u00e7\u00e3o","@id":"https:\/\/www.notibras.com\/site\/#\/schema\/person\/36ab0979449956132d3e5b517ea76ac8"},"headline":"Qualidade dos rios que abastecem a \u00e1gua dos paulistas est\u00e1 piorando","datePublished":"2015-06-10T02:48:55+00:00","dateModified":"2015-06-10T02:49:48+00:00","mainEntityOfPage":{"@id":"https:\/\/www.notibras.com\/site\/qualidade-dos-rios-que-abastecem-paulistas-esta-cada-vez-pior\/"},"wordCount":319,"commentCount":0,"publisher":{"@id":"https:\/\/www.notibras.com\/site\/#organization"},"image":{"@id":"https:\/\/www.notibras.com\/site\/qualidade-dos-rios-que-abastecem-paulistas-esta-cada-vez-pior\/#primaryimage"},"thumbnailUrl":"https:\/\/www.notibras.com\/site\/wp-content\/uploads\/2015\/06\/fotos-de-rio-tiete-5.jpg","articleSection":["Brasil"],"inLanguage":"pt-BR","potentialAction":[{"@type":"CommentAction","name":"Comment","target":["https:\/\/www.notibras.com\/site\/qualidade-dos-rios-que-abastecem-paulistas-esta-cada-vez-pior\/#respond"]}]},{"@type":"WebPage","@id":"https:\/\/www.notibras.com\/site\/qualidade-dos-rios-que-abastecem-paulistas-esta-cada-vez-pior\/","url":"https:\/\/www.notibras.com\/site\/qualidade-dos-rios-que-abastecem-paulistas-esta-cada-vez-pior\/","name":"Qualidade dos rios que abastecem a \u00e1gua dos paulistas est\u00e1 piorando - Notibras","isPartOf":{"@id":"https:\/\/www.notibras.com\/site\/#website"},"primaryImageOfPage":{"@id":"https:\/\/www.notibras.com\/site\/qualidade-dos-rios-que-abastecem-paulistas-esta-cada-vez-pior\/#primaryimage"},"image":{"@id":"https:\/\/www.notibras.com\/site\/qualidade-dos-rios-que-abastecem-paulistas-esta-cada-vez-pior\/#primaryimage"},"thumbnailUrl":"https:\/\/www.notibras.com\/site\/wp-content\/uploads\/2015\/06\/fotos-de-rio-tiete-5.jpg","datePublished":"2015-06-10T02:48:55+00:00","dateModified":"2015-06-10T02:49:48+00:00","breadcrumb":{"@id":"https:\/\/www.notibras.com\/site\/qualidade-dos-rios-que-abastecem-paulistas-esta-cada-vez-pior\/#breadcrumb"},"inLanguage":"pt-BR","potentialAction":[{"@type":"ReadAction","target":["https:\/\/www.notibras.com\/site\/qualidade-dos-rios-que-abastecem-paulistas-esta-cada-vez-pior\/"]}]},{"@type":"ImageObject","inLanguage":"pt-BR","@id":"https:\/\/www.notibras.com\/site\/qualidade-dos-rios-que-abastecem-paulistas-esta-cada-vez-pior\/#primaryimage","url":"https:\/\/www.notibras.com\/site\/wp-content\/uploads\/2015\/06\/fotos-de-rio-tiete-5.jpg","contentUrl":"https:\/\/www.notibras.com\/site\/wp-content\/uploads\/2015\/06\/fotos-de-rio-tiete-5.jpg","width":650,"height":457},{"@type":"BreadcrumbList","@id":"https:\/\/www.notibras.com\/site\/qualidade-dos-rios-que-abastecem-paulistas-esta-cada-vez-pior\/#breadcrumb","itemListElement":[{"@type":"ListItem","position":1,"name":"In\u00edcio","item":"https:\/\/www.notibras.com\/site\/"},{"@type":"ListItem","position":2,"name":"Qualidade dos rios que abastecem a \u00e1gua dos paulistas est\u00e1 piorando"}]},{"@type":"WebSite","@id":"https:\/\/www.notibras.com\/site\/#website","url":"https:\/\/www.notibras.com\/site\/","name":"Notibras","description":"Not\u00edcias de Bras\u00edlia, do Brasil e do Mundo","publisher":{"@id":"https:\/\/www.notibras.com\/site\/#organization"},"potentialAction":[{"@type":"SearchAction","target":{"@type":"EntryPoint","urlTemplate":"https:\/\/www.notibras.com\/site\/?s={search_term_string}"},"query-input":{"@type":"PropertyValueSpecification","valueRequired":true,"valueName":"search_term_string"}}],"inLanguage":"pt-BR"},{"@type":"Organization","@id":"https:\/\/www.notibras.com\/site\/#organization","name":"Grupo Notibras de Comunica\u00e7\u00e3o","url":"https:\/\/www.notibras.com\/site\/","logo":{"@type":"ImageObject","inLanguage":"pt-BR","@id":"https:\/\/www.notibras.com\/site\/#\/schema\/logo\/image\/","url":"https:\/\/www.notibras.com\/site\/wp-content\/uploads\/2023\/01\/notibras23.png","contentUrl":"https:\/\/www.notibras.com\/site\/wp-content\/uploads\/2023\/01\/notibras23.png","width":350,"height":87,"caption":"Grupo Notibras de Comunica\u00e7\u00e3o"},"image":{"@id":"https:\/\/www.notibras.com\/site\/#\/schema\/logo\/image\/"},"sameAs":["https:\/\/www.facebook.com\/notibras\/","https:\/\/x.com\/Notibras","https:\/\/www.instagram.com\/notibras\/"]},{"@type":"Person","@id":"https:\/\/www.notibras.com\/site\/#\/schema\/person\/36ab0979449956132d3e5b517ea76ac8","name":"Reda\u00e7\u00e3o","image":{"@type":"ImageObject","inLanguage":"pt-BR","@id":"https:\/\/secure.gravatar.com\/avatar\/e0a867bdedb85fd243eadf09663511f96fc81e0720a4a42581f334ad4303aa6b?s=96&d=mm&r=g","url":"https:\/\/secure.gravatar.com\/avatar\/e0a867bdedb85fd243eadf09663511f96fc81e0720a4a42581f334ad4303aa6b?s=96&d=mm&r=g","contentUrl":"https:\/\/secure.gravatar.com\/avatar\/e0a867bdedb85fd243eadf09663511f96fc81e0720a4a42581f334ad4303aa6b?s=96&d=mm&r=g","caption":"Reda\u00e7\u00e3o"}}]}},"amp_enabled":true,"_links":{"self":[{"href":"https:\/\/www.notibras.com\/site\/wp-json\/wp\/v2\/posts\/52836","targetHints":{"allow":["GET"]}}],"collection":[{"href":"https:\/\/www.notibras.com\/site\/wp-json\/wp\/v2\/posts"}],"about":[{"href":"https:\/\/www.notibras.com\/site\/wp-json\/wp\/v2\/types\/post"}],"author":[{"embeddable":true,"href":"https:\/\/www.notibras.com\/site\/wp-json\/wp\/v2\/users\/2"}],"replies":[{"embeddable":true,"href":"https:\/\/www.notibras.com\/site\/wp-json\/wp\/v2\/comments?post=52836"}],"version-history":[{"count":0,"href":"https:\/\/www.notibras.com\/site\/wp-json\/wp\/v2\/posts\/52836\/revisions"}],"wp:featuredmedia":[{"embeddable":true,"href":"https:\/\/www.notibras.com\/site\/wp-json\/wp\/v2\/media\/52837"}],"wp:attachment":[{"href":"https:\/\/www.notibras.com\/site\/wp-json\/wp\/v2\/media?parent=52836"}],"wp:term":[{"taxonomy":"category","embeddable":true,"href":"https:\/\/www.notibras.com\/site\/wp-json\/wp\/v2\/categories?post=52836"},{"taxonomy":"post_tag","embeddable":true,"href":"https:\/\/www.notibras.com\/site\/wp-json\/wp\/v2\/tags?post=52836"}],"curies":[{"name":"wp","href":"https:\/\/api.w.org\/{rel}","templated":true}]}}