{"id":52846,"date":"2015-06-09T20:00:42","date_gmt":"2015-06-09T23:00:42","guid":{"rendered":"http:\/\/www.notibras.com\/site\/?p=52846"},"modified":"2015-06-10T00:02:09","modified_gmt":"2015-06-10T03:02:09","slug":"demitido-oswaldo-sai-detonando-a-diretoria-do-palmeiras","status":"publish","type":"post","link":"https:\/\/www.notibras.com\/site\/demitido-oswaldo-sai-detonando-a-diretoria-do-palmeiras\/","title":{"rendered":"Demitido, Oswaldo sai detonando a diretoria do Palmeiras"},"content":{"rendered":"<p>O ex-treinador do Palmeiras Oswaldo de Oliveira n\u00e3o digeriu a sua demiss\u00e3o, anunciada nesta ter\u00e7a-feira. Minutos ap\u00f3s o pronunciamento do presidente Paulo Nobre, Oswaldo tomou a sala de imprensa, detonou a decis\u00e3o de demiti-lo e disse at\u00e9 que a press\u00e3o &#8220;desequilibrou&#8221; a diretoria do Palmeiras.<\/p>\n<p>&#8220;Palmeiras sob meu comando conseguiu alguns resultados, mais positivos do que negativos, principalmente se compararmos com as \u00faltimas trajet\u00f3rias do clube. Abruptamente isso \u00e9 interrompido, outros motivos parecem se sobrepor. Existe uma carga emocional muito grande aqui no Palmeiras, muita press\u00e3o que acaba desequilibrando as pessoas que dirigem. N\u00e3o conseguem sustentar o que \u00e9 \u00f3bvio&#8221;, disparou.<\/p>\n<p>O ex-comandante defendeu seu trabalho \u00e0 frente do clube e deixou no ar que sua falta de maleabilidade com empres\u00e1rios prejudica sua carreira em alguns momentos.<\/p>\n<blockquote><p>&#8220;Ocorre que uma pessoa que tem comportamento como eu, causa muita simpatia, mas tamb\u00e9m antipatia pela franqueza, pela forma que conduzo as coisas, sem ter permeabilidade de influ\u00eancia, meu trabalho \u00e9 reto, correto. Sem influencia de empres\u00e1rios, isso n\u00e3o comove muito os setores que norteiam nosso futebol&#8221;, disse.<\/p><\/blockquote>\n<p>H\u00e1 algumas semanas, o treinador chegou a ter discord\u00e2ncias com o diretor de futebol Alexandre Mattos: o cartola convocou uma reuni\u00e3o aberta para cobrar os jogadores, enquanto Oswaldo disse publicamente que era a favor de conversas a portas fechadas. Visivelmente emocionado, atribuiu a sa\u00edda \u00e0s decis\u00f5es de seus superiores.<\/p>\n<p>&#8220;Isso para mim \u00e9 muito doloroso, a ficha n\u00e3o caiu ainda. Dif\u00edcil interromper dessa forma, mas for\u00e7as superiores hierarquicamente impedem que d\u00ea continuidade. Nunca fui militar mas sempre respeitei muito hierarquia&#8221;, afirmou.<\/p>\n","protected":false},"excerpt":{"rendered":"<p>O ex-treinador do Palmeiras Oswaldo de Oliveira n\u00e3o digeriu a sua demiss\u00e3o, anunciada nesta ter\u00e7a-feira. Minutos ap\u00f3s o pronunciamento do presidente Paulo Nobre, Oswaldo tomou a sala de imprensa, detonou a decis\u00e3o de demiti-lo e disse at\u00e9 que a press\u00e3o &#8220;desequilibrou&#8221; a diretoria do Palmeiras. &#8220;Palmeiras sob meu comando conseguiu alguns resultados, mais positivos do [&hellip;]<\/p>\n","protected":false},"author":2,"featured_media":52847,"comment_status":"open","ping_status":"closed","sticky":false,"template":"","format":"standard","meta":{"_acf_changed":false,"footnotes":""},"categories":[19,29],"tags":[],"class_list":["post-52846","post","type-post","status-publish","format-standard","has-post-thumbnail","hentry","category-esportes","category-futebol"],"acf":[],"yoast_head":"<!-- This site is optimized with the Yoast SEO plugin v27.2 - https:\/\/yoast.com\/product\/yoast-seo-wordpress\/ -->\n<title>Demitido, Oswaldo sai detonando a diretoria do Palmeiras - Notibras<\/title>\n<meta name=\"robots\" content=\"index, follow, max-snippet:-1, max-image-preview:large, max-video-preview:-1\" \/>\n<link rel=\"canonical\" href=\"https:\/\/www.notibras.com\/site\/demitido-oswaldo-sai-detonando-a-diretoria-do-palmeiras\/\" \/>\n<meta property=\"og:locale\" content=\"pt_BR\" \/>\n<meta property=\"og:type\" content=\"article\" \/>\n<meta property=\"og:title\" content=\"Demitido, Oswaldo sai detonando a diretoria do Palmeiras - Notibras\" \/>\n<meta property=\"og:description\" content=\"O ex-treinador do Palmeiras Oswaldo de Oliveira n\u00e3o digeriu a sua demiss\u00e3o, anunciada nesta ter\u00e7a-feira. Minutos ap\u00f3s o pronunciamento do presidente Paulo Nobre, Oswaldo tomou a sala de imprensa, detonou a decis\u00e3o de demiti-lo e disse at\u00e9 que a press\u00e3o &#8220;desequilibrou&#8221; a diretoria do Palmeiras. &#8220;Palmeiras sob meu comando conseguiu alguns resultados, mais positivos do [&hellip;]\" \/>\n<meta property=\"og:url\" content=\"https:\/\/www.notibras.com\/site\/demitido-oswaldo-sai-detonando-a-diretoria-do-palmeiras\/\" \/>\n<meta property=\"og:site_name\" content=\"Notibras\" \/>\n<meta property=\"article:publisher\" content=\"https:\/\/www.facebook.com\/notibras\/\" \/>\n<meta property=\"article:published_time\" content=\"2015-06-09T23:00:42+00:00\" \/>\n<meta property=\"article:modified_time\" content=\"2015-06-10T03:02:09+00:00\" \/>\n<meta property=\"og:image\" content=\"https:\/\/www.notibras.com\/site\/wp-content\/uploads\/2015\/06\/FOTO2-339356-2015-01-16-18-57.jpg\" \/>\n\t<meta property=\"og:image:width\" content=\"500\" \/>\n\t<meta property=\"og:image:height\" content=\"375\" \/>\n\t<meta property=\"og:image:type\" content=\"image\/jpeg\" \/>\n<meta name=\"author\" content=\"Reda\u00e7\u00e3o\" \/>\n<meta name=\"twitter:card\" content=\"summary_large_image\" \/>\n<meta name=\"twitter:creator\" content=\"@Notibras\" \/>\n<meta name=\"twitter:site\" content=\"@Notibras\" \/>\n<meta name=\"twitter:label1\" content=\"Escrito por\" \/>\n\t<meta name=\"twitter:data1\" content=\"Reda\u00e7\u00e3o\" \/>\n\t<meta name=\"twitter:label2\" content=\"Est. tempo de leitura\" \/>\n\t<meta name=\"twitter:data2\" content=\"1 minuto\" \/>\n<script type=\"application\/ld+json\" class=\"yoast-schema-graph\">{\"@context\":\"https:\/\/schema.org\",\"@graph\":[{\"@type\":\"Article\",\"@id\":\"https:\/\/www.notibras.com\/site\/demitido-oswaldo-sai-detonando-a-diretoria-do-palmeiras\/#article\",\"isPartOf\":{\"@id\":\"https:\/\/www.notibras.com\/site\/demitido-oswaldo-sai-detonando-a-diretoria-do-palmeiras\/\"},\"author\":{\"name\":\"Reda\u00e7\u00e3o\",\"@id\":\"https:\/\/www.notibras.com\/site\/#\/schema\/person\/36ab0979449956132d3e5b517ea76ac8\"},\"headline\":\"Demitido, Oswaldo sai detonando a diretoria do Palmeiras\",\"datePublished\":\"2015-06-09T23:00:42+00:00\",\"dateModified\":\"2015-06-10T03:02:09+00:00\",\"mainEntityOfPage\":{\"@id\":\"https:\/\/www.notibras.com\/site\/demitido-oswaldo-sai-detonando-a-diretoria-do-palmeiras\/\"},\"wordCount\":280,\"commentCount\":0,\"publisher\":{\"@id\":\"https:\/\/www.notibras.com\/site\/#organization\"},\"image\":{\"@id\":\"https:\/\/www.notibras.com\/site\/demitido-oswaldo-sai-detonando-a-diretoria-do-palmeiras\/#primaryimage\"},\"thumbnailUrl\":\"https:\/\/www.notibras.com\/site\/wp-content\/uploads\/2015\/06\/FOTO2-339356-2015-01-16-18-57.jpg\",\"articleSection\":[\"Esportes\",\"Futebol\"],\"inLanguage\":\"pt-BR\",\"potentialAction\":[{\"@type\":\"CommentAction\",\"name\":\"Comment\",\"target\":[\"https:\/\/www.notibras.com\/site\/demitido-oswaldo-sai-detonando-a-diretoria-do-palmeiras\/#respond\"]}]},{\"@type\":\"WebPage\",\"@id\":\"https:\/\/www.notibras.com\/site\/demitido-oswaldo-sai-detonando-a-diretoria-do-palmeiras\/\",\"url\":\"https:\/\/www.notibras.com\/site\/demitido-oswaldo-sai-detonando-a-diretoria-do-palmeiras\/\",\"name\":\"Demitido, Oswaldo sai detonando a diretoria do Palmeiras - Notibras\",\"isPartOf\":{\"@id\":\"https:\/\/www.notibras.com\/site\/#website\"},\"primaryImageOfPage\":{\"@id\":\"https:\/\/www.notibras.com\/site\/demitido-oswaldo-sai-detonando-a-diretoria-do-palmeiras\/#primaryimage\"},\"image\":{\"@id\":\"https:\/\/www.notibras.com\/site\/demitido-oswaldo-sai-detonando-a-diretoria-do-palmeiras\/#primaryimage\"},\"thumbnailUrl\":\"https:\/\/www.notibras.com\/site\/wp-content\/uploads\/2015\/06\/FOTO2-339356-2015-01-16-18-57.jpg\",\"datePublished\":\"2015-06-09T23:00:42+00:00\",\"dateModified\":\"2015-06-10T03:02:09+00:00\",\"breadcrumb\":{\"@id\":\"https:\/\/www.notibras.com\/site\/demitido-oswaldo-sai-detonando-a-diretoria-do-palmeiras\/#breadcrumb\"},\"inLanguage\":\"pt-BR\",\"potentialAction\":[{\"@type\":\"ReadAction\",\"target\":[\"https:\/\/www.notibras.com\/site\/demitido-oswaldo-sai-detonando-a-diretoria-do-palmeiras\/\"]}]},{\"@type\":\"ImageObject\",\"inLanguage\":\"pt-BR\",\"@id\":\"https:\/\/www.notibras.com\/site\/demitido-oswaldo-sai-detonando-a-diretoria-do-palmeiras\/#primaryimage\",\"url\":\"https:\/\/www.notibras.com\/site\/wp-content\/uploads\/2015\/06\/FOTO2-339356-2015-01-16-18-57.jpg\",\"contentUrl\":\"https:\/\/www.notibras.com\/site\/wp-content\/uploads\/2015\/06\/FOTO2-339356-2015-01-16-18-57.jpg\",\"width\":500,\"height\":375},{\"@type\":\"BreadcrumbList\",\"@id\":\"https:\/\/www.notibras.com\/site\/demitido-oswaldo-sai-detonando-a-diretoria-do-palmeiras\/#breadcrumb\",\"itemListElement\":[{\"@type\":\"ListItem\",\"position\":1,\"name\":\"In\u00edcio\",\"item\":\"https:\/\/www.notibras.com\/site\/\"},{\"@type\":\"ListItem\",\"position\":2,\"name\":\"Demitido, Oswaldo sai detonando a diretoria do Palmeiras\"}]},{\"@type\":\"WebSite\",\"@id\":\"https:\/\/www.notibras.com\/site\/#website\",\"url\":\"https:\/\/www.notibras.com\/site\/\",\"name\":\"Notibras\",\"description\":\"Not\u00edcias de Bras\u00edlia, do Brasil e do Mundo\",\"publisher\":{\"@id\":\"https:\/\/www.notibras.com\/site\/#organization\"},\"potentialAction\":[{\"@type\":\"SearchAction\",\"target\":{\"@type\":\"EntryPoint\",\"urlTemplate\":\"https:\/\/www.notibras.com\/site\/?s={search_term_string}\"},\"query-input\":{\"@type\":\"PropertyValueSpecification\",\"valueRequired\":true,\"valueName\":\"search_term_string\"}}],\"inLanguage\":\"pt-BR\"},{\"@type\":\"Organization\",\"@id\":\"https:\/\/www.notibras.com\/site\/#organization\",\"name\":\"Grupo Notibras de Comunica\u00e7\u00e3o\",\"url\":\"https:\/\/www.notibras.com\/site\/\",\"logo\":{\"@type\":\"ImageObject\",\"inLanguage\":\"pt-BR\",\"@id\":\"https:\/\/www.notibras.com\/site\/#\/schema\/logo\/image\/\",\"url\":\"https:\/\/www.notibras.com\/site\/wp-content\/uploads\/2023\/01\/notibras23.png\",\"contentUrl\":\"https:\/\/www.notibras.com\/site\/wp-content\/uploads\/2023\/01\/notibras23.png\",\"width\":350,\"height\":87,\"caption\":\"Grupo Notibras de Comunica\u00e7\u00e3o\"},\"image\":{\"@id\":\"https:\/\/www.notibras.com\/site\/#\/schema\/logo\/image\/\"},\"sameAs\":[\"https:\/\/www.facebook.com\/notibras\/\",\"https:\/\/x.com\/Notibras\",\"https:\/\/www.instagram.com\/notibras\/\"]},{\"@type\":\"Person\",\"@id\":\"https:\/\/www.notibras.com\/site\/#\/schema\/person\/36ab0979449956132d3e5b517ea76ac8\",\"name\":\"Reda\u00e7\u00e3o\",\"image\":{\"@type\":\"ImageObject\",\"inLanguage\":\"pt-BR\",\"@id\":\"https:\/\/secure.gravatar.com\/avatar\/e0a867bdedb85fd243eadf09663511f96fc81e0720a4a42581f334ad4303aa6b?s=96&d=mm&r=g\",\"url\":\"https:\/\/secure.gravatar.com\/avatar\/e0a867bdedb85fd243eadf09663511f96fc81e0720a4a42581f334ad4303aa6b?s=96&d=mm&r=g\",\"contentUrl\":\"https:\/\/secure.gravatar.com\/avatar\/e0a867bdedb85fd243eadf09663511f96fc81e0720a4a42581f334ad4303aa6b?s=96&d=mm&r=g\",\"caption\":\"Reda\u00e7\u00e3o\"}}]}<\/script>\n<!-- \/ Yoast SEO plugin. -->","yoast_head_json":{"title":"Demitido, Oswaldo sai detonando a diretoria do Palmeiras - Notibras","robots":{"index":"index","follow":"follow","max-snippet":"max-snippet:-1","max-image-preview":"max-image-preview:large","max-video-preview":"max-video-preview:-1"},"canonical":"https:\/\/www.notibras.com\/site\/demitido-oswaldo-sai-detonando-a-diretoria-do-palmeiras\/","og_locale":"pt_BR","og_type":"article","og_title":"Demitido, Oswaldo sai detonando a diretoria do Palmeiras - Notibras","og_description":"O ex-treinador do Palmeiras Oswaldo de Oliveira n\u00e3o digeriu a sua demiss\u00e3o, anunciada nesta ter\u00e7a-feira. Minutos ap\u00f3s o pronunciamento do presidente Paulo Nobre, Oswaldo tomou a sala de imprensa, detonou a decis\u00e3o de demiti-lo e disse at\u00e9 que a press\u00e3o &#8220;desequilibrou&#8221; a diretoria do Palmeiras. &#8220;Palmeiras sob meu comando conseguiu alguns resultados, mais positivos do [&hellip;]","og_url":"https:\/\/www.notibras.com\/site\/demitido-oswaldo-sai-detonando-a-diretoria-do-palmeiras\/","og_site_name":"Notibras","article_publisher":"https:\/\/www.facebook.com\/notibras\/","article_published_time":"2015-06-09T23:00:42+00:00","article_modified_time":"2015-06-10T03:02:09+00:00","og_image":[{"width":500,"height":375,"url":"https:\/\/www.notibras.com\/site\/wp-content\/uploads\/2015\/06\/FOTO2-339356-2015-01-16-18-57.jpg","type":"image\/jpeg"}],"author":"Reda\u00e7\u00e3o","twitter_card":"summary_large_image","twitter_creator":"@Notibras","twitter_site":"@Notibras","twitter_misc":{"Escrito por":"Reda\u00e7\u00e3o","Est. tempo de leitura":"1 minuto"},"schema":{"@context":"https:\/\/schema.org","@graph":[{"@type":"Article","@id":"https:\/\/www.notibras.com\/site\/demitido-oswaldo-sai-detonando-a-diretoria-do-palmeiras\/#article","isPartOf":{"@id":"https:\/\/www.notibras.com\/site\/demitido-oswaldo-sai-detonando-a-diretoria-do-palmeiras\/"},"author":{"name":"Reda\u00e7\u00e3o","@id":"https:\/\/www.notibras.com\/site\/#\/schema\/person\/36ab0979449956132d3e5b517ea76ac8"},"headline":"Demitido, Oswaldo sai detonando a diretoria do Palmeiras","datePublished":"2015-06-09T23:00:42+00:00","dateModified":"2015-06-10T03:02:09+00:00","mainEntityOfPage":{"@id":"https:\/\/www.notibras.com\/site\/demitido-oswaldo-sai-detonando-a-diretoria-do-palmeiras\/"},"wordCount":280,"commentCount":0,"publisher":{"@id":"https:\/\/www.notibras.com\/site\/#organization"},"image":{"@id":"https:\/\/www.notibras.com\/site\/demitido-oswaldo-sai-detonando-a-diretoria-do-palmeiras\/#primaryimage"},"thumbnailUrl":"https:\/\/www.notibras.com\/site\/wp-content\/uploads\/2015\/06\/FOTO2-339356-2015-01-16-18-57.jpg","articleSection":["Esportes","Futebol"],"inLanguage":"pt-BR","potentialAction":[{"@type":"CommentAction","name":"Comment","target":["https:\/\/www.notibras.com\/site\/demitido-oswaldo-sai-detonando-a-diretoria-do-palmeiras\/#respond"]}]},{"@type":"WebPage","@id":"https:\/\/www.notibras.com\/site\/demitido-oswaldo-sai-detonando-a-diretoria-do-palmeiras\/","url":"https:\/\/www.notibras.com\/site\/demitido-oswaldo-sai-detonando-a-diretoria-do-palmeiras\/","name":"Demitido, Oswaldo sai detonando a diretoria do Palmeiras - Notibras","isPartOf":{"@id":"https:\/\/www.notibras.com\/site\/#website"},"primaryImageOfPage":{"@id":"https:\/\/www.notibras.com\/site\/demitido-oswaldo-sai-detonando-a-diretoria-do-palmeiras\/#primaryimage"},"image":{"@id":"https:\/\/www.notibras.com\/site\/demitido-oswaldo-sai-detonando-a-diretoria-do-palmeiras\/#primaryimage"},"thumbnailUrl":"https:\/\/www.notibras.com\/site\/wp-content\/uploads\/2015\/06\/FOTO2-339356-2015-01-16-18-57.jpg","datePublished":"2015-06-09T23:00:42+00:00","dateModified":"2015-06-10T03:02:09+00:00","breadcrumb":{"@id":"https:\/\/www.notibras.com\/site\/demitido-oswaldo-sai-detonando-a-diretoria-do-palmeiras\/#breadcrumb"},"inLanguage":"pt-BR","potentialAction":[{"@type":"ReadAction","target":["https:\/\/www.notibras.com\/site\/demitido-oswaldo-sai-detonando-a-diretoria-do-palmeiras\/"]}]},{"@type":"ImageObject","inLanguage":"pt-BR","@id":"https:\/\/www.notibras.com\/site\/demitido-oswaldo-sai-detonando-a-diretoria-do-palmeiras\/#primaryimage","url":"https:\/\/www.notibras.com\/site\/wp-content\/uploads\/2015\/06\/FOTO2-339356-2015-01-16-18-57.jpg","contentUrl":"https:\/\/www.notibras.com\/site\/wp-content\/uploads\/2015\/06\/FOTO2-339356-2015-01-16-18-57.jpg","width":500,"height":375},{"@type":"BreadcrumbList","@id":"https:\/\/www.notibras.com\/site\/demitido-oswaldo-sai-detonando-a-diretoria-do-palmeiras\/#breadcrumb","itemListElement":[{"@type":"ListItem","position":1,"name":"In\u00edcio","item":"https:\/\/www.notibras.com\/site\/"},{"@type":"ListItem","position":2,"name":"Demitido, Oswaldo sai detonando a diretoria do Palmeiras"}]},{"@type":"WebSite","@id":"https:\/\/www.notibras.com\/site\/#website","url":"https:\/\/www.notibras.com\/site\/","name":"Notibras","description":"Not\u00edcias de Bras\u00edlia, do Brasil e do Mundo","publisher":{"@id":"https:\/\/www.notibras.com\/site\/#organization"},"potentialAction":[{"@type":"SearchAction","target":{"@type":"EntryPoint","urlTemplate":"https:\/\/www.notibras.com\/site\/?s={search_term_string}"},"query-input":{"@type":"PropertyValueSpecification","valueRequired":true,"valueName":"search_term_string"}}],"inLanguage":"pt-BR"},{"@type":"Organization","@id":"https:\/\/www.notibras.com\/site\/#organization","name":"Grupo Notibras de Comunica\u00e7\u00e3o","url":"https:\/\/www.notibras.com\/site\/","logo":{"@type":"ImageObject","inLanguage":"pt-BR","@id":"https:\/\/www.notibras.com\/site\/#\/schema\/logo\/image\/","url":"https:\/\/www.notibras.com\/site\/wp-content\/uploads\/2023\/01\/notibras23.png","contentUrl":"https:\/\/www.notibras.com\/site\/wp-content\/uploads\/2023\/01\/notibras23.png","width":350,"height":87,"caption":"Grupo Notibras de Comunica\u00e7\u00e3o"},"image":{"@id":"https:\/\/www.notibras.com\/site\/#\/schema\/logo\/image\/"},"sameAs":["https:\/\/www.facebook.com\/notibras\/","https:\/\/x.com\/Notibras","https:\/\/www.instagram.com\/notibras\/"]},{"@type":"Person","@id":"https:\/\/www.notibras.com\/site\/#\/schema\/person\/36ab0979449956132d3e5b517ea76ac8","name":"Reda\u00e7\u00e3o","image":{"@type":"ImageObject","inLanguage":"pt-BR","@id":"https:\/\/secure.gravatar.com\/avatar\/e0a867bdedb85fd243eadf09663511f96fc81e0720a4a42581f334ad4303aa6b?s=96&d=mm&r=g","url":"https:\/\/secure.gravatar.com\/avatar\/e0a867bdedb85fd243eadf09663511f96fc81e0720a4a42581f334ad4303aa6b?s=96&d=mm&r=g","contentUrl":"https:\/\/secure.gravatar.com\/avatar\/e0a867bdedb85fd243eadf09663511f96fc81e0720a4a42581f334ad4303aa6b?s=96&d=mm&r=g","caption":"Reda\u00e7\u00e3o"}}]}},"amp_enabled":true,"_links":{"self":[{"href":"https:\/\/www.notibras.com\/site\/wp-json\/wp\/v2\/posts\/52846","targetHints":{"allow":["GET"]}}],"collection":[{"href":"https:\/\/www.notibras.com\/site\/wp-json\/wp\/v2\/posts"}],"about":[{"href":"https:\/\/www.notibras.com\/site\/wp-json\/wp\/v2\/types\/post"}],"author":[{"embeddable":true,"href":"https:\/\/www.notibras.com\/site\/wp-json\/wp\/v2\/users\/2"}],"replies":[{"embeddable":true,"href":"https:\/\/www.notibras.com\/site\/wp-json\/wp\/v2\/comments?post=52846"}],"version-history":[{"count":0,"href":"https:\/\/www.notibras.com\/site\/wp-json\/wp\/v2\/posts\/52846\/revisions"}],"wp:featuredmedia":[{"embeddable":true,"href":"https:\/\/www.notibras.com\/site\/wp-json\/wp\/v2\/media\/52847"}],"wp:attachment":[{"href":"https:\/\/www.notibras.com\/site\/wp-json\/wp\/v2\/media?parent=52846"}],"wp:term":[{"taxonomy":"category","embeddable":true,"href":"https:\/\/www.notibras.com\/site\/wp-json\/wp\/v2\/categories?post=52846"},{"taxonomy":"post_tag","embeddable":true,"href":"https:\/\/www.notibras.com\/site\/wp-json\/wp\/v2\/tags?post=52846"}],"curies":[{"name":"wp","href":"https:\/\/api.w.org\/{rel}","templated":true}]}}