{"id":52955,"date":"2015-06-11T06:42:38","date_gmt":"2015-06-11T09:42:38","guid":{"rendered":"http:\/\/www.notibras.com\/site\/?p=52955"},"modified":"2015-06-11T06:44:52","modified_gmt":"2015-06-11T09:44:52","slug":"brasil-vence-10-amistoso-e-vai-embalado-para-copa-america","status":"publish","type":"post","link":"https:\/\/www.notibras.com\/site\/brasil-vence-10-amistoso-e-vai-embalado-para-copa-america\/","title":{"rendered":"Brasil vence 10\u00b0 amistoso e vai embalado para Copa Am\u00e9rica"},"content":{"rendered":"<p>\u00c9 verdade que n\u00e3o foi aquele espet\u00e1culo, mas a Sele\u00e7\u00e3o Brasileira conseguiu desenvolver um bom futebol e agradou boa parte torcida ga\u00facha nesta quarta-feira, no \u00faltimo amistoso antes da disputa da Copa Am\u00e9rica .<\/p>\n<p>Com alguns testes na equipe titular, inclusive Neymar no banco, o time comandado por Dunga fez o b\u00e1sico para vencer Honduras por 1 a 0 no Beira-Rio e chegar com 100% de aproveitamento para a disputa continental.<\/p>\n<p>Com a vit\u00f3ria, o Brasil acumula dez triunfos seguidos p\u00f3s-Copa do Mundo e chega com moral para a disputa da Copa Am\u00e9rica. Depois de perder o terceiro lugar para a Holanda, por 3 a 0, no Man\u00e9 Garrincha, a Sele\u00e7\u00e3o comandada por Dunga superou Col\u00f4mbia, Equador, Argentina, Jap\u00e3o, Turquia, \u00c1ustria, Fran\u00e7a, Chile e M\u00e9xico.<\/p>\n<blockquote><p>Dunga entrou com uma escala\u00e7\u00e3o diferente daquela utilizada contra o M\u00e9xico, no \u00faltimo domingo, no Allianz Parque. Al\u00e9m de Fabinho, que entrou no lugar do lesionado Danilo, Casemiro ganhou uma chance no lugar de Elias e Roberto Firmino come\u00e7ou na vaga de Diego Tardelli. E o time n\u00e3o sentiu falta dos considerados titulares. Nem mesmo de Neymar, que foi poupado e come\u00e7ou o amistoso no banco de reservas.<\/p><\/blockquote>\n<p>Com muita movimenta\u00e7\u00e3o, a Sele\u00e7\u00e3o Brasileira controlou todo o primeiro tempo, envolvendo os hondurenhos e quase n\u00e3o foi assustada pelo advers\u00e1rio. Repetindo o desempenho do jogo contra o M\u00e9xico, Philippe Coutinho se destacou como articulador no meio-campo, assim como Willian, que tamb\u00e9m teve boa participa\u00e7\u00e3o na etapa inicial. Na jogada do gol, o camisa 10 do Liverpool acertou um belo lan\u00e7amento para Filipe Lu\u00eds, que invadiu a \u00e1rea e deixou Roberto Firmino livre para dar um tapa na bola e abrir o placar para o Brasil.<\/p>\n<p>Na volta do intervalo, Dunga promoveu tr\u00eas altera\u00e7\u00f5es na Sele\u00e7\u00e3o. Al\u00e9m de Neymar, que entrou no lugar de Coutinho, Thiago Silva ocupou a vaga de David Luiz e Douglas Costa substituiu Willian. Coincid\u00eancia ou n\u00e3o, o Brasil perdeu rendimento sem seus dois principais jogadores do amistoso e viu Honduras crescer e at\u00e9 assustar em dois lances no come\u00e7o da etapa final. A equipe melhorou s\u00f3 perto dos 20min, quando Fred e Neymar quase ampliaram o placar.<\/p>\n<p>Precisando despertar em campo, Dunga chamou Robinho e inflamou os 22 mil torcedores presentes no Beira-Rio. Firmino, autor do gol, deixou o campo para a entrada do experiente atacante do Santos . E a altera\u00e7\u00e3o deu certo. Com pouco tempo em campo, o jogador mostrou o bom entrosamento com Neymar, arriscou em lances individuais e quase viu seu ex-parceiro marcar ap\u00f3s uma batida de escanteio na medida. Neymar ainda arriscou uma cobran\u00e7a de falta perigosa, mas n\u00e3o conseguiu mudar o resultado da partida.<\/p>\n<blockquote><p>Agora, o Brasil volta a campo contra o Peru, no pr\u00f3ximo domingo, \u00e0s 18h30, em Temuco, no Chile. Essa ser\u00e1 a primeira partida da equipe pela Copa Am\u00e9rica, na qual integra o Grupo C, junto com Venezuela e Col\u00f4mbia.<\/p><\/blockquote>\n","protected":false},"excerpt":{"rendered":"<p>\u00c9 verdade que n\u00e3o foi aquele espet\u00e1culo, mas a Sele\u00e7\u00e3o Brasileira conseguiu desenvolver um bom futebol e agradou boa parte torcida ga\u00facha nesta quarta-feira, no \u00faltimo amistoso antes da disputa da Copa Am\u00e9rica . Com alguns testes na equipe titular, inclusive Neymar no banco, o time comandado por Dunga fez o b\u00e1sico para vencer Honduras [&hellip;]<\/p>\n","protected":false},"author":2,"featured_media":52956,"comment_status":"open","ping_status":"closed","sticky":false,"template":"","format":"standard","meta":{"_acf_changed":false,"footnotes":""},"categories":[19,29],"tags":[],"class_list":["post-52955","post","type-post","status-publish","format-standard","has-post-thumbnail","hentry","category-esportes","category-futebol"],"acf":[],"yoast_head":"<!-- This site is optimized with the Yoast SEO plugin v27.2 - https:\/\/yoast.com\/product\/yoast-seo-wordpress\/ -->\n<title>Brasil vence 10\u00b0 amistoso e vai embalado para Copa Am\u00e9rica - Notibras<\/title>\n<meta name=\"robots\" content=\"index, follow, max-snippet:-1, max-image-preview:large, max-video-preview:-1\" \/>\n<link rel=\"canonical\" href=\"https:\/\/www.notibras.com\/site\/brasil-vence-10-amistoso-e-vai-embalado-para-copa-america\/\" \/>\n<meta property=\"og:locale\" content=\"pt_BR\" \/>\n<meta property=\"og:type\" content=\"article\" \/>\n<meta property=\"og:title\" content=\"Brasil vence 10\u00b0 amistoso e vai embalado para Copa Am\u00e9rica - Notibras\" \/>\n<meta property=\"og:description\" content=\"\u00c9 verdade que n\u00e3o foi aquele espet\u00e1culo, mas a Sele\u00e7\u00e3o Brasileira conseguiu desenvolver um bom futebol e agradou boa parte torcida ga\u00facha nesta quarta-feira, no \u00faltimo amistoso antes da disputa da Copa Am\u00e9rica . Com alguns testes na equipe titular, inclusive Neymar no banco, o time comandado por Dunga fez o b\u00e1sico para vencer Honduras [&hellip;]\" \/>\n<meta property=\"og:url\" content=\"https:\/\/www.notibras.com\/site\/brasil-vence-10-amistoso-e-vai-embalado-para-copa-america\/\" \/>\n<meta property=\"og:site_name\" content=\"Notibras\" \/>\n<meta property=\"article:publisher\" content=\"https:\/\/www.facebook.com\/notibras\/\" \/>\n<meta property=\"article:published_time\" content=\"2015-06-11T09:42:38+00:00\" \/>\n<meta property=\"article:modified_time\" content=\"2015-06-11T09:44:52+00:00\" \/>\n<meta property=\"og:image\" content=\"https:\/\/www.notibras.com\/site\/wp-content\/uploads\/2015\/06\/12firminocoracaogoledisonvarart.jpg\" \/>\n\t<meta property=\"og:image:width\" content=\"940\" \/>\n\t<meta property=\"og:image:height\" content=\"754\" \/>\n\t<meta property=\"og:image:type\" content=\"image\/jpeg\" \/>\n<meta name=\"author\" content=\"Reda\u00e7\u00e3o\" \/>\n<meta name=\"twitter:card\" content=\"summary_large_image\" \/>\n<meta name=\"twitter:creator\" content=\"@Notibras\" \/>\n<meta name=\"twitter:site\" content=\"@Notibras\" \/>\n<meta name=\"twitter:label1\" content=\"Escrito por\" \/>\n\t<meta name=\"twitter:data1\" content=\"Reda\u00e7\u00e3o\" \/>\n\t<meta name=\"twitter:label2\" content=\"Est. tempo de leitura\" \/>\n\t<meta name=\"twitter:data2\" content=\"3 minutos\" \/>\n<script type=\"application\/ld+json\" class=\"yoast-schema-graph\">{\"@context\":\"https:\/\/schema.org\",\"@graph\":[{\"@type\":\"Article\",\"@id\":\"https:\/\/www.notibras.com\/site\/brasil-vence-10-amistoso-e-vai-embalado-para-copa-america\/#article\",\"isPartOf\":{\"@id\":\"https:\/\/www.notibras.com\/site\/brasil-vence-10-amistoso-e-vai-embalado-para-copa-america\/\"},\"author\":{\"name\":\"Reda\u00e7\u00e3o\",\"@id\":\"https:\/\/www.notibras.com\/site\/#\/schema\/person\/36ab0979449956132d3e5b517ea76ac8\"},\"headline\":\"Brasil vence 10\u00b0 amistoso e vai embalado para Copa Am\u00e9rica\",\"datePublished\":\"2015-06-11T09:42:38+00:00\",\"dateModified\":\"2015-06-11T09:44:52+00:00\",\"mainEntityOfPage\":{\"@id\":\"https:\/\/www.notibras.com\/site\/brasil-vence-10-amistoso-e-vai-embalado-para-copa-america\/\"},\"wordCount\":520,\"commentCount\":0,\"publisher\":{\"@id\":\"https:\/\/www.notibras.com\/site\/#organization\"},\"image\":{\"@id\":\"https:\/\/www.notibras.com\/site\/brasil-vence-10-amistoso-e-vai-embalado-para-copa-america\/#primaryimage\"},\"thumbnailUrl\":\"https:\/\/www.notibras.com\/site\/wp-content\/uploads\/2015\/06\/12firminocoracaogoledisonvarart.jpg\",\"articleSection\":[\"Esportes\",\"Futebol\"],\"inLanguage\":\"pt-BR\",\"potentialAction\":[{\"@type\":\"CommentAction\",\"name\":\"Comment\",\"target\":[\"https:\/\/www.notibras.com\/site\/brasil-vence-10-amistoso-e-vai-embalado-para-copa-america\/#respond\"]}]},{\"@type\":\"WebPage\",\"@id\":\"https:\/\/www.notibras.com\/site\/brasil-vence-10-amistoso-e-vai-embalado-para-copa-america\/\",\"url\":\"https:\/\/www.notibras.com\/site\/brasil-vence-10-amistoso-e-vai-embalado-para-copa-america\/\",\"name\":\"Brasil vence 10\u00b0 amistoso e vai embalado para Copa Am\u00e9rica - Notibras\",\"isPartOf\":{\"@id\":\"https:\/\/www.notibras.com\/site\/#website\"},\"primaryImageOfPage\":{\"@id\":\"https:\/\/www.notibras.com\/site\/brasil-vence-10-amistoso-e-vai-embalado-para-copa-america\/#primaryimage\"},\"image\":{\"@id\":\"https:\/\/www.notibras.com\/site\/brasil-vence-10-amistoso-e-vai-embalado-para-copa-america\/#primaryimage\"},\"thumbnailUrl\":\"https:\/\/www.notibras.com\/site\/wp-content\/uploads\/2015\/06\/12firminocoracaogoledisonvarart.jpg\",\"datePublished\":\"2015-06-11T09:42:38+00:00\",\"dateModified\":\"2015-06-11T09:44:52+00:00\",\"breadcrumb\":{\"@id\":\"https:\/\/www.notibras.com\/site\/brasil-vence-10-amistoso-e-vai-embalado-para-copa-america\/#breadcrumb\"},\"inLanguage\":\"pt-BR\",\"potentialAction\":[{\"@type\":\"ReadAction\",\"target\":[\"https:\/\/www.notibras.com\/site\/brasil-vence-10-amistoso-e-vai-embalado-para-copa-america\/\"]}]},{\"@type\":\"ImageObject\",\"inLanguage\":\"pt-BR\",\"@id\":\"https:\/\/www.notibras.com\/site\/brasil-vence-10-amistoso-e-vai-embalado-para-copa-america\/#primaryimage\",\"url\":\"https:\/\/www.notibras.com\/site\/wp-content\/uploads\/2015\/06\/12firminocoracaogoledisonvarart.jpg\",\"contentUrl\":\"https:\/\/www.notibras.com\/site\/wp-content\/uploads\/2015\/06\/12firminocoracaogoledisonvarart.jpg\",\"width\":940,\"height\":754},{\"@type\":\"BreadcrumbList\",\"@id\":\"https:\/\/www.notibras.com\/site\/brasil-vence-10-amistoso-e-vai-embalado-para-copa-america\/#breadcrumb\",\"itemListElement\":[{\"@type\":\"ListItem\",\"position\":1,\"name\":\"In\u00edcio\",\"item\":\"https:\/\/www.notibras.com\/site\/\"},{\"@type\":\"ListItem\",\"position\":2,\"name\":\"Brasil vence 10\u00b0 amistoso e vai embalado para Copa Am\u00e9rica\"}]},{\"@type\":\"WebSite\",\"@id\":\"https:\/\/www.notibras.com\/site\/#website\",\"url\":\"https:\/\/www.notibras.com\/site\/\",\"name\":\"Notibras\",\"description\":\"Not\u00edcias de Bras\u00edlia, do Brasil e do Mundo\",\"publisher\":{\"@id\":\"https:\/\/www.notibras.com\/site\/#organization\"},\"potentialAction\":[{\"@type\":\"SearchAction\",\"target\":{\"@type\":\"EntryPoint\",\"urlTemplate\":\"https:\/\/www.notibras.com\/site\/?s={search_term_string}\"},\"query-input\":{\"@type\":\"PropertyValueSpecification\",\"valueRequired\":true,\"valueName\":\"search_term_string\"}}],\"inLanguage\":\"pt-BR\"},{\"@type\":\"Organization\",\"@id\":\"https:\/\/www.notibras.com\/site\/#organization\",\"name\":\"Grupo Notibras de Comunica\u00e7\u00e3o\",\"url\":\"https:\/\/www.notibras.com\/site\/\",\"logo\":{\"@type\":\"ImageObject\",\"inLanguage\":\"pt-BR\",\"@id\":\"https:\/\/www.notibras.com\/site\/#\/schema\/logo\/image\/\",\"url\":\"https:\/\/www.notibras.com\/site\/wp-content\/uploads\/2023\/01\/notibras23.png\",\"contentUrl\":\"https:\/\/www.notibras.com\/site\/wp-content\/uploads\/2023\/01\/notibras23.png\",\"width\":350,\"height\":87,\"caption\":\"Grupo Notibras de Comunica\u00e7\u00e3o\"},\"image\":{\"@id\":\"https:\/\/www.notibras.com\/site\/#\/schema\/logo\/image\/\"},\"sameAs\":[\"https:\/\/www.facebook.com\/notibras\/\",\"https:\/\/x.com\/Notibras\",\"https:\/\/www.instagram.com\/notibras\/\"]},{\"@type\":\"Person\",\"@id\":\"https:\/\/www.notibras.com\/site\/#\/schema\/person\/36ab0979449956132d3e5b517ea76ac8\",\"name\":\"Reda\u00e7\u00e3o\",\"image\":{\"@type\":\"ImageObject\",\"inLanguage\":\"pt-BR\",\"@id\":\"https:\/\/secure.gravatar.com\/avatar\/e0a867bdedb85fd243eadf09663511f96fc81e0720a4a42581f334ad4303aa6b?s=96&d=mm&r=g\",\"url\":\"https:\/\/secure.gravatar.com\/avatar\/e0a867bdedb85fd243eadf09663511f96fc81e0720a4a42581f334ad4303aa6b?s=96&d=mm&r=g\",\"contentUrl\":\"https:\/\/secure.gravatar.com\/avatar\/e0a867bdedb85fd243eadf09663511f96fc81e0720a4a42581f334ad4303aa6b?s=96&d=mm&r=g\",\"caption\":\"Reda\u00e7\u00e3o\"}}]}<\/script>\n<!-- \/ Yoast SEO plugin. -->","yoast_head_json":{"title":"Brasil vence 10\u00b0 amistoso e vai embalado para Copa Am\u00e9rica - Notibras","robots":{"index":"index","follow":"follow","max-snippet":"max-snippet:-1","max-image-preview":"max-image-preview:large","max-video-preview":"max-video-preview:-1"},"canonical":"https:\/\/www.notibras.com\/site\/brasil-vence-10-amistoso-e-vai-embalado-para-copa-america\/","og_locale":"pt_BR","og_type":"article","og_title":"Brasil vence 10\u00b0 amistoso e vai embalado para Copa Am\u00e9rica - Notibras","og_description":"\u00c9 verdade que n\u00e3o foi aquele espet\u00e1culo, mas a Sele\u00e7\u00e3o Brasileira conseguiu desenvolver um bom futebol e agradou boa parte torcida ga\u00facha nesta quarta-feira, no \u00faltimo amistoso antes da disputa da Copa Am\u00e9rica . Com alguns testes na equipe titular, inclusive Neymar no banco, o time comandado por Dunga fez o b\u00e1sico para vencer Honduras [&hellip;]","og_url":"https:\/\/www.notibras.com\/site\/brasil-vence-10-amistoso-e-vai-embalado-para-copa-america\/","og_site_name":"Notibras","article_publisher":"https:\/\/www.facebook.com\/notibras\/","article_published_time":"2015-06-11T09:42:38+00:00","article_modified_time":"2015-06-11T09:44:52+00:00","og_image":[{"width":940,"height":754,"url":"https:\/\/www.notibras.com\/site\/wp-content\/uploads\/2015\/06\/12firminocoracaogoledisonvarart.jpg","type":"image\/jpeg"}],"author":"Reda\u00e7\u00e3o","twitter_card":"summary_large_image","twitter_creator":"@Notibras","twitter_site":"@Notibras","twitter_misc":{"Escrito por":"Reda\u00e7\u00e3o","Est. tempo de leitura":"3 minutos"},"schema":{"@context":"https:\/\/schema.org","@graph":[{"@type":"Article","@id":"https:\/\/www.notibras.com\/site\/brasil-vence-10-amistoso-e-vai-embalado-para-copa-america\/#article","isPartOf":{"@id":"https:\/\/www.notibras.com\/site\/brasil-vence-10-amistoso-e-vai-embalado-para-copa-america\/"},"author":{"name":"Reda\u00e7\u00e3o","@id":"https:\/\/www.notibras.com\/site\/#\/schema\/person\/36ab0979449956132d3e5b517ea76ac8"},"headline":"Brasil vence 10\u00b0 amistoso e vai embalado para Copa Am\u00e9rica","datePublished":"2015-06-11T09:42:38+00:00","dateModified":"2015-06-11T09:44:52+00:00","mainEntityOfPage":{"@id":"https:\/\/www.notibras.com\/site\/brasil-vence-10-amistoso-e-vai-embalado-para-copa-america\/"},"wordCount":520,"commentCount":0,"publisher":{"@id":"https:\/\/www.notibras.com\/site\/#organization"},"image":{"@id":"https:\/\/www.notibras.com\/site\/brasil-vence-10-amistoso-e-vai-embalado-para-copa-america\/#primaryimage"},"thumbnailUrl":"https:\/\/www.notibras.com\/site\/wp-content\/uploads\/2015\/06\/12firminocoracaogoledisonvarart.jpg","articleSection":["Esportes","Futebol"],"inLanguage":"pt-BR","potentialAction":[{"@type":"CommentAction","name":"Comment","target":["https:\/\/www.notibras.com\/site\/brasil-vence-10-amistoso-e-vai-embalado-para-copa-america\/#respond"]}]},{"@type":"WebPage","@id":"https:\/\/www.notibras.com\/site\/brasil-vence-10-amistoso-e-vai-embalado-para-copa-america\/","url":"https:\/\/www.notibras.com\/site\/brasil-vence-10-amistoso-e-vai-embalado-para-copa-america\/","name":"Brasil vence 10\u00b0 amistoso e vai embalado para Copa Am\u00e9rica - Notibras","isPartOf":{"@id":"https:\/\/www.notibras.com\/site\/#website"},"primaryImageOfPage":{"@id":"https:\/\/www.notibras.com\/site\/brasil-vence-10-amistoso-e-vai-embalado-para-copa-america\/#primaryimage"},"image":{"@id":"https:\/\/www.notibras.com\/site\/brasil-vence-10-amistoso-e-vai-embalado-para-copa-america\/#primaryimage"},"thumbnailUrl":"https:\/\/www.notibras.com\/site\/wp-content\/uploads\/2015\/06\/12firminocoracaogoledisonvarart.jpg","datePublished":"2015-06-11T09:42:38+00:00","dateModified":"2015-06-11T09:44:52+00:00","breadcrumb":{"@id":"https:\/\/www.notibras.com\/site\/brasil-vence-10-amistoso-e-vai-embalado-para-copa-america\/#breadcrumb"},"inLanguage":"pt-BR","potentialAction":[{"@type":"ReadAction","target":["https:\/\/www.notibras.com\/site\/brasil-vence-10-amistoso-e-vai-embalado-para-copa-america\/"]}]},{"@type":"ImageObject","inLanguage":"pt-BR","@id":"https:\/\/www.notibras.com\/site\/brasil-vence-10-amistoso-e-vai-embalado-para-copa-america\/#primaryimage","url":"https:\/\/www.notibras.com\/site\/wp-content\/uploads\/2015\/06\/12firminocoracaogoledisonvarart.jpg","contentUrl":"https:\/\/www.notibras.com\/site\/wp-content\/uploads\/2015\/06\/12firminocoracaogoledisonvarart.jpg","width":940,"height":754},{"@type":"BreadcrumbList","@id":"https:\/\/www.notibras.com\/site\/brasil-vence-10-amistoso-e-vai-embalado-para-copa-america\/#breadcrumb","itemListElement":[{"@type":"ListItem","position":1,"name":"In\u00edcio","item":"https:\/\/www.notibras.com\/site\/"},{"@type":"ListItem","position":2,"name":"Brasil vence 10\u00b0 amistoso e vai embalado para Copa Am\u00e9rica"}]},{"@type":"WebSite","@id":"https:\/\/www.notibras.com\/site\/#website","url":"https:\/\/www.notibras.com\/site\/","name":"Notibras","description":"Not\u00edcias de Bras\u00edlia, do Brasil e do Mundo","publisher":{"@id":"https:\/\/www.notibras.com\/site\/#organization"},"potentialAction":[{"@type":"SearchAction","target":{"@type":"EntryPoint","urlTemplate":"https:\/\/www.notibras.com\/site\/?s={search_term_string}"},"query-input":{"@type":"PropertyValueSpecification","valueRequired":true,"valueName":"search_term_string"}}],"inLanguage":"pt-BR"},{"@type":"Organization","@id":"https:\/\/www.notibras.com\/site\/#organization","name":"Grupo Notibras de Comunica\u00e7\u00e3o","url":"https:\/\/www.notibras.com\/site\/","logo":{"@type":"ImageObject","inLanguage":"pt-BR","@id":"https:\/\/www.notibras.com\/site\/#\/schema\/logo\/image\/","url":"https:\/\/www.notibras.com\/site\/wp-content\/uploads\/2023\/01\/notibras23.png","contentUrl":"https:\/\/www.notibras.com\/site\/wp-content\/uploads\/2023\/01\/notibras23.png","width":350,"height":87,"caption":"Grupo Notibras de Comunica\u00e7\u00e3o"},"image":{"@id":"https:\/\/www.notibras.com\/site\/#\/schema\/logo\/image\/"},"sameAs":["https:\/\/www.facebook.com\/notibras\/","https:\/\/x.com\/Notibras","https:\/\/www.instagram.com\/notibras\/"]},{"@type":"Person","@id":"https:\/\/www.notibras.com\/site\/#\/schema\/person\/36ab0979449956132d3e5b517ea76ac8","name":"Reda\u00e7\u00e3o","image":{"@type":"ImageObject","inLanguage":"pt-BR","@id":"https:\/\/secure.gravatar.com\/avatar\/e0a867bdedb85fd243eadf09663511f96fc81e0720a4a42581f334ad4303aa6b?s=96&d=mm&r=g","url":"https:\/\/secure.gravatar.com\/avatar\/e0a867bdedb85fd243eadf09663511f96fc81e0720a4a42581f334ad4303aa6b?s=96&d=mm&r=g","contentUrl":"https:\/\/secure.gravatar.com\/avatar\/e0a867bdedb85fd243eadf09663511f96fc81e0720a4a42581f334ad4303aa6b?s=96&d=mm&r=g","caption":"Reda\u00e7\u00e3o"}}]}},"amp_enabled":true,"_links":{"self":[{"href":"https:\/\/www.notibras.com\/site\/wp-json\/wp\/v2\/posts\/52955","targetHints":{"allow":["GET"]}}],"collection":[{"href":"https:\/\/www.notibras.com\/site\/wp-json\/wp\/v2\/posts"}],"about":[{"href":"https:\/\/www.notibras.com\/site\/wp-json\/wp\/v2\/types\/post"}],"author":[{"embeddable":true,"href":"https:\/\/www.notibras.com\/site\/wp-json\/wp\/v2\/users\/2"}],"replies":[{"embeddable":true,"href":"https:\/\/www.notibras.com\/site\/wp-json\/wp\/v2\/comments?post=52955"}],"version-history":[{"count":0,"href":"https:\/\/www.notibras.com\/site\/wp-json\/wp\/v2\/posts\/52955\/revisions"}],"wp:featuredmedia":[{"embeddable":true,"href":"https:\/\/www.notibras.com\/site\/wp-json\/wp\/v2\/media\/52956"}],"wp:attachment":[{"href":"https:\/\/www.notibras.com\/site\/wp-json\/wp\/v2\/media?parent=52955"}],"wp:term":[{"taxonomy":"category","embeddable":true,"href":"https:\/\/www.notibras.com\/site\/wp-json\/wp\/v2\/categories?post=52955"},{"taxonomy":"post_tag","embeddable":true,"href":"https:\/\/www.notibras.com\/site\/wp-json\/wp\/v2\/tags?post=52955"}],"curies":[{"name":"wp","href":"https:\/\/api.w.org\/{rel}","templated":true}]}}