{"id":53017,"date":"2015-06-11T20:46:38","date_gmt":"2015-06-11T23:46:38","guid":{"rendered":"http:\/\/www.notibras.com\/site\/?p=53017"},"modified":"2015-06-11T21:15:50","modified_gmt":"2015-06-12T00:15:50","slug":"profetas-do-caos-anunciam-apocalipse-com-meteoro-para-setembro","status":"publish","type":"post","link":"https:\/\/www.notibras.com\/site\/profetas-do-caos-anunciam-apocalipse-com-meteoro-para-setembro\/","title":{"rendered":"Profetas do caos anunciam para setembro apocalipse com meteoro"},"content":{"rendered":"<p>Depois de defender a possibilidade de um \u201capocalipse\u201d no pr\u00f3ximo m\u00eas de setembro , uma teoria da conspira\u00e7\u00e3o afirma que o Ex\u00e9rcito americano estaria se preparando para um poss\u00edvel impacto de asteroide na Terra. As informa\u00e7\u00f5es s\u00e3o do The Mirror.<\/p>\n<p>Segundo a publica\u00e7\u00e3o, no pr\u00f3ximo m\u00eas aconteceria um exerc\u00edcio militar chamado \u201cJade Helm\u201d, que ocorreria em diversos estados do pa\u00eds, com a participa\u00e7\u00e3o de mais de 1.200 militares. Os conspiradores afirmam que a coincid\u00eancia de datas entregaria o prop\u00f3sito de tal evento.<\/p>\n<blockquote><p>Um blogueiro ainda vai al\u00e9m e diz saber a raz\u00e3o para o Jade Helm: servir como uma \u201cap\u00f3lice\u201d no caso de um asteroide realmente atinja a Terra. \u201cSe cair, o JH ser\u00e1 apenas um exerc\u00edcio de treinamento. Se n\u00e3o, Jade Helm ter\u00e1 tropas nos lugares para acalmar o que pode ser um pandem\u00f4nio\u201d, escreveu.<\/p><\/blockquote>\n<p>\u201cSe aqueles entre n\u00f3s que est\u00e3o armados n\u00e3o acordarem para isso agora, n\u00f3s teremos de nos preparar para a pris\u00e3o e o abate\u201d, concluiu o blogueiro.<\/p>\n<p>Esta teoria da conspira\u00e7\u00e3o do \u201cfim do mundo\u201d afirma que uma cat\u00e1strofe atingir\u00e1 nosso planeta entre 22 e 28 de setembro deste ano. A Nasa, por\u00e9m, nega que um asteroide de grande dimens\u00e3o atingir\u00e1 a Terra.<\/p>\n","protected":false},"excerpt":{"rendered":"<p>Depois de defender a possibilidade de um \u201capocalipse\u201d no pr\u00f3ximo m\u00eas de setembro , uma teoria da conspira\u00e7\u00e3o afirma que o Ex\u00e9rcito americano estaria se preparando para um poss\u00edvel impacto de asteroide na Terra. As informa\u00e7\u00f5es s\u00e3o do The Mirror. Segundo a publica\u00e7\u00e3o, no pr\u00f3ximo m\u00eas aconteceria um exerc\u00edcio militar chamado \u201cJade Helm\u201d, que ocorreria [&hellip;]<\/p>\n","protected":false},"author":2,"featured_media":53018,"comment_status":"open","ping_status":"closed","sticky":false,"template":"","format":"standard","meta":{"_acf_changed":false,"footnotes":""},"categories":[17],"tags":[],"class_list":["post-53017","post","type-post","status-publish","format-standard","has-post-thumbnail","hentry","category-mundo"],"acf":[],"yoast_head":"<!-- This site is optimized with the Yoast SEO plugin v27.2 - https:\/\/yoast.com\/product\/yoast-seo-wordpress\/ -->\n<title>Profetas do caos anunciam para setembro apocalipse com meteoro - Notibras<\/title>\n<meta name=\"robots\" content=\"index, follow, max-snippet:-1, max-image-preview:large, max-video-preview:-1\" \/>\n<link rel=\"canonical\" href=\"https:\/\/www.notibras.com\/site\/profetas-do-caos-anunciam-apocalipse-com-meteoro-para-setembro\/\" \/>\n<meta property=\"og:locale\" content=\"pt_BR\" \/>\n<meta property=\"og:type\" content=\"article\" \/>\n<meta property=\"og:title\" content=\"Profetas do caos anunciam para setembro apocalipse com meteoro - Notibras\" \/>\n<meta property=\"og:description\" content=\"Depois de defender a possibilidade de um \u201capocalipse\u201d no pr\u00f3ximo m\u00eas de setembro , uma teoria da conspira\u00e7\u00e3o afirma que o Ex\u00e9rcito americano estaria se preparando para um poss\u00edvel impacto de asteroide na Terra. As informa\u00e7\u00f5es s\u00e3o do The Mirror. Segundo a publica\u00e7\u00e3o, no pr\u00f3ximo m\u00eas aconteceria um exerc\u00edcio militar chamado \u201cJade Helm\u201d, que ocorreria [&hellip;]\" \/>\n<meta property=\"og:url\" content=\"https:\/\/www.notibras.com\/site\/profetas-do-caos-anunciam-apocalipse-com-meteoro-para-setembro\/\" \/>\n<meta property=\"og:site_name\" content=\"Notibras\" \/>\n<meta property=\"article:publisher\" content=\"https:\/\/www.facebook.com\/notibras\/\" \/>\n<meta property=\"article:published_time\" content=\"2015-06-11T23:46:38+00:00\" \/>\n<meta property=\"article:modified_time\" content=\"2015-06-12T00:15:50+00:00\" \/>\n<meta property=\"og:image\" content=\"https:\/\/www.notibras.com\/site\/wp-content\/uploads\/2015\/06\/euaasteroiderepromirror.jpg\" \/>\n\t<meta property=\"og:image:width\" content=\"940\" \/>\n\t<meta property=\"og:image:height\" content=\"625\" \/>\n\t<meta property=\"og:image:type\" content=\"image\/jpeg\" \/>\n<meta name=\"author\" content=\"Reda\u00e7\u00e3o\" \/>\n<meta name=\"twitter:card\" content=\"summary_large_image\" \/>\n<meta name=\"twitter:creator\" content=\"@Notibras\" \/>\n<meta name=\"twitter:site\" content=\"@Notibras\" \/>\n<meta name=\"twitter:label1\" content=\"Escrito por\" \/>\n\t<meta name=\"twitter:data1\" content=\"Reda\u00e7\u00e3o\" \/>\n\t<meta name=\"twitter:label2\" content=\"Est. tempo de leitura\" \/>\n\t<meta name=\"twitter:data2\" content=\"1 minuto\" \/>\n<script type=\"application\/ld+json\" class=\"yoast-schema-graph\">{\"@context\":\"https:\/\/schema.org\",\"@graph\":[{\"@type\":\"Article\",\"@id\":\"https:\/\/www.notibras.com\/site\/profetas-do-caos-anunciam-apocalipse-com-meteoro-para-setembro\/#article\",\"isPartOf\":{\"@id\":\"https:\/\/www.notibras.com\/site\/profetas-do-caos-anunciam-apocalipse-com-meteoro-para-setembro\/\"},\"author\":{\"name\":\"Reda\u00e7\u00e3o\",\"@id\":\"https:\/\/www.notibras.com\/site\/#\/schema\/person\/36ab0979449956132d3e5b517ea76ac8\"},\"headline\":\"Profetas do caos anunciam para setembro apocalipse com meteoro\",\"datePublished\":\"2015-06-11T23:46:38+00:00\",\"dateModified\":\"2015-06-12T00:15:50+00:00\",\"mainEntityOfPage\":{\"@id\":\"https:\/\/www.notibras.com\/site\/profetas-do-caos-anunciam-apocalipse-com-meteoro-para-setembro\/\"},\"wordCount\":233,\"commentCount\":0,\"publisher\":{\"@id\":\"https:\/\/www.notibras.com\/site\/#organization\"},\"image\":{\"@id\":\"https:\/\/www.notibras.com\/site\/profetas-do-caos-anunciam-apocalipse-com-meteoro-para-setembro\/#primaryimage\"},\"thumbnailUrl\":\"https:\/\/www.notibras.com\/site\/wp-content\/uploads\/2015\/06\/euaasteroiderepromirror.jpg\",\"articleSection\":[\"Mundo\"],\"inLanguage\":\"pt-BR\",\"potentialAction\":[{\"@type\":\"CommentAction\",\"name\":\"Comment\",\"target\":[\"https:\/\/www.notibras.com\/site\/profetas-do-caos-anunciam-apocalipse-com-meteoro-para-setembro\/#respond\"]}]},{\"@type\":\"WebPage\",\"@id\":\"https:\/\/www.notibras.com\/site\/profetas-do-caos-anunciam-apocalipse-com-meteoro-para-setembro\/\",\"url\":\"https:\/\/www.notibras.com\/site\/profetas-do-caos-anunciam-apocalipse-com-meteoro-para-setembro\/\",\"name\":\"Profetas do caos anunciam para setembro apocalipse com meteoro - Notibras\",\"isPartOf\":{\"@id\":\"https:\/\/www.notibras.com\/site\/#website\"},\"primaryImageOfPage\":{\"@id\":\"https:\/\/www.notibras.com\/site\/profetas-do-caos-anunciam-apocalipse-com-meteoro-para-setembro\/#primaryimage\"},\"image\":{\"@id\":\"https:\/\/www.notibras.com\/site\/profetas-do-caos-anunciam-apocalipse-com-meteoro-para-setembro\/#primaryimage\"},\"thumbnailUrl\":\"https:\/\/www.notibras.com\/site\/wp-content\/uploads\/2015\/06\/euaasteroiderepromirror.jpg\",\"datePublished\":\"2015-06-11T23:46:38+00:00\",\"dateModified\":\"2015-06-12T00:15:50+00:00\",\"breadcrumb\":{\"@id\":\"https:\/\/www.notibras.com\/site\/profetas-do-caos-anunciam-apocalipse-com-meteoro-para-setembro\/#breadcrumb\"},\"inLanguage\":\"pt-BR\",\"potentialAction\":[{\"@type\":\"ReadAction\",\"target\":[\"https:\/\/www.notibras.com\/site\/profetas-do-caos-anunciam-apocalipse-com-meteoro-para-setembro\/\"]}]},{\"@type\":\"ImageObject\",\"inLanguage\":\"pt-BR\",\"@id\":\"https:\/\/www.notibras.com\/site\/profetas-do-caos-anunciam-apocalipse-com-meteoro-para-setembro\/#primaryimage\",\"url\":\"https:\/\/www.notibras.com\/site\/wp-content\/uploads\/2015\/06\/euaasteroiderepromirror.jpg\",\"contentUrl\":\"https:\/\/www.notibras.com\/site\/wp-content\/uploads\/2015\/06\/euaasteroiderepromirror.jpg\",\"width\":940,\"height\":625},{\"@type\":\"BreadcrumbList\",\"@id\":\"https:\/\/www.notibras.com\/site\/profetas-do-caos-anunciam-apocalipse-com-meteoro-para-setembro\/#breadcrumb\",\"itemListElement\":[{\"@type\":\"ListItem\",\"position\":1,\"name\":\"In\u00edcio\",\"item\":\"https:\/\/www.notibras.com\/site\/\"},{\"@type\":\"ListItem\",\"position\":2,\"name\":\"Profetas do caos anunciam para setembro apocalipse com meteoro\"}]},{\"@type\":\"WebSite\",\"@id\":\"https:\/\/www.notibras.com\/site\/#website\",\"url\":\"https:\/\/www.notibras.com\/site\/\",\"name\":\"Notibras\",\"description\":\"Not\u00edcias de Bras\u00edlia, do Brasil e do Mundo\",\"publisher\":{\"@id\":\"https:\/\/www.notibras.com\/site\/#organization\"},\"potentialAction\":[{\"@type\":\"SearchAction\",\"target\":{\"@type\":\"EntryPoint\",\"urlTemplate\":\"https:\/\/www.notibras.com\/site\/?s={search_term_string}\"},\"query-input\":{\"@type\":\"PropertyValueSpecification\",\"valueRequired\":true,\"valueName\":\"search_term_string\"}}],\"inLanguage\":\"pt-BR\"},{\"@type\":\"Organization\",\"@id\":\"https:\/\/www.notibras.com\/site\/#organization\",\"name\":\"Grupo Notibras de Comunica\u00e7\u00e3o\",\"url\":\"https:\/\/www.notibras.com\/site\/\",\"logo\":{\"@type\":\"ImageObject\",\"inLanguage\":\"pt-BR\",\"@id\":\"https:\/\/www.notibras.com\/site\/#\/schema\/logo\/image\/\",\"url\":\"https:\/\/www.notibras.com\/site\/wp-content\/uploads\/2023\/01\/notibras23.png\",\"contentUrl\":\"https:\/\/www.notibras.com\/site\/wp-content\/uploads\/2023\/01\/notibras23.png\",\"width\":350,\"height\":87,\"caption\":\"Grupo Notibras de Comunica\u00e7\u00e3o\"},\"image\":{\"@id\":\"https:\/\/www.notibras.com\/site\/#\/schema\/logo\/image\/\"},\"sameAs\":[\"https:\/\/www.facebook.com\/notibras\/\",\"https:\/\/x.com\/Notibras\",\"https:\/\/www.instagram.com\/notibras\/\"]},{\"@type\":\"Person\",\"@id\":\"https:\/\/www.notibras.com\/site\/#\/schema\/person\/36ab0979449956132d3e5b517ea76ac8\",\"name\":\"Reda\u00e7\u00e3o\",\"image\":{\"@type\":\"ImageObject\",\"inLanguage\":\"pt-BR\",\"@id\":\"https:\/\/secure.gravatar.com\/avatar\/e0a867bdedb85fd243eadf09663511f96fc81e0720a4a42581f334ad4303aa6b?s=96&d=mm&r=g\",\"url\":\"https:\/\/secure.gravatar.com\/avatar\/e0a867bdedb85fd243eadf09663511f96fc81e0720a4a42581f334ad4303aa6b?s=96&d=mm&r=g\",\"contentUrl\":\"https:\/\/secure.gravatar.com\/avatar\/e0a867bdedb85fd243eadf09663511f96fc81e0720a4a42581f334ad4303aa6b?s=96&d=mm&r=g\",\"caption\":\"Reda\u00e7\u00e3o\"}}]}<\/script>\n<!-- \/ Yoast SEO plugin. -->","yoast_head_json":{"title":"Profetas do caos anunciam para setembro apocalipse com meteoro - Notibras","robots":{"index":"index","follow":"follow","max-snippet":"max-snippet:-1","max-image-preview":"max-image-preview:large","max-video-preview":"max-video-preview:-1"},"canonical":"https:\/\/www.notibras.com\/site\/profetas-do-caos-anunciam-apocalipse-com-meteoro-para-setembro\/","og_locale":"pt_BR","og_type":"article","og_title":"Profetas do caos anunciam para setembro apocalipse com meteoro - Notibras","og_description":"Depois de defender a possibilidade de um \u201capocalipse\u201d no pr\u00f3ximo m\u00eas de setembro , uma teoria da conspira\u00e7\u00e3o afirma que o Ex\u00e9rcito americano estaria se preparando para um poss\u00edvel impacto de asteroide na Terra. As informa\u00e7\u00f5es s\u00e3o do The Mirror. Segundo a publica\u00e7\u00e3o, no pr\u00f3ximo m\u00eas aconteceria um exerc\u00edcio militar chamado \u201cJade Helm\u201d, que ocorreria [&hellip;]","og_url":"https:\/\/www.notibras.com\/site\/profetas-do-caos-anunciam-apocalipse-com-meteoro-para-setembro\/","og_site_name":"Notibras","article_publisher":"https:\/\/www.facebook.com\/notibras\/","article_published_time":"2015-06-11T23:46:38+00:00","article_modified_time":"2015-06-12T00:15:50+00:00","og_image":[{"width":940,"height":625,"url":"https:\/\/www.notibras.com\/site\/wp-content\/uploads\/2015\/06\/euaasteroiderepromirror.jpg","type":"image\/jpeg"}],"author":"Reda\u00e7\u00e3o","twitter_card":"summary_large_image","twitter_creator":"@Notibras","twitter_site":"@Notibras","twitter_misc":{"Escrito por":"Reda\u00e7\u00e3o","Est. tempo de leitura":"1 minuto"},"schema":{"@context":"https:\/\/schema.org","@graph":[{"@type":"Article","@id":"https:\/\/www.notibras.com\/site\/profetas-do-caos-anunciam-apocalipse-com-meteoro-para-setembro\/#article","isPartOf":{"@id":"https:\/\/www.notibras.com\/site\/profetas-do-caos-anunciam-apocalipse-com-meteoro-para-setembro\/"},"author":{"name":"Reda\u00e7\u00e3o","@id":"https:\/\/www.notibras.com\/site\/#\/schema\/person\/36ab0979449956132d3e5b517ea76ac8"},"headline":"Profetas do caos anunciam para setembro apocalipse com meteoro","datePublished":"2015-06-11T23:46:38+00:00","dateModified":"2015-06-12T00:15:50+00:00","mainEntityOfPage":{"@id":"https:\/\/www.notibras.com\/site\/profetas-do-caos-anunciam-apocalipse-com-meteoro-para-setembro\/"},"wordCount":233,"commentCount":0,"publisher":{"@id":"https:\/\/www.notibras.com\/site\/#organization"},"image":{"@id":"https:\/\/www.notibras.com\/site\/profetas-do-caos-anunciam-apocalipse-com-meteoro-para-setembro\/#primaryimage"},"thumbnailUrl":"https:\/\/www.notibras.com\/site\/wp-content\/uploads\/2015\/06\/euaasteroiderepromirror.jpg","articleSection":["Mundo"],"inLanguage":"pt-BR","potentialAction":[{"@type":"CommentAction","name":"Comment","target":["https:\/\/www.notibras.com\/site\/profetas-do-caos-anunciam-apocalipse-com-meteoro-para-setembro\/#respond"]}]},{"@type":"WebPage","@id":"https:\/\/www.notibras.com\/site\/profetas-do-caos-anunciam-apocalipse-com-meteoro-para-setembro\/","url":"https:\/\/www.notibras.com\/site\/profetas-do-caos-anunciam-apocalipse-com-meteoro-para-setembro\/","name":"Profetas do caos anunciam para setembro apocalipse com meteoro - Notibras","isPartOf":{"@id":"https:\/\/www.notibras.com\/site\/#website"},"primaryImageOfPage":{"@id":"https:\/\/www.notibras.com\/site\/profetas-do-caos-anunciam-apocalipse-com-meteoro-para-setembro\/#primaryimage"},"image":{"@id":"https:\/\/www.notibras.com\/site\/profetas-do-caos-anunciam-apocalipse-com-meteoro-para-setembro\/#primaryimage"},"thumbnailUrl":"https:\/\/www.notibras.com\/site\/wp-content\/uploads\/2015\/06\/euaasteroiderepromirror.jpg","datePublished":"2015-06-11T23:46:38+00:00","dateModified":"2015-06-12T00:15:50+00:00","breadcrumb":{"@id":"https:\/\/www.notibras.com\/site\/profetas-do-caos-anunciam-apocalipse-com-meteoro-para-setembro\/#breadcrumb"},"inLanguage":"pt-BR","potentialAction":[{"@type":"ReadAction","target":["https:\/\/www.notibras.com\/site\/profetas-do-caos-anunciam-apocalipse-com-meteoro-para-setembro\/"]}]},{"@type":"ImageObject","inLanguage":"pt-BR","@id":"https:\/\/www.notibras.com\/site\/profetas-do-caos-anunciam-apocalipse-com-meteoro-para-setembro\/#primaryimage","url":"https:\/\/www.notibras.com\/site\/wp-content\/uploads\/2015\/06\/euaasteroiderepromirror.jpg","contentUrl":"https:\/\/www.notibras.com\/site\/wp-content\/uploads\/2015\/06\/euaasteroiderepromirror.jpg","width":940,"height":625},{"@type":"BreadcrumbList","@id":"https:\/\/www.notibras.com\/site\/profetas-do-caos-anunciam-apocalipse-com-meteoro-para-setembro\/#breadcrumb","itemListElement":[{"@type":"ListItem","position":1,"name":"In\u00edcio","item":"https:\/\/www.notibras.com\/site\/"},{"@type":"ListItem","position":2,"name":"Profetas do caos anunciam para setembro apocalipse com meteoro"}]},{"@type":"WebSite","@id":"https:\/\/www.notibras.com\/site\/#website","url":"https:\/\/www.notibras.com\/site\/","name":"Notibras","description":"Not\u00edcias de Bras\u00edlia, do Brasil e do Mundo","publisher":{"@id":"https:\/\/www.notibras.com\/site\/#organization"},"potentialAction":[{"@type":"SearchAction","target":{"@type":"EntryPoint","urlTemplate":"https:\/\/www.notibras.com\/site\/?s={search_term_string}"},"query-input":{"@type":"PropertyValueSpecification","valueRequired":true,"valueName":"search_term_string"}}],"inLanguage":"pt-BR"},{"@type":"Organization","@id":"https:\/\/www.notibras.com\/site\/#organization","name":"Grupo Notibras de Comunica\u00e7\u00e3o","url":"https:\/\/www.notibras.com\/site\/","logo":{"@type":"ImageObject","inLanguage":"pt-BR","@id":"https:\/\/www.notibras.com\/site\/#\/schema\/logo\/image\/","url":"https:\/\/www.notibras.com\/site\/wp-content\/uploads\/2023\/01\/notibras23.png","contentUrl":"https:\/\/www.notibras.com\/site\/wp-content\/uploads\/2023\/01\/notibras23.png","width":350,"height":87,"caption":"Grupo Notibras de Comunica\u00e7\u00e3o"},"image":{"@id":"https:\/\/www.notibras.com\/site\/#\/schema\/logo\/image\/"},"sameAs":["https:\/\/www.facebook.com\/notibras\/","https:\/\/x.com\/Notibras","https:\/\/www.instagram.com\/notibras\/"]},{"@type":"Person","@id":"https:\/\/www.notibras.com\/site\/#\/schema\/person\/36ab0979449956132d3e5b517ea76ac8","name":"Reda\u00e7\u00e3o","image":{"@type":"ImageObject","inLanguage":"pt-BR","@id":"https:\/\/secure.gravatar.com\/avatar\/e0a867bdedb85fd243eadf09663511f96fc81e0720a4a42581f334ad4303aa6b?s=96&d=mm&r=g","url":"https:\/\/secure.gravatar.com\/avatar\/e0a867bdedb85fd243eadf09663511f96fc81e0720a4a42581f334ad4303aa6b?s=96&d=mm&r=g","contentUrl":"https:\/\/secure.gravatar.com\/avatar\/e0a867bdedb85fd243eadf09663511f96fc81e0720a4a42581f334ad4303aa6b?s=96&d=mm&r=g","caption":"Reda\u00e7\u00e3o"}}]}},"amp_enabled":true,"_links":{"self":[{"href":"https:\/\/www.notibras.com\/site\/wp-json\/wp\/v2\/posts\/53017","targetHints":{"allow":["GET"]}}],"collection":[{"href":"https:\/\/www.notibras.com\/site\/wp-json\/wp\/v2\/posts"}],"about":[{"href":"https:\/\/www.notibras.com\/site\/wp-json\/wp\/v2\/types\/post"}],"author":[{"embeddable":true,"href":"https:\/\/www.notibras.com\/site\/wp-json\/wp\/v2\/users\/2"}],"replies":[{"embeddable":true,"href":"https:\/\/www.notibras.com\/site\/wp-json\/wp\/v2\/comments?post=53017"}],"version-history":[{"count":0,"href":"https:\/\/www.notibras.com\/site\/wp-json\/wp\/v2\/posts\/53017\/revisions"}],"wp:featuredmedia":[{"embeddable":true,"href":"https:\/\/www.notibras.com\/site\/wp-json\/wp\/v2\/media\/53018"}],"wp:attachment":[{"href":"https:\/\/www.notibras.com\/site\/wp-json\/wp\/v2\/media?parent=53017"}],"wp:term":[{"taxonomy":"category","embeddable":true,"href":"https:\/\/www.notibras.com\/site\/wp-json\/wp\/v2\/categories?post=53017"},{"taxonomy":"post_tag","embeddable":true,"href":"https:\/\/www.notibras.com\/site\/wp-json\/wp\/v2\/tags?post=53017"}],"curies":[{"name":"wp","href":"https:\/\/api.w.org\/{rel}","templated":true}]}}