{"id":53179,"date":"2015-06-12T10:32:51","date_gmt":"2015-06-12T13:32:51","guid":{"rendered":"http:\/\/www.notibras.com\/site\/?p=53179"},"modified":"2015-06-12T10:32:51","modified_gmt":"2015-06-12T13:32:51","slug":"enem-uma-esteira-grossa-sem-arquitetura-para-processo-seletivo","status":"publish","type":"post","link":"https:\/\/www.notibras.com\/site\/enem-uma-esteira-grossa-sem-arquitetura-para-processo-seletivo\/","title":{"rendered":"Enem, uma esteira grossa sem arquitetura para processo seletivo"},"content":{"rendered":"<p>O Exame Nacional do Ensino M\u00e9dio foi criado em 1998 como uma iniciativa louv\u00e1vel: avaliar a forma\u00e7\u00e3o dos alunos ao final da educa\u00e7\u00e3o b\u00e1sica, para inspirar pol\u00edticas p\u00fablicas de melhoria de tal n\u00edvel de ensino.<\/p>\n<p>Do ponto de vista pol\u00edtico, a universaliza\u00e7\u00e3o de uma educa\u00e7\u00e3o b\u00e1sica de qualidade \u00e9 condi\u00e7\u00e3o de possibilidade da vig\u00eancia de uma democracia. O alerta de Dewey, em seu seminal Democracia e Educa\u00e7\u00e3o (1916), ainda ecoa incisivo: n\u00e3o \u00e9 poss\u00edvel a um pa\u00eds contentar-se com apenas um dos termos de tal par, o que seria t\u00e3o eficaz quanto aliviar de uma pena de morte algu\u00e9m condenado a duas de tais penas.<\/p>\n<p>Modernamente, uma enorme fragmenta\u00e7\u00e3o disciplinar instalou-se nos curr\u00edculos, tornando o ensino m\u00e9dio, etapa final da educa\u00e7\u00e3o b\u00e1sica, especialmente problem\u00e1tico. Eivadas de pormenores, as disciplinas minam o significado dos temas tratados, que parecem atraentes apenas a especialistas. Perdeu-se o foco nas ideias fundamentais de cada mat\u00e9ria.<\/p>\n<blockquote><p>Nossos av\u00f3s diziam com singeleza que as mat\u00e9rias estudadas eram os meios, para que sa\u00edssemos da escola sabendo &#8220;ler, escrever e contar&#8221;. Hoje, tal tr\u00edade n\u00e3o parece mais dar conta dos fins da escolariza\u00e7\u00e3o, abrindo-se espa\u00e7o para uma multiplica\u00e7\u00e3o no n\u00famero de disciplinas estudadas, transformadas, algumas vezes, em fins em si mesmas.<\/p><\/blockquote>\n<p>Foi para reavivar a ideia das disciplinas como meios para o desenvolvimento de compet\u00eancias pessoais que surgiu o Enem. Em sua concep\u00e7\u00e3o, tal exame atualizou as expectativas de nossos av\u00f3s, ao propor que, ao final da educa\u00e7\u00e3o b\u00e1sica, todos deveriam demonstrar capacidade de express\u00e3o de si e de compreens\u00e3o do outro; de argumenta\u00e7\u00e3o anal\u00edtica e de tomadas de decis\u00e3o; de enfrentar situa\u00e7\u00f5es-problema em diferentes contextos, mas tamb\u00e9m de dar asas \u00e0 imagina\u00e7\u00e3o e extrapolar a realidade imediata.<\/p>\n<p>Reiteramos que o exame representava uma tentativa de diagnosticar a educa\u00e7\u00e3o b\u00e1sica no pa\u00eds, visando a a\u00e7\u00f5es de melhoria especialmente do ensino m\u00e9dio.<\/p>\n<p>Hoje, o Enem encontra-se multiplamente descaracterizado: ele abandonou sua fun\u00e7\u00e3o de diagn\u00f3stico e se transformou em um med\u00edocre processo seletivo para o ensino superior. Quando surgiu, o Enem teve uma pequena influ\u00eancia nos vestibulares: n\u00e3o \u00e9 um exagero afirmar-se que os vestibulares, agora, o engoliram. N\u00e3o se trata de um pequeno desvio.<\/p>\n<p>A arquitetura do Enem \u00e9 a de uma peneira grossa e n\u00e3o o credencia como um processo seletivo. Suas quest\u00f5es n\u00e3o t\u00eam o poder de discrimina\u00e7\u00e3o fino que tais exames exigem. No m\u00e1ximo, seu resultado poderia ser usado como um escore cognitivo, em sintonia com indicadores mais espec\u00edficos, incluindo-se as entrevistas.<\/p>\n<p>A prova de reda\u00e7\u00e3o \u00e9 um bom indicador do desvio do Enem. A fecunda tecnologia criada para a corre\u00e7\u00e3o das provas teve sua import\u00e2ncia diminu\u00edda ou mesmo esvaziada. No aproveitamento das notas do exame, muitas vezes, tudo o que se exige \u00e9 que n\u00e3o se tenha um zero na reda\u00e7\u00e3o.<\/p>\n<p>Na busca de uma consist\u00eancia como processo seletivo, o Enem foi conduzido a outro desvio: a preval\u00eancia da inten\u00e7\u00e3o da medida sobre a de fornecedora de ind\u00edcios para a formula\u00e7\u00e3o de pol\u00edticas p\u00fablicas, o que conduziu o exame aos bra\u00e7os da TRI (Teoria da Resposta ao Item), uma tecnologia cara e sofisticada, que serviria a um putativo rigor mas torna os resultados de dif\u00edcil interpreta\u00e7\u00e3o enquanto diagn\u00f3stico.<\/p>\n<p>Outro desvio grave de fun\u00e7\u00e3o ocorre quando se usa o Enem para a constru\u00e7\u00e3o de rankings das escolas. A divulga\u00e7\u00e3o dos resultados do exame tem constitu\u00eddo, anualmente, um espet\u00e1culo de puro nonsense.<\/p>\n<p>Apenas para exemplificar, em 2009, quando a contagem dos pontos era de 0 a 100, 70 escolas tiveram resultados entre 64 e 65 pontos; em 2010, quando o n\u00famero de pontos foi estendido para 1000, as 50 supostas melhores escolas tiveram notas entre 749 e 701, com diferen\u00e7as absolutamente irrelevantes entre elas.<\/p>\n<p>Se a produ\u00e7\u00e3o de um ranking \u00e9 inevit\u00e1vel, ent\u00e3o que se crie um ordenando as escolas em 4 ou 5 faixas, de modo similar ao da atribui\u00e7\u00e3o de estrelas aos hot\u00e9is: n\u00e3o \u00e9 poss\u00edvel ir-se al\u00e9m disso com tal instrumento.<\/p>\n<p>Ao mimetizar processos seletivos, desvalorizar a prova de reda\u00e7\u00e3o e referendar o absurdo dos rankings tal como s\u00e3o realizados, o Enem est\u00e1, hoje, completamente descaracterizado. Ao abandonar seu estatuto de instrumento para orientar as a\u00e7\u00f5es de melhoria da educa\u00e7\u00e3o b\u00e1sica, sobretudo em seu n\u00edvel mais cr\u00edtico, que \u00e9 o ensino m\u00e9dio, e se instalar como instrumento de ingresso no ensino superior, o Enem frustra todas as expectativas de sua cria\u00e7\u00e3o.<\/p>\n<p>Ao relacionar-se mais com vagas ou financiamento da educa\u00e7\u00e3o superior, com Fies ou Prouni, do que com o ensino m\u00e9dio, o Enem, que nasceu para ser uma geladeira, transforma-se em discreto aquecedor a secar sapatos, em sua parte traseira.<\/p>\n<p><strong>Nilson Jos\u00e9 Machado<\/strong><\/p>\n","protected":false},"excerpt":{"rendered":"<p>O Exame Nacional do Ensino M\u00e9dio foi criado em 1998 como uma iniciativa louv\u00e1vel: avaliar a forma\u00e7\u00e3o dos alunos ao final da educa\u00e7\u00e3o b\u00e1sica, para inspirar pol\u00edticas p\u00fablicas de melhoria de tal n\u00edvel de ensino. Do ponto de vista pol\u00edtico, a universaliza\u00e7\u00e3o de uma educa\u00e7\u00e3o b\u00e1sica de qualidade \u00e9 condi\u00e7\u00e3o de possibilidade da vig\u00eancia de [&hellip;]<\/p>\n","protected":false},"author":2,"featured_media":53180,"comment_status":"open","ping_status":"closed","sticky":false,"template":"","format":"standard","meta":{"_acf_changed":false,"footnotes":""},"categories":[25],"tags":[],"class_list":["post-53179","post","type-post","status-publish","format-standard","has-post-thumbnail","hentry","category-opina-ai"],"acf":[],"yoast_head":"<!-- This site is optimized with the Yoast SEO plugin v27.2 - https:\/\/yoast.com\/product\/yoast-seo-wordpress\/ -->\n<title>Enem, uma esteira grossa sem arquitetura para processo seletivo - Notibras<\/title>\n<meta name=\"robots\" content=\"index, follow, max-snippet:-1, max-image-preview:large, max-video-preview:-1\" \/>\n<link rel=\"canonical\" href=\"https:\/\/www.notibras.com\/site\/enem-uma-esteira-grossa-sem-arquitetura-para-processo-seletivo\/\" \/>\n<meta property=\"og:locale\" content=\"pt_BR\" \/>\n<meta property=\"og:type\" content=\"article\" \/>\n<meta property=\"og:title\" content=\"Enem, uma esteira grossa sem arquitetura para processo seletivo - Notibras\" \/>\n<meta property=\"og:description\" content=\"O Exame Nacional do Ensino M\u00e9dio foi criado em 1998 como uma iniciativa louv\u00e1vel: avaliar a forma\u00e7\u00e3o dos alunos ao final da educa\u00e7\u00e3o b\u00e1sica, para inspirar pol\u00edticas p\u00fablicas de melhoria de tal n\u00edvel de ensino. Do ponto de vista pol\u00edtico, a universaliza\u00e7\u00e3o de uma educa\u00e7\u00e3o b\u00e1sica de qualidade \u00e9 condi\u00e7\u00e3o de possibilidade da vig\u00eancia de [&hellip;]\" \/>\n<meta property=\"og:url\" content=\"https:\/\/www.notibras.com\/site\/enem-uma-esteira-grossa-sem-arquitetura-para-processo-seletivo\/\" \/>\n<meta property=\"og:site_name\" content=\"Notibras\" \/>\n<meta property=\"article:publisher\" content=\"https:\/\/www.facebook.com\/notibras\/\" \/>\n<meta property=\"article:published_time\" content=\"2015-06-12T13:32:51+00:00\" \/>\n<meta property=\"og:image\" content=\"https:\/\/www.notibras.com\/site\/wp-content\/uploads\/2015\/06\/Enem.jpg\" \/>\n\t<meta property=\"og:image:width\" content=\"720\" \/>\n\t<meta property=\"og:image:height\" content=\"460\" \/>\n\t<meta property=\"og:image:type\" content=\"image\/jpeg\" \/>\n<meta name=\"author\" content=\"Reda\u00e7\u00e3o\" \/>\n<meta name=\"twitter:card\" content=\"summary_large_image\" \/>\n<meta name=\"twitter:creator\" content=\"@Notibras\" \/>\n<meta name=\"twitter:site\" content=\"@Notibras\" \/>\n<meta name=\"twitter:label1\" content=\"Escrito por\" \/>\n\t<meta name=\"twitter:data1\" content=\"Reda\u00e7\u00e3o\" \/>\n\t<meta name=\"twitter:label2\" content=\"Est. tempo de leitura\" \/>\n\t<meta name=\"twitter:data2\" content=\"4 minutos\" \/>\n<script type=\"application\/ld+json\" class=\"yoast-schema-graph\">{\"@context\":\"https:\/\/schema.org\",\"@graph\":[{\"@type\":\"Article\",\"@id\":\"https:\/\/www.notibras.com\/site\/enem-uma-esteira-grossa-sem-arquitetura-para-processo-seletivo\/#article\",\"isPartOf\":{\"@id\":\"https:\/\/www.notibras.com\/site\/enem-uma-esteira-grossa-sem-arquitetura-para-processo-seletivo\/\"},\"author\":{\"name\":\"Reda\u00e7\u00e3o\",\"@id\":\"https:\/\/www.notibras.com\/site\/#\/schema\/person\/36ab0979449956132d3e5b517ea76ac8\"},\"headline\":\"Enem, uma esteira grossa sem arquitetura para processo seletivo\",\"datePublished\":\"2015-06-12T13:32:51+00:00\",\"mainEntityOfPage\":{\"@id\":\"https:\/\/www.notibras.com\/site\/enem-uma-esteira-grossa-sem-arquitetura-para-processo-seletivo\/\"},\"wordCount\":852,\"commentCount\":0,\"publisher\":{\"@id\":\"https:\/\/www.notibras.com\/site\/#organization\"},\"image\":{\"@id\":\"https:\/\/www.notibras.com\/site\/enem-uma-esteira-grossa-sem-arquitetura-para-processo-seletivo\/#primaryimage\"},\"thumbnailUrl\":\"https:\/\/www.notibras.com\/site\/wp-content\/uploads\/2015\/06\/Enem.jpg\",\"articleSection\":[\"Opina a\u00ed\"],\"inLanguage\":\"pt-BR\",\"potentialAction\":[{\"@type\":\"CommentAction\",\"name\":\"Comment\",\"target\":[\"https:\/\/www.notibras.com\/site\/enem-uma-esteira-grossa-sem-arquitetura-para-processo-seletivo\/#respond\"]}]},{\"@type\":\"WebPage\",\"@id\":\"https:\/\/www.notibras.com\/site\/enem-uma-esteira-grossa-sem-arquitetura-para-processo-seletivo\/\",\"url\":\"https:\/\/www.notibras.com\/site\/enem-uma-esteira-grossa-sem-arquitetura-para-processo-seletivo\/\",\"name\":\"Enem, uma esteira grossa sem arquitetura para processo seletivo - Notibras\",\"isPartOf\":{\"@id\":\"https:\/\/www.notibras.com\/site\/#website\"},\"primaryImageOfPage\":{\"@id\":\"https:\/\/www.notibras.com\/site\/enem-uma-esteira-grossa-sem-arquitetura-para-processo-seletivo\/#primaryimage\"},\"image\":{\"@id\":\"https:\/\/www.notibras.com\/site\/enem-uma-esteira-grossa-sem-arquitetura-para-processo-seletivo\/#primaryimage\"},\"thumbnailUrl\":\"https:\/\/www.notibras.com\/site\/wp-content\/uploads\/2015\/06\/Enem.jpg\",\"datePublished\":\"2015-06-12T13:32:51+00:00\",\"breadcrumb\":{\"@id\":\"https:\/\/www.notibras.com\/site\/enem-uma-esteira-grossa-sem-arquitetura-para-processo-seletivo\/#breadcrumb\"},\"inLanguage\":\"pt-BR\",\"potentialAction\":[{\"@type\":\"ReadAction\",\"target\":[\"https:\/\/www.notibras.com\/site\/enem-uma-esteira-grossa-sem-arquitetura-para-processo-seletivo\/\"]}]},{\"@type\":\"ImageObject\",\"inLanguage\":\"pt-BR\",\"@id\":\"https:\/\/www.notibras.com\/site\/enem-uma-esteira-grossa-sem-arquitetura-para-processo-seletivo\/#primaryimage\",\"url\":\"https:\/\/www.notibras.com\/site\/wp-content\/uploads\/2015\/06\/Enem.jpg\",\"contentUrl\":\"https:\/\/www.notibras.com\/site\/wp-content\/uploads\/2015\/06\/Enem.jpg\",\"width\":720,\"height\":460},{\"@type\":\"BreadcrumbList\",\"@id\":\"https:\/\/www.notibras.com\/site\/enem-uma-esteira-grossa-sem-arquitetura-para-processo-seletivo\/#breadcrumb\",\"itemListElement\":[{\"@type\":\"ListItem\",\"position\":1,\"name\":\"In\u00edcio\",\"item\":\"https:\/\/www.notibras.com\/site\/\"},{\"@type\":\"ListItem\",\"position\":2,\"name\":\"Enem, uma esteira grossa sem arquitetura para processo seletivo\"}]},{\"@type\":\"WebSite\",\"@id\":\"https:\/\/www.notibras.com\/site\/#website\",\"url\":\"https:\/\/www.notibras.com\/site\/\",\"name\":\"Notibras\",\"description\":\"Not\u00edcias de Bras\u00edlia, do Brasil e do Mundo\",\"publisher\":{\"@id\":\"https:\/\/www.notibras.com\/site\/#organization\"},\"potentialAction\":[{\"@type\":\"SearchAction\",\"target\":{\"@type\":\"EntryPoint\",\"urlTemplate\":\"https:\/\/www.notibras.com\/site\/?s={search_term_string}\"},\"query-input\":{\"@type\":\"PropertyValueSpecification\",\"valueRequired\":true,\"valueName\":\"search_term_string\"}}],\"inLanguage\":\"pt-BR\"},{\"@type\":\"Organization\",\"@id\":\"https:\/\/www.notibras.com\/site\/#organization\",\"name\":\"Grupo Notibras de Comunica\u00e7\u00e3o\",\"url\":\"https:\/\/www.notibras.com\/site\/\",\"logo\":{\"@type\":\"ImageObject\",\"inLanguage\":\"pt-BR\",\"@id\":\"https:\/\/www.notibras.com\/site\/#\/schema\/logo\/image\/\",\"url\":\"https:\/\/www.notibras.com\/site\/wp-content\/uploads\/2023\/01\/notibras23.png\",\"contentUrl\":\"https:\/\/www.notibras.com\/site\/wp-content\/uploads\/2023\/01\/notibras23.png\",\"width\":350,\"height\":87,\"caption\":\"Grupo Notibras de Comunica\u00e7\u00e3o\"},\"image\":{\"@id\":\"https:\/\/www.notibras.com\/site\/#\/schema\/logo\/image\/\"},\"sameAs\":[\"https:\/\/www.facebook.com\/notibras\/\",\"https:\/\/x.com\/Notibras\",\"https:\/\/www.instagram.com\/notibras\/\"]},{\"@type\":\"Person\",\"@id\":\"https:\/\/www.notibras.com\/site\/#\/schema\/person\/36ab0979449956132d3e5b517ea76ac8\",\"name\":\"Reda\u00e7\u00e3o\",\"image\":{\"@type\":\"ImageObject\",\"inLanguage\":\"pt-BR\",\"@id\":\"https:\/\/secure.gravatar.com\/avatar\/e0a867bdedb85fd243eadf09663511f96fc81e0720a4a42581f334ad4303aa6b?s=96&d=mm&r=g\",\"url\":\"https:\/\/secure.gravatar.com\/avatar\/e0a867bdedb85fd243eadf09663511f96fc81e0720a4a42581f334ad4303aa6b?s=96&d=mm&r=g\",\"contentUrl\":\"https:\/\/secure.gravatar.com\/avatar\/e0a867bdedb85fd243eadf09663511f96fc81e0720a4a42581f334ad4303aa6b?s=96&d=mm&r=g\",\"caption\":\"Reda\u00e7\u00e3o\"}}]}<\/script>\n<!-- \/ Yoast SEO plugin. -->","yoast_head_json":{"title":"Enem, uma esteira grossa sem arquitetura para processo seletivo - Notibras","robots":{"index":"index","follow":"follow","max-snippet":"max-snippet:-1","max-image-preview":"max-image-preview:large","max-video-preview":"max-video-preview:-1"},"canonical":"https:\/\/www.notibras.com\/site\/enem-uma-esteira-grossa-sem-arquitetura-para-processo-seletivo\/","og_locale":"pt_BR","og_type":"article","og_title":"Enem, uma esteira grossa sem arquitetura para processo seletivo - Notibras","og_description":"O Exame Nacional do Ensino M\u00e9dio foi criado em 1998 como uma iniciativa louv\u00e1vel: avaliar a forma\u00e7\u00e3o dos alunos ao final da educa\u00e7\u00e3o b\u00e1sica, para inspirar pol\u00edticas p\u00fablicas de melhoria de tal n\u00edvel de ensino. Do ponto de vista pol\u00edtico, a universaliza\u00e7\u00e3o de uma educa\u00e7\u00e3o b\u00e1sica de qualidade \u00e9 condi\u00e7\u00e3o de possibilidade da vig\u00eancia de [&hellip;]","og_url":"https:\/\/www.notibras.com\/site\/enem-uma-esteira-grossa-sem-arquitetura-para-processo-seletivo\/","og_site_name":"Notibras","article_publisher":"https:\/\/www.facebook.com\/notibras\/","article_published_time":"2015-06-12T13:32:51+00:00","og_image":[{"width":720,"height":460,"url":"https:\/\/www.notibras.com\/site\/wp-content\/uploads\/2015\/06\/Enem.jpg","type":"image\/jpeg"}],"author":"Reda\u00e7\u00e3o","twitter_card":"summary_large_image","twitter_creator":"@Notibras","twitter_site":"@Notibras","twitter_misc":{"Escrito por":"Reda\u00e7\u00e3o","Est. tempo de leitura":"4 minutos"},"schema":{"@context":"https:\/\/schema.org","@graph":[{"@type":"Article","@id":"https:\/\/www.notibras.com\/site\/enem-uma-esteira-grossa-sem-arquitetura-para-processo-seletivo\/#article","isPartOf":{"@id":"https:\/\/www.notibras.com\/site\/enem-uma-esteira-grossa-sem-arquitetura-para-processo-seletivo\/"},"author":{"name":"Reda\u00e7\u00e3o","@id":"https:\/\/www.notibras.com\/site\/#\/schema\/person\/36ab0979449956132d3e5b517ea76ac8"},"headline":"Enem, uma esteira grossa sem arquitetura para processo seletivo","datePublished":"2015-06-12T13:32:51+00:00","mainEntityOfPage":{"@id":"https:\/\/www.notibras.com\/site\/enem-uma-esteira-grossa-sem-arquitetura-para-processo-seletivo\/"},"wordCount":852,"commentCount":0,"publisher":{"@id":"https:\/\/www.notibras.com\/site\/#organization"},"image":{"@id":"https:\/\/www.notibras.com\/site\/enem-uma-esteira-grossa-sem-arquitetura-para-processo-seletivo\/#primaryimage"},"thumbnailUrl":"https:\/\/www.notibras.com\/site\/wp-content\/uploads\/2015\/06\/Enem.jpg","articleSection":["Opina a\u00ed"],"inLanguage":"pt-BR","potentialAction":[{"@type":"CommentAction","name":"Comment","target":["https:\/\/www.notibras.com\/site\/enem-uma-esteira-grossa-sem-arquitetura-para-processo-seletivo\/#respond"]}]},{"@type":"WebPage","@id":"https:\/\/www.notibras.com\/site\/enem-uma-esteira-grossa-sem-arquitetura-para-processo-seletivo\/","url":"https:\/\/www.notibras.com\/site\/enem-uma-esteira-grossa-sem-arquitetura-para-processo-seletivo\/","name":"Enem, uma esteira grossa sem arquitetura para processo seletivo - Notibras","isPartOf":{"@id":"https:\/\/www.notibras.com\/site\/#website"},"primaryImageOfPage":{"@id":"https:\/\/www.notibras.com\/site\/enem-uma-esteira-grossa-sem-arquitetura-para-processo-seletivo\/#primaryimage"},"image":{"@id":"https:\/\/www.notibras.com\/site\/enem-uma-esteira-grossa-sem-arquitetura-para-processo-seletivo\/#primaryimage"},"thumbnailUrl":"https:\/\/www.notibras.com\/site\/wp-content\/uploads\/2015\/06\/Enem.jpg","datePublished":"2015-06-12T13:32:51+00:00","breadcrumb":{"@id":"https:\/\/www.notibras.com\/site\/enem-uma-esteira-grossa-sem-arquitetura-para-processo-seletivo\/#breadcrumb"},"inLanguage":"pt-BR","potentialAction":[{"@type":"ReadAction","target":["https:\/\/www.notibras.com\/site\/enem-uma-esteira-grossa-sem-arquitetura-para-processo-seletivo\/"]}]},{"@type":"ImageObject","inLanguage":"pt-BR","@id":"https:\/\/www.notibras.com\/site\/enem-uma-esteira-grossa-sem-arquitetura-para-processo-seletivo\/#primaryimage","url":"https:\/\/www.notibras.com\/site\/wp-content\/uploads\/2015\/06\/Enem.jpg","contentUrl":"https:\/\/www.notibras.com\/site\/wp-content\/uploads\/2015\/06\/Enem.jpg","width":720,"height":460},{"@type":"BreadcrumbList","@id":"https:\/\/www.notibras.com\/site\/enem-uma-esteira-grossa-sem-arquitetura-para-processo-seletivo\/#breadcrumb","itemListElement":[{"@type":"ListItem","position":1,"name":"In\u00edcio","item":"https:\/\/www.notibras.com\/site\/"},{"@type":"ListItem","position":2,"name":"Enem, uma esteira grossa sem arquitetura para processo seletivo"}]},{"@type":"WebSite","@id":"https:\/\/www.notibras.com\/site\/#website","url":"https:\/\/www.notibras.com\/site\/","name":"Notibras","description":"Not\u00edcias de Bras\u00edlia, do Brasil e do Mundo","publisher":{"@id":"https:\/\/www.notibras.com\/site\/#organization"},"potentialAction":[{"@type":"SearchAction","target":{"@type":"EntryPoint","urlTemplate":"https:\/\/www.notibras.com\/site\/?s={search_term_string}"},"query-input":{"@type":"PropertyValueSpecification","valueRequired":true,"valueName":"search_term_string"}}],"inLanguage":"pt-BR"},{"@type":"Organization","@id":"https:\/\/www.notibras.com\/site\/#organization","name":"Grupo Notibras de Comunica\u00e7\u00e3o","url":"https:\/\/www.notibras.com\/site\/","logo":{"@type":"ImageObject","inLanguage":"pt-BR","@id":"https:\/\/www.notibras.com\/site\/#\/schema\/logo\/image\/","url":"https:\/\/www.notibras.com\/site\/wp-content\/uploads\/2023\/01\/notibras23.png","contentUrl":"https:\/\/www.notibras.com\/site\/wp-content\/uploads\/2023\/01\/notibras23.png","width":350,"height":87,"caption":"Grupo Notibras de Comunica\u00e7\u00e3o"},"image":{"@id":"https:\/\/www.notibras.com\/site\/#\/schema\/logo\/image\/"},"sameAs":["https:\/\/www.facebook.com\/notibras\/","https:\/\/x.com\/Notibras","https:\/\/www.instagram.com\/notibras\/"]},{"@type":"Person","@id":"https:\/\/www.notibras.com\/site\/#\/schema\/person\/36ab0979449956132d3e5b517ea76ac8","name":"Reda\u00e7\u00e3o","image":{"@type":"ImageObject","inLanguage":"pt-BR","@id":"https:\/\/secure.gravatar.com\/avatar\/e0a867bdedb85fd243eadf09663511f96fc81e0720a4a42581f334ad4303aa6b?s=96&d=mm&r=g","url":"https:\/\/secure.gravatar.com\/avatar\/e0a867bdedb85fd243eadf09663511f96fc81e0720a4a42581f334ad4303aa6b?s=96&d=mm&r=g","contentUrl":"https:\/\/secure.gravatar.com\/avatar\/e0a867bdedb85fd243eadf09663511f96fc81e0720a4a42581f334ad4303aa6b?s=96&d=mm&r=g","caption":"Reda\u00e7\u00e3o"}}]}},"amp_enabled":true,"_links":{"self":[{"href":"https:\/\/www.notibras.com\/site\/wp-json\/wp\/v2\/posts\/53179","targetHints":{"allow":["GET"]}}],"collection":[{"href":"https:\/\/www.notibras.com\/site\/wp-json\/wp\/v2\/posts"}],"about":[{"href":"https:\/\/www.notibras.com\/site\/wp-json\/wp\/v2\/types\/post"}],"author":[{"embeddable":true,"href":"https:\/\/www.notibras.com\/site\/wp-json\/wp\/v2\/users\/2"}],"replies":[{"embeddable":true,"href":"https:\/\/www.notibras.com\/site\/wp-json\/wp\/v2\/comments?post=53179"}],"version-history":[{"count":0,"href":"https:\/\/www.notibras.com\/site\/wp-json\/wp\/v2\/posts\/53179\/revisions"}],"wp:featuredmedia":[{"embeddable":true,"href":"https:\/\/www.notibras.com\/site\/wp-json\/wp\/v2\/media\/53180"}],"wp:attachment":[{"href":"https:\/\/www.notibras.com\/site\/wp-json\/wp\/v2\/media?parent=53179"}],"wp:term":[{"taxonomy":"category","embeddable":true,"href":"https:\/\/www.notibras.com\/site\/wp-json\/wp\/v2\/categories?post=53179"},{"taxonomy":"post_tag","embeddable":true,"href":"https:\/\/www.notibras.com\/site\/wp-json\/wp\/v2\/tags?post=53179"}],"curies":[{"name":"wp","href":"https:\/\/api.w.org\/{rel}","templated":true}]}}