{"id":53220,"date":"2015-06-12T15:58:02","date_gmt":"2015-06-12T18:58:02","guid":{"rendered":"http:\/\/www.notibras.com\/site\/?p=53220"},"modified":"2015-06-12T17:52:32","modified_gmt":"2015-06-12T20:52:32","slug":"italia-suspende-extradicao-e-volta-de-pizzolato-tem-novo-capitulo","status":"publish","type":"post","link":"https:\/\/www.notibras.com\/site\/italia-suspende-extradicao-e-volta-de-pizzolato-tem-novo-capitulo\/","title":{"rendered":"It\u00e1lia suspende ordem de extradi\u00e7\u00e3o e volta de Pizzolato vira novela"},"content":{"rendered":"<p>Um novo n\u00f3 no processo de extradi\u00e7\u00e3o do brasileiro Henrique Pizzolato foi dado nesta sexta-feira, com a decis\u00e3o da Justi\u00e7a da It\u00e1lia de suspender o processo para que o ex-diretor de Marketing do Banco do Brasil cumpora a pena a que foi condenado no Mensal\u00e3o. A Justi\u00e7a daquele pa\u00eds acatou um recurso impetrado pelo advogado do petista.<\/p>\n<p>\u00c9 a segunda vez que uma inst\u00e2ncia administrativa \u2013teoricamente sem poder para reverter a extradi\u00e7\u00e3o decidida pela mais alta corte do pa\u00eds e pelo Minist\u00e9rio da Justi\u00e7a\u2013 impede a devolu\u00e7\u00e3o de Pizzolato sob alega\u00e7\u00e3o de revisar os procedimentos formais da decis\u00e3o da extradi\u00e7\u00e3o.<\/p>\n<blockquote><p>O ex-diretor do Banco do Brasil foi condenado a 12 anos e 7 meses de pris\u00e3o no julgamento do mensal\u00e3o por peculato, lavagem de dinheiro e corrup\u00e7\u00e3o passiva, mas fugiu para a It\u00e1lia antes de ser preso.<\/p><\/blockquote>\n<p>A not\u00edcia da suspens\u00e3o da extradi\u00e7\u00e3o causou surpresa e revolta entre diplomatas brasileiros em Roma que haviam discutido os detalhes da extradi\u00e7\u00e3o do petista com autoridades dos minist\u00e9rios do Interior e da Justi\u00e7a italianos.<\/p>\n<p>Pedindo para ter a identidade preservada, um deles afirmou que o governo Matteo Renzi havia emitido sinais de que n\u00e3o haveria entraves no Conselho de Estado, a inst\u00e2ncia administrativa que julga a legalidade dos atos de governo.<\/p>\n<blockquote><p>Ocorreu o contr\u00e1rio: por volta das 19h (14h em Bras\u00edlia), um magistrado do Conselho de Estado suspendeu a extradi\u00e7\u00e3o.\u00a0Uma equipe de policiais federais \u2013um delegado e tr\u00eas agentes\u2013 j\u00e1 estava no aeroporto de Bras\u00edlia para embarcar para a It\u00e1lia, quando foram informados de que a opera\u00e7\u00e3o para repatriar o condenado fora abortada.<\/p><\/blockquote>\n","protected":false},"excerpt":{"rendered":"<p>Um novo n\u00f3 no processo de extradi\u00e7\u00e3o do brasileiro Henrique Pizzolato foi dado nesta sexta-feira, com a decis\u00e3o da Justi\u00e7a da It\u00e1lia de suspender o processo para que o ex-diretor de Marketing do Banco do Brasil cumpora a pena a que foi condenado no Mensal\u00e3o. A Justi\u00e7a daquele pa\u00eds acatou um recurso impetrado pelo advogado [&hellip;]<\/p>\n","protected":false},"author":2,"featured_media":53221,"comment_status":"open","ping_status":"closed","sticky":false,"template":"","format":"standard","meta":{"_acf_changed":false,"footnotes":""},"categories":[16],"tags":[],"class_list":["post-53220","post","type-post","status-publish","format-standard","has-post-thumbnail","hentry","category-brasil"],"acf":[],"yoast_head":"<!-- This site is optimized with the Yoast SEO plugin v27.2 - https:\/\/yoast.com\/product\/yoast-seo-wordpress\/ -->\n<title>It\u00e1lia suspende ordem de extradi\u00e7\u00e3o e volta de Pizzolato vira novela - Notibras<\/title>\n<meta name=\"robots\" content=\"index, follow, max-snippet:-1, max-image-preview:large, max-video-preview:-1\" \/>\n<link rel=\"canonical\" href=\"https:\/\/www.notibras.com\/site\/italia-suspende-extradicao-e-volta-de-pizzolato-tem-novo-capitulo\/\" \/>\n<meta property=\"og:locale\" content=\"pt_BR\" \/>\n<meta property=\"og:type\" content=\"article\" \/>\n<meta property=\"og:title\" content=\"It\u00e1lia suspende ordem de extradi\u00e7\u00e3o e volta de Pizzolato vira novela - Notibras\" \/>\n<meta property=\"og:description\" content=\"Um novo n\u00f3 no processo de extradi\u00e7\u00e3o do brasileiro Henrique Pizzolato foi dado nesta sexta-feira, com a decis\u00e3o da Justi\u00e7a da It\u00e1lia de suspender o processo para que o ex-diretor de Marketing do Banco do Brasil cumpora a pena a que foi condenado no Mensal\u00e3o. A Justi\u00e7a daquele pa\u00eds acatou um recurso impetrado pelo advogado [&hellip;]\" \/>\n<meta property=\"og:url\" content=\"https:\/\/www.notibras.com\/site\/italia-suspende-extradicao-e-volta-de-pizzolato-tem-novo-capitulo\/\" \/>\n<meta property=\"og:site_name\" content=\"Notibras\" \/>\n<meta property=\"article:publisher\" content=\"https:\/\/www.facebook.com\/notibras\/\" \/>\n<meta property=\"article:published_time\" content=\"2015-06-12T18:58:02+00:00\" \/>\n<meta property=\"article:modified_time\" content=\"2015-06-12T20:52:32+00:00\" \/>\n<meta property=\"og:image\" content=\"https:\/\/www.notibras.com\/site\/wp-content\/uploads\/2015\/06\/db4079ef90b0ce35ece00f1dbaa00758.jpg\" \/>\n\t<meta property=\"og:image:width\" content=\"588\" \/>\n\t<meta property=\"og:image:height\" content=\"458\" \/>\n\t<meta property=\"og:image:type\" content=\"image\/jpeg\" \/>\n<meta name=\"author\" content=\"Reda\u00e7\u00e3o\" \/>\n<meta name=\"twitter:card\" content=\"summary_large_image\" \/>\n<meta name=\"twitter:creator\" content=\"@Notibras\" \/>\n<meta name=\"twitter:site\" content=\"@Notibras\" \/>\n<meta name=\"twitter:label1\" content=\"Escrito por\" \/>\n\t<meta name=\"twitter:data1\" content=\"Reda\u00e7\u00e3o\" \/>\n\t<meta name=\"twitter:label2\" content=\"Est. tempo de leitura\" \/>\n\t<meta name=\"twitter:data2\" content=\"1 minuto\" \/>\n<script type=\"application\/ld+json\" class=\"yoast-schema-graph\">{\"@context\":\"https:\/\/schema.org\",\"@graph\":[{\"@type\":\"Article\",\"@id\":\"https:\/\/www.notibras.com\/site\/italia-suspende-extradicao-e-volta-de-pizzolato-tem-novo-capitulo\/#article\",\"isPartOf\":{\"@id\":\"https:\/\/www.notibras.com\/site\/italia-suspende-extradicao-e-volta-de-pizzolato-tem-novo-capitulo\/\"},\"author\":{\"name\":\"Reda\u00e7\u00e3o\",\"@id\":\"https:\/\/www.notibras.com\/site\/#\/schema\/person\/36ab0979449956132d3e5b517ea76ac8\"},\"headline\":\"It\u00e1lia suspende ordem de extradi\u00e7\u00e3o e volta de Pizzolato vira novela\",\"datePublished\":\"2015-06-12T18:58:02+00:00\",\"dateModified\":\"2015-06-12T20:52:32+00:00\",\"mainEntityOfPage\":{\"@id\":\"https:\/\/www.notibras.com\/site\/italia-suspende-extradicao-e-volta-de-pizzolato-tem-novo-capitulo\/\"},\"wordCount\":306,\"commentCount\":0,\"publisher\":{\"@id\":\"https:\/\/www.notibras.com\/site\/#organization\"},\"image\":{\"@id\":\"https:\/\/www.notibras.com\/site\/italia-suspende-extradicao-e-volta-de-pizzolato-tem-novo-capitulo\/#primaryimage\"},\"thumbnailUrl\":\"https:\/\/www.notibras.com\/site\/wp-content\/uploads\/2015\/06\/db4079ef90b0ce35ece00f1dbaa00758.jpg\",\"articleSection\":[\"Brasil\"],\"inLanguage\":\"pt-BR\",\"potentialAction\":[{\"@type\":\"CommentAction\",\"name\":\"Comment\",\"target\":[\"https:\/\/www.notibras.com\/site\/italia-suspende-extradicao-e-volta-de-pizzolato-tem-novo-capitulo\/#respond\"]}]},{\"@type\":\"WebPage\",\"@id\":\"https:\/\/www.notibras.com\/site\/italia-suspende-extradicao-e-volta-de-pizzolato-tem-novo-capitulo\/\",\"url\":\"https:\/\/www.notibras.com\/site\/italia-suspende-extradicao-e-volta-de-pizzolato-tem-novo-capitulo\/\",\"name\":\"It\u00e1lia suspende ordem de extradi\u00e7\u00e3o e volta de Pizzolato vira novela - Notibras\",\"isPartOf\":{\"@id\":\"https:\/\/www.notibras.com\/site\/#website\"},\"primaryImageOfPage\":{\"@id\":\"https:\/\/www.notibras.com\/site\/italia-suspende-extradicao-e-volta-de-pizzolato-tem-novo-capitulo\/#primaryimage\"},\"image\":{\"@id\":\"https:\/\/www.notibras.com\/site\/italia-suspende-extradicao-e-volta-de-pizzolato-tem-novo-capitulo\/#primaryimage\"},\"thumbnailUrl\":\"https:\/\/www.notibras.com\/site\/wp-content\/uploads\/2015\/06\/db4079ef90b0ce35ece00f1dbaa00758.jpg\",\"datePublished\":\"2015-06-12T18:58:02+00:00\",\"dateModified\":\"2015-06-12T20:52:32+00:00\",\"breadcrumb\":{\"@id\":\"https:\/\/www.notibras.com\/site\/italia-suspende-extradicao-e-volta-de-pizzolato-tem-novo-capitulo\/#breadcrumb\"},\"inLanguage\":\"pt-BR\",\"potentialAction\":[{\"@type\":\"ReadAction\",\"target\":[\"https:\/\/www.notibras.com\/site\/italia-suspende-extradicao-e-volta-de-pizzolato-tem-novo-capitulo\/\"]}]},{\"@type\":\"ImageObject\",\"inLanguage\":\"pt-BR\",\"@id\":\"https:\/\/www.notibras.com\/site\/italia-suspende-extradicao-e-volta-de-pizzolato-tem-novo-capitulo\/#primaryimage\",\"url\":\"https:\/\/www.notibras.com\/site\/wp-content\/uploads\/2015\/06\/db4079ef90b0ce35ece00f1dbaa00758.jpg\",\"contentUrl\":\"https:\/\/www.notibras.com\/site\/wp-content\/uploads\/2015\/06\/db4079ef90b0ce35ece00f1dbaa00758.jpg\",\"width\":588,\"height\":458},{\"@type\":\"BreadcrumbList\",\"@id\":\"https:\/\/www.notibras.com\/site\/italia-suspende-extradicao-e-volta-de-pizzolato-tem-novo-capitulo\/#breadcrumb\",\"itemListElement\":[{\"@type\":\"ListItem\",\"position\":1,\"name\":\"In\u00edcio\",\"item\":\"https:\/\/www.notibras.com\/site\/\"},{\"@type\":\"ListItem\",\"position\":2,\"name\":\"It\u00e1lia suspende ordem de extradi\u00e7\u00e3o e volta de Pizzolato vira novela\"}]},{\"@type\":\"WebSite\",\"@id\":\"https:\/\/www.notibras.com\/site\/#website\",\"url\":\"https:\/\/www.notibras.com\/site\/\",\"name\":\"Notibras\",\"description\":\"Not\u00edcias de Bras\u00edlia, do Brasil e do Mundo\",\"publisher\":{\"@id\":\"https:\/\/www.notibras.com\/site\/#organization\"},\"potentialAction\":[{\"@type\":\"SearchAction\",\"target\":{\"@type\":\"EntryPoint\",\"urlTemplate\":\"https:\/\/www.notibras.com\/site\/?s={search_term_string}\"},\"query-input\":{\"@type\":\"PropertyValueSpecification\",\"valueRequired\":true,\"valueName\":\"search_term_string\"}}],\"inLanguage\":\"pt-BR\"},{\"@type\":\"Organization\",\"@id\":\"https:\/\/www.notibras.com\/site\/#organization\",\"name\":\"Grupo Notibras de Comunica\u00e7\u00e3o\",\"url\":\"https:\/\/www.notibras.com\/site\/\",\"logo\":{\"@type\":\"ImageObject\",\"inLanguage\":\"pt-BR\",\"@id\":\"https:\/\/www.notibras.com\/site\/#\/schema\/logo\/image\/\",\"url\":\"https:\/\/www.notibras.com\/site\/wp-content\/uploads\/2023\/01\/notibras23.png\",\"contentUrl\":\"https:\/\/www.notibras.com\/site\/wp-content\/uploads\/2023\/01\/notibras23.png\",\"width\":350,\"height\":87,\"caption\":\"Grupo Notibras de Comunica\u00e7\u00e3o\"},\"image\":{\"@id\":\"https:\/\/www.notibras.com\/site\/#\/schema\/logo\/image\/\"},\"sameAs\":[\"https:\/\/www.facebook.com\/notibras\/\",\"https:\/\/x.com\/Notibras\",\"https:\/\/www.instagram.com\/notibras\/\"]},{\"@type\":\"Person\",\"@id\":\"https:\/\/www.notibras.com\/site\/#\/schema\/person\/36ab0979449956132d3e5b517ea76ac8\",\"name\":\"Reda\u00e7\u00e3o\",\"image\":{\"@type\":\"ImageObject\",\"inLanguage\":\"pt-BR\",\"@id\":\"https:\/\/secure.gravatar.com\/avatar\/e0a867bdedb85fd243eadf09663511f96fc81e0720a4a42581f334ad4303aa6b?s=96&d=mm&r=g\",\"url\":\"https:\/\/secure.gravatar.com\/avatar\/e0a867bdedb85fd243eadf09663511f96fc81e0720a4a42581f334ad4303aa6b?s=96&d=mm&r=g\",\"contentUrl\":\"https:\/\/secure.gravatar.com\/avatar\/e0a867bdedb85fd243eadf09663511f96fc81e0720a4a42581f334ad4303aa6b?s=96&d=mm&r=g\",\"caption\":\"Reda\u00e7\u00e3o\"}}]}<\/script>\n<!-- \/ Yoast SEO plugin. -->","yoast_head_json":{"title":"It\u00e1lia suspende ordem de extradi\u00e7\u00e3o e volta de Pizzolato vira novela - Notibras","robots":{"index":"index","follow":"follow","max-snippet":"max-snippet:-1","max-image-preview":"max-image-preview:large","max-video-preview":"max-video-preview:-1"},"canonical":"https:\/\/www.notibras.com\/site\/italia-suspende-extradicao-e-volta-de-pizzolato-tem-novo-capitulo\/","og_locale":"pt_BR","og_type":"article","og_title":"It\u00e1lia suspende ordem de extradi\u00e7\u00e3o e volta de Pizzolato vira novela - Notibras","og_description":"Um novo n\u00f3 no processo de extradi\u00e7\u00e3o do brasileiro Henrique Pizzolato foi dado nesta sexta-feira, com a decis\u00e3o da Justi\u00e7a da It\u00e1lia de suspender o processo para que o ex-diretor de Marketing do Banco do Brasil cumpora a pena a que foi condenado no Mensal\u00e3o. A Justi\u00e7a daquele pa\u00eds acatou um recurso impetrado pelo advogado [&hellip;]","og_url":"https:\/\/www.notibras.com\/site\/italia-suspende-extradicao-e-volta-de-pizzolato-tem-novo-capitulo\/","og_site_name":"Notibras","article_publisher":"https:\/\/www.facebook.com\/notibras\/","article_published_time":"2015-06-12T18:58:02+00:00","article_modified_time":"2015-06-12T20:52:32+00:00","og_image":[{"width":588,"height":458,"url":"https:\/\/www.notibras.com\/site\/wp-content\/uploads\/2015\/06\/db4079ef90b0ce35ece00f1dbaa00758.jpg","type":"image\/jpeg"}],"author":"Reda\u00e7\u00e3o","twitter_card":"summary_large_image","twitter_creator":"@Notibras","twitter_site":"@Notibras","twitter_misc":{"Escrito por":"Reda\u00e7\u00e3o","Est. tempo de leitura":"1 minuto"},"schema":{"@context":"https:\/\/schema.org","@graph":[{"@type":"Article","@id":"https:\/\/www.notibras.com\/site\/italia-suspende-extradicao-e-volta-de-pizzolato-tem-novo-capitulo\/#article","isPartOf":{"@id":"https:\/\/www.notibras.com\/site\/italia-suspende-extradicao-e-volta-de-pizzolato-tem-novo-capitulo\/"},"author":{"name":"Reda\u00e7\u00e3o","@id":"https:\/\/www.notibras.com\/site\/#\/schema\/person\/36ab0979449956132d3e5b517ea76ac8"},"headline":"It\u00e1lia suspende ordem de extradi\u00e7\u00e3o e volta de Pizzolato vira novela","datePublished":"2015-06-12T18:58:02+00:00","dateModified":"2015-06-12T20:52:32+00:00","mainEntityOfPage":{"@id":"https:\/\/www.notibras.com\/site\/italia-suspende-extradicao-e-volta-de-pizzolato-tem-novo-capitulo\/"},"wordCount":306,"commentCount":0,"publisher":{"@id":"https:\/\/www.notibras.com\/site\/#organization"},"image":{"@id":"https:\/\/www.notibras.com\/site\/italia-suspende-extradicao-e-volta-de-pizzolato-tem-novo-capitulo\/#primaryimage"},"thumbnailUrl":"https:\/\/www.notibras.com\/site\/wp-content\/uploads\/2015\/06\/db4079ef90b0ce35ece00f1dbaa00758.jpg","articleSection":["Brasil"],"inLanguage":"pt-BR","potentialAction":[{"@type":"CommentAction","name":"Comment","target":["https:\/\/www.notibras.com\/site\/italia-suspende-extradicao-e-volta-de-pizzolato-tem-novo-capitulo\/#respond"]}]},{"@type":"WebPage","@id":"https:\/\/www.notibras.com\/site\/italia-suspende-extradicao-e-volta-de-pizzolato-tem-novo-capitulo\/","url":"https:\/\/www.notibras.com\/site\/italia-suspende-extradicao-e-volta-de-pizzolato-tem-novo-capitulo\/","name":"It\u00e1lia suspende ordem de extradi\u00e7\u00e3o e volta de Pizzolato vira novela - Notibras","isPartOf":{"@id":"https:\/\/www.notibras.com\/site\/#website"},"primaryImageOfPage":{"@id":"https:\/\/www.notibras.com\/site\/italia-suspende-extradicao-e-volta-de-pizzolato-tem-novo-capitulo\/#primaryimage"},"image":{"@id":"https:\/\/www.notibras.com\/site\/italia-suspende-extradicao-e-volta-de-pizzolato-tem-novo-capitulo\/#primaryimage"},"thumbnailUrl":"https:\/\/www.notibras.com\/site\/wp-content\/uploads\/2015\/06\/db4079ef90b0ce35ece00f1dbaa00758.jpg","datePublished":"2015-06-12T18:58:02+00:00","dateModified":"2015-06-12T20:52:32+00:00","breadcrumb":{"@id":"https:\/\/www.notibras.com\/site\/italia-suspende-extradicao-e-volta-de-pizzolato-tem-novo-capitulo\/#breadcrumb"},"inLanguage":"pt-BR","potentialAction":[{"@type":"ReadAction","target":["https:\/\/www.notibras.com\/site\/italia-suspende-extradicao-e-volta-de-pizzolato-tem-novo-capitulo\/"]}]},{"@type":"ImageObject","inLanguage":"pt-BR","@id":"https:\/\/www.notibras.com\/site\/italia-suspende-extradicao-e-volta-de-pizzolato-tem-novo-capitulo\/#primaryimage","url":"https:\/\/www.notibras.com\/site\/wp-content\/uploads\/2015\/06\/db4079ef90b0ce35ece00f1dbaa00758.jpg","contentUrl":"https:\/\/www.notibras.com\/site\/wp-content\/uploads\/2015\/06\/db4079ef90b0ce35ece00f1dbaa00758.jpg","width":588,"height":458},{"@type":"BreadcrumbList","@id":"https:\/\/www.notibras.com\/site\/italia-suspende-extradicao-e-volta-de-pizzolato-tem-novo-capitulo\/#breadcrumb","itemListElement":[{"@type":"ListItem","position":1,"name":"In\u00edcio","item":"https:\/\/www.notibras.com\/site\/"},{"@type":"ListItem","position":2,"name":"It\u00e1lia suspende ordem de extradi\u00e7\u00e3o e volta de Pizzolato vira novela"}]},{"@type":"WebSite","@id":"https:\/\/www.notibras.com\/site\/#website","url":"https:\/\/www.notibras.com\/site\/","name":"Notibras","description":"Not\u00edcias de Bras\u00edlia, do Brasil e do Mundo","publisher":{"@id":"https:\/\/www.notibras.com\/site\/#organization"},"potentialAction":[{"@type":"SearchAction","target":{"@type":"EntryPoint","urlTemplate":"https:\/\/www.notibras.com\/site\/?s={search_term_string}"},"query-input":{"@type":"PropertyValueSpecification","valueRequired":true,"valueName":"search_term_string"}}],"inLanguage":"pt-BR"},{"@type":"Organization","@id":"https:\/\/www.notibras.com\/site\/#organization","name":"Grupo Notibras de Comunica\u00e7\u00e3o","url":"https:\/\/www.notibras.com\/site\/","logo":{"@type":"ImageObject","inLanguage":"pt-BR","@id":"https:\/\/www.notibras.com\/site\/#\/schema\/logo\/image\/","url":"https:\/\/www.notibras.com\/site\/wp-content\/uploads\/2023\/01\/notibras23.png","contentUrl":"https:\/\/www.notibras.com\/site\/wp-content\/uploads\/2023\/01\/notibras23.png","width":350,"height":87,"caption":"Grupo Notibras de Comunica\u00e7\u00e3o"},"image":{"@id":"https:\/\/www.notibras.com\/site\/#\/schema\/logo\/image\/"},"sameAs":["https:\/\/www.facebook.com\/notibras\/","https:\/\/x.com\/Notibras","https:\/\/www.instagram.com\/notibras\/"]},{"@type":"Person","@id":"https:\/\/www.notibras.com\/site\/#\/schema\/person\/36ab0979449956132d3e5b517ea76ac8","name":"Reda\u00e7\u00e3o","image":{"@type":"ImageObject","inLanguage":"pt-BR","@id":"https:\/\/secure.gravatar.com\/avatar\/e0a867bdedb85fd243eadf09663511f96fc81e0720a4a42581f334ad4303aa6b?s=96&d=mm&r=g","url":"https:\/\/secure.gravatar.com\/avatar\/e0a867bdedb85fd243eadf09663511f96fc81e0720a4a42581f334ad4303aa6b?s=96&d=mm&r=g","contentUrl":"https:\/\/secure.gravatar.com\/avatar\/e0a867bdedb85fd243eadf09663511f96fc81e0720a4a42581f334ad4303aa6b?s=96&d=mm&r=g","caption":"Reda\u00e7\u00e3o"}}]}},"amp_enabled":true,"_links":{"self":[{"href":"https:\/\/www.notibras.com\/site\/wp-json\/wp\/v2\/posts\/53220","targetHints":{"allow":["GET"]}}],"collection":[{"href":"https:\/\/www.notibras.com\/site\/wp-json\/wp\/v2\/posts"}],"about":[{"href":"https:\/\/www.notibras.com\/site\/wp-json\/wp\/v2\/types\/post"}],"author":[{"embeddable":true,"href":"https:\/\/www.notibras.com\/site\/wp-json\/wp\/v2\/users\/2"}],"replies":[{"embeddable":true,"href":"https:\/\/www.notibras.com\/site\/wp-json\/wp\/v2\/comments?post=53220"}],"version-history":[{"count":0,"href":"https:\/\/www.notibras.com\/site\/wp-json\/wp\/v2\/posts\/53220\/revisions"}],"wp:featuredmedia":[{"embeddable":true,"href":"https:\/\/www.notibras.com\/site\/wp-json\/wp\/v2\/media\/53221"}],"wp:attachment":[{"href":"https:\/\/www.notibras.com\/site\/wp-json\/wp\/v2\/media?parent=53220"}],"wp:term":[{"taxonomy":"category","embeddable":true,"href":"https:\/\/www.notibras.com\/site\/wp-json\/wp\/v2\/categories?post=53220"},{"taxonomy":"post_tag","embeddable":true,"href":"https:\/\/www.notibras.com\/site\/wp-json\/wp\/v2\/tags?post=53220"}],"curies":[{"name":"wp","href":"https:\/\/api.w.org\/{rel}","templated":true}]}}