{"id":53363,"date":"2015-06-13T18:36:02","date_gmt":"2015-06-13T21:36:02","guid":{"rendered":"http:\/\/www.notibras.com\/site\/?p=53363"},"modified":"2015-06-13T18:36:02","modified_gmt":"2015-06-13T21:36:02","slug":"uruguai-sofre-para-vencer-jamaica-pela-copa-america","status":"publish","type":"post","link":"https:\/\/www.notibras.com\/site\/uruguai-sofre-para-vencer-jamaica-pela-copa-america\/","title":{"rendered":"Uruguai sofre para vencer Jamaica pela Copa Am\u00e9rica"},"content":{"rendered":"<p>Atual campe\u00e3o da Copa Am\u00e9rica, o Uruguai sofreu em sua estreia na competi\u00e7\u00e3o deste ano. Contra a Jamaica, convidada para disputar o torneio, a vit\u00f3ria foi magra por apenas 1 a 0.\u00a0Sem sua principal estrela do momento, Luis Su\u00e1rez, que ainda cumpre suspens\u00e3o pela mordida em Chielini na Copa de 2014, os uruguaios s\u00f3 venceram gra\u00e7as a Cristian Rodr\u00edguez.<\/p>\n<p>Agora, os uruguaios se preparam para o duelo mais dif\u00edcil da chave. Na pr\u00f3xima ter\u00e7a-feira, a sele\u00e7\u00e3o ter\u00e1 pela frente a Argentina. Contra o Paraguai, o Uruguai encerrar sua participa\u00e7\u00e3o na fase de grupos.<\/p>\n<p>Fazendo sua estreia em Copas Am\u00e9ricas, a Jamaica contou com o apoio da torcida chilena. A cada lance, a torcida gritava para incentivar a equipe convidada da Conmebol.<\/p>\n<p>No entanto, apesar de se posicionar at\u00e9 de maneira ofensiva, os jamaicanos pouco criavam. O mesmo acontecia do lado uruguaio tanto que o primeiro grande lance do jogo aconteceu com 29 minutos em uma jogada de escanteio.<\/p>\n<blockquote><p>Uma jogada que aconteceu aos 32 minutos do primeiro tempo retratou o que foi a partida na etapa inicial. Rolan tentou driblar o advers\u00e1rio e pisou na bola.\u00a0O Uruguai mostrou uma disposi\u00e7\u00e3o melhor no segundo tempo. E a maior dedica\u00e7\u00e3o acabou em um gol logo no come\u00e7o. Ap\u00f3s cruzamento na \u00e1rea, Rodr\u00edguez aproveitou ajeitada de cabe\u00e7a e mandou para o fundo da rede.<\/p><\/blockquote>\n<p>Da\u00ed para frente o jogo praticamente acabou. Os uruguaios dominaram a posse de bola e s\u00f3 tiveram uma chance de fazer o segundo. A falta de ofensividade irritou o p\u00fablico que passou a vaiar o Uruguai.<\/p>\n","protected":false},"excerpt":{"rendered":"<p>Atual campe\u00e3o da Copa Am\u00e9rica, o Uruguai sofreu em sua estreia na competi\u00e7\u00e3o deste ano. Contra a Jamaica, convidada para disputar o torneio, a vit\u00f3ria foi magra por apenas 1 a 0.\u00a0Sem sua principal estrela do momento, Luis Su\u00e1rez, que ainda cumpre suspens\u00e3o pela mordida em Chielini na Copa de 2014, os uruguaios s\u00f3 venceram [&hellip;]<\/p>\n","protected":false},"author":2,"featured_media":53364,"comment_status":"open","ping_status":"closed","sticky":false,"template":"","format":"standard","meta":{"_acf_changed":false,"footnotes":""},"categories":[19,29],"tags":[],"class_list":["post-53363","post","type-post","status-publish","format-standard","has-post-thumbnail","hentry","category-esportes","category-futebol"],"acf":[],"yoast_head":"<!-- This site is optimized with the Yoast SEO plugin v27.2 - https:\/\/yoast.com\/product\/yoast-seo-wordpress\/ -->\n<title>Uruguai sofre para vencer Jamaica pela Copa Am\u00e9rica - Notibras<\/title>\n<meta name=\"robots\" content=\"index, follow, max-snippet:-1, max-image-preview:large, max-video-preview:-1\" \/>\n<link rel=\"canonical\" href=\"https:\/\/www.notibras.com\/site\/uruguai-sofre-para-vencer-jamaica-pela-copa-america\/\" \/>\n<meta property=\"og:locale\" content=\"pt_BR\" \/>\n<meta property=\"og:type\" content=\"article\" \/>\n<meta property=\"og:title\" content=\"Uruguai sofre para vencer Jamaica pela Copa Am\u00e9rica - Notibras\" \/>\n<meta property=\"og:description\" content=\"Atual campe\u00e3o da Copa Am\u00e9rica, o Uruguai sofreu em sua estreia na competi\u00e7\u00e3o deste ano. Contra a Jamaica, convidada para disputar o torneio, a vit\u00f3ria foi magra por apenas 1 a 0.\u00a0Sem sua principal estrela do momento, Luis Su\u00e1rez, que ainda cumpre suspens\u00e3o pela mordida em Chielini na Copa de 2014, os uruguaios s\u00f3 venceram [&hellip;]\" \/>\n<meta property=\"og:url\" content=\"https:\/\/www.notibras.com\/site\/uruguai-sofre-para-vencer-jamaica-pela-copa-america\/\" \/>\n<meta property=\"og:site_name\" content=\"Notibras\" \/>\n<meta property=\"article:publisher\" content=\"https:\/\/www.facebook.com\/notibras\/\" \/>\n<meta property=\"article:published_time\" content=\"2015-06-13T21:36:02+00:00\" \/>\n<meta property=\"og:image\" content=\"https:\/\/www.notibras.com\/site\/wp-content\/uploads\/2015\/06\/rodriguezabracauruguaixjamaicajaviervaldesefe.jpg\" \/>\n\t<meta property=\"og:image:width\" content=\"940\" \/>\n\t<meta property=\"og:image:height\" content=\"641\" \/>\n\t<meta property=\"og:image:type\" content=\"image\/jpeg\" \/>\n<meta name=\"author\" content=\"Reda\u00e7\u00e3o\" \/>\n<meta name=\"twitter:card\" content=\"summary_large_image\" \/>\n<meta name=\"twitter:creator\" content=\"@Notibras\" \/>\n<meta name=\"twitter:site\" content=\"@Notibras\" \/>\n<meta name=\"twitter:label1\" content=\"Escrito por\" \/>\n\t<meta name=\"twitter:data1\" content=\"Reda\u00e7\u00e3o\" \/>\n\t<meta name=\"twitter:label2\" content=\"Est. tempo de leitura\" \/>\n\t<meta name=\"twitter:data2\" content=\"1 minuto\" \/>\n<script type=\"application\/ld+json\" class=\"yoast-schema-graph\">{\"@context\":\"https:\/\/schema.org\",\"@graph\":[{\"@type\":\"Article\",\"@id\":\"https:\/\/www.notibras.com\/site\/uruguai-sofre-para-vencer-jamaica-pela-copa-america\/#article\",\"isPartOf\":{\"@id\":\"https:\/\/www.notibras.com\/site\/uruguai-sofre-para-vencer-jamaica-pela-copa-america\/\"},\"author\":{\"name\":\"Reda\u00e7\u00e3o\",\"@id\":\"https:\/\/www.notibras.com\/site\/#\/schema\/person\/36ab0979449956132d3e5b517ea76ac8\"},\"headline\":\"Uruguai sofre para vencer Jamaica pela Copa Am\u00e9rica\",\"datePublished\":\"2015-06-13T21:36:02+00:00\",\"mainEntityOfPage\":{\"@id\":\"https:\/\/www.notibras.com\/site\/uruguai-sofre-para-vencer-jamaica-pela-copa-america\/\"},\"wordCount\":285,\"commentCount\":0,\"publisher\":{\"@id\":\"https:\/\/www.notibras.com\/site\/#organization\"},\"image\":{\"@id\":\"https:\/\/www.notibras.com\/site\/uruguai-sofre-para-vencer-jamaica-pela-copa-america\/#primaryimage\"},\"thumbnailUrl\":\"https:\/\/www.notibras.com\/site\/wp-content\/uploads\/2015\/06\/rodriguezabracauruguaixjamaicajaviervaldesefe.jpg\",\"articleSection\":[\"Esportes\",\"Futebol\"],\"inLanguage\":\"pt-BR\",\"potentialAction\":[{\"@type\":\"CommentAction\",\"name\":\"Comment\",\"target\":[\"https:\/\/www.notibras.com\/site\/uruguai-sofre-para-vencer-jamaica-pela-copa-america\/#respond\"]}]},{\"@type\":\"WebPage\",\"@id\":\"https:\/\/www.notibras.com\/site\/uruguai-sofre-para-vencer-jamaica-pela-copa-america\/\",\"url\":\"https:\/\/www.notibras.com\/site\/uruguai-sofre-para-vencer-jamaica-pela-copa-america\/\",\"name\":\"Uruguai sofre para vencer Jamaica pela Copa Am\u00e9rica - Notibras\",\"isPartOf\":{\"@id\":\"https:\/\/www.notibras.com\/site\/#website\"},\"primaryImageOfPage\":{\"@id\":\"https:\/\/www.notibras.com\/site\/uruguai-sofre-para-vencer-jamaica-pela-copa-america\/#primaryimage\"},\"image\":{\"@id\":\"https:\/\/www.notibras.com\/site\/uruguai-sofre-para-vencer-jamaica-pela-copa-america\/#primaryimage\"},\"thumbnailUrl\":\"https:\/\/www.notibras.com\/site\/wp-content\/uploads\/2015\/06\/rodriguezabracauruguaixjamaicajaviervaldesefe.jpg\",\"datePublished\":\"2015-06-13T21:36:02+00:00\",\"breadcrumb\":{\"@id\":\"https:\/\/www.notibras.com\/site\/uruguai-sofre-para-vencer-jamaica-pela-copa-america\/#breadcrumb\"},\"inLanguage\":\"pt-BR\",\"potentialAction\":[{\"@type\":\"ReadAction\",\"target\":[\"https:\/\/www.notibras.com\/site\/uruguai-sofre-para-vencer-jamaica-pela-copa-america\/\"]}]},{\"@type\":\"ImageObject\",\"inLanguage\":\"pt-BR\",\"@id\":\"https:\/\/www.notibras.com\/site\/uruguai-sofre-para-vencer-jamaica-pela-copa-america\/#primaryimage\",\"url\":\"https:\/\/www.notibras.com\/site\/wp-content\/uploads\/2015\/06\/rodriguezabracauruguaixjamaicajaviervaldesefe.jpg\",\"contentUrl\":\"https:\/\/www.notibras.com\/site\/wp-content\/uploads\/2015\/06\/rodriguezabracauruguaixjamaicajaviervaldesefe.jpg\",\"width\":940,\"height\":641},{\"@type\":\"BreadcrumbList\",\"@id\":\"https:\/\/www.notibras.com\/site\/uruguai-sofre-para-vencer-jamaica-pela-copa-america\/#breadcrumb\",\"itemListElement\":[{\"@type\":\"ListItem\",\"position\":1,\"name\":\"In\u00edcio\",\"item\":\"https:\/\/www.notibras.com\/site\/\"},{\"@type\":\"ListItem\",\"position\":2,\"name\":\"Uruguai sofre para vencer Jamaica pela Copa Am\u00e9rica\"}]},{\"@type\":\"WebSite\",\"@id\":\"https:\/\/www.notibras.com\/site\/#website\",\"url\":\"https:\/\/www.notibras.com\/site\/\",\"name\":\"Notibras\",\"description\":\"Not\u00edcias de Bras\u00edlia, do Brasil e do Mundo\",\"publisher\":{\"@id\":\"https:\/\/www.notibras.com\/site\/#organization\"},\"potentialAction\":[{\"@type\":\"SearchAction\",\"target\":{\"@type\":\"EntryPoint\",\"urlTemplate\":\"https:\/\/www.notibras.com\/site\/?s={search_term_string}\"},\"query-input\":{\"@type\":\"PropertyValueSpecification\",\"valueRequired\":true,\"valueName\":\"search_term_string\"}}],\"inLanguage\":\"pt-BR\"},{\"@type\":\"Organization\",\"@id\":\"https:\/\/www.notibras.com\/site\/#organization\",\"name\":\"Grupo Notibras de Comunica\u00e7\u00e3o\",\"url\":\"https:\/\/www.notibras.com\/site\/\",\"logo\":{\"@type\":\"ImageObject\",\"inLanguage\":\"pt-BR\",\"@id\":\"https:\/\/www.notibras.com\/site\/#\/schema\/logo\/image\/\",\"url\":\"https:\/\/www.notibras.com\/site\/wp-content\/uploads\/2023\/01\/notibras23.png\",\"contentUrl\":\"https:\/\/www.notibras.com\/site\/wp-content\/uploads\/2023\/01\/notibras23.png\",\"width\":350,\"height\":87,\"caption\":\"Grupo Notibras de Comunica\u00e7\u00e3o\"},\"image\":{\"@id\":\"https:\/\/www.notibras.com\/site\/#\/schema\/logo\/image\/\"},\"sameAs\":[\"https:\/\/www.facebook.com\/notibras\/\",\"https:\/\/x.com\/Notibras\",\"https:\/\/www.instagram.com\/notibras\/\"]},{\"@type\":\"Person\",\"@id\":\"https:\/\/www.notibras.com\/site\/#\/schema\/person\/36ab0979449956132d3e5b517ea76ac8\",\"name\":\"Reda\u00e7\u00e3o\",\"image\":{\"@type\":\"ImageObject\",\"inLanguage\":\"pt-BR\",\"@id\":\"https:\/\/secure.gravatar.com\/avatar\/e0a867bdedb85fd243eadf09663511f96fc81e0720a4a42581f334ad4303aa6b?s=96&d=mm&r=g\",\"url\":\"https:\/\/secure.gravatar.com\/avatar\/e0a867bdedb85fd243eadf09663511f96fc81e0720a4a42581f334ad4303aa6b?s=96&d=mm&r=g\",\"contentUrl\":\"https:\/\/secure.gravatar.com\/avatar\/e0a867bdedb85fd243eadf09663511f96fc81e0720a4a42581f334ad4303aa6b?s=96&d=mm&r=g\",\"caption\":\"Reda\u00e7\u00e3o\"}}]}<\/script>\n<!-- \/ Yoast SEO plugin. -->","yoast_head_json":{"title":"Uruguai sofre para vencer Jamaica pela Copa Am\u00e9rica - Notibras","robots":{"index":"index","follow":"follow","max-snippet":"max-snippet:-1","max-image-preview":"max-image-preview:large","max-video-preview":"max-video-preview:-1"},"canonical":"https:\/\/www.notibras.com\/site\/uruguai-sofre-para-vencer-jamaica-pela-copa-america\/","og_locale":"pt_BR","og_type":"article","og_title":"Uruguai sofre para vencer Jamaica pela Copa Am\u00e9rica - Notibras","og_description":"Atual campe\u00e3o da Copa Am\u00e9rica, o Uruguai sofreu em sua estreia na competi\u00e7\u00e3o deste ano. Contra a Jamaica, convidada para disputar o torneio, a vit\u00f3ria foi magra por apenas 1 a 0.\u00a0Sem sua principal estrela do momento, Luis Su\u00e1rez, que ainda cumpre suspens\u00e3o pela mordida em Chielini na Copa de 2014, os uruguaios s\u00f3 venceram [&hellip;]","og_url":"https:\/\/www.notibras.com\/site\/uruguai-sofre-para-vencer-jamaica-pela-copa-america\/","og_site_name":"Notibras","article_publisher":"https:\/\/www.facebook.com\/notibras\/","article_published_time":"2015-06-13T21:36:02+00:00","og_image":[{"width":940,"height":641,"url":"https:\/\/www.notibras.com\/site\/wp-content\/uploads\/2015\/06\/rodriguezabracauruguaixjamaicajaviervaldesefe.jpg","type":"image\/jpeg"}],"author":"Reda\u00e7\u00e3o","twitter_card":"summary_large_image","twitter_creator":"@Notibras","twitter_site":"@Notibras","twitter_misc":{"Escrito por":"Reda\u00e7\u00e3o","Est. tempo de leitura":"1 minuto"},"schema":{"@context":"https:\/\/schema.org","@graph":[{"@type":"Article","@id":"https:\/\/www.notibras.com\/site\/uruguai-sofre-para-vencer-jamaica-pela-copa-america\/#article","isPartOf":{"@id":"https:\/\/www.notibras.com\/site\/uruguai-sofre-para-vencer-jamaica-pela-copa-america\/"},"author":{"name":"Reda\u00e7\u00e3o","@id":"https:\/\/www.notibras.com\/site\/#\/schema\/person\/36ab0979449956132d3e5b517ea76ac8"},"headline":"Uruguai sofre para vencer Jamaica pela Copa Am\u00e9rica","datePublished":"2015-06-13T21:36:02+00:00","mainEntityOfPage":{"@id":"https:\/\/www.notibras.com\/site\/uruguai-sofre-para-vencer-jamaica-pela-copa-america\/"},"wordCount":285,"commentCount":0,"publisher":{"@id":"https:\/\/www.notibras.com\/site\/#organization"},"image":{"@id":"https:\/\/www.notibras.com\/site\/uruguai-sofre-para-vencer-jamaica-pela-copa-america\/#primaryimage"},"thumbnailUrl":"https:\/\/www.notibras.com\/site\/wp-content\/uploads\/2015\/06\/rodriguezabracauruguaixjamaicajaviervaldesefe.jpg","articleSection":["Esportes","Futebol"],"inLanguage":"pt-BR","potentialAction":[{"@type":"CommentAction","name":"Comment","target":["https:\/\/www.notibras.com\/site\/uruguai-sofre-para-vencer-jamaica-pela-copa-america\/#respond"]}]},{"@type":"WebPage","@id":"https:\/\/www.notibras.com\/site\/uruguai-sofre-para-vencer-jamaica-pela-copa-america\/","url":"https:\/\/www.notibras.com\/site\/uruguai-sofre-para-vencer-jamaica-pela-copa-america\/","name":"Uruguai sofre para vencer Jamaica pela Copa Am\u00e9rica - Notibras","isPartOf":{"@id":"https:\/\/www.notibras.com\/site\/#website"},"primaryImageOfPage":{"@id":"https:\/\/www.notibras.com\/site\/uruguai-sofre-para-vencer-jamaica-pela-copa-america\/#primaryimage"},"image":{"@id":"https:\/\/www.notibras.com\/site\/uruguai-sofre-para-vencer-jamaica-pela-copa-america\/#primaryimage"},"thumbnailUrl":"https:\/\/www.notibras.com\/site\/wp-content\/uploads\/2015\/06\/rodriguezabracauruguaixjamaicajaviervaldesefe.jpg","datePublished":"2015-06-13T21:36:02+00:00","breadcrumb":{"@id":"https:\/\/www.notibras.com\/site\/uruguai-sofre-para-vencer-jamaica-pela-copa-america\/#breadcrumb"},"inLanguage":"pt-BR","potentialAction":[{"@type":"ReadAction","target":["https:\/\/www.notibras.com\/site\/uruguai-sofre-para-vencer-jamaica-pela-copa-america\/"]}]},{"@type":"ImageObject","inLanguage":"pt-BR","@id":"https:\/\/www.notibras.com\/site\/uruguai-sofre-para-vencer-jamaica-pela-copa-america\/#primaryimage","url":"https:\/\/www.notibras.com\/site\/wp-content\/uploads\/2015\/06\/rodriguezabracauruguaixjamaicajaviervaldesefe.jpg","contentUrl":"https:\/\/www.notibras.com\/site\/wp-content\/uploads\/2015\/06\/rodriguezabracauruguaixjamaicajaviervaldesefe.jpg","width":940,"height":641},{"@type":"BreadcrumbList","@id":"https:\/\/www.notibras.com\/site\/uruguai-sofre-para-vencer-jamaica-pela-copa-america\/#breadcrumb","itemListElement":[{"@type":"ListItem","position":1,"name":"In\u00edcio","item":"https:\/\/www.notibras.com\/site\/"},{"@type":"ListItem","position":2,"name":"Uruguai sofre para vencer Jamaica pela Copa Am\u00e9rica"}]},{"@type":"WebSite","@id":"https:\/\/www.notibras.com\/site\/#website","url":"https:\/\/www.notibras.com\/site\/","name":"Notibras","description":"Not\u00edcias de Bras\u00edlia, do Brasil e do Mundo","publisher":{"@id":"https:\/\/www.notibras.com\/site\/#organization"},"potentialAction":[{"@type":"SearchAction","target":{"@type":"EntryPoint","urlTemplate":"https:\/\/www.notibras.com\/site\/?s={search_term_string}"},"query-input":{"@type":"PropertyValueSpecification","valueRequired":true,"valueName":"search_term_string"}}],"inLanguage":"pt-BR"},{"@type":"Organization","@id":"https:\/\/www.notibras.com\/site\/#organization","name":"Grupo Notibras de Comunica\u00e7\u00e3o","url":"https:\/\/www.notibras.com\/site\/","logo":{"@type":"ImageObject","inLanguage":"pt-BR","@id":"https:\/\/www.notibras.com\/site\/#\/schema\/logo\/image\/","url":"https:\/\/www.notibras.com\/site\/wp-content\/uploads\/2023\/01\/notibras23.png","contentUrl":"https:\/\/www.notibras.com\/site\/wp-content\/uploads\/2023\/01\/notibras23.png","width":350,"height":87,"caption":"Grupo Notibras de Comunica\u00e7\u00e3o"},"image":{"@id":"https:\/\/www.notibras.com\/site\/#\/schema\/logo\/image\/"},"sameAs":["https:\/\/www.facebook.com\/notibras\/","https:\/\/x.com\/Notibras","https:\/\/www.instagram.com\/notibras\/"]},{"@type":"Person","@id":"https:\/\/www.notibras.com\/site\/#\/schema\/person\/36ab0979449956132d3e5b517ea76ac8","name":"Reda\u00e7\u00e3o","image":{"@type":"ImageObject","inLanguage":"pt-BR","@id":"https:\/\/secure.gravatar.com\/avatar\/e0a867bdedb85fd243eadf09663511f96fc81e0720a4a42581f334ad4303aa6b?s=96&d=mm&r=g","url":"https:\/\/secure.gravatar.com\/avatar\/e0a867bdedb85fd243eadf09663511f96fc81e0720a4a42581f334ad4303aa6b?s=96&d=mm&r=g","contentUrl":"https:\/\/secure.gravatar.com\/avatar\/e0a867bdedb85fd243eadf09663511f96fc81e0720a4a42581f334ad4303aa6b?s=96&d=mm&r=g","caption":"Reda\u00e7\u00e3o"}}]}},"amp_enabled":true,"_links":{"self":[{"href":"https:\/\/www.notibras.com\/site\/wp-json\/wp\/v2\/posts\/53363","targetHints":{"allow":["GET"]}}],"collection":[{"href":"https:\/\/www.notibras.com\/site\/wp-json\/wp\/v2\/posts"}],"about":[{"href":"https:\/\/www.notibras.com\/site\/wp-json\/wp\/v2\/types\/post"}],"author":[{"embeddable":true,"href":"https:\/\/www.notibras.com\/site\/wp-json\/wp\/v2\/users\/2"}],"replies":[{"embeddable":true,"href":"https:\/\/www.notibras.com\/site\/wp-json\/wp\/v2\/comments?post=53363"}],"version-history":[{"count":0,"href":"https:\/\/www.notibras.com\/site\/wp-json\/wp\/v2\/posts\/53363\/revisions"}],"wp:featuredmedia":[{"embeddable":true,"href":"https:\/\/www.notibras.com\/site\/wp-json\/wp\/v2\/media\/53364"}],"wp:attachment":[{"href":"https:\/\/www.notibras.com\/site\/wp-json\/wp\/v2\/media?parent=53363"}],"wp:term":[{"taxonomy":"category","embeddable":true,"href":"https:\/\/www.notibras.com\/site\/wp-json\/wp\/v2\/categories?post=53363"},{"taxonomy":"post_tag","embeddable":true,"href":"https:\/\/www.notibras.com\/site\/wp-json\/wp\/v2\/tags?post=53363"}],"curies":[{"name":"wp","href":"https:\/\/api.w.org\/{rel}","templated":true}]}}