{"id":53375,"date":"2015-06-13T16:01:06","date_gmt":"2015-06-13T19:01:06","guid":{"rendered":"http:\/\/www.notibras.com\/site\/?p=53375"},"modified":"2015-06-13T19:02:43","modified_gmt":"2015-06-13T22:02:43","slug":"atletico-go-lanterna-surpreende-e-derrota-nautico-vice-lider","status":"publish","type":"post","link":"https:\/\/www.notibras.com\/site\/atletico-go-lanterna-surpreende-e-derrota-nautico-vice-lider\/","title":{"rendered":"Atl\u00e9tico-GO, lanterna, surpreende e derrota N\u00e1utico, vice-l\u00edder"},"content":{"rendered":"<p>Depois de dois meses e nove dias ou nove jogos, o N\u00e1utico perdeu. A maior caracter\u00edstica do time, marca\u00e7\u00e3o forte, n\u00e3o foi t\u00e3o forte assim e o ent\u00e3o vice-lanterna Atl\u00e9tico de Goi\u00e1s fez 2\u00d70 nos timbus, resultado que tirou o rubro-negro goiano da zona de rebaixamento. O timbu, mesmo com o rev\u00e9s, n\u00e3o corre risco de deixar o G4 da S\u00e9rie B. Na pr\u00f3xima ter\u00e7a-feira (16), o advers\u00e1rio ser\u00e1 o Paysandu, que tem um ponto a menos que os pernambucanos, na Arena Pernambuco.<\/p>\n<p>O Atl\u00e9tico-GO tinha como motiva\u00e7\u00f5es o t\u00e9cnico novo e a inc\u00f4moda zona de rebaixamento. Por isso adiantou a marca\u00e7\u00e3o e for\u00e7ou o erro do N\u00e1utico na sa\u00edda de bola. N\u00e3o foi por acaso que ainda com um minuto, Marcus Vin\u00edcius cabeceou para baixo, no canto direito. J\u00falio C\u00e9sar fez grande defesa. Pedro Bambu tentou fazer o mesmo pela direita. Na primeira, n\u00e3o houve conclus\u00e3o. Na segunda Juninho mandou de cabe\u00e7a no mesmo canto direito. Desta vez o goleiro alvirrubro n\u00e3o conseguiu defender. Foi o terceiro gol sofrido pelo N\u00e1utico, o terceiro de cabe\u00e7a.<\/p>\n<blockquote><p>O time pernambucano s\u00f3 aliviou a press\u00e3o ap\u00f3s os 15 minutos, mas ainda assim oferecia o contra-ataque ao advers\u00e1rio. Como Bruno Alves tem caracter\u00edstica mais ofensiva que William Magr\u00e3o, machucado, a zaga ficou menos protegida e toda hora que a bola era perdida no ataque havia espa\u00e7o para o Drag\u00e3o surpreender. Felizmente para o N\u00e1utico os donos da casa n\u00e3o tiveram compet\u00eancia para tanto.<\/p><\/blockquote>\n<p>Quando assustaram foi na bola parada. Aos 39, Arthru bateu falta e J\u00falio C\u00e9sar defendeu parcialmente. No rebote Juninho concluiu para o gol e o camisa 1 alvirrubro defendeu com a perna esquerda. O N\u00e1utico produziu muito pouco. M\u00e1rcio fez apenas uma defesa em chute de longe de Bruno Alves.<\/p>\n<p>Na volta para o segundo tempo o timbu veio de Pedro Carmona no lugar de Bruno Alves. O objetivo claro era ter mais a bola no setor de meio de campo. E o timbu chegou com perigo aos quatro e sete minutos em dois cruzamentos. Em ambos, a zaga goiana chegou antes dos atacantes por mil\u00e9simos de segundo. O castigo veio aos oito. Numa jogada r\u00e1pida, Pedro Bambu entrou pelo lado direito e cruzou rasteiro. Na marca do p\u00eanalti Arthur finalizou para o gol e trombou com J\u00falio C\u00e9sar. O \u00e1rbitro chegou a apitar falta mas voltou atr\u00e1s e confirmou os 2\u00d70.<\/p>\n<p>Com dois de preju\u00edzo, o t\u00e9cnico Lisca mandou o time \u00e0 frente. Primeiro tirou o lateral-direito Guilherme para acionar o atacante Josimar. Hiltinho ficou com o papel de fechar o lado direito. E foi de l\u00e1 que saiu a melhor oportunidade para os timbus, aos 18 minutos. Pedro Carmona cruzou na \u00e1rea e Rogerinho praticamente recuou para o goleiro.<\/p>\n<p>Depois, o lateral-esquerdo Piau\u00ed saiu para entrada de Renato. O timbu teve mais posse de bola no campo ofensivo mas abusou dos cruzamentos, que invariavelmente eram afastados pela defesa do Atl\u00e9tico. O time da casa, visivelmente satisfeito com a vantagem sequer deu-se ao trabalho de caprichar no contra-ataque.<\/p>\n","protected":false},"excerpt":{"rendered":"<p>Depois de dois meses e nove dias ou nove jogos, o N\u00e1utico perdeu. A maior caracter\u00edstica do time, marca\u00e7\u00e3o forte, n\u00e3o foi t\u00e3o forte assim e o ent\u00e3o vice-lanterna Atl\u00e9tico de Goi\u00e1s fez 2\u00d70 nos timbus, resultado que tirou o rubro-negro goiano da zona de rebaixamento. O timbu, mesmo com o rev\u00e9s, n\u00e3o corre risco [&hellip;]<\/p>\n","protected":false},"author":2,"featured_media":53376,"comment_status":"open","ping_status":"closed","sticky":false,"template":"","format":"standard","meta":{"_acf_changed":false,"footnotes":""},"categories":[19,29],"tags":[],"class_list":["post-53375","post","type-post","status-publish","format-standard","has-post-thumbnail","hentry","category-esportes","category-futebol"],"acf":[],"yoast_head":"<!-- This site is optimized with the Yoast SEO plugin v27.2 - https:\/\/yoast.com\/product\/yoast-seo-wordpress\/ -->\n<title>Atl\u00e9tico-GO, lanterna, surpreende e derrota N\u00e1utico, vice-l\u00edder - Notibras<\/title>\n<meta name=\"robots\" content=\"index, follow, max-snippet:-1, max-image-preview:large, max-video-preview:-1\" \/>\n<link rel=\"canonical\" href=\"https:\/\/www.notibras.com\/site\/atletico-go-lanterna-surpreende-e-derrota-nautico-vice-lider\/\" \/>\n<meta property=\"og:locale\" content=\"pt_BR\" \/>\n<meta property=\"og:type\" content=\"article\" \/>\n<meta property=\"og:title\" content=\"Atl\u00e9tico-GO, lanterna, surpreende e derrota N\u00e1utico, vice-l\u00edder - Notibras\" \/>\n<meta property=\"og:description\" content=\"Depois de dois meses e nove dias ou nove jogos, o N\u00e1utico perdeu. A maior caracter\u00edstica do time, marca\u00e7\u00e3o forte, n\u00e3o foi t\u00e3o forte assim e o ent\u00e3o vice-lanterna Atl\u00e9tico de Goi\u00e1s fez 2\u00d70 nos timbus, resultado que tirou o rubro-negro goiano da zona de rebaixamento. O timbu, mesmo com o rev\u00e9s, n\u00e3o corre risco [&hellip;]\" \/>\n<meta property=\"og:url\" content=\"https:\/\/www.notibras.com\/site\/atletico-go-lanterna-surpreende-e-derrota-nautico-vice-lider\/\" \/>\n<meta property=\"og:site_name\" content=\"Notibras\" \/>\n<meta property=\"article:publisher\" content=\"https:\/\/www.facebook.com\/notibras\/\" \/>\n<meta property=\"article:published_time\" content=\"2015-06-13T19:01:06+00:00\" \/>\n<meta property=\"article:modified_time\" content=\"2015-06-13T22:02:43+00:00\" \/>\n<meta property=\"og:image\" content=\"https:\/\/www.notibras.com\/site\/wp-content\/uploads\/2015\/06\/atletico-go.jpg\" \/>\n\t<meta property=\"og:image:width\" content=\"770\" \/>\n\t<meta property=\"og:image:height\" content=\"476\" \/>\n\t<meta property=\"og:image:type\" content=\"image\/jpeg\" \/>\n<meta name=\"author\" content=\"Reda\u00e7\u00e3o\" \/>\n<meta name=\"twitter:card\" content=\"summary_large_image\" \/>\n<meta name=\"twitter:creator\" content=\"@Notibras\" \/>\n<meta name=\"twitter:site\" content=\"@Notibras\" \/>\n<meta name=\"twitter:label1\" content=\"Escrito por\" \/>\n\t<meta name=\"twitter:data1\" content=\"Reda\u00e7\u00e3o\" \/>\n\t<meta name=\"twitter:label2\" content=\"Est. tempo de leitura\" \/>\n\t<meta name=\"twitter:data2\" content=\"3 minutos\" \/>\n<script type=\"application\/ld+json\" class=\"yoast-schema-graph\">{\"@context\":\"https:\/\/schema.org\",\"@graph\":[{\"@type\":\"Article\",\"@id\":\"https:\/\/www.notibras.com\/site\/atletico-go-lanterna-surpreende-e-derrota-nautico-vice-lider\/#article\",\"isPartOf\":{\"@id\":\"https:\/\/www.notibras.com\/site\/atletico-go-lanterna-surpreende-e-derrota-nautico-vice-lider\/\"},\"author\":{\"name\":\"Reda\u00e7\u00e3o\",\"@id\":\"https:\/\/www.notibras.com\/site\/#\/schema\/person\/36ab0979449956132d3e5b517ea76ac8\"},\"headline\":\"Atl\u00e9tico-GO, lanterna, surpreende e derrota N\u00e1utico, vice-l\u00edder\",\"datePublished\":\"2015-06-13T19:01:06+00:00\",\"dateModified\":\"2015-06-13T22:02:43+00:00\",\"mainEntityOfPage\":{\"@id\":\"https:\/\/www.notibras.com\/site\/atletico-go-lanterna-surpreende-e-derrota-nautico-vice-lider\/\"},\"wordCount\":556,\"commentCount\":0,\"publisher\":{\"@id\":\"https:\/\/www.notibras.com\/site\/#organization\"},\"image\":{\"@id\":\"https:\/\/www.notibras.com\/site\/atletico-go-lanterna-surpreende-e-derrota-nautico-vice-lider\/#primaryimage\"},\"thumbnailUrl\":\"https:\/\/www.notibras.com\/site\/wp-content\/uploads\/2015\/06\/atletico-go.jpg\",\"articleSection\":[\"Esportes\",\"Futebol\"],\"inLanguage\":\"pt-BR\",\"potentialAction\":[{\"@type\":\"CommentAction\",\"name\":\"Comment\",\"target\":[\"https:\/\/www.notibras.com\/site\/atletico-go-lanterna-surpreende-e-derrota-nautico-vice-lider\/#respond\"]}]},{\"@type\":\"WebPage\",\"@id\":\"https:\/\/www.notibras.com\/site\/atletico-go-lanterna-surpreende-e-derrota-nautico-vice-lider\/\",\"url\":\"https:\/\/www.notibras.com\/site\/atletico-go-lanterna-surpreende-e-derrota-nautico-vice-lider\/\",\"name\":\"Atl\u00e9tico-GO, lanterna, surpreende e derrota N\u00e1utico, vice-l\u00edder - Notibras\",\"isPartOf\":{\"@id\":\"https:\/\/www.notibras.com\/site\/#website\"},\"primaryImageOfPage\":{\"@id\":\"https:\/\/www.notibras.com\/site\/atletico-go-lanterna-surpreende-e-derrota-nautico-vice-lider\/#primaryimage\"},\"image\":{\"@id\":\"https:\/\/www.notibras.com\/site\/atletico-go-lanterna-surpreende-e-derrota-nautico-vice-lider\/#primaryimage\"},\"thumbnailUrl\":\"https:\/\/www.notibras.com\/site\/wp-content\/uploads\/2015\/06\/atletico-go.jpg\",\"datePublished\":\"2015-06-13T19:01:06+00:00\",\"dateModified\":\"2015-06-13T22:02:43+00:00\",\"breadcrumb\":{\"@id\":\"https:\/\/www.notibras.com\/site\/atletico-go-lanterna-surpreende-e-derrota-nautico-vice-lider\/#breadcrumb\"},\"inLanguage\":\"pt-BR\",\"potentialAction\":[{\"@type\":\"ReadAction\",\"target\":[\"https:\/\/www.notibras.com\/site\/atletico-go-lanterna-surpreende-e-derrota-nautico-vice-lider\/\"]}]},{\"@type\":\"ImageObject\",\"inLanguage\":\"pt-BR\",\"@id\":\"https:\/\/www.notibras.com\/site\/atletico-go-lanterna-surpreende-e-derrota-nautico-vice-lider\/#primaryimage\",\"url\":\"https:\/\/www.notibras.com\/site\/wp-content\/uploads\/2015\/06\/atletico-go.jpg\",\"contentUrl\":\"https:\/\/www.notibras.com\/site\/wp-content\/uploads\/2015\/06\/atletico-go.jpg\",\"width\":770,\"height\":476},{\"@type\":\"BreadcrumbList\",\"@id\":\"https:\/\/www.notibras.com\/site\/atletico-go-lanterna-surpreende-e-derrota-nautico-vice-lider\/#breadcrumb\",\"itemListElement\":[{\"@type\":\"ListItem\",\"position\":1,\"name\":\"In\u00edcio\",\"item\":\"https:\/\/www.notibras.com\/site\/\"},{\"@type\":\"ListItem\",\"position\":2,\"name\":\"Atl\u00e9tico-GO, lanterna, surpreende e derrota N\u00e1utico, vice-l\u00edder\"}]},{\"@type\":\"WebSite\",\"@id\":\"https:\/\/www.notibras.com\/site\/#website\",\"url\":\"https:\/\/www.notibras.com\/site\/\",\"name\":\"Notibras\",\"description\":\"Not\u00edcias de Bras\u00edlia, do Brasil e do Mundo\",\"publisher\":{\"@id\":\"https:\/\/www.notibras.com\/site\/#organization\"},\"potentialAction\":[{\"@type\":\"SearchAction\",\"target\":{\"@type\":\"EntryPoint\",\"urlTemplate\":\"https:\/\/www.notibras.com\/site\/?s={search_term_string}\"},\"query-input\":{\"@type\":\"PropertyValueSpecification\",\"valueRequired\":true,\"valueName\":\"search_term_string\"}}],\"inLanguage\":\"pt-BR\"},{\"@type\":\"Organization\",\"@id\":\"https:\/\/www.notibras.com\/site\/#organization\",\"name\":\"Grupo Notibras de Comunica\u00e7\u00e3o\",\"url\":\"https:\/\/www.notibras.com\/site\/\",\"logo\":{\"@type\":\"ImageObject\",\"inLanguage\":\"pt-BR\",\"@id\":\"https:\/\/www.notibras.com\/site\/#\/schema\/logo\/image\/\",\"url\":\"https:\/\/www.notibras.com\/site\/wp-content\/uploads\/2023\/01\/notibras23.png\",\"contentUrl\":\"https:\/\/www.notibras.com\/site\/wp-content\/uploads\/2023\/01\/notibras23.png\",\"width\":350,\"height\":87,\"caption\":\"Grupo Notibras de Comunica\u00e7\u00e3o\"},\"image\":{\"@id\":\"https:\/\/www.notibras.com\/site\/#\/schema\/logo\/image\/\"},\"sameAs\":[\"https:\/\/www.facebook.com\/notibras\/\",\"https:\/\/x.com\/Notibras\",\"https:\/\/www.instagram.com\/notibras\/\"]},{\"@type\":\"Person\",\"@id\":\"https:\/\/www.notibras.com\/site\/#\/schema\/person\/36ab0979449956132d3e5b517ea76ac8\",\"name\":\"Reda\u00e7\u00e3o\",\"image\":{\"@type\":\"ImageObject\",\"inLanguage\":\"pt-BR\",\"@id\":\"https:\/\/secure.gravatar.com\/avatar\/e0a867bdedb85fd243eadf09663511f96fc81e0720a4a42581f334ad4303aa6b?s=96&d=mm&r=g\",\"url\":\"https:\/\/secure.gravatar.com\/avatar\/e0a867bdedb85fd243eadf09663511f96fc81e0720a4a42581f334ad4303aa6b?s=96&d=mm&r=g\",\"contentUrl\":\"https:\/\/secure.gravatar.com\/avatar\/e0a867bdedb85fd243eadf09663511f96fc81e0720a4a42581f334ad4303aa6b?s=96&d=mm&r=g\",\"caption\":\"Reda\u00e7\u00e3o\"}}]}<\/script>\n<!-- \/ Yoast SEO plugin. -->","yoast_head_json":{"title":"Atl\u00e9tico-GO, lanterna, surpreende e derrota N\u00e1utico, vice-l\u00edder - Notibras","robots":{"index":"index","follow":"follow","max-snippet":"max-snippet:-1","max-image-preview":"max-image-preview:large","max-video-preview":"max-video-preview:-1"},"canonical":"https:\/\/www.notibras.com\/site\/atletico-go-lanterna-surpreende-e-derrota-nautico-vice-lider\/","og_locale":"pt_BR","og_type":"article","og_title":"Atl\u00e9tico-GO, lanterna, surpreende e derrota N\u00e1utico, vice-l\u00edder - Notibras","og_description":"Depois de dois meses e nove dias ou nove jogos, o N\u00e1utico perdeu. A maior caracter\u00edstica do time, marca\u00e7\u00e3o forte, n\u00e3o foi t\u00e3o forte assim e o ent\u00e3o vice-lanterna Atl\u00e9tico de Goi\u00e1s fez 2\u00d70 nos timbus, resultado que tirou o rubro-negro goiano da zona de rebaixamento. O timbu, mesmo com o rev\u00e9s, n\u00e3o corre risco [&hellip;]","og_url":"https:\/\/www.notibras.com\/site\/atletico-go-lanterna-surpreende-e-derrota-nautico-vice-lider\/","og_site_name":"Notibras","article_publisher":"https:\/\/www.facebook.com\/notibras\/","article_published_time":"2015-06-13T19:01:06+00:00","article_modified_time":"2015-06-13T22:02:43+00:00","og_image":[{"width":770,"height":476,"url":"https:\/\/www.notibras.com\/site\/wp-content\/uploads\/2015\/06\/atletico-go.jpg","type":"image\/jpeg"}],"author":"Reda\u00e7\u00e3o","twitter_card":"summary_large_image","twitter_creator":"@Notibras","twitter_site":"@Notibras","twitter_misc":{"Escrito por":"Reda\u00e7\u00e3o","Est. tempo de leitura":"3 minutos"},"schema":{"@context":"https:\/\/schema.org","@graph":[{"@type":"Article","@id":"https:\/\/www.notibras.com\/site\/atletico-go-lanterna-surpreende-e-derrota-nautico-vice-lider\/#article","isPartOf":{"@id":"https:\/\/www.notibras.com\/site\/atletico-go-lanterna-surpreende-e-derrota-nautico-vice-lider\/"},"author":{"name":"Reda\u00e7\u00e3o","@id":"https:\/\/www.notibras.com\/site\/#\/schema\/person\/36ab0979449956132d3e5b517ea76ac8"},"headline":"Atl\u00e9tico-GO, lanterna, surpreende e derrota N\u00e1utico, vice-l\u00edder","datePublished":"2015-06-13T19:01:06+00:00","dateModified":"2015-06-13T22:02:43+00:00","mainEntityOfPage":{"@id":"https:\/\/www.notibras.com\/site\/atletico-go-lanterna-surpreende-e-derrota-nautico-vice-lider\/"},"wordCount":556,"commentCount":0,"publisher":{"@id":"https:\/\/www.notibras.com\/site\/#organization"},"image":{"@id":"https:\/\/www.notibras.com\/site\/atletico-go-lanterna-surpreende-e-derrota-nautico-vice-lider\/#primaryimage"},"thumbnailUrl":"https:\/\/www.notibras.com\/site\/wp-content\/uploads\/2015\/06\/atletico-go.jpg","articleSection":["Esportes","Futebol"],"inLanguage":"pt-BR","potentialAction":[{"@type":"CommentAction","name":"Comment","target":["https:\/\/www.notibras.com\/site\/atletico-go-lanterna-surpreende-e-derrota-nautico-vice-lider\/#respond"]}]},{"@type":"WebPage","@id":"https:\/\/www.notibras.com\/site\/atletico-go-lanterna-surpreende-e-derrota-nautico-vice-lider\/","url":"https:\/\/www.notibras.com\/site\/atletico-go-lanterna-surpreende-e-derrota-nautico-vice-lider\/","name":"Atl\u00e9tico-GO, lanterna, surpreende e derrota N\u00e1utico, vice-l\u00edder - Notibras","isPartOf":{"@id":"https:\/\/www.notibras.com\/site\/#website"},"primaryImageOfPage":{"@id":"https:\/\/www.notibras.com\/site\/atletico-go-lanterna-surpreende-e-derrota-nautico-vice-lider\/#primaryimage"},"image":{"@id":"https:\/\/www.notibras.com\/site\/atletico-go-lanterna-surpreende-e-derrota-nautico-vice-lider\/#primaryimage"},"thumbnailUrl":"https:\/\/www.notibras.com\/site\/wp-content\/uploads\/2015\/06\/atletico-go.jpg","datePublished":"2015-06-13T19:01:06+00:00","dateModified":"2015-06-13T22:02:43+00:00","breadcrumb":{"@id":"https:\/\/www.notibras.com\/site\/atletico-go-lanterna-surpreende-e-derrota-nautico-vice-lider\/#breadcrumb"},"inLanguage":"pt-BR","potentialAction":[{"@type":"ReadAction","target":["https:\/\/www.notibras.com\/site\/atletico-go-lanterna-surpreende-e-derrota-nautico-vice-lider\/"]}]},{"@type":"ImageObject","inLanguage":"pt-BR","@id":"https:\/\/www.notibras.com\/site\/atletico-go-lanterna-surpreende-e-derrota-nautico-vice-lider\/#primaryimage","url":"https:\/\/www.notibras.com\/site\/wp-content\/uploads\/2015\/06\/atletico-go.jpg","contentUrl":"https:\/\/www.notibras.com\/site\/wp-content\/uploads\/2015\/06\/atletico-go.jpg","width":770,"height":476},{"@type":"BreadcrumbList","@id":"https:\/\/www.notibras.com\/site\/atletico-go-lanterna-surpreende-e-derrota-nautico-vice-lider\/#breadcrumb","itemListElement":[{"@type":"ListItem","position":1,"name":"In\u00edcio","item":"https:\/\/www.notibras.com\/site\/"},{"@type":"ListItem","position":2,"name":"Atl\u00e9tico-GO, lanterna, surpreende e derrota N\u00e1utico, vice-l\u00edder"}]},{"@type":"WebSite","@id":"https:\/\/www.notibras.com\/site\/#website","url":"https:\/\/www.notibras.com\/site\/","name":"Notibras","description":"Not\u00edcias de Bras\u00edlia, do Brasil e do Mundo","publisher":{"@id":"https:\/\/www.notibras.com\/site\/#organization"},"potentialAction":[{"@type":"SearchAction","target":{"@type":"EntryPoint","urlTemplate":"https:\/\/www.notibras.com\/site\/?s={search_term_string}"},"query-input":{"@type":"PropertyValueSpecification","valueRequired":true,"valueName":"search_term_string"}}],"inLanguage":"pt-BR"},{"@type":"Organization","@id":"https:\/\/www.notibras.com\/site\/#organization","name":"Grupo Notibras de Comunica\u00e7\u00e3o","url":"https:\/\/www.notibras.com\/site\/","logo":{"@type":"ImageObject","inLanguage":"pt-BR","@id":"https:\/\/www.notibras.com\/site\/#\/schema\/logo\/image\/","url":"https:\/\/www.notibras.com\/site\/wp-content\/uploads\/2023\/01\/notibras23.png","contentUrl":"https:\/\/www.notibras.com\/site\/wp-content\/uploads\/2023\/01\/notibras23.png","width":350,"height":87,"caption":"Grupo Notibras de Comunica\u00e7\u00e3o"},"image":{"@id":"https:\/\/www.notibras.com\/site\/#\/schema\/logo\/image\/"},"sameAs":["https:\/\/www.facebook.com\/notibras\/","https:\/\/x.com\/Notibras","https:\/\/www.instagram.com\/notibras\/"]},{"@type":"Person","@id":"https:\/\/www.notibras.com\/site\/#\/schema\/person\/36ab0979449956132d3e5b517ea76ac8","name":"Reda\u00e7\u00e3o","image":{"@type":"ImageObject","inLanguage":"pt-BR","@id":"https:\/\/secure.gravatar.com\/avatar\/e0a867bdedb85fd243eadf09663511f96fc81e0720a4a42581f334ad4303aa6b?s=96&d=mm&r=g","url":"https:\/\/secure.gravatar.com\/avatar\/e0a867bdedb85fd243eadf09663511f96fc81e0720a4a42581f334ad4303aa6b?s=96&d=mm&r=g","contentUrl":"https:\/\/secure.gravatar.com\/avatar\/e0a867bdedb85fd243eadf09663511f96fc81e0720a4a42581f334ad4303aa6b?s=96&d=mm&r=g","caption":"Reda\u00e7\u00e3o"}}]}},"amp_enabled":true,"_links":{"self":[{"href":"https:\/\/www.notibras.com\/site\/wp-json\/wp\/v2\/posts\/53375","targetHints":{"allow":["GET"]}}],"collection":[{"href":"https:\/\/www.notibras.com\/site\/wp-json\/wp\/v2\/posts"}],"about":[{"href":"https:\/\/www.notibras.com\/site\/wp-json\/wp\/v2\/types\/post"}],"author":[{"embeddable":true,"href":"https:\/\/www.notibras.com\/site\/wp-json\/wp\/v2\/users\/2"}],"replies":[{"embeddable":true,"href":"https:\/\/www.notibras.com\/site\/wp-json\/wp\/v2\/comments?post=53375"}],"version-history":[{"count":0,"href":"https:\/\/www.notibras.com\/site\/wp-json\/wp\/v2\/posts\/53375\/revisions"}],"wp:featuredmedia":[{"embeddable":true,"href":"https:\/\/www.notibras.com\/site\/wp-json\/wp\/v2\/media\/53376"}],"wp:attachment":[{"href":"https:\/\/www.notibras.com\/site\/wp-json\/wp\/v2\/media?parent=53375"}],"wp:term":[{"taxonomy":"category","embeddable":true,"href":"https:\/\/www.notibras.com\/site\/wp-json\/wp\/v2\/categories?post=53375"},{"taxonomy":"post_tag","embeddable":true,"href":"https:\/\/www.notibras.com\/site\/wp-json\/wp\/v2\/tags?post=53375"}],"curies":[{"name":"wp","href":"https:\/\/api.w.org\/{rel}","templated":true}]}}