{"id":53412,"date":"2015-06-14T09:43:55","date_gmt":"2015-06-14T12:43:55","guid":{"rendered":"http:\/\/www.notibras.com\/site\/?p=53412"},"modified":"2015-06-14T09:44:39","modified_gmt":"2015-06-14T12:44:39","slug":"plebe-rude-reune-fas-para-gravacao-de-clipe-no-eixao-norte","status":"publish","type":"post","link":"https:\/\/www.notibras.com\/site\/plebe-rude-reune-fas-para-gravacao-de-clipe-no-eixao-norte\/","title":{"rendered":"Plebe Rude re\u00fane f\u00e3s para grava\u00e7\u00e3o de clipe na 214, Eix\u00e3o Norte"},"content":{"rendered":"<p>Identificada com Bras\u00edlia e considerada uma das mais importantes bandas de rock dos anos 1980 no pa\u00eds, a Plebe Rude grava neste domingo (14) no Eix\u00e3o Norte, o clipe da m\u00fasica \u201cAnos de luta\u201d. O registro est\u00e1 marcado para as 15h, na altura da 214 Norte.\u00a0O vocalista e guitarrista Philippe Seabra convida o p\u00fablico para participar da grava\u00e7\u00e3o. A ideia \u00e9 que os f\u00e3s atuem como se estivessem em um show da banda.<\/p>\n","protected":false},"excerpt":{"rendered":"<p>Identificada com Bras\u00edlia e considerada uma das mais importantes bandas de rock dos anos 1980 no pa\u00eds, a Plebe Rude grava neste domingo (14) no Eix\u00e3o Norte, o clipe da m\u00fasica \u201cAnos de luta\u201d. O registro est\u00e1 marcado para as 15h, na altura da 214 Norte.\u00a0O vocalista e guitarrista Philippe Seabra convida o p\u00fablico para [&hellip;]<\/p>\n","protected":false},"author":2,"featured_media":53413,"comment_status":"open","ping_status":"closed","sticky":false,"template":"","format":"standard","meta":{"_acf_changed":false,"footnotes":""},"categories":[40],"tags":[],"class_list":["post-53412","post","type-post","status-publish","format-standard","has-post-thumbnail","hentry","category-zapzap-das-quadras"],"acf":[],"yoast_head":"<!-- This site is optimized with the Yoast SEO plugin v27.2 - https:\/\/yoast.com\/product\/yoast-seo-wordpress\/ -->\n<title>Plebe Rude re\u00fane f\u00e3s para grava\u00e7\u00e3o de clipe na 214, Eix\u00e3o Norte - Notibras<\/title>\n<meta name=\"robots\" content=\"index, follow, max-snippet:-1, max-image-preview:large, max-video-preview:-1\" \/>\n<link rel=\"canonical\" href=\"https:\/\/www.notibras.com\/site\/plebe-rude-reune-fas-para-gravacao-de-clipe-no-eixao-norte\/\" \/>\n<meta property=\"og:locale\" content=\"pt_BR\" \/>\n<meta property=\"og:type\" content=\"article\" \/>\n<meta property=\"og:title\" content=\"Plebe Rude re\u00fane f\u00e3s para grava\u00e7\u00e3o de clipe na 214, Eix\u00e3o Norte - Notibras\" \/>\n<meta property=\"og:description\" content=\"Identificada com Bras\u00edlia e considerada uma das mais importantes bandas de rock dos anos 1980 no pa\u00eds, a Plebe Rude grava neste domingo (14) no Eix\u00e3o Norte, o clipe da m\u00fasica \u201cAnos de luta\u201d. O registro est\u00e1 marcado para as 15h, na altura da 214 Norte.\u00a0O vocalista e guitarrista Philippe Seabra convida o p\u00fablico para [&hellip;]\" \/>\n<meta property=\"og:url\" content=\"https:\/\/www.notibras.com\/site\/plebe-rude-reune-fas-para-gravacao-de-clipe-no-eixao-norte\/\" \/>\n<meta property=\"og:site_name\" content=\"Notibras\" \/>\n<meta property=\"article:publisher\" content=\"https:\/\/www.facebook.com\/notibras\/\" \/>\n<meta property=\"article:published_time\" content=\"2015-06-14T12:43:55+00:00\" \/>\n<meta property=\"article:modified_time\" content=\"2015-06-14T12:44:39+00:00\" \/>\n<meta property=\"og:image\" content=\"https:\/\/www.notibras.com\/site\/wp-content\/uploads\/2015\/06\/plebe-4.jpg\" \/>\n\t<meta property=\"og:image:width\" content=\"620\" \/>\n\t<meta property=\"og:image:height\" content=\"465\" \/>\n\t<meta property=\"og:image:type\" content=\"image\/jpeg\" \/>\n<meta name=\"author\" content=\"Reda\u00e7\u00e3o\" \/>\n<meta name=\"twitter:card\" content=\"summary_large_image\" \/>\n<meta name=\"twitter:creator\" content=\"@Notibras\" \/>\n<meta name=\"twitter:site\" content=\"@Notibras\" \/>\n<meta name=\"twitter:label1\" content=\"Escrito por\" \/>\n\t<meta name=\"twitter:data1\" content=\"Reda\u00e7\u00e3o\" \/>\n<script type=\"application\/ld+json\" class=\"yoast-schema-graph\">{\"@context\":\"https:\/\/schema.org\",\"@graph\":[{\"@type\":\"Article\",\"@id\":\"https:\/\/www.notibras.com\/site\/plebe-rude-reune-fas-para-gravacao-de-clipe-no-eixao-norte\/#article\",\"isPartOf\":{\"@id\":\"https:\/\/www.notibras.com\/site\/plebe-rude-reune-fas-para-gravacao-de-clipe-no-eixao-norte\/\"},\"author\":{\"name\":\"Reda\u00e7\u00e3o\",\"@id\":\"https:\/\/www.notibras.com\/site\/#\/schema\/person\/36ab0979449956132d3e5b517ea76ac8\"},\"headline\":\"Plebe Rude re\u00fane f\u00e3s para grava\u00e7\u00e3o de clipe na 214, Eix\u00e3o Norte\",\"datePublished\":\"2015-06-14T12:43:55+00:00\",\"dateModified\":\"2015-06-14T12:44:39+00:00\",\"mainEntityOfPage\":{\"@id\":\"https:\/\/www.notibras.com\/site\/plebe-rude-reune-fas-para-gravacao-de-clipe-no-eixao-norte\/\"},\"wordCount\":92,\"commentCount\":0,\"publisher\":{\"@id\":\"https:\/\/www.notibras.com\/site\/#organization\"},\"image\":{\"@id\":\"https:\/\/www.notibras.com\/site\/plebe-rude-reune-fas-para-gravacao-de-clipe-no-eixao-norte\/#primaryimage\"},\"thumbnailUrl\":\"https:\/\/www.notibras.com\/site\/wp-content\/uploads\/2015\/06\/plebe-4.jpg\",\"articleSection\":[\"ZapZap das Quadras\"],\"inLanguage\":\"pt-BR\",\"potentialAction\":[{\"@type\":\"CommentAction\",\"name\":\"Comment\",\"target\":[\"https:\/\/www.notibras.com\/site\/plebe-rude-reune-fas-para-gravacao-de-clipe-no-eixao-norte\/#respond\"]}]},{\"@type\":\"WebPage\",\"@id\":\"https:\/\/www.notibras.com\/site\/plebe-rude-reune-fas-para-gravacao-de-clipe-no-eixao-norte\/\",\"url\":\"https:\/\/www.notibras.com\/site\/plebe-rude-reune-fas-para-gravacao-de-clipe-no-eixao-norte\/\",\"name\":\"Plebe Rude re\u00fane f\u00e3s para grava\u00e7\u00e3o de clipe na 214, Eix\u00e3o Norte - Notibras\",\"isPartOf\":{\"@id\":\"https:\/\/www.notibras.com\/site\/#website\"},\"primaryImageOfPage\":{\"@id\":\"https:\/\/www.notibras.com\/site\/plebe-rude-reune-fas-para-gravacao-de-clipe-no-eixao-norte\/#primaryimage\"},\"image\":{\"@id\":\"https:\/\/www.notibras.com\/site\/plebe-rude-reune-fas-para-gravacao-de-clipe-no-eixao-norte\/#primaryimage\"},\"thumbnailUrl\":\"https:\/\/www.notibras.com\/site\/wp-content\/uploads\/2015\/06\/plebe-4.jpg\",\"datePublished\":\"2015-06-14T12:43:55+00:00\",\"dateModified\":\"2015-06-14T12:44:39+00:00\",\"breadcrumb\":{\"@id\":\"https:\/\/www.notibras.com\/site\/plebe-rude-reune-fas-para-gravacao-de-clipe-no-eixao-norte\/#breadcrumb\"},\"inLanguage\":\"pt-BR\",\"potentialAction\":[{\"@type\":\"ReadAction\",\"target\":[\"https:\/\/www.notibras.com\/site\/plebe-rude-reune-fas-para-gravacao-de-clipe-no-eixao-norte\/\"]}]},{\"@type\":\"ImageObject\",\"inLanguage\":\"pt-BR\",\"@id\":\"https:\/\/www.notibras.com\/site\/plebe-rude-reune-fas-para-gravacao-de-clipe-no-eixao-norte\/#primaryimage\",\"url\":\"https:\/\/www.notibras.com\/site\/wp-content\/uploads\/2015\/06\/plebe-4.jpg\",\"contentUrl\":\"https:\/\/www.notibras.com\/site\/wp-content\/uploads\/2015\/06\/plebe-4.jpg\",\"width\":620,\"height\":465},{\"@type\":\"BreadcrumbList\",\"@id\":\"https:\/\/www.notibras.com\/site\/plebe-rude-reune-fas-para-gravacao-de-clipe-no-eixao-norte\/#breadcrumb\",\"itemListElement\":[{\"@type\":\"ListItem\",\"position\":1,\"name\":\"In\u00edcio\",\"item\":\"https:\/\/www.notibras.com\/site\/\"},{\"@type\":\"ListItem\",\"position\":2,\"name\":\"Plebe Rude re\u00fane f\u00e3s para grava\u00e7\u00e3o de clipe na 214, Eix\u00e3o Norte\"}]},{\"@type\":\"WebSite\",\"@id\":\"https:\/\/www.notibras.com\/site\/#website\",\"url\":\"https:\/\/www.notibras.com\/site\/\",\"name\":\"Notibras\",\"description\":\"Not\u00edcias de Bras\u00edlia, do Brasil e do Mundo\",\"publisher\":{\"@id\":\"https:\/\/www.notibras.com\/site\/#organization\"},\"potentialAction\":[{\"@type\":\"SearchAction\",\"target\":{\"@type\":\"EntryPoint\",\"urlTemplate\":\"https:\/\/www.notibras.com\/site\/?s={search_term_string}\"},\"query-input\":{\"@type\":\"PropertyValueSpecification\",\"valueRequired\":true,\"valueName\":\"search_term_string\"}}],\"inLanguage\":\"pt-BR\"},{\"@type\":\"Organization\",\"@id\":\"https:\/\/www.notibras.com\/site\/#organization\",\"name\":\"Grupo Notibras de Comunica\u00e7\u00e3o\",\"url\":\"https:\/\/www.notibras.com\/site\/\",\"logo\":{\"@type\":\"ImageObject\",\"inLanguage\":\"pt-BR\",\"@id\":\"https:\/\/www.notibras.com\/site\/#\/schema\/logo\/image\/\",\"url\":\"https:\/\/www.notibras.com\/site\/wp-content\/uploads\/2023\/01\/notibras23.png\",\"contentUrl\":\"https:\/\/www.notibras.com\/site\/wp-content\/uploads\/2023\/01\/notibras23.png\",\"width\":350,\"height\":87,\"caption\":\"Grupo Notibras de Comunica\u00e7\u00e3o\"},\"image\":{\"@id\":\"https:\/\/www.notibras.com\/site\/#\/schema\/logo\/image\/\"},\"sameAs\":[\"https:\/\/www.facebook.com\/notibras\/\",\"https:\/\/x.com\/Notibras\",\"https:\/\/www.instagram.com\/notibras\/\"]},{\"@type\":\"Person\",\"@id\":\"https:\/\/www.notibras.com\/site\/#\/schema\/person\/36ab0979449956132d3e5b517ea76ac8\",\"name\":\"Reda\u00e7\u00e3o\",\"image\":{\"@type\":\"ImageObject\",\"inLanguage\":\"pt-BR\",\"@id\":\"https:\/\/secure.gravatar.com\/avatar\/e0a867bdedb85fd243eadf09663511f96fc81e0720a4a42581f334ad4303aa6b?s=96&d=mm&r=g\",\"url\":\"https:\/\/secure.gravatar.com\/avatar\/e0a867bdedb85fd243eadf09663511f96fc81e0720a4a42581f334ad4303aa6b?s=96&d=mm&r=g\",\"contentUrl\":\"https:\/\/secure.gravatar.com\/avatar\/e0a867bdedb85fd243eadf09663511f96fc81e0720a4a42581f334ad4303aa6b?s=96&d=mm&r=g\",\"caption\":\"Reda\u00e7\u00e3o\"}}]}<\/script>\n<!-- \/ Yoast SEO plugin. -->","yoast_head_json":{"title":"Plebe Rude re\u00fane f\u00e3s para grava\u00e7\u00e3o de clipe na 214, Eix\u00e3o Norte - Notibras","robots":{"index":"index","follow":"follow","max-snippet":"max-snippet:-1","max-image-preview":"max-image-preview:large","max-video-preview":"max-video-preview:-1"},"canonical":"https:\/\/www.notibras.com\/site\/plebe-rude-reune-fas-para-gravacao-de-clipe-no-eixao-norte\/","og_locale":"pt_BR","og_type":"article","og_title":"Plebe Rude re\u00fane f\u00e3s para grava\u00e7\u00e3o de clipe na 214, Eix\u00e3o Norte - Notibras","og_description":"Identificada com Bras\u00edlia e considerada uma das mais importantes bandas de rock dos anos 1980 no pa\u00eds, a Plebe Rude grava neste domingo (14) no Eix\u00e3o Norte, o clipe da m\u00fasica \u201cAnos de luta\u201d. O registro est\u00e1 marcado para as 15h, na altura da 214 Norte.\u00a0O vocalista e guitarrista Philippe Seabra convida o p\u00fablico para [&hellip;]","og_url":"https:\/\/www.notibras.com\/site\/plebe-rude-reune-fas-para-gravacao-de-clipe-no-eixao-norte\/","og_site_name":"Notibras","article_publisher":"https:\/\/www.facebook.com\/notibras\/","article_published_time":"2015-06-14T12:43:55+00:00","article_modified_time":"2015-06-14T12:44:39+00:00","og_image":[{"width":620,"height":465,"url":"https:\/\/www.notibras.com\/site\/wp-content\/uploads\/2015\/06\/plebe-4.jpg","type":"image\/jpeg"}],"author":"Reda\u00e7\u00e3o","twitter_card":"summary_large_image","twitter_creator":"@Notibras","twitter_site":"@Notibras","twitter_misc":{"Escrito por":"Reda\u00e7\u00e3o"},"schema":{"@context":"https:\/\/schema.org","@graph":[{"@type":"Article","@id":"https:\/\/www.notibras.com\/site\/plebe-rude-reune-fas-para-gravacao-de-clipe-no-eixao-norte\/#article","isPartOf":{"@id":"https:\/\/www.notibras.com\/site\/plebe-rude-reune-fas-para-gravacao-de-clipe-no-eixao-norte\/"},"author":{"name":"Reda\u00e7\u00e3o","@id":"https:\/\/www.notibras.com\/site\/#\/schema\/person\/36ab0979449956132d3e5b517ea76ac8"},"headline":"Plebe Rude re\u00fane f\u00e3s para grava\u00e7\u00e3o de clipe na 214, Eix\u00e3o Norte","datePublished":"2015-06-14T12:43:55+00:00","dateModified":"2015-06-14T12:44:39+00:00","mainEntityOfPage":{"@id":"https:\/\/www.notibras.com\/site\/plebe-rude-reune-fas-para-gravacao-de-clipe-no-eixao-norte\/"},"wordCount":92,"commentCount":0,"publisher":{"@id":"https:\/\/www.notibras.com\/site\/#organization"},"image":{"@id":"https:\/\/www.notibras.com\/site\/plebe-rude-reune-fas-para-gravacao-de-clipe-no-eixao-norte\/#primaryimage"},"thumbnailUrl":"https:\/\/www.notibras.com\/site\/wp-content\/uploads\/2015\/06\/plebe-4.jpg","articleSection":["ZapZap das Quadras"],"inLanguage":"pt-BR","potentialAction":[{"@type":"CommentAction","name":"Comment","target":["https:\/\/www.notibras.com\/site\/plebe-rude-reune-fas-para-gravacao-de-clipe-no-eixao-norte\/#respond"]}]},{"@type":"WebPage","@id":"https:\/\/www.notibras.com\/site\/plebe-rude-reune-fas-para-gravacao-de-clipe-no-eixao-norte\/","url":"https:\/\/www.notibras.com\/site\/plebe-rude-reune-fas-para-gravacao-de-clipe-no-eixao-norte\/","name":"Plebe Rude re\u00fane f\u00e3s para grava\u00e7\u00e3o de clipe na 214, Eix\u00e3o Norte - Notibras","isPartOf":{"@id":"https:\/\/www.notibras.com\/site\/#website"},"primaryImageOfPage":{"@id":"https:\/\/www.notibras.com\/site\/plebe-rude-reune-fas-para-gravacao-de-clipe-no-eixao-norte\/#primaryimage"},"image":{"@id":"https:\/\/www.notibras.com\/site\/plebe-rude-reune-fas-para-gravacao-de-clipe-no-eixao-norte\/#primaryimage"},"thumbnailUrl":"https:\/\/www.notibras.com\/site\/wp-content\/uploads\/2015\/06\/plebe-4.jpg","datePublished":"2015-06-14T12:43:55+00:00","dateModified":"2015-06-14T12:44:39+00:00","breadcrumb":{"@id":"https:\/\/www.notibras.com\/site\/plebe-rude-reune-fas-para-gravacao-de-clipe-no-eixao-norte\/#breadcrumb"},"inLanguage":"pt-BR","potentialAction":[{"@type":"ReadAction","target":["https:\/\/www.notibras.com\/site\/plebe-rude-reune-fas-para-gravacao-de-clipe-no-eixao-norte\/"]}]},{"@type":"ImageObject","inLanguage":"pt-BR","@id":"https:\/\/www.notibras.com\/site\/plebe-rude-reune-fas-para-gravacao-de-clipe-no-eixao-norte\/#primaryimage","url":"https:\/\/www.notibras.com\/site\/wp-content\/uploads\/2015\/06\/plebe-4.jpg","contentUrl":"https:\/\/www.notibras.com\/site\/wp-content\/uploads\/2015\/06\/plebe-4.jpg","width":620,"height":465},{"@type":"BreadcrumbList","@id":"https:\/\/www.notibras.com\/site\/plebe-rude-reune-fas-para-gravacao-de-clipe-no-eixao-norte\/#breadcrumb","itemListElement":[{"@type":"ListItem","position":1,"name":"In\u00edcio","item":"https:\/\/www.notibras.com\/site\/"},{"@type":"ListItem","position":2,"name":"Plebe Rude re\u00fane f\u00e3s para grava\u00e7\u00e3o de clipe na 214, Eix\u00e3o Norte"}]},{"@type":"WebSite","@id":"https:\/\/www.notibras.com\/site\/#website","url":"https:\/\/www.notibras.com\/site\/","name":"Notibras","description":"Not\u00edcias de Bras\u00edlia, do Brasil e do Mundo","publisher":{"@id":"https:\/\/www.notibras.com\/site\/#organization"},"potentialAction":[{"@type":"SearchAction","target":{"@type":"EntryPoint","urlTemplate":"https:\/\/www.notibras.com\/site\/?s={search_term_string}"},"query-input":{"@type":"PropertyValueSpecification","valueRequired":true,"valueName":"search_term_string"}}],"inLanguage":"pt-BR"},{"@type":"Organization","@id":"https:\/\/www.notibras.com\/site\/#organization","name":"Grupo Notibras de Comunica\u00e7\u00e3o","url":"https:\/\/www.notibras.com\/site\/","logo":{"@type":"ImageObject","inLanguage":"pt-BR","@id":"https:\/\/www.notibras.com\/site\/#\/schema\/logo\/image\/","url":"https:\/\/www.notibras.com\/site\/wp-content\/uploads\/2023\/01\/notibras23.png","contentUrl":"https:\/\/www.notibras.com\/site\/wp-content\/uploads\/2023\/01\/notibras23.png","width":350,"height":87,"caption":"Grupo Notibras de Comunica\u00e7\u00e3o"},"image":{"@id":"https:\/\/www.notibras.com\/site\/#\/schema\/logo\/image\/"},"sameAs":["https:\/\/www.facebook.com\/notibras\/","https:\/\/x.com\/Notibras","https:\/\/www.instagram.com\/notibras\/"]},{"@type":"Person","@id":"https:\/\/www.notibras.com\/site\/#\/schema\/person\/36ab0979449956132d3e5b517ea76ac8","name":"Reda\u00e7\u00e3o","image":{"@type":"ImageObject","inLanguage":"pt-BR","@id":"https:\/\/secure.gravatar.com\/avatar\/e0a867bdedb85fd243eadf09663511f96fc81e0720a4a42581f334ad4303aa6b?s=96&d=mm&r=g","url":"https:\/\/secure.gravatar.com\/avatar\/e0a867bdedb85fd243eadf09663511f96fc81e0720a4a42581f334ad4303aa6b?s=96&d=mm&r=g","contentUrl":"https:\/\/secure.gravatar.com\/avatar\/e0a867bdedb85fd243eadf09663511f96fc81e0720a4a42581f334ad4303aa6b?s=96&d=mm&r=g","caption":"Reda\u00e7\u00e3o"}}]}},"amp_enabled":true,"_links":{"self":[{"href":"https:\/\/www.notibras.com\/site\/wp-json\/wp\/v2\/posts\/53412","targetHints":{"allow":["GET"]}}],"collection":[{"href":"https:\/\/www.notibras.com\/site\/wp-json\/wp\/v2\/posts"}],"about":[{"href":"https:\/\/www.notibras.com\/site\/wp-json\/wp\/v2\/types\/post"}],"author":[{"embeddable":true,"href":"https:\/\/www.notibras.com\/site\/wp-json\/wp\/v2\/users\/2"}],"replies":[{"embeddable":true,"href":"https:\/\/www.notibras.com\/site\/wp-json\/wp\/v2\/comments?post=53412"}],"version-history":[{"count":0,"href":"https:\/\/www.notibras.com\/site\/wp-json\/wp\/v2\/posts\/53412\/revisions"}],"wp:featuredmedia":[{"embeddable":true,"href":"https:\/\/www.notibras.com\/site\/wp-json\/wp\/v2\/media\/53413"}],"wp:attachment":[{"href":"https:\/\/www.notibras.com\/site\/wp-json\/wp\/v2\/media?parent=53412"}],"wp:term":[{"taxonomy":"category","embeddable":true,"href":"https:\/\/www.notibras.com\/site\/wp-json\/wp\/v2\/categories?post=53412"},{"taxonomy":"post_tag","embeddable":true,"href":"https:\/\/www.notibras.com\/site\/wp-json\/wp\/v2\/tags?post=53412"}],"curies":[{"name":"wp","href":"https:\/\/api.w.org\/{rel}","templated":true}]}}