{"id":53492,"date":"2015-06-14T20:31:08","date_gmt":"2015-06-14T23:31:08","guid":{"rendered":"http:\/\/www.notibras.com\/site\/?p=53492"},"modified":"2015-06-15T08:43:22","modified_gmt":"2015-06-15T11:43:22","slug":"brasil-vira-contra-o-peru-na-copa-america-com-gol-aos-47-do-segundo-tempo","status":"publish","type":"post","link":"https:\/\/www.notibras.com\/site\/brasil-vira-contra-o-peru-na-copa-america-com-gol-aos-47-do-segundo-tempo\/","title":{"rendered":"Brasil vira contra o Peru na Copa Am\u00e9rica com gol aos 47 do 2\u00b0 tempo"},"content":{"rendered":"<p>Um susto logo aos dois minutos n\u00e3o esfriou os \u00e2nimos da Sele\u00e7\u00e3o do Brasil na estreia da Copa Am\u00e9rica, na noite deste domingo, no Chile. Apesar de ter sa\u00eddo atr\u00e1s (um gol de Cueva, em falha da defesa) a rea\u00e7\u00e3o veio logo, com Neymar empatando\u00a0dois minutos depois, em bela cabe\u00e7ada. A vit\u00f3ria por 2 a 1, por\u00e9m, s\u00f3 veio aos 47 do segundo tempo, quando Douglas Costa enfiou para a redes ap\u00f3s receber passe de quem? Dele, Neymar, \u00e9 claro.<\/p>\n<p>O jogo come\u00e7ou de uma maneira que ningu\u00e9m esperava. No primeiro lance, David Luiz e Jefferson erraram na sa\u00edda de jogo, e Cueva antecipou Daniel Alves e abriu o placar. O erro foi suficiente para que a torcida come\u00e7asse a pegar no p\u00e9 do zagueiro. Sorte dele que logo na sequ\u00eancia, Neymar, de cabe\u00e7a, aproveitou bom cruzamento de Daniel Alves e empatou o duelo.<\/p>\n<p>E a estrela do atacante s\u00f3 n\u00e3o brilhou mais porque na sequ\u00eancia Zambrado deu carrinho e salvou o Peru em cima da linha ap\u00f3s finaliza\u00e7\u00e3o de Neymar. Aos poucos, os peruanos foram crescendo na partida e ocupando o campo de ataque em muitas oportunidades. O nervosismo e inseguran\u00e7a do sistema defensivo brasileiro fazia com que os peruanos criassem jogadas. J\u00e1 a sele\u00e7\u00e3o brasileira vivia de boas jogadas de Neymar e de ultrapassagens de Daniel Alves pela lateral, jogada que n\u00e3o foi muito comum durante a prepara\u00e7\u00e3o da equipe com Danilo e Fabinho na posi\u00e7\u00e3o.<\/p>\n<blockquote><p>O ritmo na etapa final come\u00e7ou igual. Neymar assumiu a responsabilidade por todas as jogadas do Brasil. N\u00e3o atoa que ele carimbou o travess\u00e3o aos sete minutos. A diferen\u00e7a \u00e9 que o Peru veio mais cauteloso, sem dar tanto espa\u00e7os e sem se arriscar tanto. O tempo foi passando, Dunga fez altera\u00e7\u00f5es no setor ofensivo e a torcida come\u00e7ou a pegar no p\u00e9 da sele\u00e7\u00e3o. A cada jogada do Peru, gritos de &#8220;ol\u00e9&#8221; eram ouvidos nas arquibancadas. J\u00e1 nos acr\u00e9scimos da partida, novamente apareceu a estrela de Neymar. Ele acertou um lindo passe e deixou Douglas Costa na cara do goleiro peruano para fazer o gol da vit\u00f3ria.<\/p><\/blockquote>\n<p>&nbsp;<\/p>\n<p>&nbsp;<\/p>\n","protected":false},"excerpt":{"rendered":"<p>Um susto logo aos dois minutos n\u00e3o esfriou os \u00e2nimos da Sele\u00e7\u00e3o do Brasil na estreia da Copa Am\u00e9rica, na noite deste domingo, no Chile. Apesar de ter sa\u00eddo atr\u00e1s (um gol de Cueva, em falha da defesa) a rea\u00e7\u00e3o veio logo, com Neymar empatando\u00a0dois minutos depois, em bela cabe\u00e7ada. A vit\u00f3ria por 2 a [&hellip;]<\/p>\n","protected":false},"author":2,"featured_media":53493,"comment_status":"open","ping_status":"closed","sticky":false,"template":"","format":"standard","meta":{"_acf_changed":false,"footnotes":""},"categories":[19,29],"tags":[],"class_list":["post-53492","post","type-post","status-publish","format-standard","has-post-thumbnail","hentry","category-esportes","category-futebol"],"acf":[],"yoast_head":"<!-- This site is optimized with the Yoast SEO plugin v27.2 - https:\/\/yoast.com\/product\/yoast-seo-wordpress\/ -->\n<title>Brasil vira contra o Peru na Copa Am\u00e9rica com gol aos 47 do 2\u00b0 tempo - Notibras<\/title>\n<meta name=\"robots\" content=\"index, follow, max-snippet:-1, max-image-preview:large, max-video-preview:-1\" \/>\n<link rel=\"canonical\" href=\"https:\/\/www.notibras.com\/site\/brasil-vira-contra-o-peru-na-copa-america-com-gol-aos-47-do-segundo-tempo\/\" \/>\n<meta property=\"og:locale\" content=\"pt_BR\" \/>\n<meta property=\"og:type\" content=\"article\" \/>\n<meta property=\"og:title\" content=\"Brasil vira contra o Peru na Copa Am\u00e9rica com gol aos 47 do 2\u00b0 tempo - Notibras\" \/>\n<meta property=\"og:description\" content=\"Um susto logo aos dois minutos n\u00e3o esfriou os \u00e2nimos da Sele\u00e7\u00e3o do Brasil na estreia da Copa Am\u00e9rica, na noite deste domingo, no Chile. Apesar de ter sa\u00eddo atr\u00e1s (um gol de Cueva, em falha da defesa) a rea\u00e7\u00e3o veio logo, com Neymar empatando\u00a0dois minutos depois, em bela cabe\u00e7ada. A vit\u00f3ria por 2 a [&hellip;]\" \/>\n<meta property=\"og:url\" content=\"https:\/\/www.notibras.com\/site\/brasil-vira-contra-o-peru-na-copa-america-com-gol-aos-47-do-segundo-tempo\/\" \/>\n<meta property=\"og:site_name\" content=\"Notibras\" \/>\n<meta property=\"article:publisher\" content=\"https:\/\/www.facebook.com\/notibras\/\" \/>\n<meta property=\"article:published_time\" content=\"2015-06-14T23:31:08+00:00\" \/>\n<meta property=\"article:modified_time\" content=\"2015-06-15T11:43:22+00:00\" \/>\n<meta property=\"og:image\" content=\"https:\/\/www.notibras.com\/site\/wp-content\/uploads\/2015\/06\/neymardanielalvesafprodrigobuendia-3.jpg\" \/>\n\t<meta property=\"og:image:width\" content=\"940\" \/>\n\t<meta property=\"og:image:height\" content=\"624\" \/>\n\t<meta property=\"og:image:type\" content=\"image\/jpeg\" \/>\n<meta name=\"author\" content=\"Reda\u00e7\u00e3o\" \/>\n<meta name=\"twitter:card\" content=\"summary_large_image\" \/>\n<meta name=\"twitter:creator\" content=\"@Notibras\" \/>\n<meta name=\"twitter:site\" content=\"@Notibras\" \/>\n<meta name=\"twitter:label1\" content=\"Escrito por\" \/>\n\t<meta name=\"twitter:data1\" content=\"Reda\u00e7\u00e3o\" \/>\n\t<meta name=\"twitter:label2\" content=\"Est. tempo de leitura\" \/>\n\t<meta name=\"twitter:data2\" content=\"2 minutos\" \/>\n<script type=\"application\/ld+json\" class=\"yoast-schema-graph\">{\"@context\":\"https:\/\/schema.org\",\"@graph\":[{\"@type\":\"Article\",\"@id\":\"https:\/\/www.notibras.com\/site\/brasil-vira-contra-o-peru-na-copa-america-com-gol-aos-47-do-segundo-tempo\/#article\",\"isPartOf\":{\"@id\":\"https:\/\/www.notibras.com\/site\/brasil-vira-contra-o-peru-na-copa-america-com-gol-aos-47-do-segundo-tempo\/\"},\"author\":{\"name\":\"Reda\u00e7\u00e3o\",\"@id\":\"https:\/\/www.notibras.com\/site\/#\/schema\/person\/36ab0979449956132d3e5b517ea76ac8\"},\"headline\":\"Brasil vira contra o Peru na Copa Am\u00e9rica com gol aos 47 do 2\u00b0 tempo\",\"datePublished\":\"2015-06-14T23:31:08+00:00\",\"dateModified\":\"2015-06-15T11:43:22+00:00\",\"mainEntityOfPage\":{\"@id\":\"https:\/\/www.notibras.com\/site\/brasil-vira-contra-o-peru-na-copa-america-com-gol-aos-47-do-segundo-tempo\/\"},\"wordCount\":393,\"commentCount\":0,\"publisher\":{\"@id\":\"https:\/\/www.notibras.com\/site\/#organization\"},\"image\":{\"@id\":\"https:\/\/www.notibras.com\/site\/brasil-vira-contra-o-peru-na-copa-america-com-gol-aos-47-do-segundo-tempo\/#primaryimage\"},\"thumbnailUrl\":\"https:\/\/www.notibras.com\/site\/wp-content\/uploads\/2015\/06\/neymardanielalvesafprodrigobuendia-3.jpg\",\"articleSection\":[\"Esportes\",\"Futebol\"],\"inLanguage\":\"pt-BR\",\"potentialAction\":[{\"@type\":\"CommentAction\",\"name\":\"Comment\",\"target\":[\"https:\/\/www.notibras.com\/site\/brasil-vira-contra-o-peru-na-copa-america-com-gol-aos-47-do-segundo-tempo\/#respond\"]}]},{\"@type\":\"WebPage\",\"@id\":\"https:\/\/www.notibras.com\/site\/brasil-vira-contra-o-peru-na-copa-america-com-gol-aos-47-do-segundo-tempo\/\",\"url\":\"https:\/\/www.notibras.com\/site\/brasil-vira-contra-o-peru-na-copa-america-com-gol-aos-47-do-segundo-tempo\/\",\"name\":\"Brasil vira contra o Peru na Copa Am\u00e9rica com gol aos 47 do 2\u00b0 tempo - Notibras\",\"isPartOf\":{\"@id\":\"https:\/\/www.notibras.com\/site\/#website\"},\"primaryImageOfPage\":{\"@id\":\"https:\/\/www.notibras.com\/site\/brasil-vira-contra-o-peru-na-copa-america-com-gol-aos-47-do-segundo-tempo\/#primaryimage\"},\"image\":{\"@id\":\"https:\/\/www.notibras.com\/site\/brasil-vira-contra-o-peru-na-copa-america-com-gol-aos-47-do-segundo-tempo\/#primaryimage\"},\"thumbnailUrl\":\"https:\/\/www.notibras.com\/site\/wp-content\/uploads\/2015\/06\/neymardanielalvesafprodrigobuendia-3.jpg\",\"datePublished\":\"2015-06-14T23:31:08+00:00\",\"dateModified\":\"2015-06-15T11:43:22+00:00\",\"breadcrumb\":{\"@id\":\"https:\/\/www.notibras.com\/site\/brasil-vira-contra-o-peru-na-copa-america-com-gol-aos-47-do-segundo-tempo\/#breadcrumb\"},\"inLanguage\":\"pt-BR\",\"potentialAction\":[{\"@type\":\"ReadAction\",\"target\":[\"https:\/\/www.notibras.com\/site\/brasil-vira-contra-o-peru-na-copa-america-com-gol-aos-47-do-segundo-tempo\/\"]}]},{\"@type\":\"ImageObject\",\"inLanguage\":\"pt-BR\",\"@id\":\"https:\/\/www.notibras.com\/site\/brasil-vira-contra-o-peru-na-copa-america-com-gol-aos-47-do-segundo-tempo\/#primaryimage\",\"url\":\"https:\/\/www.notibras.com\/site\/wp-content\/uploads\/2015\/06\/neymardanielalvesafprodrigobuendia-3.jpg\",\"contentUrl\":\"https:\/\/www.notibras.com\/site\/wp-content\/uploads\/2015\/06\/neymardanielalvesafprodrigobuendia-3.jpg\",\"width\":940,\"height\":624},{\"@type\":\"BreadcrumbList\",\"@id\":\"https:\/\/www.notibras.com\/site\/brasil-vira-contra-o-peru-na-copa-america-com-gol-aos-47-do-segundo-tempo\/#breadcrumb\",\"itemListElement\":[{\"@type\":\"ListItem\",\"position\":1,\"name\":\"In\u00edcio\",\"item\":\"https:\/\/www.notibras.com\/site\/\"},{\"@type\":\"ListItem\",\"position\":2,\"name\":\"Brasil vira contra o Peru na Copa Am\u00e9rica com gol aos 47 do 2\u00b0 tempo\"}]},{\"@type\":\"WebSite\",\"@id\":\"https:\/\/www.notibras.com\/site\/#website\",\"url\":\"https:\/\/www.notibras.com\/site\/\",\"name\":\"Notibras\",\"description\":\"Not\u00edcias de Bras\u00edlia, do Brasil e do Mundo\",\"publisher\":{\"@id\":\"https:\/\/www.notibras.com\/site\/#organization\"},\"potentialAction\":[{\"@type\":\"SearchAction\",\"target\":{\"@type\":\"EntryPoint\",\"urlTemplate\":\"https:\/\/www.notibras.com\/site\/?s={search_term_string}\"},\"query-input\":{\"@type\":\"PropertyValueSpecification\",\"valueRequired\":true,\"valueName\":\"search_term_string\"}}],\"inLanguage\":\"pt-BR\"},{\"@type\":\"Organization\",\"@id\":\"https:\/\/www.notibras.com\/site\/#organization\",\"name\":\"Grupo Notibras de Comunica\u00e7\u00e3o\",\"url\":\"https:\/\/www.notibras.com\/site\/\",\"logo\":{\"@type\":\"ImageObject\",\"inLanguage\":\"pt-BR\",\"@id\":\"https:\/\/www.notibras.com\/site\/#\/schema\/logo\/image\/\",\"url\":\"https:\/\/www.notibras.com\/site\/wp-content\/uploads\/2023\/01\/notibras23.png\",\"contentUrl\":\"https:\/\/www.notibras.com\/site\/wp-content\/uploads\/2023\/01\/notibras23.png\",\"width\":350,\"height\":87,\"caption\":\"Grupo Notibras de Comunica\u00e7\u00e3o\"},\"image\":{\"@id\":\"https:\/\/www.notibras.com\/site\/#\/schema\/logo\/image\/\"},\"sameAs\":[\"https:\/\/www.facebook.com\/notibras\/\",\"https:\/\/x.com\/Notibras\",\"https:\/\/www.instagram.com\/notibras\/\"]},{\"@type\":\"Person\",\"@id\":\"https:\/\/www.notibras.com\/site\/#\/schema\/person\/36ab0979449956132d3e5b517ea76ac8\",\"name\":\"Reda\u00e7\u00e3o\",\"image\":{\"@type\":\"ImageObject\",\"inLanguage\":\"pt-BR\",\"@id\":\"https:\/\/secure.gravatar.com\/avatar\/e0a867bdedb85fd243eadf09663511f96fc81e0720a4a42581f334ad4303aa6b?s=96&d=mm&r=g\",\"url\":\"https:\/\/secure.gravatar.com\/avatar\/e0a867bdedb85fd243eadf09663511f96fc81e0720a4a42581f334ad4303aa6b?s=96&d=mm&r=g\",\"contentUrl\":\"https:\/\/secure.gravatar.com\/avatar\/e0a867bdedb85fd243eadf09663511f96fc81e0720a4a42581f334ad4303aa6b?s=96&d=mm&r=g\",\"caption\":\"Reda\u00e7\u00e3o\"}}]}<\/script>\n<!-- \/ Yoast SEO plugin. -->","yoast_head_json":{"title":"Brasil vira contra o Peru na Copa Am\u00e9rica com gol aos 47 do 2\u00b0 tempo - Notibras","robots":{"index":"index","follow":"follow","max-snippet":"max-snippet:-1","max-image-preview":"max-image-preview:large","max-video-preview":"max-video-preview:-1"},"canonical":"https:\/\/www.notibras.com\/site\/brasil-vira-contra-o-peru-na-copa-america-com-gol-aos-47-do-segundo-tempo\/","og_locale":"pt_BR","og_type":"article","og_title":"Brasil vira contra o Peru na Copa Am\u00e9rica com gol aos 47 do 2\u00b0 tempo - Notibras","og_description":"Um susto logo aos dois minutos n\u00e3o esfriou os \u00e2nimos da Sele\u00e7\u00e3o do Brasil na estreia da Copa Am\u00e9rica, na noite deste domingo, no Chile. Apesar de ter sa\u00eddo atr\u00e1s (um gol de Cueva, em falha da defesa) a rea\u00e7\u00e3o veio logo, com Neymar empatando\u00a0dois minutos depois, em bela cabe\u00e7ada. A vit\u00f3ria por 2 a [&hellip;]","og_url":"https:\/\/www.notibras.com\/site\/brasil-vira-contra-o-peru-na-copa-america-com-gol-aos-47-do-segundo-tempo\/","og_site_name":"Notibras","article_publisher":"https:\/\/www.facebook.com\/notibras\/","article_published_time":"2015-06-14T23:31:08+00:00","article_modified_time":"2015-06-15T11:43:22+00:00","og_image":[{"width":940,"height":624,"url":"https:\/\/www.notibras.com\/site\/wp-content\/uploads\/2015\/06\/neymardanielalvesafprodrigobuendia-3.jpg","type":"image\/jpeg"}],"author":"Reda\u00e7\u00e3o","twitter_card":"summary_large_image","twitter_creator":"@Notibras","twitter_site":"@Notibras","twitter_misc":{"Escrito por":"Reda\u00e7\u00e3o","Est. tempo de leitura":"2 minutos"},"schema":{"@context":"https:\/\/schema.org","@graph":[{"@type":"Article","@id":"https:\/\/www.notibras.com\/site\/brasil-vira-contra-o-peru-na-copa-america-com-gol-aos-47-do-segundo-tempo\/#article","isPartOf":{"@id":"https:\/\/www.notibras.com\/site\/brasil-vira-contra-o-peru-na-copa-america-com-gol-aos-47-do-segundo-tempo\/"},"author":{"name":"Reda\u00e7\u00e3o","@id":"https:\/\/www.notibras.com\/site\/#\/schema\/person\/36ab0979449956132d3e5b517ea76ac8"},"headline":"Brasil vira contra o Peru na Copa Am\u00e9rica com gol aos 47 do 2\u00b0 tempo","datePublished":"2015-06-14T23:31:08+00:00","dateModified":"2015-06-15T11:43:22+00:00","mainEntityOfPage":{"@id":"https:\/\/www.notibras.com\/site\/brasil-vira-contra-o-peru-na-copa-america-com-gol-aos-47-do-segundo-tempo\/"},"wordCount":393,"commentCount":0,"publisher":{"@id":"https:\/\/www.notibras.com\/site\/#organization"},"image":{"@id":"https:\/\/www.notibras.com\/site\/brasil-vira-contra-o-peru-na-copa-america-com-gol-aos-47-do-segundo-tempo\/#primaryimage"},"thumbnailUrl":"https:\/\/www.notibras.com\/site\/wp-content\/uploads\/2015\/06\/neymardanielalvesafprodrigobuendia-3.jpg","articleSection":["Esportes","Futebol"],"inLanguage":"pt-BR","potentialAction":[{"@type":"CommentAction","name":"Comment","target":["https:\/\/www.notibras.com\/site\/brasil-vira-contra-o-peru-na-copa-america-com-gol-aos-47-do-segundo-tempo\/#respond"]}]},{"@type":"WebPage","@id":"https:\/\/www.notibras.com\/site\/brasil-vira-contra-o-peru-na-copa-america-com-gol-aos-47-do-segundo-tempo\/","url":"https:\/\/www.notibras.com\/site\/brasil-vira-contra-o-peru-na-copa-america-com-gol-aos-47-do-segundo-tempo\/","name":"Brasil vira contra o Peru na Copa Am\u00e9rica com gol aos 47 do 2\u00b0 tempo - Notibras","isPartOf":{"@id":"https:\/\/www.notibras.com\/site\/#website"},"primaryImageOfPage":{"@id":"https:\/\/www.notibras.com\/site\/brasil-vira-contra-o-peru-na-copa-america-com-gol-aos-47-do-segundo-tempo\/#primaryimage"},"image":{"@id":"https:\/\/www.notibras.com\/site\/brasil-vira-contra-o-peru-na-copa-america-com-gol-aos-47-do-segundo-tempo\/#primaryimage"},"thumbnailUrl":"https:\/\/www.notibras.com\/site\/wp-content\/uploads\/2015\/06\/neymardanielalvesafprodrigobuendia-3.jpg","datePublished":"2015-06-14T23:31:08+00:00","dateModified":"2015-06-15T11:43:22+00:00","breadcrumb":{"@id":"https:\/\/www.notibras.com\/site\/brasil-vira-contra-o-peru-na-copa-america-com-gol-aos-47-do-segundo-tempo\/#breadcrumb"},"inLanguage":"pt-BR","potentialAction":[{"@type":"ReadAction","target":["https:\/\/www.notibras.com\/site\/brasil-vira-contra-o-peru-na-copa-america-com-gol-aos-47-do-segundo-tempo\/"]}]},{"@type":"ImageObject","inLanguage":"pt-BR","@id":"https:\/\/www.notibras.com\/site\/brasil-vira-contra-o-peru-na-copa-america-com-gol-aos-47-do-segundo-tempo\/#primaryimage","url":"https:\/\/www.notibras.com\/site\/wp-content\/uploads\/2015\/06\/neymardanielalvesafprodrigobuendia-3.jpg","contentUrl":"https:\/\/www.notibras.com\/site\/wp-content\/uploads\/2015\/06\/neymardanielalvesafprodrigobuendia-3.jpg","width":940,"height":624},{"@type":"BreadcrumbList","@id":"https:\/\/www.notibras.com\/site\/brasil-vira-contra-o-peru-na-copa-america-com-gol-aos-47-do-segundo-tempo\/#breadcrumb","itemListElement":[{"@type":"ListItem","position":1,"name":"In\u00edcio","item":"https:\/\/www.notibras.com\/site\/"},{"@type":"ListItem","position":2,"name":"Brasil vira contra o Peru na Copa Am\u00e9rica com gol aos 47 do 2\u00b0 tempo"}]},{"@type":"WebSite","@id":"https:\/\/www.notibras.com\/site\/#website","url":"https:\/\/www.notibras.com\/site\/","name":"Notibras","description":"Not\u00edcias de Bras\u00edlia, do Brasil e do Mundo","publisher":{"@id":"https:\/\/www.notibras.com\/site\/#organization"},"potentialAction":[{"@type":"SearchAction","target":{"@type":"EntryPoint","urlTemplate":"https:\/\/www.notibras.com\/site\/?s={search_term_string}"},"query-input":{"@type":"PropertyValueSpecification","valueRequired":true,"valueName":"search_term_string"}}],"inLanguage":"pt-BR"},{"@type":"Organization","@id":"https:\/\/www.notibras.com\/site\/#organization","name":"Grupo Notibras de Comunica\u00e7\u00e3o","url":"https:\/\/www.notibras.com\/site\/","logo":{"@type":"ImageObject","inLanguage":"pt-BR","@id":"https:\/\/www.notibras.com\/site\/#\/schema\/logo\/image\/","url":"https:\/\/www.notibras.com\/site\/wp-content\/uploads\/2023\/01\/notibras23.png","contentUrl":"https:\/\/www.notibras.com\/site\/wp-content\/uploads\/2023\/01\/notibras23.png","width":350,"height":87,"caption":"Grupo Notibras de Comunica\u00e7\u00e3o"},"image":{"@id":"https:\/\/www.notibras.com\/site\/#\/schema\/logo\/image\/"},"sameAs":["https:\/\/www.facebook.com\/notibras\/","https:\/\/x.com\/Notibras","https:\/\/www.instagram.com\/notibras\/"]},{"@type":"Person","@id":"https:\/\/www.notibras.com\/site\/#\/schema\/person\/36ab0979449956132d3e5b517ea76ac8","name":"Reda\u00e7\u00e3o","image":{"@type":"ImageObject","inLanguage":"pt-BR","@id":"https:\/\/secure.gravatar.com\/avatar\/e0a867bdedb85fd243eadf09663511f96fc81e0720a4a42581f334ad4303aa6b?s=96&d=mm&r=g","url":"https:\/\/secure.gravatar.com\/avatar\/e0a867bdedb85fd243eadf09663511f96fc81e0720a4a42581f334ad4303aa6b?s=96&d=mm&r=g","contentUrl":"https:\/\/secure.gravatar.com\/avatar\/e0a867bdedb85fd243eadf09663511f96fc81e0720a4a42581f334ad4303aa6b?s=96&d=mm&r=g","caption":"Reda\u00e7\u00e3o"}}]}},"amp_enabled":true,"_links":{"self":[{"href":"https:\/\/www.notibras.com\/site\/wp-json\/wp\/v2\/posts\/53492","targetHints":{"allow":["GET"]}}],"collection":[{"href":"https:\/\/www.notibras.com\/site\/wp-json\/wp\/v2\/posts"}],"about":[{"href":"https:\/\/www.notibras.com\/site\/wp-json\/wp\/v2\/types\/post"}],"author":[{"embeddable":true,"href":"https:\/\/www.notibras.com\/site\/wp-json\/wp\/v2\/users\/2"}],"replies":[{"embeddable":true,"href":"https:\/\/www.notibras.com\/site\/wp-json\/wp\/v2\/comments?post=53492"}],"version-history":[{"count":0,"href":"https:\/\/www.notibras.com\/site\/wp-json\/wp\/v2\/posts\/53492\/revisions"}],"wp:featuredmedia":[{"embeddable":true,"href":"https:\/\/www.notibras.com\/site\/wp-json\/wp\/v2\/media\/53493"}],"wp:attachment":[{"href":"https:\/\/www.notibras.com\/site\/wp-json\/wp\/v2\/media?parent=53492"}],"wp:term":[{"taxonomy":"category","embeddable":true,"href":"https:\/\/www.notibras.com\/site\/wp-json\/wp\/v2\/categories?post=53492"},{"taxonomy":"post_tag","embeddable":true,"href":"https:\/\/www.notibras.com\/site\/wp-json\/wp\/v2\/tags?post=53492"}],"curies":[{"name":"wp","href":"https:\/\/api.w.org\/{rel}","templated":true}]}}